{"id":129064,"date":"2026-04-29T11:46:07","date_gmt":"2026-04-29T15:46:07","guid":{"rendered":"https:\/\/lasprimeras.com.do\/?p=129064"},"modified":"2026-04-29T11:46:10","modified_gmt":"2026-04-29T15:46:10","slug":"ciaa-e-idac-investigan-caso-de-aeronave-en-dajabon","status":"publish","type":"post","link":"https:\/\/lasprimeras.com.do\/index.php\/2026\/04\/29\/ciaa-e-idac-investigan-caso-de-aeronave-en-dajabon\/","title":{"rendered":"CIAA e IDAC investigan caso de aeronave en Dajab\u00f3n"},"content":{"rendered":"\n<p>La Comisi\u00f3n Investigadora de Accidentes de Aviaci\u00f3n (CIAA) y el Instituto Dominicano de Aviaci\u00f3n Civil (IDAC) informan que se encuentran investigando el caso a\u00e9reo ocurrido este mi\u00e9rcoles en la provincia de Dajab\u00f3n.<\/p>\n\n\n\n<p>La aeronave involucrada, matr\u00edcula N577TU, se dispon\u00eda a despegar desde el aer\u00f3dromo de Dajab\u00f3n, cuando se registr\u00f3 la situaci\u00f3n que dio lugar a la activaci\u00f3n de los protocolos de seguridad operacional.<\/p>\n\n\n\n<figure class=\"wp-block-image size-large\"><img decoding=\"async\" width=\"1024\" height=\"786\" src=\"https:\/\/lasprimeras.com.do\/wp-content\/uploads\/2026\/04\/1004158580-1024x786.jpg\" alt=\"\" class=\"wp-image-129066\" srcset=\"https:\/\/lasprimeras.com.do\/wp-content\/uploads\/2026\/04\/1004158580-1024x786.jpg 1024w, https:\/\/lasprimeras.com.do\/wp-content\/uploads\/2026\/04\/1004158580-300x230.jpg 300w, https:\/\/lasprimeras.com.do\/wp-content\/uploads\/2026\/04\/1004158580-768x589.jpg 768w, https:\/\/lasprimeras.com.do\/wp-content\/uploads\/2026\/04\/1004158580.jpg 1290w\" sizes=\"(max-width: 1024px) 100vw, 1024px\" \/><\/figure>\n\n\n\n<p>T\u00e9cnicos de la CIAA y el IDAC se trasladaron de inmediato al lugar para realizar las evaluaciones correspondientes, conforme a los procedimientos establecidos en materia de investigaci\u00f3n de casos de aviaci\u00f3n civil.<\/p>\n\n\n\n<p>Ambas instituciones reiteran su compromiso con la seguridad operacional, al tiempo que informan que oportunamente se ofrecer\u00e1n m\u00e1s detalles una vez concluyan las indagatorias y se determinen las causas del hecho.<\/p>\n","protected":false},"excerpt":{"rendered":"<p>La Comisi\u00f3n Investigadora de Accidentes de Aviaci\u00f3n (CIAA) y el Instituto Dominicano de Aviaci\u00f3n Civil (IDAC) informan que se encuentran investigando el caso a\u00e9reo ocurrido este mi\u00e9rcoles en la provincia&hellip;<\/p>\n","protected":false},"author":10,"featured_media":129065,"comment_status":"open","ping_status":"open","sticky":false,"template":"","format":"standard","meta":{"content-type":"","jetpack_post_was_ever_published":false,"_jetpack_newsletter_access":"","_jetpack_dont_email_post_to_subs":false,"_jetpack_newsletter_tier_id":0,"_jetpack_memberships_contains_paywalled_content":false,"_jetpack_memberships_contains_paid_content":false,"footnotes":""},"categories":[35],"tags":[25389,3634],"class_list":["post-129064","post","type-post","status-publish","format-standard","has-post-thumbnail","hentry","category-nacionales","tag-ciaa","tag-idac"],"jetpack_featured_media_url":"https:\/\/lasprimeras.com.do\/wp-content\/uploads\/2026\/04\/IMG-20260429-WA0613-scaled.jpg","jetpack-related-posts":[{"id":110693,"url":"https:\/\/lasprimeras.com.do\/index.php\/2025\/09\/30\/idac-acompana-a-la-ciaa-en-investigacion-por-aterrizaje-de-emergencia-de-aeronave-embraer-190\/","url_meta":{"origin":129064,"position":0},"title":"IDAC acompa\u00f1a a la CIAA en investigaci\u00f3n por aterrizaje de emergencia de aeronave Embraer 190","author":"Nelson Feliz","date":"30 de septiembre de 2025","format":false,"excerpt":"Servicios de navegaci\u00f3n a\u00e9rea contin\u00faan operando con normalidad en el Aeropuerto Internacional Las Am\u00e9ricas. El Instituto Dominicano de Aviaci\u00f3n Civil (IDAC) inform\u00f3 que acompa\u00f1a a la Comisi\u00f3n Investigadora de Accidentes de Aviaci\u00f3n (CIAA) en las indagatorias sobre el aterrizaje de emergencia de una aeronave Embraer 190, ocurrido esta tarde en\u2026","rel":"","context":"En \u00abNACIONALES\u00bb","block_context":{"text":"NACIONALES","link":"https:\/\/lasprimeras.com.do\/index.php\/category\/nacionales\/"},"img":{"alt_text":"","src":"https:\/\/i0.wp.com\/lasprimeras.com.do\/wp-content\/uploads\/2025\/09\/idaac-y-ciaa.jpg?resize=350%2C200&ssl=1","width":350,"height":200,"srcset":"https:\/\/i0.wp.com\/lasprimeras.com.do\/wp-content\/uploads\/2025\/09\/idaac-y-ciaa.jpg?resize=350%2C200&ssl=1 1x, https:\/\/i0.wp.com\/lasprimeras.com.do\/wp-content\/uploads\/2025\/09\/idaac-y-ciaa.jpg?resize=525%2C300&ssl=1 1.5x, https:\/\/i0.wp.com\/lasprimeras.com.do\/wp-content\/uploads\/2025\/09\/idaac-y-ciaa.jpg?resize=700%2C400&ssl=1 2x"},"classes":[]},{"id":106234,"url":"https:\/\/lasprimeras.com.do\/index.php\/2025\/08\/12\/oaci-reconoce-labor-del-idac-y-crecimiento-transporte-aereo-en-rd\/","url_meta":{"origin":129064,"position":1},"title":"OACI reconoce labor del IDAC y crecimiento transporte a\u00e9reo en RD","author":"Nelson Feliz","date":"12 de agosto de 2025","format":false,"excerpt":"Para el secretario general de la Organizaci\u00f3n de Aviaci\u00f3n Civil Internacional (OACI), Juan Carlos Salazar, la entidad que rige la aeron\u00e1utica civil a nivel mundial, la Rep\u00fablica Dominicana presenta un crecimiento \u201cvertiginoso\u201d en su sistema de transporte a\u00e9reo, adem\u00e1s del apoyo que han significado el pa\u00eds y el Instituto Dominicano\u2026","rel":"","context":"En \u00abNACIONALES\u00bb","block_context":{"text":"NACIONALES","link":"https:\/\/lasprimeras.com.do\/index.php\/category\/nacionales\/"},"img":{"alt_text":"","src":"https:\/\/i0.wp.com\/lasprimeras.com.do\/wp-content\/uploads\/2025\/08\/Juan-Carlos-Salazar.jpg?resize=350%2C200&ssl=1","width":350,"height":200,"srcset":"https:\/\/i0.wp.com\/lasprimeras.com.do\/wp-content\/uploads\/2025\/08\/Juan-Carlos-Salazar.jpg?resize=350%2C200&ssl=1 1x, https:\/\/i0.wp.com\/lasprimeras.com.do\/wp-content\/uploads\/2025\/08\/Juan-Carlos-Salazar.jpg?resize=525%2C300&ssl=1 1.5x, https:\/\/i0.wp.com\/lasprimeras.com.do\/wp-content\/uploads\/2025\/08\/Juan-Carlos-Salazar.jpg?resize=700%2C400&ssl=1 2x"},"classes":[]},{"id":128153,"url":"https:\/\/lasprimeras.com.do\/index.php\/2026\/04\/20\/idac-instala-simulador-de-vuelo-en-primera-feria-regional-del-libro-y-la-cultura-cibao-2026\/","url_meta":{"origin":129064,"position":2},"title":"IDAC instala Simulador de Vuelo en Primera Feria Regional del Libro y la Cultura Cibao 2026","author":"Nelson Feliz","date":"20 de abril de 2026","format":false,"excerpt":"Acercar la aviaci\u00f3n a la gente y despertar nuevas vocaciones es parte de la apuesta educativa de la instituci\u00f3n Santiago de los Caballero.\u2013 El Instituto Dominicano de Aviaci\u00f3n Civil (IDAC) y su \u00f3rgano de estudios especializados, la Academia Superior de Ciencias Aeron\u00e1uticas (ASCA), se suman a las instituciones educativas que\u2026","rel":"","context":"En \u00abNACIONALES\u00bb","block_context":{"text":"NACIONALES","link":"https:\/\/lasprimeras.com.do\/index.php\/category\/nacionales\/"},"img":{"alt_text":"","src":"https:\/\/i0.wp.com\/lasprimeras.com.do\/wp-content\/uploads\/2026\/04\/IMG-20260420-WA0285-scaled.jpg?resize=350%2C200&ssl=1","width":350,"height":200,"srcset":"https:\/\/i0.wp.com\/lasprimeras.com.do\/wp-content\/uploads\/2026\/04\/IMG-20260420-WA0285-scaled.jpg?resize=350%2C200&ssl=1 1x, https:\/\/i0.wp.com\/lasprimeras.com.do\/wp-content\/uploads\/2026\/04\/IMG-20260420-WA0285-scaled.jpg?resize=525%2C300&ssl=1 1.5x, https:\/\/i0.wp.com\/lasprimeras.com.do\/wp-content\/uploads\/2026\/04\/IMG-20260420-WA0285-scaled.jpg?resize=700%2C400&ssl=1 2x, https:\/\/i0.wp.com\/lasprimeras.com.do\/wp-content\/uploads\/2026\/04\/IMG-20260420-WA0285-scaled.jpg?resize=1050%2C600&ssl=1 3x, https:\/\/i0.wp.com\/lasprimeras.com.do\/wp-content\/uploads\/2026\/04\/IMG-20260420-WA0285-scaled.jpg?resize=1400%2C800&ssl=1 4x"},"classes":[]},{"id":79077,"url":"https:\/\/lasprimeras.com.do\/index.php\/2024\/03\/23\/presidente-abinader-emite-decreto-172-24-sobre-la-aviacion-civil-y-da-instrucciones-al-idac\/","url_meta":{"origin":129064,"position":3},"title":"Abinader emite &#8220;Decreto 172-24&#8221; sobre la aviaci\u00f3n civil y da instrucciones al IDAC","author":"BIMARY DE JES\u00daS Matos","date":"23 de marzo de 2024","format":false,"excerpt":"El presidente Luis Abinader emiti\u00f3 el Decreto n\u00fam. 172-24, mediante el cual se declara de alta prioridad nacional la actualizaci\u00f3n continua del marco legal y normativo que regula la aviaci\u00f3n civil y se instruye al IDAC a liderar un proceso de revisi\u00f3n y actualizaci\u00f3n de la Ley de Aviaci\u00f3n Civil\u2026","rel":"","context":"En \u00abNACIONALES\u00bb","block_context":{"text":"NACIONALES","link":"https:\/\/lasprimeras.com.do\/index.php\/category\/nacionales\/"},"img":{"alt_text":"","src":"https:\/\/i0.wp.com\/lasprimeras.com.do\/wp-content\/uploads\/2024\/03\/1-millon-de-jovenes-votaran-en-las-elecciones-municipales-3.jpg?resize=350%2C200&ssl=1","width":350,"height":200,"srcset":"https:\/\/i0.wp.com\/lasprimeras.com.do\/wp-content\/uploads\/2024\/03\/1-millon-de-jovenes-votaran-en-las-elecciones-municipales-3.jpg?resize=350%2C200&ssl=1 1x, https:\/\/i0.wp.com\/lasprimeras.com.do\/wp-content\/uploads\/2024\/03\/1-millon-de-jovenes-votaran-en-las-elecciones-municipales-3.jpg?resize=525%2C300&ssl=1 1.5x, https:\/\/i0.wp.com\/lasprimeras.com.do\/wp-content\/uploads\/2024\/03\/1-millon-de-jovenes-votaran-en-las-elecciones-municipales-3.jpg?resize=700%2C400&ssl=1 2x, https:\/\/i0.wp.com\/lasprimeras.com.do\/wp-content\/uploads\/2024\/03\/1-millon-de-jovenes-votaran-en-las-elecciones-municipales-3.jpg?resize=1050%2C600&ssl=1 3x"},"classes":[]},{"id":127311,"url":"https:\/\/lasprimeras.com.do\/index.php\/2026\/04\/10\/idac-es-recertificado-en-normas-sobre-gestion-de-calidad-seguridad-y-salud-en-el-trabajo-y-sistema-de-gestion-ambiental\/","url_meta":{"origin":129064,"position":4},"title":"IDAC es recertificado en normas sobre Gesti\u00f3n de Calidad, Seguridad y Salud en el Trabajo y Sistema de Gesti\u00f3n Ambiental","author":"Nelson Feliz","date":"10 de abril de 2026","format":false,"excerpt":"El Instituto Dominicano de Aviaci\u00f3n Civil (IDAC) recibi\u00f3 esta tarde la recertificaci\u00f3n en las normas ISO 9001 de Gesti\u00f3n de Calidad, ISO 45001 de Seguridad y Salud en el Trabajo y ISO 14001 del Sistema de Gesti\u00f3n Ambiental, reafirmando su compromiso con la excelencia institucional y la mejora continua. Este\u2026","rel":"","context":"En \u00abNACIONALES\u00bb","block_context":{"text":"NACIONALES","link":"https:\/\/lasprimeras.com.do\/index.php\/category\/nacionales\/"},"img":{"alt_text":"","src":"https:\/\/i0.wp.com\/lasprimeras.com.do\/wp-content\/uploads\/2026\/04\/IMG-20260410-WA0372.jpg?resize=350%2C200&ssl=1","width":350,"height":200,"srcset":"https:\/\/i0.wp.com\/lasprimeras.com.do\/wp-content\/uploads\/2026\/04\/IMG-20260410-WA0372.jpg?resize=350%2C200&ssl=1 1x, https:\/\/i0.wp.com\/lasprimeras.com.do\/wp-content\/uploads\/2026\/04\/IMG-20260410-WA0372.jpg?resize=525%2C300&ssl=1 1.5x, https:\/\/i0.wp.com\/lasprimeras.com.do\/wp-content\/uploads\/2026\/04\/IMG-20260410-WA0372.jpg?resize=700%2C400&ssl=1 2x, https:\/\/i0.wp.com\/lasprimeras.com.do\/wp-content\/uploads\/2026\/04\/IMG-20260410-WA0372.jpg?resize=1050%2C600&ssl=1 3x, https:\/\/i0.wp.com\/lasprimeras.com.do\/wp-content\/uploads\/2026\/04\/IMG-20260410-WA0372.jpg?resize=1400%2C800&ssl=1 4x"},"classes":[]},{"id":54527,"url":"https:\/\/lasprimeras.com.do\/index.php\/2023\/07\/11\/director-de-idac-dice-no-ha-recibido-la-notificacion-de-inspeccion-de-la-faa\/","url_meta":{"origin":129064,"position":5},"title":"Director de IDAC dice no ha recibido la notificaci\u00f3n de inspecci\u00f3n de la FAA","author":"Nelson Feliz","date":"11 de julio de 2023","format":false,"excerpt":"El Director del Instituto Dominicano de Aviaci\u00f3n Civil (IDAC), H\u00e9ctor Porcella, asegur\u00f3 que esa entidad no ha recibido la notificaci\u00f3n de inspecci\u00f3n que supuestamente hizo la Administraci\u00f3n Federal de Aviaci\u00f3n (FAA) al sistema de aviaci\u00f3n en la Rep\u00fablica Dominicana. Porcella proclam\u00f3 que la Aviaci\u00f3n Civil en el pa\u00eds cumple todo\u2026","rel":"","context":"En \u00abNACIONALES\u00bb","block_context":{"text":"NACIONALES","link":"https:\/\/lasprimeras.com.do\/index.php\/category\/nacionales\/"},"img":{"alt_text":"H\u00e9ctor Porcella","src":"https:\/\/i0.wp.com\/lasprimeras.com.do\/wp-content\/uploads\/2023\/07\/Hector-Porcella.jpg?resize=350%2C200&ssl=1","width":350,"height":200,"srcset":"https:\/\/i0.wp.com\/lasprimeras.com.do\/wp-content\/uploads\/2023\/07\/Hector-Porcella.jpg?resize=350%2C200&ssl=1 1x, https:\/\/i0.wp.com\/lasprimeras.com.do\/wp-content\/uploads\/2023\/07\/Hector-Porcella.jpg?resize=525%2C300&ssl=1 1.5x"},"classes":[]}],"jetpack_sharing_enabled":true,"_links":{"self":[{"href":"https:\/\/lasprimeras.com.do\/index.php\/wp-json\/wp\/v2\/posts\/129064","targetHints":{"allow":["GET"]}}],"collection":[{"href":"https:\/\/lasprimeras.com.do\/index.php\/wp-json\/wp\/v2\/posts"}],"about":[{"href":"https:\/\/lasprimeras.com.do\/index.php\/wp-json\/wp\/v2\/types\/post"}],"author":[{"embeddable":true,"href":"https:\/\/lasprimeras.com.do\/index.php\/wp-json\/wp\/v2\/users\/10"}],"replies":[{"embeddable":true,"href":"https:\/\/lasprimeras.com.do\/index.php\/wp-json\/wp\/v2\/comments?post=129064"}],"version-history":[{"count":1,"href":"https:\/\/lasprimeras.com.do\/index.php\/wp-json\/wp\/v2\/posts\/129064\/revisions"}],"predecessor-version":[{"id":129067,"href":"https:\/\/lasprimeras.com.do\/index.php\/wp-json\/wp\/v2\/posts\/129064\/revisions\/129067"}],"wp:featuredmedia":[{"embeddable":true,"href":"https:\/\/lasprimeras.com.do\/index.php\/wp-json\/wp\/v2\/media\/129065"}],"wp:attachment":[{"href":"https:\/\/lasprimeras.com.do\/index.php\/wp-json\/wp\/v2\/media?parent=129064"}],"wp:term":[{"taxonomy":"category","embeddable":true,"href":"https:\/\/lasprimeras.com.do\/index.php\/wp-json\/wp\/v2\/categories?post=129064"},{"taxonomy":"post_tag","embeddable":true,"href":"https:\/\/lasprimeras.com.do\/index.php\/wp-json\/wp\/v2\/tags?post=129064"}],"curies":[{"name":"wp","href":"https:\/\/api.w.org\/{rel}","templated":true}]}}