{"id":129070,"date":"2026-04-29T12:16:18","date_gmt":"2026-04-29T16:16:18","guid":{"rendered":"https:\/\/lasprimeras.com.do\/?p=129070"},"modified":"2026-04-29T12:16:20","modified_gmt":"2026-04-29T16:16:20","slug":"claro-se-convierte-en-la-primera-empresa-de-telecomunicaciones-en-obtener-la-certificacion-iso-45001","status":"publish","type":"post","link":"https:\/\/lasprimeras.com.do\/index.php\/2026\/04\/29\/claro-se-convierte-en-la-primera-empresa-de-telecomunicaciones-en-obtener-la-certificacion-iso-45001\/","title":{"rendered":"Claro se convierte en la primera empresa de telecomunicaciones en obtener la certificaci\u00f3n ISO 45001"},"content":{"rendered":"\n<p>Claro Dominicana obtuvo la certificaci\u00f3n internacional ISO 45001:2018 para el Sistema de Gesti\u00f3n de Seguridad y Salud en el Trabajo, evidenciando su compromiso con la seguridad, la salud y el bienestar integral de los colaboradores.<\/p>\n\n\n\n<p>Con esta certificaci\u00f3n, Claro se convierte en la primera empresa de telecomunicaciones en la Rep\u00fablica Dominicana en ser acreditada con este est\u00e1ndar internacional de gesti\u00f3n, dise\u00f1ado para identificar, evaluar y controlar los riesgos en el entorno laboral, con el objetivo de prevenir lesiones y enfermedades ocupacionales y proporcionar un entorno de trabajo seguro.<\/p>\n\n\n\n<p>El director de Seguridad Integral Corporativa de Claro Dominicana,<br>Wilfredo Alc\u00e1ntara expres\u00f3 la satisfacci\u00f3n de todo el equipo al recibir esta certificaci\u00f3n de la Norma Internacional ISO 45001:2018, la cual reconoce el esfuerzo, la dedicaci\u00f3n y el compromiso continuo de la empresa por establecer, mantener y mejorar el Sistema de Gesti\u00f3n de Seguridad y Salud en el Trabajo, alineado a est\u00e1ndares internacionales.<\/p>\n\n\n\n<p>\u201cEsta certificaci\u00f3n, que abarca tanto a nuestra poblaci\u00f3n laboral como al cien por ciento de los procesos organizacionales, constituye un hito para la compa\u00f1\u00eda y reafirma nuestro compromiso con la sostenibilidad y la excelencia operativa.<\/p>\n\n\n\n<p>Asimismo, se alinea plenamente con la estrategia de Am\u00e9rica M\u00f3vil \u2014casa matriz de Claro Dominicana\u2014 y con nuestro prop\u00f3sito corporativo de Hacer Posible un Mejor Pa\u00eds, promoviendo mejoras continuas que se traducen directamente en un mejor lugar para trabajar\u201d, manifest\u00f3 Alc\u00e1ntara.<\/p>\n\n\n\n<p>De igual manera, Sandra Tejeda, directora de Personas y Cultura Organizacional, destac\u00f3 que en Claro la salud y la seguridad del equipo humano son prioridades fundamentales.<\/p>\n\n\n\n<p>En este sentido, la empresa promueve el bienestar integral mediante pol\u00edticas, procedimientos, programas y actividades que fomentan un entorno de trabajo alineado con una cultura organizacional basada en la prevenci\u00f3n, la participaci\u00f3n y el desarrollo humano.<\/p>\n\n\n\n<p>La empresa cuenta adem\u00e1s con 50 Comit\u00e9s Mixtos de Seguridad y Salud a nivel nacional, responsables de velar e impulsar el cumplimiento de las mejores pr\u00e1cticas mediante el monitoreo constante del Programa de Seguridad y Salud en el Trabajo.<\/p>\n\n\n\n<p>De igual forma, dispone de 69 brigadas integradas por colaboradores voluntarios entrenados en primeros auxilios, respuesta ante incendios y evacuaci\u00f3n, quienes act\u00faan como primera l\u00ednea de defensa, protegiendo vidas, el entorno laboral y garantizando la continuidad de las operaciones.<\/p>\n\n\n\n<p>Como parte de su gesti\u00f3n en materia de Seguridad y Salud, Claro alcanz\u00f3 la recertificaci\u00f3n exitosa de 50 Programas de Seguridad y Salud en el Trabajo, en cumplimiento del Reglamento 522-06 del Ministerio de Trabajo.<\/p>\n\n\n\n<p>Para continuar fortaleciendo la preparaci\u00f3n ante contingencias, la empresa realiz\u00f3 en 2025 un total de 42 simulacros de emergencia en 42 de sus localidades a nivel nacional.<\/p>\n\n\n\n<p>Adem\u00e1s, recibi\u00f3 el Reconocimiento a la Excelencia en Seguridad y Salud en el Trabajo otorgado por el Ministerio de Trabajo, siendo la \u00fanica empresa de telecomunicaciones en obtenerlo y una de las cinco destacadas del pa\u00eds.<\/p>\n\n\n\n<p>Actualmente, menos de quince empresas en la Rep\u00fablica Dominicana cuentan con la certificaci\u00f3n ISO 45001:2018 vigente, lo que posiciona a Claro Dominicana como un referente nacional en materia de seguridad y salud laboral, adem\u00e1s de su posicionamiento como una de las empresas con mejor reputaci\u00f3n corporativa, seg\u00fan el ranking MERCO.<\/p>\n\n\n\n<p>Esta reciente certificaci\u00f3n se suma a la ISO\/IEC 27001:2022 Sistema de Gesti\u00f3n de la Seguridad de la Informaci\u00f3n (SGSI) que ya posee la empresa, reafirmando su liderazgo en el sector de las telecomunicaciones y su compromiso con las pol\u00edticas corporativas de seguridad.<\/p>\n\n\n\n<p>Con esta certificaci\u00f3n, garantiza la confidencialidad, integridad y disponibilidad de la informaci\u00f3n procesada, monitoreada y gestionada por su Centro de Operaciones de Seguridad Cibern\u00e9tica (COSC).<\/p>\n","protected":false},"excerpt":{"rendered":"<p>Claro Dominicana obtuvo la certificaci\u00f3n internacional ISO 45001:2018 para el Sistema de Gesti\u00f3n de Seguridad y Salud en el Trabajo, evidenciando su compromiso con la seguridad, la salud y el&hellip;<\/p>\n","protected":false},"author":10,"featured_media":129071,"comment_status":"open","ping_status":"open","sticky":false,"template":"","format":"standard","meta":{"content-type":"","jetpack_post_was_ever_published":false,"_jetpack_newsletter_access":"","_jetpack_dont_email_post_to_subs":false,"_jetpack_newsletter_tier_id":0,"_jetpack_memberships_contains_paywalled_content":false,"_jetpack_memberships_contains_paid_content":false,"footnotes":""},"categories":[23746],"tags":[15271],"class_list":["post-129070","post","type-post","status-publish","format-standard","has-post-thumbnail","hentry","category-tecnologia","tag-claro"],"jetpack_featured_media_url":"https:\/\/lasprimeras.com.do\/wp-content\/uploads\/2026\/04\/IMG-20260429-WA0615.jpg","jetpack-related-posts":[{"id":113565,"url":"https:\/\/lasprimeras.com.do\/index.php\/2025\/11\/04\/marco-rack-y-trameria-recibe-certificacion-del-sistema-de-gestion-de-calidad-iso-90012015\/","url_meta":{"origin":129070,"position":0},"title":"Marco, Rack y Trameria recibe Certificaci\u00f3n del Sistema de Gesti\u00f3n de calidad ISO 9001:2015","author":"Nelson Feliz","date":"4 de noviembre de 2025","format":false,"excerpt":"En un acto celebrado en sus instalaciones, Marco, Rack y Tramer\u00eda (MR&T) recibi\u00f3 de AENOR Dominicana el prestigioso Certificado del Sistema de Gesti\u00f3n de la Calidad ISO 9001:2015, que, valida internacionalmente su compromiso con la excelencia, la eficiencia y la mejora continua. La certificaci\u00f3n fue otorgada luego de un riguroso\u2026","rel":"","context":"En \u00abNACIONALES\u00bb","block_context":{"text":"NACIONALES","link":"https:\/\/lasprimeras.com.do\/index.php\/category\/nacionales\/"},"img":{"alt_text":"","src":"https:\/\/i0.wp.com\/lasprimeras.com.do\/wp-content\/uploads\/2025\/11\/MRT.jpg?resize=350%2C200&ssl=1","width":350,"height":200,"srcset":"https:\/\/i0.wp.com\/lasprimeras.com.do\/wp-content\/uploads\/2025\/11\/MRT.jpg?resize=350%2C200&ssl=1 1x, https:\/\/i0.wp.com\/lasprimeras.com.do\/wp-content\/uploads\/2025\/11\/MRT.jpg?resize=525%2C300&ssl=1 1.5x, https:\/\/i0.wp.com\/lasprimeras.com.do\/wp-content\/uploads\/2025\/11\/MRT.jpg?resize=700%2C400&ssl=1 2x"},"classes":[]},{"id":109608,"url":"https:\/\/lasprimeras.com.do\/index.php\/2025\/09\/19\/infotep-consolida-su-liderazgo-con-certificacion-de-calidad-mundial-iso-90012015\/","url_meta":{"origin":129070,"position":1},"title":"INFOTEP consolida su liderazgo con certificaci\u00f3n de calidad mundial ISO 9001:2015","author":"Nelson Feliz","date":"19 de septiembre de 2025","format":false,"excerpt":"\u00b7 Firma internacional de Panam\u00e1 reconoce cumplimiento de norma por m\u00e1s de 20 a\u00f1os El Instituto Nacional de Formaci\u00f3n T\u00e9cnico Profesional (INFOTEP) fue reconocido por mantener la certificaci\u00f3n bajo la norma internacional ISO 9001:2015, que establece los requisitos que debe cumplir un Sistema de Gesti\u00f3n de la Calidad (SGC) a\u2026","rel":"","context":"En \u00abNACIONALES\u00bb","block_context":{"text":"NACIONALES","link":"https:\/\/lasprimeras.com.do\/index.php\/category\/nacionales\/"},"img":{"alt_text":"","src":"https:\/\/i0.wp.com\/lasprimeras.com.do\/wp-content\/uploads\/2025\/09\/INFOTEP-2.jpg?resize=350%2C200&ssl=1","width":350,"height":200,"srcset":"https:\/\/i0.wp.com\/lasprimeras.com.do\/wp-content\/uploads\/2025\/09\/INFOTEP-2.jpg?resize=350%2C200&ssl=1 1x, https:\/\/i0.wp.com\/lasprimeras.com.do\/wp-content\/uploads\/2025\/09\/INFOTEP-2.jpg?resize=525%2C300&ssl=1 1.5x, https:\/\/i0.wp.com\/lasprimeras.com.do\/wp-content\/uploads\/2025\/09\/INFOTEP-2.jpg?resize=700%2C400&ssl=1 2x"},"classes":[]},{"id":121469,"url":"https:\/\/lasprimeras.com.do\/index.php\/2026\/02\/04\/banreservas-obtiene-certificacion-iso-9001-enmacroproceso-de-gestion-de-la-excelencia-operacional\/","url_meta":{"origin":129070,"position":2},"title":"Banreservas obtiene certificaci\u00f3n ISO 9001 enmacroproceso de Gesti\u00f3n de la Excelencia Operacional","author":"Nelson Feliz","date":"4 de febrero de 2026","format":false,"excerpt":"Con esta acreditaci\u00f3n, el banco renueva su compromiso con la excelencia para fortalecer el sistema de gesti\u00f3n y agregar valor a los servicios que ofrece a los clientes. El Banco de Reservas obtuvo la certificaci\u00f3n ISO 9001:2015 para el Macroproceso de Gesti\u00f3n de la Excelencia Operacional luego de un riguroso\u2026","rel":"","context":"En \u00abECONOM\u00cdA\u00bb","block_context":{"text":"ECONOM\u00cdA","link":"https:\/\/lasprimeras.com.do\/index.php\/category\/economia\/"},"img":{"alt_text":"Ejecutivos de Banreservas reciben certificaci\u00f3n ISO 9001:2015 para el Macroproceso de Gesti\u00f3n de la Excelencia Operacional. Desde la izquierda, Luis Rivas, director aseguramiento de la calidad de Banreservas; Ariel Espejo, director de AENOR Dominicana; y Miriam Minier, vicepresidente de Procesos y Aseguramiento de la Calidad de Banreservas.","src":"https:\/\/i0.wp.com\/lasprimeras.com.do\/wp-content\/uploads\/2026\/02\/reservas.jpg?resize=350%2C200&ssl=1","width":350,"height":200,"srcset":"https:\/\/i0.wp.com\/lasprimeras.com.do\/wp-content\/uploads\/2026\/02\/reservas.jpg?resize=350%2C200&ssl=1 1x, https:\/\/i0.wp.com\/lasprimeras.com.do\/wp-content\/uploads\/2026\/02\/reservas.jpg?resize=525%2C300&ssl=1 1.5x, https:\/\/i0.wp.com\/lasprimeras.com.do\/wp-content\/uploads\/2026\/02\/reservas.jpg?resize=700%2C400&ssl=1 2x"},"classes":[]},{"id":117602,"url":"https:\/\/lasprimeras.com.do\/index.php\/2025\/12\/12\/hacienda-y-economia-obtiene-certificacion-iso-por-su-sistema-de-gestion-antisoborno-y-cumplimiento\/","url_meta":{"origin":129070,"position":3},"title":"Hacienda y Econom\u00eda obtiene certificaci\u00f3n ISO por su sistema de gesti\u00f3n antisoborno y cumplimiento","author":"Nelson Feliz","date":"12 de diciembre de 2025","format":false,"excerpt":"El ministerio concluy\u00f3 satisfactoriamente la auditor\u00eda que certifica sus procesos conforme a las normas internacionales ISO 37001 e ISO 37301 Tras un riguroso proceso de evaluaci\u00f3n, el Ministerio de Hacienda y Econom\u00eda (MHE) recibi\u00f3 la certificaci\u00f3n oficial de las normas internacionales ISO 37001 del Sistema de Gesti\u00f3n Antisoborno e ISO\u2026","rel":"","context":"En \u00abECONOM\u00cdA\u00bb","block_context":{"text":"ECONOM\u00cdA","link":"https:\/\/lasprimeras.com.do\/index.php\/category\/economia\/"},"img":{"alt_text":"El director del Indocal, N\u00e9stor Julio Matos, hizo entrega de la certificaci\u00f3n al ministro de Hacienda y Econom\u00eda, Mag\u00edn D\u00edaz.","src":"https:\/\/i0.wp.com\/lasprimeras.com.do\/wp-content\/uploads\/2025\/12\/El-director-del-Indocal-Nestor-Julio-Matos-hizo-entrega-de-la-certificacion-al-ministro-de-Hacienda-y-Economia-Magin-Diaz.jpg?resize=350%2C200&ssl=1","width":350,"height":200,"srcset":"https:\/\/i0.wp.com\/lasprimeras.com.do\/wp-content\/uploads\/2025\/12\/El-director-del-Indocal-Nestor-Julio-Matos-hizo-entrega-de-la-certificacion-al-ministro-de-Hacienda-y-Economia-Magin-Diaz.jpg?resize=350%2C200&ssl=1 1x, https:\/\/i0.wp.com\/lasprimeras.com.do\/wp-content\/uploads\/2025\/12\/El-director-del-Indocal-Nestor-Julio-Matos-hizo-entrega-de-la-certificacion-al-ministro-de-Hacienda-y-Economia-Magin-Diaz.jpg?resize=525%2C300&ssl=1 1.5x, https:\/\/i0.wp.com\/lasprimeras.com.do\/wp-content\/uploads\/2025\/12\/El-director-del-Indocal-Nestor-Julio-Matos-hizo-entrega-de-la-certificacion-al-ministro-de-Hacienda-y-Economia-Magin-Diaz.jpg?resize=700%2C400&ssl=1 2x"},"classes":[]},{"id":81435,"url":"https:\/\/lasprimeras.com.do\/index.php\/2024\/04\/21\/jce-recibe-su-cuarta-norma-iso-22301-en-continuidad-de-la-operacion\/","url_meta":{"origin":129070,"position":4},"title":"JCE recibe su cuarta Norma ISO 22301 en Continuidad de la Operaci\u00f3n","author":"Nelson Feliz","date":"21 de abril de 2024","format":false,"excerpt":"\u201cEs el primer y \u00fanico \u00f3rgano electoral del mundo en obtener cuatro Normas ISO\u201d. Por Martin Restituyo La Junta Central Electoral (JCE) recibi\u00f3 la cuarta Norma ISO 22301 de Continuidad de la Operaci\u00f3n que permite la creaci\u00f3n de protocolos para asegurar que el \u00f3rgano electoral pueda operar durante y despu\u00e9s\u2026","rel":"","context":"En \u00abNACIONALES\u00bb","block_context":{"text":"NACIONALES","link":"https:\/\/lasprimeras.com.do\/index.php\/category\/nacionales\/"},"img":{"alt_text":"Rom\u00e1n Andr\u00e9s J\u00e1quez Liranzo","src":"https:\/\/i0.wp.com\/lasprimeras.com.do\/wp-content\/uploads\/2024\/04\/Roman-Andres-Jaquez-Liranzo-1.jpg?resize=350%2C200&ssl=1","width":350,"height":200,"srcset":"https:\/\/i0.wp.com\/lasprimeras.com.do\/wp-content\/uploads\/2024\/04\/Roman-Andres-Jaquez-Liranzo-1.jpg?resize=350%2C200&ssl=1 1x, https:\/\/i0.wp.com\/lasprimeras.com.do\/wp-content\/uploads\/2024\/04\/Roman-Andres-Jaquez-Liranzo-1.jpg?resize=525%2C300&ssl=1 1.5x, https:\/\/i0.wp.com\/lasprimeras.com.do\/wp-content\/uploads\/2024\/04\/Roman-Andres-Jaquez-Liranzo-1.jpg?resize=700%2C400&ssl=1 2x"},"classes":[]},{"id":115382,"url":"https:\/\/lasprimeras.com.do\/index.php\/2025\/11\/21\/afp-popular-revalida-su-certificacion-iso-9001\/","url_meta":{"origin":129070,"position":5},"title":"AFP Popular revalida su certificaci\u00f3n ISO 9001","author":"Nelson Feliz","date":"21 de noviembre de 2025","format":false,"excerpt":"Norma confirma el compromiso de la empresa con el cumplimiento de est\u00e1ndares internacionales La Administradora de Fondos de Pensiones Popular (AFP Popular) revalid\u00f3 la certificaci\u00f3n de su Sistema de Gesti\u00f3n de Calidad (SGC) tras una auditor\u00eda realizada por la empresa certificadora SGS Panam\u00e1, bajo la norma ISO 9001:2015, que eval\u00faa\u2026","rel":"","context":"En \u00abECONOM\u00cdA\u00bb","block_context":{"text":"ECONOM\u00cdA","link":"https:\/\/lasprimeras.com.do\/index.php\/category\/economia\/"},"img":{"alt_text":"AFP Popular","src":"https:\/\/i0.wp.com\/lasprimeras.com.do\/wp-content\/uploads\/2025\/11\/AFP-Popular-1.jpg?resize=350%2C200&ssl=1","width":350,"height":200,"srcset":"https:\/\/i0.wp.com\/lasprimeras.com.do\/wp-content\/uploads\/2025\/11\/AFP-Popular-1.jpg?resize=350%2C200&ssl=1 1x, https:\/\/i0.wp.com\/lasprimeras.com.do\/wp-content\/uploads\/2025\/11\/AFP-Popular-1.jpg?resize=525%2C300&ssl=1 1.5x, https:\/\/i0.wp.com\/lasprimeras.com.do\/wp-content\/uploads\/2025\/11\/AFP-Popular-1.jpg?resize=700%2C400&ssl=1 2x"},"classes":[]}],"jetpack_sharing_enabled":true,"_links":{"self":[{"href":"https:\/\/lasprimeras.com.do\/index.php\/wp-json\/wp\/v2\/posts\/129070","targetHints":{"allow":["GET"]}}],"collection":[{"href":"https:\/\/lasprimeras.com.do\/index.php\/wp-json\/wp\/v2\/posts"}],"about":[{"href":"https:\/\/lasprimeras.com.do\/index.php\/wp-json\/wp\/v2\/types\/post"}],"author":[{"embeddable":true,"href":"https:\/\/lasprimeras.com.do\/index.php\/wp-json\/wp\/v2\/users\/10"}],"replies":[{"embeddable":true,"href":"https:\/\/lasprimeras.com.do\/index.php\/wp-json\/wp\/v2\/comments?post=129070"}],"version-history":[{"count":1,"href":"https:\/\/lasprimeras.com.do\/index.php\/wp-json\/wp\/v2\/posts\/129070\/revisions"}],"predecessor-version":[{"id":129072,"href":"https:\/\/lasprimeras.com.do\/index.php\/wp-json\/wp\/v2\/posts\/129070\/revisions\/129072"}],"wp:featuredmedia":[{"embeddable":true,"href":"https:\/\/lasprimeras.com.do\/index.php\/wp-json\/wp\/v2\/media\/129071"}],"wp:attachment":[{"href":"https:\/\/lasprimeras.com.do\/index.php\/wp-json\/wp\/v2\/media?parent=129070"}],"wp:term":[{"taxonomy":"category","embeddable":true,"href":"https:\/\/lasprimeras.com.do\/index.php\/wp-json\/wp\/v2\/categories?post=129070"},{"taxonomy":"post_tag","embeddable":true,"href":"https:\/\/lasprimeras.com.do\/index.php\/wp-json\/wp\/v2\/tags?post=129070"}],"curies":[{"name":"wp","href":"https:\/\/api.w.org\/{rel}","templated":true}]}}