{"id":129073,"date":"2026-04-29T12:49:27","date_gmt":"2026-04-29T16:49:27","guid":{"rendered":"https:\/\/lasprimeras.com.do\/?p=129073"},"modified":"2026-04-29T12:49:30","modified_gmt":"2026-04-29T16:49:30","slug":"director-del-cea-ignora-orden-presidencial-endosa-terreno-a-empresario","status":"publish","type":"post","link":"https:\/\/lasprimeras.com.do\/index.php\/2026\/04\/29\/director-del-cea-ignora-orden-presidencial-endosa-terreno-a-empresario\/","title":{"rendered":"Director del CEA ignora orden presidencial, endosa terreno a empresario"},"content":{"rendered":"\n<p>Las denuncias de corrupci\u00f3n en el Consejo Estatal de Az\u00facar (CEA) siguen en aumento sin que se produzca un cambio en la direcci\u00f3n de la instituci\u00f3n que encabeza Rafael Burgos G\u00f3mez, acusado de usufructuar terrenos para beneficiar a un empresario del sector combustibles.<\/p>\n\n\n\n<p>El abogado Mois\u00e9s S\u00e1nchez Severino y el presidente de la Comisi\u00f3n Nacional de los Derechos Humanos, Manuel Mar\u00eda Mercedes, al hacer la denuncia ante los medios de comunicaci\u00f3n explicaron que pese a la disposici\u00f3n del presidente Luis Abinader para detener la corrupci\u00f3n en el CEA, los esfuerzos no han sido suficientes.<\/p>\n\n\n\n<p>&#8220;El presidente Luis Abinader ratific\u00f3 la prohibici\u00f3n de la transferencia a particulares de terrenos del CEA dispuesta desde el a\u00f1o 2016 en el gobierno de Danilo Medina, pero el director tiene un negocio con las ventas de terrenos, despojando a los verdaderos propietarios&#8221;, afirm\u00f3 S\u00e1nchez Severino, representante de Juan Rivera, uno de los afectados por las acciones del CEA y su director, Burgos G\u00f3mez.<\/p>\n\n\n\n<p>Se\u00f1al\u00f3 que a m\u00e1s de trece meses del presidente Abinader emitir el Poder Especial 36\/25, de fecha 10 de marzo del 2025, ordenando al director del CEA a suscribir los contratos mediante el cual vende, cede y transfiere porciones de terrenos a varias personas f\u00edsicas, a la fecha, Burgos G\u00f3mez no ha dado una respuesta a Juan Rivera y otros propietarios legales.<\/p>\n\n\n\n<p>&#8220;Estamos preocupados, porque Rafael Burgos G\u00f3mez ha decidido desacatar una orden presidencial, con el fin de beneficiar a un empresario del sector de combustibles involucrado en varias ocupaciones irregulares de terrenos del CEA, en el Municipio Santo Domingo Este, quien desde el 2017, est\u00e1 interesado en poner una estaci\u00f3n de combustibles en el sector de la Ciudad Juan Bosch&#8221;, manifest\u00f3 S\u00e1nchez Severino.<\/p>\n\n\n\n<p>Asimismo, reiter\u00f3 sus quejas al se\u00f1or Rafael Burgos G\u00f3mez, ya que, hace m\u00e1s de un a\u00f1o que recibi\u00f3 la orden del presidente y en vez de dar una repuesta, ha decidido mantener una actitud desafiante, desacatando el mandato.<\/p>\n\n\n\n<p>Seg\u00fan S\u00e1nchez Severino, las evidencias recopiladas hasta el momento demuestran que Rafael Burgos G\u00f3mez, en su af\u00e1n de beneficiar al se\u00f1or Gangle V\u00e1squez Rodr\u00edguez, representante de Credigas, le solicit\u00f3 al presidente la revocaci\u00f3n del Poder Especial 36\/25, a espalda del Consejo Directivo del CEA, el \u00f3rgano jer\u00e1rquico m\u00e1s alto dentro la estructura del CEA.<\/p>\n\n\n\n<p>Asever\u00f3 que este \u00f3rgano autoriz\u00f3 en el 2019 la venta a Juan Rivera, debido a que cumpli\u00f3 con el debido proceso.<\/p>\n\n\n\n<p>Adem\u00e1s, denunci\u00f3 que Burgos G\u00f3mez y C\u00e9sar Cede\u00f1o durante los a\u00f1os 2023\/2024\/2025, de manera fraudulenta, le adjudicaron a V\u00e1squez Rodr\u00edguez nueve terrenos que totalizan 150,000 Mt2, dentro de la Parcela No. 21-C-2 (Parte) D. C. 32, a trav\u00e9s de dos adendas sobre una permuta por 50,000 Mt2 del 2003 anulada, sin seguir el debido proceso, ni constar con plano georreferencial ni deslinde, le entregaron una carta franca para ocupar los terrenos.<\/p>\n\n\n\n<p>Declar\u00f3 que de este total, 100,000 Mt2 fueron entregados por Burgos G\u00f3mez, actual Director del CEA. Dichas adendas se encuentran depositadas en el Tribunal De Tierras De Jurisdicci\u00f3n Original del Distrito Nacional, S\u00e9ptima Sala.<\/p>\n\n\n\n<p>Agreg\u00f3 que, en adici\u00f3n al Poder Especial 36\/25, Burgos G\u00f3mez tiene en su escritorio dos informes, uno hecho por la secci\u00f3n de Conciliaciones y otro hecho por una la Comisi\u00f3n Especial nombrada para conocer este caso, los cuales dan ganancia de causa al se\u00f1or Juan Rivera, quien es leg\u00edtimo propietario del terreno.<\/p>\n\n\n\n<p>La Comisi\u00f3n Nacional de los Derechos Humanos, por su parte, demanda la intervenci\u00f3n urgente del presidente Abinader para la soluci\u00f3n de este caso y pide la destituci\u00f3n de Burgos G\u00f3mez como director del CEA.<\/p>\n","protected":false},"excerpt":{"rendered":"<p>Las denuncias de corrupci\u00f3n en el Consejo Estatal de Az\u00facar (CEA) siguen en aumento sin que se produzca un cambio en la direcci\u00f3n de la instituci\u00f3n que encabeza Rafael Burgos&hellip;<\/p>\n","protected":false},"author":10,"featured_media":129074,"comment_status":"open","ping_status":"open","sticky":false,"template":"","format":"standard","meta":{"content-type":"","jetpack_post_was_ever_published":false,"_jetpack_newsletter_access":"","_jetpack_dont_email_post_to_subs":false,"_jetpack_newsletter_tier_id":0,"_jetpack_memberships_contains_paywalled_content":false,"_jetpack_memberships_contains_paid_content":false,"footnotes":""},"categories":[35,25],"tags":[1981,2908,32809,3358],"class_list":["post-129073","post","type-post","status-publish","format-standard","has-post-thumbnail","hentry","category-nacionales","category-portada","tag-cea","tag-empresarios","tag-rafael-burgos-gomez","tag-terrenos"],"jetpack_featured_media_url":"https:\/\/lasprimeras.com.do\/wp-content\/uploads\/2026\/04\/IMG-20260429-WA0671.jpg","jetpack-related-posts":[{"id":65764,"url":"https:\/\/lasprimeras.com.do\/index.php\/2023\/10\/31\/comision-revisora-del-cea-recomienda-crear-fideicomiso-publico-para-administracion-eficaz-de-activos\/","url_meta":{"origin":129073,"position":0},"title":"Comisi\u00f3n revisora del CEA recomienda crear fideicomiso p\u00fablico para administraci\u00f3n eficaz de activos","author":"Nelson Feliz","date":"31 de octubre de 2023","format":false,"excerpt":"La comisi\u00f3n recomend\u00f3, adem\u00e1s, proteger a familias de bajos ingresos adquirientes de peque\u00f1as porciones de terrenos del CEA. La comisi\u00f3n creada por el presidente Luis Abinader para revisar los contratos sobre ventas de terrenos propiedad de los ingenios del Estado suscritos entre el Consejo Estatal del Az\u00facar (CEA) y particulares\u2026","rel":"","context":"En \u00abECONOM\u00cdA\u00bb","block_context":{"text":"ECONOM\u00cdA","link":"https:\/\/lasprimeras.com.do\/index.php\/category\/economia\/"},"img":{"alt_text":"CEA","src":"https:\/\/i0.wp.com\/lasprimeras.com.do\/wp-content\/uploads\/2023\/10\/CEA.jpg?resize=350%2C200&ssl=1","width":350,"height":200,"srcset":"https:\/\/i0.wp.com\/lasprimeras.com.do\/wp-content\/uploads\/2023\/10\/CEA.jpg?resize=350%2C200&ssl=1 1x, https:\/\/i0.wp.com\/lasprimeras.com.do\/wp-content\/uploads\/2023\/10\/CEA.jpg?resize=525%2C300&ssl=1 1.5x, https:\/\/i0.wp.com\/lasprimeras.com.do\/wp-content\/uploads\/2023\/10\/CEA.jpg?resize=700%2C400&ssl=1 2x"},"classes":[]},{"id":65950,"url":"https:\/\/lasprimeras.com.do\/index.php\/2023\/11\/01\/diputados-consideran-creacion-de-fideicomiso-publico-podria-preservar-bienes-del-cea-y-dejar-ser-un-botin\/","url_meta":{"origin":129073,"position":1},"title":"Diputados consideran creaci\u00f3n de fideicomiso p\u00fablico, podr\u00eda preservar bienes del CEA y dejar ser un bot\u00edn","author":"Nelson Feliz","date":"1 de noviembre de 2023","format":false,"excerpt":"Varios diputados manifestaron que la propuesta hecha al presidente Luis Abinader por la Comisi\u00f3n revisora de los contratos de venta de terrenos del Consejo Estatal del Az\u00facar (CEA), de crear un fideicomiso p\u00fablico para la administraci\u00f3n eficaz y transparente de esos activos, podr\u00eda ser una iniciativa para preservar esos bienes\u2026","rel":"","context":"En \u00abPORTADA\u00bb","block_context":{"text":"PORTADA","link":"https:\/\/lasprimeras.com.do\/index.php\/category\/portada\/"},"img":{"alt_text":"Diputados","src":"https:\/\/i0.wp.com\/lasprimeras.com.do\/wp-content\/uploads\/2023\/11\/Diputados.jpg?resize=350%2C200&ssl=1","width":350,"height":200},"classes":[]},{"id":73003,"url":"https:\/\/lasprimeras.com.do\/index.php\/2024\/01\/04\/abinader-acoge-recomendacion-de-comision-revisora-contratos-del-cea\/","url_meta":{"origin":129073,"position":2},"title":"Abinader acoge recomendaci\u00f3n de Comisi\u00f3n Revisora Contratos del CEA","author":"Nelson Feliz","date":"4 de enero de 2024","format":false,"excerpt":"Decreto establece que el traspaso de los terrenos identificados al fideicomiso p\u00fablico estar\u00e1 sujeto a la aprobaci\u00f3n del Congreso Nacional, cumpliendo con lo establecido por la Ley 28-23. El presidente Luis Abinader acogi\u00f3 la propuesta de la Comisi\u00f3n Revisora de Contratos relativos a la disposici\u00f3n de terrenos propiedad del Consejo\u2026","rel":"","context":"En \u00abECONOM\u00cdA\u00bb","block_context":{"text":"ECONOM\u00cdA","link":"https:\/\/lasprimeras.com.do\/index.php\/category\/economia\/"},"img":{"alt_text":"CEA","src":"https:\/\/i0.wp.com\/lasprimeras.com.do\/wp-content\/uploads\/2024\/01\/CEA-1.jpg?resize=350%2C200&ssl=1","width":350,"height":200,"srcset":"https:\/\/i0.wp.com\/lasprimeras.com.do\/wp-content\/uploads\/2024\/01\/CEA-1.jpg?resize=350%2C200&ssl=1 1x, https:\/\/i0.wp.com\/lasprimeras.com.do\/wp-content\/uploads\/2024\/01\/CEA-1.jpg?resize=525%2C300&ssl=1 1.5x"},"classes":[]},{"id":100994,"url":"https:\/\/lasprimeras.com.do\/index.php\/2025\/06\/14\/denuncian-cea-no-da-cumplimiento-a-decreto-presidencial-que-ordena-titular-terreno-en-sde\/","url_meta":{"origin":129073,"position":3},"title":"Denuncian CEA no da cumplimiento a decreto Presidencial que ordena titular terreno en SDE","author":"Nelson Feliz","date":"14 de junio de 2025","format":false,"excerpt":"El no cumplimiento del decreto est\u00e1 generando usurpaci\u00f3n ilegal y conflictos, por lo que llaman a resolver la situaci\u00f3n lo antes posible y evitar una tragedia. Los representantes legales del se\u00f1or Juan Rivera Cordero, adquirente desde el a\u00f1o 2013 de unos terrenos ubicados en el Distrito Catastral 32, Parcela 21-C-2,\u2026","rel":"","context":"En \u00abJUSTICIA\u00bb","block_context":{"text":"JUSTICIA","link":"https:\/\/lasprimeras.com.do\/index.php\/category\/justicia\/"},"img":{"alt_text":"","src":"https:\/\/i0.wp.com\/lasprimeras.com.do\/wp-content\/uploads\/2025\/06\/Denuncian-CEA.jpg?resize=350%2C200&ssl=1","width":350,"height":200,"srcset":"https:\/\/i0.wp.com\/lasprimeras.com.do\/wp-content\/uploads\/2025\/06\/Denuncian-CEA.jpg?resize=350%2C200&ssl=1 1x, https:\/\/i0.wp.com\/lasprimeras.com.do\/wp-content\/uploads\/2025\/06\/Denuncian-CEA.jpg?resize=525%2C300&ssl=1 1.5x, https:\/\/i0.wp.com\/lasprimeras.com.do\/wp-content\/uploads\/2025\/06\/Denuncian-CEA.jpg?resize=700%2C400&ssl=1 2x"},"classes":[]},{"id":87453,"url":"https:\/\/lasprimeras.com.do\/index.php\/2024\/08\/12\/abinader-y-los-terrenos-del-cea-un-peligro-inminente-para-la-soberania-dominicana\/","url_meta":{"origin":129073,"position":4},"title":"Abinader y los Terrenos del CEA: Un Peligro Inminente para la Soberan\u00eda Dominicana&#8221;","author":"Nelson Feliz","date":"12 de agosto de 2024","format":false,"excerpt":"Por Felipe Lora Longo La reciente decisi\u00f3n del gobierno dominicano de crear un fideicomiso para la venta de terrenos del Consejo Estatal del Az\u00facar (CEA) es una medida que debe ser rechazada de manera contundente. Este acto no solo amenaza nuestra soberan\u00eda, sino que tambi\u00e9n pone en peligro la estabilidad\u2026","rel":"","context":"En \u00abOPINI\u00d3N\u00bb","block_context":{"text":"OPINI\u00d3N","link":"https:\/\/lasprimeras.com.do\/index.php\/category\/opinion\/"},"img":{"alt_text":"Felipe Lora Longo","src":"https:\/\/i0.wp.com\/lasprimeras.com.do\/wp-content\/uploads\/2024\/08\/Felipe-Lora-Longo.jpg?resize=350%2C200&ssl=1","width":350,"height":200,"srcset":"https:\/\/i0.wp.com\/lasprimeras.com.do\/wp-content\/uploads\/2024\/08\/Felipe-Lora-Longo.jpg?resize=350%2C200&ssl=1 1x, https:\/\/i0.wp.com\/lasprimeras.com.do\/wp-content\/uploads\/2024\/08\/Felipe-Lora-Longo.jpg?resize=525%2C300&ssl=1 1.5x"},"classes":[]},{"id":50412,"url":"https:\/\/lasprimeras.com.do\/index.php\/2023\/05\/19\/director-del-cea-ve-necesario-recuperar-y-expandir-el-sector-azucarero\/","url_meta":{"origin":129073,"position":5},"title":"Director del CEA ve necesario recuperar y expandir el sector azucarero","author":"prenxa100","date":"19 de mayo de 2023","format":false,"excerpt":"Por Wilson P\u00e9rez Consuelo, San Pedro de Macor\u00eds. - El director general de Bienes Nacionales y director del Consejo Estatal del Az\u00facar (CEA), Rafael Burgos, indic\u00f3 que es necesario recuperar y expandir este importante sector para la econom\u00eda dominicana y la historia del pa\u00eds, sus productos, los campos de ca\u00f1a\u2026","rel":"","context":"En \u00abECONOM\u00cdA\u00bb","block_context":{"text":"ECONOM\u00cdA","link":"https:\/\/lasprimeras.com.do\/index.php\/category\/economia\/"},"img":{"alt_text":"","src":"","width":0,"height":0},"classes":[]}],"jetpack_sharing_enabled":true,"_links":{"self":[{"href":"https:\/\/lasprimeras.com.do\/index.php\/wp-json\/wp\/v2\/posts\/129073","targetHints":{"allow":["GET"]}}],"collection":[{"href":"https:\/\/lasprimeras.com.do\/index.php\/wp-json\/wp\/v2\/posts"}],"about":[{"href":"https:\/\/lasprimeras.com.do\/index.php\/wp-json\/wp\/v2\/types\/post"}],"author":[{"embeddable":true,"href":"https:\/\/lasprimeras.com.do\/index.php\/wp-json\/wp\/v2\/users\/10"}],"replies":[{"embeddable":true,"href":"https:\/\/lasprimeras.com.do\/index.php\/wp-json\/wp\/v2\/comments?post=129073"}],"version-history":[{"count":1,"href":"https:\/\/lasprimeras.com.do\/index.php\/wp-json\/wp\/v2\/posts\/129073\/revisions"}],"predecessor-version":[{"id":129075,"href":"https:\/\/lasprimeras.com.do\/index.php\/wp-json\/wp\/v2\/posts\/129073\/revisions\/129075"}],"wp:featuredmedia":[{"embeddable":true,"href":"https:\/\/lasprimeras.com.do\/index.php\/wp-json\/wp\/v2\/media\/129074"}],"wp:attachment":[{"href":"https:\/\/lasprimeras.com.do\/index.php\/wp-json\/wp\/v2\/media?parent=129073"}],"wp:term":[{"taxonomy":"category","embeddable":true,"href":"https:\/\/lasprimeras.com.do\/index.php\/wp-json\/wp\/v2\/categories?post=129073"},{"taxonomy":"post_tag","embeddable":true,"href":"https:\/\/lasprimeras.com.do\/index.php\/wp-json\/wp\/v2\/tags?post=129073"}],"curies":[{"name":"wp","href":"https:\/\/api.w.org\/{rel}","templated":true}]}}