{"id":129076,"date":"2026-04-29T12:56:42","date_gmt":"2026-04-29T16:56:42","guid":{"rendered":"https:\/\/lasprimeras.com.do\/?p=129076"},"modified":"2026-04-29T12:56:45","modified_gmt":"2026-04-29T16:56:45","slug":"oficiales-de-la-fard-distinguen-a-ricardo-de-los-santos-por-su-compromiso-con-la-excelencia-academica","status":"publish","type":"post","link":"https:\/\/lasprimeras.com.do\/index.php\/2026\/04\/29\/oficiales-de-la-fard-distinguen-a-ricardo-de-los-santos-por-su-compromiso-con-la-excelencia-academica\/","title":{"rendered":"Oficiales de la FARD distinguen a Ricardo de los Santos por su compromiso con la excelencia acad\u00e9mica"},"content":{"rendered":"\n<p>Por Elvis Castro Hern\u00e1ndez<\/p>\n\n\n\n<p>El presidente del Senado de la Rep\u00fablica, Ricardo de los Santos, fue reconocido por una delegaci\u00f3n conformada por 18 oficiales de la Vig\u00e9sima Tercera Promoci\u00f3n de la Especialidad de Comando y Estado Mayor A\u00e9reo de la Fuerza A\u00e9rea de Rep\u00fablica Dominicana (FARD), por sus aportes al pa\u00eds a trav\u00e9s de su labor legislativa durante su gesti\u00f3n al frente de la instituci\u00f3n.<\/p>\n\n\n\n<p>Como s\u00edmbolo de la distinci\u00f3n, los discentes de la Escuela de Graduados de Comando y Estado Mayor A\u00e9reo, entregaron al representante de S\u00e1nchez Ram\u00edrez, una placa de honor durante su paso por el hemiciclo, en el marco de una visita guiada al \u00f3rgano legislativo, en la cual conocieron sus \u00e1reas m\u00e1s emblem\u00e1ticas.<\/p>\n\n\n\n<p>La entrega del galard\u00f3n estuvo a cargo de la teniente coronel, Elizabeth Guerrero Germ\u00e1n, quien expres\u00f3 su gratitud por permitir que los militares puedan visitar y conocer de primera mano el Senado de la Rep\u00fablica.<\/p>\n\n\n\n<p>\u201cEsperamos que esta placa ocupe un lugar especial en su hogar, y cuando la vea se acuerde que el pa\u00eds cuenta con militares que nos mantenemos firmes sirviendo a la Patria\u201d, expres\u00f3 la oficial de la Fuerza A\u00e9rea de la Rep\u00fablica Dominicana.<\/p>\n\n\n\n<p>El presidente del Senado agradeci\u00f3 el gesto de los j\u00f3venes oficiales.<\/p>\n\n\n\n<p>\u201cAgradezco de coraz\u00f3n este noble gesto. Se hace necesario continuar fortaleciendo la cooperaci\u00f3n y la buena comunicaci\u00f3n entre nuestras instituciones, ya que es la v\u00eda para seguir desarrollando nuestro pa\u00eds\u00b4\u00b4, expres\u00f3 Ricardo de los Santos.<\/p>\n\n\n\n<p>Los estudiantes de la Escuela de Graduados de Comando y Estado Mayor A\u00e9reo, tambi\u00e9n entregaron un obsequio al personal de la Divisi\u00f3n de Participaci\u00f3n Ciudadana y Pol\u00edtica de la Direcci\u00f3n de Representaci\u00f3n del Senado, como s\u00edmbolo de gratitud por su entrega y disposici\u00f3n de brindarles las orientaciones pertinentes durante las visitas guiadas.<\/p>\n\n\n\n<p>Tras concluir su visita al hemiciclo, el grupo de militares avanz\u00f3 en su recorrido por las instalaciones del \u00f3rgano legislativo, y conocieron el Sal\u00f3n de la Asamblea Nacional, la Galer\u00eda de Expresidentes del Senado y la Biblioteca Bicameral Juan Pablo Duarte.<\/p>\n\n\n\n<p>La delegaci\u00f3n de oficiales, estuvo encabezada por el coronel piloto Omar de Jes\u00fas Montas Disla, FARD, (DEM) director de EGCEMA; teniente coronel, D.A Joel S. Jim\u00e9nez Valdez, FARD, (DEM), encargado del curso de la Especialidad de Comando y Estado Mayor A\u00e9reo.<\/p>\n\n\n\n<p>El programa \u201cVisitas Guiadas\u201d permite que instituciones o ciudadanos interesados en conocer el Senado puedan solicitar su visita a trav\u00e9s de la p\u00e1gina web senadord.gob.do.<\/p>\n","protected":false},"excerpt":{"rendered":"<p>Por Elvis Castro Hern\u00e1ndez El presidente del Senado de la Rep\u00fablica, Ricardo de los Santos, fue reconocido por una delegaci\u00f3n conformada por 18 oficiales de la Vig\u00e9sima Tercera Promoci\u00f3n de&hellip;<\/p>\n","protected":false},"author":10,"featured_media":129077,"comment_status":"open","ping_status":"open","sticky":false,"template":"","format":"standard","meta":{"content-type":"","jetpack_post_was_ever_published":false,"_jetpack_newsletter_access":"","_jetpack_dont_email_post_to_subs":false,"_jetpack_newsletter_tier_id":0,"_jetpack_memberships_contains_paywalled_content":false,"_jetpack_memberships_contains_paid_content":false,"footnotes":""},"categories":[35,25],"tags":[5154,413],"class_list":["post-129076","post","type-post","status-publish","format-standard","has-post-thumbnail","hentry","category-nacionales","category-portada","tag-fard","tag-senado"],"jetpack_featured_media_url":"https:\/\/lasprimeras.com.do\/wp-content\/uploads\/2026\/04\/IMG-20260429-WA0681-scaled.jpg","jetpack-related-posts":[{"id":117510,"url":"https:\/\/lasprimeras.com.do\/index.php\/2025\/12\/11\/fard-y-aeofard-anuncian-inicio-de-temporada-navidena-institucional\/","url_meta":{"origin":129076,"position":0},"title":"FARD y AEOFARD anuncian inicio de temporada navide\u00f1a institucional","author":"Nelson Feliz","date":"11 de diciembre de 2025","format":false,"excerpt":"La Fuerza A\u00e9rea de Rep\u00fablica Dominicana (FARD) y la Asociaci\u00f3n de Esposas de Oficiales de la Fuerza A\u00e9rea (AEOFARD) realizaron el encendido del \u00e1rbol navide\u00f1o en las inmediaciones de la Iglesia Nuestra Se\u00f1ora del Carmen, en la Base A\u00e9rea San Isidro. El acto estuvo encabezado por el ministro de Defensa,\u2026","rel":"","context":"En \u00abMILITARES\u00bb","block_context":{"text":"MILITARES","link":"https:\/\/lasprimeras.com.do\/index.php\/category\/militares\/"},"img":{"alt_text":"","src":"https:\/\/i0.wp.com\/lasprimeras.com.do\/wp-content\/uploads\/2025\/12\/una.jpeg?resize=350%2C200&ssl=1","width":350,"height":200,"srcset":"https:\/\/i0.wp.com\/lasprimeras.com.do\/wp-content\/uploads\/2025\/12\/una.jpeg?resize=350%2C200&ssl=1 1x, https:\/\/i0.wp.com\/lasprimeras.com.do\/wp-content\/uploads\/2025\/12\/una.jpeg?resize=525%2C300&ssl=1 1.5x, https:\/\/i0.wp.com\/lasprimeras.com.do\/wp-content\/uploads\/2025\/12\/una.jpeg?resize=700%2C400&ssl=1 2x, https:\/\/i0.wp.com\/lasprimeras.com.do\/wp-content\/uploads\/2025\/12\/una.jpeg?resize=1050%2C600&ssl=1 3x"},"classes":[]},{"id":55527,"url":"https:\/\/lasprimeras.com.do\/index.php\/2023\/07\/23\/fard-celebra-75-aniversario-con-emocionante-show-aereo-en-san-isidro\/","url_meta":{"origin":129076,"position":1},"title":"FARD celebra 75 aniversario con emocionante show\u00a0a\u00e9reo en San Isidro","author":"Nelson Feliz","date":"23 de julio de 2023","format":false,"excerpt":"La Fuerza A\u00e9rea de la Rep\u00fablica Dominicana present\u00f3 este s\u00e1bado el emocionante show a\u00e9reo de aeromodelismo Radio Control sobre San Isidro, enmarcado dentro de las celebraciones del 75 aniversario de la Fuerza A\u00e9rea de Rep\u00fablica Dominicana. La actividad, que llev\u00f3 como nombre \u201cRadio Control sobre San Isidro\u201d inici\u00f3 a las\u2026","rel":"","context":"En \u00abNACIONALES\u00bb","block_context":{"text":"NACIONALES","link":"https:\/\/lasprimeras.com.do\/index.php\/category\/nacionales\/"},"img":{"alt_text":"","src":"https:\/\/i0.wp.com\/lasprimeras.com.do\/wp-content\/uploads\/2023\/07\/FARD-4.jpg?resize=350%2C200&ssl=1","width":350,"height":200,"srcset":"https:\/\/i0.wp.com\/lasprimeras.com.do\/wp-content\/uploads\/2023\/07\/FARD-4.jpg?resize=350%2C200&ssl=1 1x, https:\/\/i0.wp.com\/lasprimeras.com.do\/wp-content\/uploads\/2023\/07\/FARD-4.jpg?resize=525%2C300&ssl=1 1.5x, https:\/\/i0.wp.com\/lasprimeras.com.do\/wp-content\/uploads\/2023\/07\/FARD-4.jpg?resize=700%2C400&ssl=1 2x"},"classes":[]},{"id":115142,"url":"https:\/\/lasprimeras.com.do\/index.php\/2025\/11\/19\/fuerza-aerea-primer-lugar-en-los-juegos-deportivos-de-cadetes-y-guardiamarinas-2025\/","url_meta":{"origin":129076,"position":2},"title":"Fuerza A\u00e9rea: primer lugar en los Juegos Deportivos de Cadetes y Guardiamarinas 2025","author":"Nelson Feliz","date":"19 de noviembre de 2025","format":false,"excerpt":"La Academia A\u00e9rea \u201cGeneral de Brigada Piloto Frank Andr\u00e9s Feliz Miranda\u201d, de la Fuerza A\u00e9rea de Rep\u00fablica Dominicana, se alz\u00f3 con la copa del primer lugar de la XXVIII edici\u00f3n de los Juegos Deportivos de Cadetes y Guardiamarinas 2025, cuya ceremonia de clausura estuvo encabezada por el teniente general Carlos\u2026","rel":"","context":"En \u00abDEPORTES\u00bb","block_context":{"text":"DEPORTES","link":"https:\/\/lasprimeras.com.do\/index.php\/category\/deportes\/"},"img":{"alt_text":"","src":"https:\/\/i0.wp.com\/lasprimeras.com.do\/wp-content\/uploads\/2025\/11\/Fuerza-Aerea.jpg?resize=350%2C200&ssl=1","width":350,"height":200,"srcset":"https:\/\/i0.wp.com\/lasprimeras.com.do\/wp-content\/uploads\/2025\/11\/Fuerza-Aerea.jpg?resize=350%2C200&ssl=1 1x, https:\/\/i0.wp.com\/lasprimeras.com.do\/wp-content\/uploads\/2025\/11\/Fuerza-Aerea.jpg?resize=525%2C300&ssl=1 1.5x, https:\/\/i0.wp.com\/lasprimeras.com.do\/wp-content\/uploads\/2025\/11\/Fuerza-Aerea.jpg?resize=700%2C400&ssl=1 2x"},"classes":[]},{"id":80186,"url":"https:\/\/lasprimeras.com.do\/index.php\/2024\/04\/05\/fard-recibe-dos-nuevos-helicopteros\/","url_meta":{"origin":129076,"position":3},"title":"FARD recibe dos nuevos helic\u00f3pteros","author":"BIMARY DE JES\u00daS Matos","date":"5 de abril de 2024","format":false,"excerpt":"Santo Domingo.- El presidente Luis Abinader encabez\u00f3 ayer la ceremonia de entrega de dos nuevos helic\u00f3pteros AugustaWestland AW-169 de Leonardo Company, adquiridas por la Fuerza A\u00e9rea de Rep\u00fablica Dominicana (FARD) como parte del equipamiento que realiza el mandatario a las instituciones castrenses. Las aeronaves ser\u00e1n utilizadas para aumentar la capacidad\u2026","rel":"","context":"En \u00abPORTADA\u00bb","block_context":{"text":"PORTADA","link":"https:\/\/lasprimeras.com.do\/index.php\/category\/portada\/"},"img":{"alt_text":"","src":"https:\/\/i0.wp.com\/lasprimeras.com.do\/wp-content\/uploads\/2024\/04\/9_Nacionales_05_2p01.jpg?resize=350%2C200&ssl=1","width":350,"height":200,"srcset":"https:\/\/i0.wp.com\/lasprimeras.com.do\/wp-content\/uploads\/2024\/04\/9_Nacionales_05_2p01.jpg?resize=350%2C200&ssl=1 1x, https:\/\/i0.wp.com\/lasprimeras.com.do\/wp-content\/uploads\/2024\/04\/9_Nacionales_05_2p01.jpg?resize=525%2C300&ssl=1 1.5x, https:\/\/i0.wp.com\/lasprimeras.com.do\/wp-content\/uploads\/2024\/04\/9_Nacionales_05_2p01.jpg?resize=700%2C400&ssl=1 2x"},"classes":[]},{"id":122265,"url":"https:\/\/lasprimeras.com.do\/index.php\/2026\/02\/15\/director-de-la-pn-es-condecorado-en-el-78-o-aniversario-de-la-fuerza-aerea-dominicana\/","url_meta":{"origin":129076,"position":4},"title":"Director de la PN es condecorado en el 78.\u00ba aniversario de la Fuerza A\u00e9rea Dominicana","author":"Nelson Feliz","date":"15 de febrero de 2026","format":false,"excerpt":"El director general de la Polic\u00eda Nacional, mayor general Ram\u00f3n Antonio Guzm\u00e1n Peralta, particip\u00f3 en los actos conmemorativos del 78.\u00ba aniversario de la Fuerza A\u00e9rea de Rep\u00fablica Dominicana (FARD), donde fue condecorado junto a varios oficiales policiales por su aporte al fortalecimiento de la cooperaci\u00f3n interinstitucional. La agenda inici\u00f3 con\u2026","rel":"","context":"En \u00abMILITARES\u00bb","block_context":{"text":"MILITARES","link":"https:\/\/lasprimeras.com.do\/index.php\/category\/militares\/"},"img":{"alt_text":"","src":"https:\/\/i0.wp.com\/lasprimeras.com.do\/wp-content\/uploads\/2026\/02\/conde.jpg?resize=350%2C200&ssl=1","width":350,"height":200,"srcset":"https:\/\/i0.wp.com\/lasprimeras.com.do\/wp-content\/uploads\/2026\/02\/conde.jpg?resize=350%2C200&ssl=1 1x, https:\/\/i0.wp.com\/lasprimeras.com.do\/wp-content\/uploads\/2026\/02\/conde.jpg?resize=525%2C300&ssl=1 1.5x, https:\/\/i0.wp.com\/lasprimeras.com.do\/wp-content\/uploads\/2026\/02\/conde.jpg?resize=700%2C400&ssl=1 2x"},"classes":[]},{"id":110977,"url":"https:\/\/lasprimeras.com.do\/index.php\/2025\/10\/03\/ministro-de-defensa-encabeza-jornada-de-trabajo-en-la-fuerza-aerea-de-republica-dominicana\/","url_meta":{"origin":129076,"position":5},"title":"Ministro de Defensa encabeza jornada de trabajo en la Fuerza A\u00e9rea de Rep\u00fablica Dominicana","author":"Nelson Feliz","date":"3 de octubre de 2025","format":false,"excerpt":"El ministro de Defensa, teniente general Carlos Antonio Fern\u00e1ndez Onofre, encabez\u00f3 este jueves una jornada de trabajo en la Fuerza A\u00e9rea de Rep\u00fablica Dominicana (FARD), con el objetivo de conocer de primera mano los proyectos en ejecuci\u00f3n, fortalecer las capacidades operativas y dar seguimiento a los planes de modernizaci\u00f3n de\u2026","rel":"","context":"En \u00abMILITARES\u00bb","block_context":{"text":"MILITARES","link":"https:\/\/lasprimeras.com.do\/index.php\/category\/militares\/"},"img":{"alt_text":"","src":"https:\/\/i0.wp.com\/lasprimeras.com.do\/wp-content\/uploads\/2025\/10\/Carlos-Antonio-Fernandez-Onofre-3.jpg?resize=350%2C200&ssl=1","width":350,"height":200,"srcset":"https:\/\/i0.wp.com\/lasprimeras.com.do\/wp-content\/uploads\/2025\/10\/Carlos-Antonio-Fernandez-Onofre-3.jpg?resize=350%2C200&ssl=1 1x, https:\/\/i0.wp.com\/lasprimeras.com.do\/wp-content\/uploads\/2025\/10\/Carlos-Antonio-Fernandez-Onofre-3.jpg?resize=525%2C300&ssl=1 1.5x, https:\/\/i0.wp.com\/lasprimeras.com.do\/wp-content\/uploads\/2025\/10\/Carlos-Antonio-Fernandez-Onofre-3.jpg?resize=700%2C400&ssl=1 2x"},"classes":[]}],"jetpack_sharing_enabled":true,"_links":{"self":[{"href":"https:\/\/lasprimeras.com.do\/index.php\/wp-json\/wp\/v2\/posts\/129076","targetHints":{"allow":["GET"]}}],"collection":[{"href":"https:\/\/lasprimeras.com.do\/index.php\/wp-json\/wp\/v2\/posts"}],"about":[{"href":"https:\/\/lasprimeras.com.do\/index.php\/wp-json\/wp\/v2\/types\/post"}],"author":[{"embeddable":true,"href":"https:\/\/lasprimeras.com.do\/index.php\/wp-json\/wp\/v2\/users\/10"}],"replies":[{"embeddable":true,"href":"https:\/\/lasprimeras.com.do\/index.php\/wp-json\/wp\/v2\/comments?post=129076"}],"version-history":[{"count":1,"href":"https:\/\/lasprimeras.com.do\/index.php\/wp-json\/wp\/v2\/posts\/129076\/revisions"}],"predecessor-version":[{"id":129078,"href":"https:\/\/lasprimeras.com.do\/index.php\/wp-json\/wp\/v2\/posts\/129076\/revisions\/129078"}],"wp:featuredmedia":[{"embeddable":true,"href":"https:\/\/lasprimeras.com.do\/index.php\/wp-json\/wp\/v2\/media\/129077"}],"wp:attachment":[{"href":"https:\/\/lasprimeras.com.do\/index.php\/wp-json\/wp\/v2\/media?parent=129076"}],"wp:term":[{"taxonomy":"category","embeddable":true,"href":"https:\/\/lasprimeras.com.do\/index.php\/wp-json\/wp\/v2\/categories?post=129076"},{"taxonomy":"post_tag","embeddable":true,"href":"https:\/\/lasprimeras.com.do\/index.php\/wp-json\/wp\/v2\/tags?post=129076"}],"curies":[{"name":"wp","href":"https:\/\/api.w.org\/{rel}","templated":true}]}}