{"id":129079,"date":"2026-04-29T13:14:25","date_gmt":"2026-04-29T17:14:25","guid":{"rendered":"https:\/\/lasprimeras.com.do\/?p=129079"},"modified":"2026-04-29T13:14:28","modified_gmt":"2026-04-29T17:14:28","slug":"mas-de-834-mil-motociclistas-fueron-fiscalizados-en-2025-por-violaciones-a-la-ley-63-17","status":"publish","type":"post","link":"https:\/\/lasprimeras.com.do\/index.php\/2026\/04\/29\/mas-de-834-mil-motociclistas-fueron-fiscalizados-en-2025-por-violaciones-a-la-ley-63-17\/","title":{"rendered":"M\u00e1s de 834 mil motociclistas fueron fiscalizados en 2025 por violaciones a la Ley 63-17"},"content":{"rendered":"\n<p><em>M\u00e1s de 81 mil fueron retenidas, acciones que reflejan firme acci\u00f3n de la DIGESETT por la seguridad vial<\/em><\/p>\n\n\n\n<p>La Direcci\u00f3n General de Seguridad de Tr\u00e1nsito y Transporte Terrestre (DIGESETT) reafirma su compromiso con la seguridad vial mediante la ejecuci\u00f3n permanente de operativos de fiscalizaci\u00f3n dirigidos a conductores de motocicletas, en cumplimiento de la Ley 63-17 sobre Movilidad, Transporte Terrestre, Tr\u00e1nsito y Seguridad Vial de la Rep\u00fablica Dominicana.<\/p>\n\n\n\n<p>Durante el a\u00f1o 2025, la instituci\u00f3n registr\u00f3 un total de 834,113 conductores de motocicletas fiscalizados a nivel nacional por diferentes faltas a la ley de tr\u00e1nsito, como parte de los operativos diarios desplegados por los agentes en calles, avenidas, carreteras y autopistas del pa\u00eds.<\/p>\n\n\n\n<p>Asimismo, en ese mismo per\u00edodo, fueron retenidas 81,107 motocicletas, como resultado de violaciones a la normativa vigente, en acciones orientadas a preservar el orden y reducir los riesgos en las v\u00edas p\u00fablicas.<\/p>\n\n\n\n<p>Estas fiscalizaciones responden a infracciones recurrentes que representan un alto peligro para la vida de conductores y peatones, entre ellas: el no uso del casco protector, el tr\u00e1nsito por lugares prohibidos (aceras, t\u00faneles y elevados), la circulaci\u00f3n sin luces, la falta de documentaci\u00f3n reglamentaria y la participaci\u00f3n en competencia de velocidad, entre otras.<\/p>\n\n\n\n<p>La DIGESETT destac\u00f3 que los motociclistas constituyen uno de los segmentos m\u00e1s vulnerables en los siniestros viales, por lo que estas intervenciones tienen un enfoque preventivo, orientado a reducir accidentes, lesiones y p\u00e9rdidas humanas.<\/p>\n\n\n\n<p>La entidad exhort\u00f3 a todos los conductores, especialmente a los motociclistas, a asumir una conducta responsable, respetar las se\u00f1ales de tr\u00e1nsito y cumplir con lo establecido en la Ley 63-17, como parte del compromiso colectivo para garantizar una movilidad m\u00e1s segura para todos.<\/p>\n\n\n\n<p><\/p>\n","protected":false},"excerpt":{"rendered":"<p>M\u00e1s de 81 mil fueron retenidas, acciones que reflejan firme acci\u00f3n de la DIGESETT por la seguridad vial La Direcci\u00f3n General de Seguridad de Tr\u00e1nsito y Transporte Terrestre (DIGESETT) reafirma&hellip;<\/p>\n","protected":false},"author":10,"featured_media":129080,"comment_status":"open","ping_status":"open","sticky":false,"template":"","format":"standard","meta":{"content-type":"","jetpack_post_was_ever_published":false,"_jetpack_newsletter_access":"","_jetpack_dont_email_post_to_subs":false,"_jetpack_newsletter_tier_id":0,"_jetpack_memberships_contains_paywalled_content":false,"_jetpack_memberships_contains_paid_content":false,"footnotes":""},"categories":[35,25],"tags":[32810,32811],"class_list":["post-129079","post","type-post","status-publish","format-standard","has-post-thumbnail","hentry","category-nacionales","category-portada","tag-digesset","tag-ley-6317"],"jetpack_featured_media_url":"https:\/\/lasprimeras.com.do\/wp-content\/uploads\/2026\/04\/IMG-20260429-WA0747.jpg","jetpack-related-posts":[{"id":77704,"url":"https:\/\/lasprimeras.com.do\/index.php\/2024\/02\/24\/digesett-continua-los-operativos-contra-motociclistas-que-violan-la-ley-de-transito\/","url_meta":{"origin":129079,"position":0},"title":"DIGESETT contin\u00faa los operativos contra motociclistas que violan la Ley de tr\u00e1nsito","author":"BIMARY DE JES\u00daS Matos","date":"24 de febrero de 2024","format":false,"excerpt":"Martin Restituyo Santo Domingo.-En lo que va de a\u00f1o han fiscalizado 61,738 motociclista por no llevar casco protector Con el objetivo de prevenir accidentes de tr\u00e1nsito, la Direcci\u00f3n General de Seguridad de Tr\u00e1nsito y Transporte Terrestre (DIGESETT) continua con los operativos a nivel nacional contra aquellos motociclistas que violan la\u2026","rel":"","context":"En \u00abNACIONALES\u00bb","block_context":{"text":"NACIONALES","link":"https:\/\/lasprimeras.com.do\/index.php\/category\/nacionales\/"},"img":{"alt_text":"","src":"https:\/\/i0.wp.com\/lasprimeras.com.do\/wp-content\/uploads\/2024\/02\/IMG-20240224-WA00561.jpg?resize=350%2C200&ssl=1","width":350,"height":200,"srcset":"https:\/\/i0.wp.com\/lasprimeras.com.do\/wp-content\/uploads\/2024\/02\/IMG-20240224-WA00561.jpg?resize=350%2C200&ssl=1 1x, https:\/\/i0.wp.com\/lasprimeras.com.do\/wp-content\/uploads\/2024\/02\/IMG-20240224-WA00561.jpg?resize=525%2C300&ssl=1 1.5x, https:\/\/i0.wp.com\/lasprimeras.com.do\/wp-content\/uploads\/2024\/02\/IMG-20240224-WA00561.jpg?resize=700%2C400&ssl=1 2x, https:\/\/i0.wp.com\/lasprimeras.com.do\/wp-content\/uploads\/2024\/02\/IMG-20240224-WA00561.jpg?resize=1050%2C600&ssl=1 3x"},"classes":[]},{"id":106446,"url":"https:\/\/lasprimeras.com.do\/index.php\/2025\/08\/15\/digesett-garantiza-la-seguridad-vial-busca-reducir-accidentes-de-transito-en-higuey\/","url_meta":{"origin":129079,"position":1},"title":"DIGESETT garantiza la seguridad vial , busca reducir accidentes de tr\u00e1nsito en Hig\u00fcey","author":"Nelson Feliz","date":"15 de agosto de 2025","format":false,"excerpt":"La Direcci\u00f3n General de Seguridad de Tr\u00e1nsito y Transporte Terrestre (DIGESETT) realiz\u00f3 un amplio operativo de prevenci\u00f3n y correcci\u00f3n de infracciones a la Ley 63-17, de Movilidad, Transporte Terrestre, Tr\u00e1nsito y Seguridad Vial, en la provincia La Altagracia, municipio Hig\u00fcey. Durante la jornada, agentes de la DIGESETT fiscalizaron 1,054 conductores,\u2026","rel":"","context":"En \u00abNACIONALES\u00bb","block_context":{"text":"NACIONALES","link":"https:\/\/lasprimeras.com.do\/index.php\/category\/nacionales\/"},"img":{"alt_text":"","src":"https:\/\/i0.wp.com\/lasprimeras.com.do\/wp-content\/uploads\/2025\/08\/se.jpg?resize=350%2C200&ssl=1","width":350,"height":200,"srcset":"https:\/\/i0.wp.com\/lasprimeras.com.do\/wp-content\/uploads\/2025\/08\/se.jpg?resize=350%2C200&ssl=1 1x, https:\/\/i0.wp.com\/lasprimeras.com.do\/wp-content\/uploads\/2025\/08\/se.jpg?resize=525%2C300&ssl=1 1.5x, https:\/\/i0.wp.com\/lasprimeras.com.do\/wp-content\/uploads\/2025\/08\/se.jpg?resize=700%2C400&ssl=1 2x"},"classes":[]},{"id":71534,"url":"https:\/\/lasprimeras.com.do\/index.php\/2023\/12\/20\/digesett-junto-intrant-fiscalizan-a-conductores-de-vehiculos-pesados-por-violacion-a-la-ley-63-17\/","url_meta":{"origin":129079,"position":2},"title":"DIGESETT junto INTRANT fiscalizan a conductores de veh\u00edculos pesados por violaci\u00f3n a la Ley 63-17","author":"Nelson Feliz","date":"20 de diciembre de 2023","format":false,"excerpt":"Por Mart\u00edn Restituyo La Direcci\u00f3n General de Seguridad de Tr\u00e1nsito y Transporte Terrestre (DIGESETT) junto al Instituto Nacional de Tr\u00e1nsito y Transporte Terrestre (INTRANT) toman acciones contundente contra conductores de veh\u00edculos pesados que transitan por lugares prohibidos y no tienen permiso de circulaci\u00f3n durante las festividades Navide\u00f1as. En estos operativos,\u2026","rel":"","context":"En \u00abNACIONALES\u00bb","block_context":{"text":"NACIONALES","link":"https:\/\/lasprimeras.com.do\/index.php\/category\/nacionales\/"},"img":{"alt_text":"Camiones","src":"https:\/\/i0.wp.com\/lasprimeras.com.do\/wp-content\/uploads\/2023\/12\/Camiones-1.jpg?resize=350%2C200&ssl=1","width":350,"height":200,"srcset":"https:\/\/i0.wp.com\/lasprimeras.com.do\/wp-content\/uploads\/2023\/12\/Camiones-1.jpg?resize=350%2C200&ssl=1 1x, https:\/\/i0.wp.com\/lasprimeras.com.do\/wp-content\/uploads\/2023\/12\/Camiones-1.jpg?resize=525%2C300&ssl=1 1.5x, https:\/\/i0.wp.com\/lasprimeras.com.do\/wp-content\/uploads\/2023\/12\/Camiones-1.jpg?resize=700%2C400&ssl=1 2x"},"classes":[]},{"id":69333,"url":"https:\/\/lasprimeras.com.do\/index.php\/2023\/12\/01\/digesett-y-pn-intensifica-operativo-de-motocicletas-que-circulan-por-tuneles-y-elevados\/","url_meta":{"origin":129079,"position":3},"title":"DIGESETT y PN intensifica operativo de motocicletas que circulan por t\u00faneles y elevados","author":"Nelson Feliz","date":"1 de diciembre de 2023","format":false,"excerpt":"Por Martin Restituyo La Direcci\u00f3n General de Seguridad de Tr\u00e1nsito y Transporte Terrestre (DIGESETT), junto a la Polic\u00eda Nacional intensific\u00f3 un amplio operativo de motocicletas que violan la ley 63-17 de Movilidad, Transporte Terrestre, Tr\u00e1nsito y Seguridad Vial de la Rep\u00fablica Dominicana, al transitar por los t\u00faneles y elevados de\u2026","rel":"","context":"En \u00abNACIONALES\u00bb","block_context":{"text":"NACIONALES","link":"https:\/\/lasprimeras.com.do\/index.php\/category\/nacionales\/"},"img":{"alt_text":"","src":"https:\/\/i0.wp.com\/lasprimeras.com.do\/wp-content\/uploads\/2023\/12\/Operativo.jpg?resize=350%2C200&ssl=1","width":350,"height":200,"srcset":"https:\/\/i0.wp.com\/lasprimeras.com.do\/wp-content\/uploads\/2023\/12\/Operativo.jpg?resize=350%2C200&ssl=1 1x, https:\/\/i0.wp.com\/lasprimeras.com.do\/wp-content\/uploads\/2023\/12\/Operativo.jpg?resize=525%2C300&ssl=1 1.5x, https:\/\/i0.wp.com\/lasprimeras.com.do\/wp-content\/uploads\/2023\/12\/Operativo.jpg?resize=700%2C400&ssl=1 2x"},"classes":[]},{"id":81584,"url":"https:\/\/lasprimeras.com.do\/index.php\/2024\/04\/22\/digesett-fiscaliza-conductores-para-que-respeten-normas-de-transito\/","url_meta":{"origin":129079,"position":4},"title":"DIGESETT fiscaliza conductores para que respeten normas de tr\u00e1nsito","author":"Nelson Feliz","date":"22 de abril de 2024","format":false,"excerpt":"En solo 18 d\u00edas, m\u00e1s de 97 mil conductores violentaron los art\u00edculos de la Ley 63-17 Por Martin Restituyo La Direcci\u00f3n General de Seguridad de Tr\u00e1nsito y Transporte Terrestre (DIGESETT) implementa medidas con el objetivo de que se respete la Ley 63-17 y evitar que sigan ocurriendo situaciones lamentables en\u2026","rel":"","context":"En \u00abNACIONALES\u00bb","block_context":{"text":"NACIONALES","link":"https:\/\/lasprimeras.com.do\/index.php\/category\/nacionales\/"},"img":{"alt_text":"DIGESETT","src":"https:\/\/i0.wp.com\/lasprimeras.com.do\/wp-content\/uploads\/2024\/04\/DIGESETT-3.jpg?resize=350%2C200&ssl=1","width":350,"height":200,"srcset":"https:\/\/i0.wp.com\/lasprimeras.com.do\/wp-content\/uploads\/2024\/04\/DIGESETT-3.jpg?resize=350%2C200&ssl=1 1x, https:\/\/i0.wp.com\/lasprimeras.com.do\/wp-content\/uploads\/2024\/04\/DIGESETT-3.jpg?resize=525%2C300&ssl=1 1.5x"},"classes":[]},{"id":70154,"url":"https:\/\/lasprimeras.com.do\/index.php\/2023\/12\/09\/motoristas-desafian-reglas-del-transito-en-calles-y-avenidas\/","url_meta":{"origin":129079,"position":5},"title":"Motoristas desaf\u00edan reglas del tr\u00e1nsito en calles y avenidas","author":"BIMARY DE JES\u00daS Matos","date":"9 de diciembre de 2023","format":false,"excerpt":"Santo Domingo.-A pesar de que existen leyes para velar por la seguridad de los ciudadanos en calles y avenidas, muchos conductores desaf\u00edan a la muerte al hacer caso omiso a lo que estas disposiciones establecen, como es el caso de la Ley n\u00famero 63-17, de Movilidad, Transporte Terrestre, Tr\u00e1nsito y\u2026","rel":"","context":"En \u00abPORTADA\u00bb","block_context":{"text":"PORTADA","link":"https:\/\/lasprimeras.com.do\/index.php\/category\/portada\/"},"img":{"alt_text":"","src":"","width":0,"height":0},"classes":[]}],"jetpack_sharing_enabled":true,"_links":{"self":[{"href":"https:\/\/lasprimeras.com.do\/index.php\/wp-json\/wp\/v2\/posts\/129079","targetHints":{"allow":["GET"]}}],"collection":[{"href":"https:\/\/lasprimeras.com.do\/index.php\/wp-json\/wp\/v2\/posts"}],"about":[{"href":"https:\/\/lasprimeras.com.do\/index.php\/wp-json\/wp\/v2\/types\/post"}],"author":[{"embeddable":true,"href":"https:\/\/lasprimeras.com.do\/index.php\/wp-json\/wp\/v2\/users\/10"}],"replies":[{"embeddable":true,"href":"https:\/\/lasprimeras.com.do\/index.php\/wp-json\/wp\/v2\/comments?post=129079"}],"version-history":[{"count":1,"href":"https:\/\/lasprimeras.com.do\/index.php\/wp-json\/wp\/v2\/posts\/129079\/revisions"}],"predecessor-version":[{"id":129081,"href":"https:\/\/lasprimeras.com.do\/index.php\/wp-json\/wp\/v2\/posts\/129079\/revisions\/129081"}],"wp:featuredmedia":[{"embeddable":true,"href":"https:\/\/lasprimeras.com.do\/index.php\/wp-json\/wp\/v2\/media\/129080"}],"wp:attachment":[{"href":"https:\/\/lasprimeras.com.do\/index.php\/wp-json\/wp\/v2\/media?parent=129079"}],"wp:term":[{"taxonomy":"category","embeddable":true,"href":"https:\/\/lasprimeras.com.do\/index.php\/wp-json\/wp\/v2\/categories?post=129079"},{"taxonomy":"post_tag","embeddable":true,"href":"https:\/\/lasprimeras.com.do\/index.php\/wp-json\/wp\/v2\/tags?post=129079"}],"curies":[{"name":"wp","href":"https:\/\/api.w.org\/{rel}","templated":true}]}}