{"id":129082,"date":"2026-04-29T13:24:13","date_gmt":"2026-04-29T17:24:13","guid":{"rendered":"https:\/\/lasprimeras.com.do\/?p=129082"},"modified":"2026-04-29T13:24:16","modified_gmt":"2026-04-29T17:24:16","slug":"fallece-cris-el-solitario-en-medio-de-un-allanamiento-por-dicrim-y-mp-en-santiago","status":"publish","type":"post","link":"https:\/\/lasprimeras.com.do\/index.php\/2026\/04\/29\/fallece-cris-el-solitario-en-medio-de-un-allanamiento-por-dicrim-y-mp-en-santiago\/","title":{"rendered":"Fallece \u201cCris El Solitario\u201d en medio de un allanamiento por Dicrim y MP en Santiago"},"content":{"rendered":"\n<p><em>-Era buscado por la comisi\u00f3n de m\u00faltiples atracos a mano armada; le ocupan pistolas, abrigos, motocicletas robadas utilizadas para sus fechor\u00edas recuperas diversas carteras sustra\u00eddas a sus v\u00edctimas.<\/em><\/p>\n\n\n\n<p>La Polic\u00eda Nacional inform\u00f3 sobre la muerte del reconocido antisocial Cristofer Paredes, conocido como \u201cCris El Solitario\u201d, quien era buscado por su presunta participaci\u00f3n en m\u00faltiples atracos, durante un allanamiento realizado por agentes de la Direcci\u00f3n Central de Investigaci\u00f3n (DICRIM), en coordinaci\u00f3n con el Ministerio P\u00fablico.<\/p>\n\n\n\n<p>La intervenci\u00f3n fue ejecutada en cumplimiento de la orden de allanamiento No. 2026-AJ0032591 y la orden de arresto No. 2026-AJ0034037, en una vivienda ubicada en el sector Los Santos, con el objetivo de capturarlo.<\/p>\n\n\n\n<p>De acuerdo con el informe preliminar, Paredes era activamente buscado por su vinculaci\u00f3n con asaltos ocurridos en sectores como Gurabo, El Para\u00edso, Las Colinas, Cerro Alto, Tierra Alta, entre otros.<\/p>\n\n\n\n<p>Durante el operativo, el occiso result\u00f3 herido, tras intentar acatar a los agentes actuantes con una de las dos pistolas que se le ocuparon, acci\u00f3n est\u00e1 que fue repelida por los efectivos policiales, quien falleci\u00f3 mientras era asistido en un centro de salud.<\/p>\n\n\n\n<p>En el lugar, las autoridades ocuparon dos pistolas, entre ellas una marca Taurus calibre 9 mil\u00edmetros, sin documentos, con su cargador y dos c\u00e1psulas, as\u00ed como un arma de fogueo.<\/p>\n\n\n\n<p>Dichas armas se encuentran en poder de la fiscal actuante, para los fines legales correspondientes.<\/p>\n\n\n\n<p>Asimismo, fueron incautadas tres motocicletas CG que, seg\u00fan el sistema policial, figuran con denuncias por robo.<\/p>\n\n\n\n<p>De acuerdo con las investigaciones, estos veh\u00edculos eran utilizados para la comisi\u00f3n de hechos delictivos.<\/p>\n\n\n\n<p>Tambi\u00e9n se confiscaron abrigos y varias carteras que habr\u00edan sido sustra\u00eddas mediante despojo a sus v\u00edctimas.<\/p>\n\n\n\n<p>Las autoridades indicaron que varios de los hechos atribuidos al hoy occiso quedaron registrados en c\u00e1maras de vigilancia, lo que contribuy\u00f3 a su identificaci\u00f3n y localizaci\u00f3n.<\/p>\n\n\n\n<p>De igual manera, el informe se\u00f1ala que Paredes habr\u00eda incurrido en agresiones f\u00edsicas contra su pareja sentimental y que recientemente hab\u00eda salido de la c\u00e1rcel donde guardada prisi\u00f3n por su presunta vinculaci\u00f3n en un homicidio.<\/p>\n\n\n\n<p>Las autoridades trabajan en la identificaci\u00f3n y captura de otros posibles implicados.<\/p>\n\n\n\n<figure class=\"wp-block-video\"><video height=\"464\" style=\"aspect-ratio: 832 \/ 464;\" width=\"832\" autoplay controls muted src=\"https:\/\/lasprimeras.com.do\/wp-content\/uploads\/2026\/04\/1004159557.mp4\" playsinline><\/video><\/figure>\n","protected":false},"excerpt":{"rendered":"<p>-Era buscado por la comisi\u00f3n de m\u00faltiples atracos a mano armada; le ocupan pistolas, abrigos, motocicletas robadas utilizadas para sus fechor\u00edas recuperas diversas carteras sustra\u00eddas a sus v\u00edctimas. La Polic\u00eda&hellip;<\/p>\n","protected":false},"author":10,"featured_media":99347,"comment_status":"open","ping_status":"open","sticky":false,"template":"","format":"standard","meta":{"content-type":"","jetpack_post_was_ever_published":false,"_jetpack_newsletter_access":"","_jetpack_dont_email_post_to_subs":false,"_jetpack_newsletter_tier_id":0,"_jetpack_memberships_contains_paywalled_content":false,"_jetpack_memberships_contains_paid_content":false,"footnotes":""},"categories":[3057],"tags":[32812,650,32813],"class_list":["post-129082","post","type-post","status-publish","format-standard","has-post-thumbnail","hentry","category-militares","tag-cris-el-solitario","tag-muere","tag-pn-santiago"],"jetpack_featured_media_url":"https:\/\/lasprimeras.com.do\/wp-content\/uploads\/2025\/05\/PN-Santiago.png","jetpack-related-posts":[{"id":113928,"url":"https:\/\/lasprimeras.com.do\/index.php\/2025\/11\/07\/apresan-hombre-y-ocupan-presunta-droga-durante-allanamiento-en-san-cristobal\/","url_meta":{"origin":129082,"position":0},"title":"Apresan hombre y ocupan presunta droga durante allanamiento en San Crist\u00f3bal","author":"Nelson Feliz","date":"7 de noviembre de 2025","format":false,"excerpt":"Agentes de la Subdirecci\u00f3n Regional de Investigaciones (DICRIM) San Crist\u00f3bal realizaron un exitoso allanamiento en el sector Los Nova, logrando el arresto de un individuo y la ocupaci\u00f3n de evidencias vinculadas a hechos delictivos y sustancias controladas. El operativo fue ejecutado mediante la orden judicial No. 01541-2025-AJOA-03452, en una vivienda\u2026","rel":"","context":"En \u00abMILITARES\u00bb","block_context":{"text":"MILITARES","link":"https:\/\/lasprimeras.com.do\/index.php\/category\/militares\/"},"img":{"alt_text":"","src":"https:\/\/i0.wp.com\/lasprimeras.com.do\/wp-content\/uploads\/2025\/11\/droga.jpeg?resize=350%2C200&ssl=1","width":350,"height":200,"srcset":"https:\/\/i0.wp.com\/lasprimeras.com.do\/wp-content\/uploads\/2025\/11\/droga.jpeg?resize=350%2C200&ssl=1 1x, https:\/\/i0.wp.com\/lasprimeras.com.do\/wp-content\/uploads\/2025\/11\/droga.jpeg?resize=525%2C300&ssl=1 1.5x, https:\/\/i0.wp.com\/lasprimeras.com.do\/wp-content\/uploads\/2025\/11\/droga.jpeg?resize=700%2C400&ssl=1 2x, https:\/\/i0.wp.com\/lasprimeras.com.do\/wp-content\/uploads\/2025\/11\/droga.jpeg?resize=1050%2C600&ssl=1 3x"},"classes":[]},{"id":127176,"url":"https:\/\/lasprimeras.com.do\/index.php\/2026\/04\/09\/ocupan-cinco-armas-de-fuego-y-mas-de-200-municiones-en-allanamiento-en-barahona\/","url_meta":{"origin":129082,"position":1},"title":"Ocupan cinco armas de fuego y m\u00e1s de 200 municiones en allanamiento en Barahona","author":"Nelson Feliz","date":"9 de abril de 2026","format":false,"excerpt":"Miembros de la Polic\u00eda Nacional junto al Ministerio P\u00fablico ocuparon cinco armas de fuego, dos fusiles, dos sub-ametralladoras tipo UZI, un revolver, adem\u00e1s de 200 municiones de distintos calibres en un allanamiento en el centro de Barahona. El operativo, ejecutado mediante la orden judicial No. 2026-AJ0027418, estuvo a cargo de\u2026","rel":"","context":"En \u00abMILITARES\u00bb","block_context":{"text":"MILITARES","link":"https:\/\/lasprimeras.com.do\/index.php\/category\/militares\/"},"img":{"alt_text":"","src":"https:\/\/i0.wp.com\/lasprimeras.com.do\/wp-content\/uploads\/2026\/04\/1003950663.jpg?resize=350%2C200&ssl=1","width":350,"height":200},"classes":[]},{"id":113922,"url":"https:\/\/lasprimeras.com.do\/index.php\/2025\/11\/07\/arrestan-joven-y-ocupan-drogas-durante-allanamiento-en-san-gregorio-de-nigua\/","url_meta":{"origin":129082,"position":2},"title":"Arrestan joven y ocupan drogas durante allanamiento en San Gregorio de Nigua","author":"Nelson Feliz","date":"7 de noviembre de 2025","format":false,"excerpt":"La Subdirecci\u00f3n Regional de Investigaciones (DICRIM) San Crist\u00f3bal, a trav\u00e9s de su Secci\u00f3n de Investigaciones Nigua, realiz\u00f3 un exitoso allanamiento en virtud de la orden judicial No. 01541-2025-AJ0A-03369, en una vivienda ubicada en la calle principal del sector Boca de Nigua, municipio San Gregorio de Nigua, provincia San Crist\u00f3bal. La\u2026","rel":"","context":"En \u00abMILITARES\u00bb","block_context":{"text":"MILITARES","link":"https:\/\/lasprimeras.com.do\/index.php\/category\/militares\/"},"img":{"alt_text":"","src":"https:\/\/i0.wp.com\/lasprimeras.com.do\/wp-content\/uploads\/2025\/11\/WhatsApp-Image-2025-11-07-at-7.47.55-AM.jpeg?resize=350%2C200&ssl=1","width":350,"height":200,"srcset":"https:\/\/i0.wp.com\/lasprimeras.com.do\/wp-content\/uploads\/2025\/11\/WhatsApp-Image-2025-11-07-at-7.47.55-AM.jpeg?resize=350%2C200&ssl=1 1x, https:\/\/i0.wp.com\/lasprimeras.com.do\/wp-content\/uploads\/2025\/11\/WhatsApp-Image-2025-11-07-at-7.47.55-AM.jpeg?resize=525%2C300&ssl=1 1.5x, https:\/\/i0.wp.com\/lasprimeras.com.do\/wp-content\/uploads\/2025\/11\/WhatsApp-Image-2025-11-07-at-7.47.55-AM.jpeg?resize=700%2C400&ssl=1 2x, https:\/\/i0.wp.com\/lasprimeras.com.do\/wp-content\/uploads\/2025\/11\/WhatsApp-Image-2025-11-07-at-7.47.55-AM.jpeg?resize=1050%2C600&ssl=1 3x"},"classes":[]},{"id":96730,"url":"https:\/\/lasprimeras.com.do\/index.php\/2025\/04\/06\/dicrim-apresa-a-netin-maton-cambunbito-y-coco-por-robos-y-atracos-en-sjm-y-el-gsd\/","url_meta":{"origin":129082,"position":3},"title":"DICRIM apresa a \u201cNetin\u201d, \u201cMat\u00f3n\u201d, \u201cCambunbito\u201d y \u201cCoco\u201d por robos y atracos en SJM y el GSD","author":"Nelson Feliz","date":"6 de abril de 2025","format":false,"excerpt":"Agentes de la Direcci\u00f3n Central de Investigaci\u00f3n (DICRIM) de la Polic\u00eda Nacional apresaron, en operativos por separado, a cuatro reconocidos delincuentes se\u00f1alados por su participaci\u00f3n en robos y atracos a mano armada, ocurridos en San Juan de la Maguana y distintos sectores del Gran Santo Domingo. En San Juan, fue\u2026","rel":"","context":"En \u00abMILITARES\u00bb","block_context":{"text":"MILITARES","link":"https:\/\/lasprimeras.com.do\/index.php\/category\/militares\/"},"img":{"alt_text":"","src":"https:\/\/i0.wp.com\/lasprimeras.com.do\/wp-content\/uploads\/2023\/08\/Policia.jpeg?resize=350%2C200&ssl=1","width":350,"height":200,"srcset":"https:\/\/i0.wp.com\/lasprimeras.com.do\/wp-content\/uploads\/2023\/08\/Policia.jpeg?resize=350%2C200&ssl=1 1x, https:\/\/i0.wp.com\/lasprimeras.com.do\/wp-content\/uploads\/2023\/08\/Policia.jpeg?resize=525%2C300&ssl=1 1.5x, https:\/\/i0.wp.com\/lasprimeras.com.do\/wp-content\/uploads\/2023\/08\/Policia.jpeg?resize=700%2C400&ssl=1 2x"},"classes":[]},{"id":101641,"url":"https:\/\/lasprimeras.com.do\/index.php\/2025\/06\/24\/caen-abatidos-los-reconocidos-antisociales-locon-y-cacon-en-santiago\/","url_meta":{"origin":129082,"position":4},"title":"Caen abatidos los reconocidos antisociales \u201cLocon\u201d y \u201cCacon\u201d en Santiago","author":"Nelson Feliz","date":"24 de junio de 2025","format":false,"excerpt":"-PN recupera arma de reglamento robada a un agente policial durante un atraco. Dos reconocidos antisociales, identificados como \u00c1ngelo Acevedo Cabrera (a) \u201cLocon\u201d y Marco de Jes\u00fas Campos (a) \u201cCacon\u201d, quienes eran activamente buscados por su participaci\u00f3n en m\u00faltiples atracos agravados,murieron tras enfrentar a tiros a una patrulla de la\u2026","rel":"","context":"En \u00abMILITARES\u00bb","block_context":{"text":"MILITARES","link":"https:\/\/lasprimeras.com.do\/index.php\/category\/militares\/"},"img":{"alt_text":"","src":"https:\/\/i0.wp.com\/lasprimeras.com.do\/wp-content\/uploads\/2025\/05\/PN-Santiago.png?resize=350%2C200&ssl=1","width":350,"height":200,"srcset":"https:\/\/i0.wp.com\/lasprimeras.com.do\/wp-content\/uploads\/2025\/05\/PN-Santiago.png?resize=350%2C200&ssl=1 1x, https:\/\/i0.wp.com\/lasprimeras.com.do\/wp-content\/uploads\/2025\/05\/PN-Santiago.png?resize=525%2C300&ssl=1 1.5x"},"classes":[]},{"id":102473,"url":"https:\/\/lasprimeras.com.do\/index.php\/2025\/07\/05\/dicrim-y-mp-detienen-a-hombre-y-ocupan-drogas-dinero-objetos-ilicitos-y-motocicletas-ejecutan-en-janico\/","url_meta":{"origin":129082,"position":5},"title":"DICRIM y MP detienen a hombre y ocupan drogas, dinero, objetos il\u00edcitos y motocicletas ejecutan en J\u00e1nico","author":"Nelson Feliz","date":"5 de julio de 2025","format":false,"excerpt":"Agentes de la Polic\u00eda Nacional, adscritos a la Unidad de Investigaci\u00f3n de Delitos Contra la Propiedad con asiento en el destacamento de Sabana Iglesia, Santiago, arresto un hombre y ocuparon sustancias controladas, dinero en efectivo, cargadores para armas de fuego y diversos objetos de presunto origen il\u00edcito. El allanamiento en\u2026","rel":"","context":"En \u00abMILITARES\u00bb","block_context":{"text":"MILITARES","link":"https:\/\/lasprimeras.com.do\/index.php\/category\/militares\/"},"img":{"alt_text":"","src":"https:\/\/i0.wp.com\/lasprimeras.com.do\/wp-content\/uploads\/2025\/07\/1.jpg?resize=350%2C200&ssl=1","width":350,"height":200,"srcset":"https:\/\/i0.wp.com\/lasprimeras.com.do\/wp-content\/uploads\/2025\/07\/1.jpg?resize=350%2C200&ssl=1 1x, https:\/\/i0.wp.com\/lasprimeras.com.do\/wp-content\/uploads\/2025\/07\/1.jpg?resize=525%2C300&ssl=1 1.5x, https:\/\/i0.wp.com\/lasprimeras.com.do\/wp-content\/uploads\/2025\/07\/1.jpg?resize=700%2C400&ssl=1 2x"},"classes":[]}],"jetpack_sharing_enabled":true,"_links":{"self":[{"href":"https:\/\/lasprimeras.com.do\/index.php\/wp-json\/wp\/v2\/posts\/129082","targetHints":{"allow":["GET"]}}],"collection":[{"href":"https:\/\/lasprimeras.com.do\/index.php\/wp-json\/wp\/v2\/posts"}],"about":[{"href":"https:\/\/lasprimeras.com.do\/index.php\/wp-json\/wp\/v2\/types\/post"}],"author":[{"embeddable":true,"href":"https:\/\/lasprimeras.com.do\/index.php\/wp-json\/wp\/v2\/users\/10"}],"replies":[{"embeddable":true,"href":"https:\/\/lasprimeras.com.do\/index.php\/wp-json\/wp\/v2\/comments?post=129082"}],"version-history":[{"count":1,"href":"https:\/\/lasprimeras.com.do\/index.php\/wp-json\/wp\/v2\/posts\/129082\/revisions"}],"predecessor-version":[{"id":129084,"href":"https:\/\/lasprimeras.com.do\/index.php\/wp-json\/wp\/v2\/posts\/129082\/revisions\/129084"}],"wp:featuredmedia":[{"embeddable":true,"href":"https:\/\/lasprimeras.com.do\/index.php\/wp-json\/wp\/v2\/media\/99347"}],"wp:attachment":[{"href":"https:\/\/lasprimeras.com.do\/index.php\/wp-json\/wp\/v2\/media?parent=129082"}],"wp:term":[{"taxonomy":"category","embeddable":true,"href":"https:\/\/lasprimeras.com.do\/index.php\/wp-json\/wp\/v2\/categories?post=129082"},{"taxonomy":"post_tag","embeddable":true,"href":"https:\/\/lasprimeras.com.do\/index.php\/wp-json\/wp\/v2\/tags?post=129082"}],"curies":[{"name":"wp","href":"https:\/\/api.w.org\/{rel}","templated":true}]}}