{"id":129087,"date":"2026-04-29T13:57:24","date_gmt":"2026-04-29T17:57:24","guid":{"rendered":"https:\/\/lasprimeras.com.do\/?p=129087"},"modified":"2026-04-29T13:57:27","modified_gmt":"2026-04-29T17:57:27","slug":"aguilera-reafirma-compromiso-de-banreservas-con-la-etica-y-la-transparencia","status":"publish","type":"post","link":"https:\/\/lasprimeras.com.do\/index.php\/2026\/04\/29\/aguilera-reafirma-compromiso-de-banreservas-con-la-etica-y-la-transparencia\/","title":{"rendered":"Aguilera reafirma compromiso de Banreservas con la \u00e9tica y la transparencia"},"content":{"rendered":"\n<p>La entidad auspicia la conferencia \u201cLa \u00e9tica: el pilar del \u00e9xito en las personas y las organizaciones\u201d, impartida por el profesor Pablo \u00c1mez, en el marco de la celebraci\u00f3n del D\u00eda Nacional de la \u00c9tica Ciudadana<\/p>\n\n\n\n<p>El presidente ejecutivo del Banco de Reservas de la Rep\u00fablica Dominicana, doctor Leonardo Aguilera, reafirm\u00f3 el compromiso de la instituci\u00f3n con la \u00e9tica, la transparencia y la rendici\u00f3n de cuentas, en el marco de la conferencia \u201cLa \u00e9tica: el pilar del \u00e9xito en las personas y las organizaciones\u201d, realizada con motivo del D\u00eda Nacional de la \u00c9tica Ciudadana.<\/p>\n\n\n\n<p>Aguilera destac\u00f3 que en Banreservas la \u00e9tica no es una opci\u00f3n, sino un eje transversal que orienta la toma de decisiones fortalece la gobernanza y sostiene la reputaci\u00f3n institucional.<\/p>\n\n\n\n<figure class=\"wp-block-image size-large\"><img decoding=\"async\" width=\"1024\" height=\"682\" src=\"https:\/\/lasprimeras.com.do\/wp-content\/uploads\/2026\/04\/1004159892-1024x682.jpg\" alt=\"\" class=\"wp-image-129089\" srcset=\"https:\/\/lasprimeras.com.do\/wp-content\/uploads\/2026\/04\/1004159892-1024x682.jpg 1024w, https:\/\/lasprimeras.com.do\/wp-content\/uploads\/2026\/04\/1004159892-300x200.jpg 300w, https:\/\/lasprimeras.com.do\/wp-content\/uploads\/2026\/04\/1004159892-768x512.jpg 768w, https:\/\/lasprimeras.com.do\/wp-content\/uploads\/2026\/04\/1004159892.jpg 1280w\" sizes=\"(max-width: 1024px) 100vw, 1024px\" \/><\/figure>\n\n\n\n<p>\u201cCuando la \u00e9tica gu\u00eda nuestro accionar, no solo cumplimos con est\u00e1ndares nacionales e internacionales, sino que generamos valor que se traduce en confianza, transparencia, respeto por los recursos que administramos y, sobre todo, en un compromiso genuino con el bienestar de nuestra naci\u00f3n\u201d, sostuvo el titular de la entidad financiera.<\/p>\n\n\n\n<p>Adem\u00e1s, indic\u00f3 que estos principios forman parte esencial de la cultura organizacional del banco, donde la integridad se asume como una pr\u00e1ctica cotidiana y coherente en todos los niveles de la gesti\u00f3n.<\/p>\n\n\n\n<figure class=\"wp-block-image size-large\"><img decoding=\"async\" width=\"1024\" height=\"682\" src=\"https:\/\/lasprimeras.com.do\/wp-content\/uploads\/2026\/04\/1004159897-1024x682.jpg\" alt=\"\" class=\"wp-image-129090\" srcset=\"https:\/\/lasprimeras.com.do\/wp-content\/uploads\/2026\/04\/1004159897-1024x682.jpg 1024w, https:\/\/lasprimeras.com.do\/wp-content\/uploads\/2026\/04\/1004159897-300x200.jpg 300w, https:\/\/lasprimeras.com.do\/wp-content\/uploads\/2026\/04\/1004159897-768x512.jpg 768w, https:\/\/lasprimeras.com.do\/wp-content\/uploads\/2026\/04\/1004159897.jpg 1280w\" sizes=\"(max-width: 1024px) 100vw, 1024px\" \/><\/figure>\n\n\n\n<p>Asimismo, se\u00f1al\u00f3 que una cultura \u00e9tica s\u00f3lida se refleja tanto en las grandes decisiones como en las acciones diarias, en la forma de gestionar la informaci\u00f3n, abordar los conflictos de inter\u00e9s y administrar los recursos con responsabilidad.<\/p>\n\n\n\n<p>El economista explic\u00f3 que este enfoque est\u00e1 alineado con las pol\u00edticas de fortalecimiento institucional impulsadas por el presidente Luis Abinader, orientadas a mejorar las condiciones de vida de los dominicanos.<\/p>\n\n\n\n<p>Como parte de estos esfuerzos, el funcionario manifest\u00f3 que una prueba fehaciente del compromiso de Banreservas con la integridad y la transparencia es la validaci\u00f3n de su recertificaci\u00f3n bajo la norma ISO 37001 sobre el Sistema de Gesti\u00f3n Antisoborno, logro que ratifica la solidez, eficacia y madurez de su sistema de gesti\u00f3n.<\/p>\n\n\n\n<p>A\u00f1adi\u00f3 que las vicepresidencias de Auditor\u00eda, Negocios Personales, Tesorer\u00eda, Contabilidad, Legal, Ingenier\u00eda, Negocios Gubernamentales, Capital Humano, Administrativa y Cumplimiento cuentan con esta certificaci\u00f3n, lo que convierte a la entidad en la primera y \u00fanica instituci\u00f3n financiera de la Rep\u00fablica Dominicana y de la regi\u00f3n del Caribe en alcanzar este nivel.<\/p>\n\n\n\n<p>El doctor Aguilera sostuvo que estas acreditaciones internacionales refuerzan la confianza de los organismos reguladores, bancos corresponsales y dem\u00e1s grupos de inter\u00e9s, al ofrecer garant\u00edas de transparencia en la gesti\u00f3n, integridad en las operaciones y confiabilidad en el entorno de control institucional ante clientes y aliados estrat\u00e9gicos.<\/p>\n\n\n\n<p>Finalmente, subray\u00f3 que la efectividad de los controles implementados y la adecuada gesti\u00f3n de los riesgos de soborno evidencian un marco robusto y alineado con las mejores pr\u00e1cticas internacionales.<\/p>\n\n\n\n<p>Mientras que la presidente del Comit\u00e9 de Cumplimiento de Banreservas, Johanna Reyes, precis\u00f3 que como primera instituci\u00f3n en certificarse en materia de anticorrupci\u00f3n y antisoborno, reitera su compromiso de seguir impulsando iniciativas que fortalezcan una cultura \u00e9tica s\u00f3lida, capaz de incidir de manera efectiva en la toma de decisiones y en la gesti\u00f3n integral de los riesgos.<\/p>\n\n\n\n<p>En la actividad participaron el superintendente de Bancos, Alejandro Fern\u00e1ndez; la presidenta ejecutiva de la Asociaci\u00f3n de Bancos M\u00faltiples de la Rep\u00fablica Dominicana (ABA), Rosanna Ruiz; as\u00ed como ejecutivos de Banreservas y otras instituciones.<\/p>\n\n\n\n<p>Sobre la conferencia<\/p>\n\n\n\n<p>La conferencia \u201cLa \u00e9tica: el pilar del \u00e9xito en las personas y las organizaciones\u201d, impartida por Pablo \u00c1mez, propici\u00f3 un espacio de reflexi\u00f3n sobre la importancia de fortalecer una cultura \u00e9tica tanto en las instituciones como en la ciudadan\u00eda, con miras a consolidar la confianza en las organizaciones.<\/p>\n\n\n\n<p>\u00c1mez es director general del Instituto de Alta Direcci\u00f3n de Empresas (IDADE Management School) desde 2022 y profesor del \u00e1rea de Direcci\u00f3n de Personas en las Organizaciones.<\/p>\n\n\n\n<p>Cuenta con m\u00e1s de 15 a\u00f1os de experiencia en la formaci\u00f3n de l\u00edderes y equipos de alto nivel en el \u00e1mbito empresarial iberoamericano.<\/p>\n\n\n\n<p><\/p>\n\n\n\n<figure class=\"wp-block-video\"><\/figure>\n","protected":false},"excerpt":{"rendered":"<p>La entidad auspicia la conferencia \u201cLa \u00e9tica: el pilar del \u00e9xito en las personas y las organizaciones\u201d, impartida por el profesor Pablo \u00c1mez, en el marco de la celebraci\u00f3n del&hellip;<\/p>\n","protected":false},"author":10,"featured_media":129088,"comment_status":"open","ping_status":"open","sticky":false,"template":"","format":"standard","meta":{"content-type":"","jetpack_post_was_ever_published":false,"_jetpack_newsletter_access":"","_jetpack_dont_email_post_to_subs":false,"_jetpack_newsletter_tier_id":0,"_jetpack_memberships_contains_paywalled_content":false,"_jetpack_memberships_contains_paid_content":false,"footnotes":""},"categories":[39,25],"tags":[726,17615,898],"class_list":["post-129087","post","type-post","status-publish","format-standard","has-post-thumbnail","hentry","category-economia","category-portada","tag-banreservas","tag-leonardo-aguilera","tag-transparencia"],"jetpack_featured_media_url":"https:\/\/lasprimeras.com.do\/wp-content\/uploads\/2026\/04\/IMG-20260429-WA0770.jpg","jetpack-related-posts":[{"id":111322,"url":"https:\/\/lasprimeras.com.do\/index.php\/2025\/10\/07\/banreservas-obtiene-recertificacion-iso-37001-sobre-sistema-de-gestion-antisoborno\/","url_meta":{"origin":129087,"position":0},"title":"Banreservas obtiene recertificaci\u00f3n ISO 37001 sobre Sistema de Gesti\u00f3n Antisoborno","author":"Nelson Feliz","date":"7 de octubre de 2025","format":false,"excerpt":"Aguilera asegura que la entidad financiera contin\u00faa fortaleciendo su sistema de gesti\u00f3n antisoborno como muestra de integridad y compromiso para la regi\u00f3n y el mundo. El Banco de Reservas obtuvo la recertificaci\u00f3n de la norma ISO 37001, que avala el Sistema de Gesti\u00f3n Antisoborno, con lo cual la instituci\u00f3n reafirma\u2026","rel":"","context":"En \u00abECONOM\u00cdA\u00bb","block_context":{"text":"ECONOM\u00cdA","link":"https:\/\/lasprimeras.com.do\/index.php\/category\/economia\/"},"img":{"alt_text":"Leonardo Aguilera","src":"https:\/\/i0.wp.com\/lasprimeras.com.do\/wp-content\/uploads\/2025\/10\/Leonardo-Aguilera.jpg?resize=350%2C200&ssl=1","width":350,"height":200,"srcset":"https:\/\/i0.wp.com\/lasprimeras.com.do\/wp-content\/uploads\/2025\/10\/Leonardo-Aguilera.jpg?resize=350%2C200&ssl=1 1x, https:\/\/i0.wp.com\/lasprimeras.com.do\/wp-content\/uploads\/2025\/10\/Leonardo-Aguilera.jpg?resize=525%2C300&ssl=1 1.5x, https:\/\/i0.wp.com\/lasprimeras.com.do\/wp-content\/uploads\/2025\/10\/Leonardo-Aguilera.jpg?resize=700%2C400&ssl=1 2x"},"classes":[]},{"id":127911,"url":"https:\/\/lasprimeras.com.do\/index.php\/2026\/04\/17\/banreservas-encabeza-ranking-de-empresas-que-transforman-la-republica-dominicana-en-sostenibilidad\/","url_meta":{"origin":129087,"position":1},"title":"Banreservas encabeza ranking de empresas que transforman la Rep\u00fablica Dominicana en sostenibilidad","author":"Nelson Feliz","date":"17 de abril de 2026","format":false,"excerpt":"_La entidad presidida por el doctor Leonardo Aguilera ocupa el primer lugar del listado general con 94.4% y tambi\u00e9n obtuvo los primeros lugares en los pilares de gobernanza y ambiental, seg\u00fan estudio de NewLink presentado en Expo Sostenible 2026_ El Banco de Reservas de la Rep\u00fablica Dominicana (Banreservas) se consolid\u00f3\u2026","rel":"","context":"En \u00abECONOM\u00cdA\u00bb","block_context":{"text":"ECONOM\u00cdA","link":"https:\/\/lasprimeras.com.do\/index.php\/category\/economia\/"},"img":{"alt_text":"","src":"https:\/\/i0.wp.com\/lasprimeras.com.do\/wp-content\/uploads\/2026\/04\/IMG-20260417-WA0334.jpg?resize=350%2C200&ssl=1","width":350,"height":200,"srcset":"https:\/\/i0.wp.com\/lasprimeras.com.do\/wp-content\/uploads\/2026\/04\/IMG-20260417-WA0334.jpg?resize=350%2C200&ssl=1 1x, https:\/\/i0.wp.com\/lasprimeras.com.do\/wp-content\/uploads\/2026\/04\/IMG-20260417-WA0334.jpg?resize=525%2C300&ssl=1 1.5x, https:\/\/i0.wp.com\/lasprimeras.com.do\/wp-content\/uploads\/2026\/04\/IMG-20260417-WA0334.jpg?resize=700%2C400&ssl=1 2x, https:\/\/i0.wp.com\/lasprimeras.com.do\/wp-content\/uploads\/2026\/04\/IMG-20260417-WA0334.jpg?resize=1050%2C600&ssl=1 3x"},"classes":[]},{"id":110128,"url":"https:\/\/lasprimeras.com.do\/index.php\/2025\/09\/25\/banreservas-se-mantiene-a-la-vanguardia-para-enfrentar-riesgos-en-el-sistema-bancario\/","url_meta":{"origin":129087,"position":2},"title":"Banreservas se mantiene a la vanguardia para enfrentar riesgos en el sistema bancario","author":"Nelson Feliz","date":"25 de septiembre de 2025","format":false,"excerpt":"La instituci\u00f3n financiera celebra el \u201cTercer Congreso Contra el Lavado de Activos y Financiamiento del Terrorismo\u201d. El presidente ejecutivo del Banco de Reservas, doctor Leonardo Aguilera, afirm\u00f3 este jueves que la instituci\u00f3n financiera adopta medidas rigurosas y controles cada vez m\u00e1s estrictos para enfrentar los riesgos y las amenazas que\u2026","rel":"","context":"En \u00abECONOM\u00cdA\u00bb","block_context":{"text":"ECONOM\u00cdA","link":"https:\/\/lasprimeras.com.do\/index.php\/category\/economia\/"},"img":{"alt_text":"","src":"https:\/\/i0.wp.com\/lasprimeras.com.do\/wp-content\/uploads\/2025\/09\/WhatsApp-Image-2025-09-25-at-10.39.21-AM.jpeg?resize=350%2C200&ssl=1","width":350,"height":200,"srcset":"https:\/\/i0.wp.com\/lasprimeras.com.do\/wp-content\/uploads\/2025\/09\/WhatsApp-Image-2025-09-25-at-10.39.21-AM.jpeg?resize=350%2C200&ssl=1 1x, https:\/\/i0.wp.com\/lasprimeras.com.do\/wp-content\/uploads\/2025\/09\/WhatsApp-Image-2025-09-25-at-10.39.21-AM.jpeg?resize=525%2C300&ssl=1 1.5x, https:\/\/i0.wp.com\/lasprimeras.com.do\/wp-content\/uploads\/2025\/09\/WhatsApp-Image-2025-09-25-at-10.39.21-AM.jpeg?resize=700%2C400&ssl=1 2x"},"classes":[]},{"id":115098,"url":"https:\/\/lasprimeras.com.do\/index.php\/2025\/11\/19\/caminero-reafirma-compromiso-etico-y-cero-tolerancia-a-la-corrupcion-impulsada-por-el-presidente-abinader\/","url_meta":{"origin":129087,"position":3},"title":"Caminero reafirma compromiso \u00e9tico y cero tolerancia a la corrupci\u00f3n impulsada por el presidente Abinader","author":"Nelson Feliz","date":"19 de noviembre de 2025","format":false,"excerpt":"La Direcci\u00f3n de Prensa del Presidente junto a la Direcci\u00f3n General de Bellas Artes, celebraron este jueves el Foro \u201cTransparencia y Responsabilidad P\u00fablica: Nuevos Desaf\u00edos del Estado de Derecho\u201d, un espacio en el que el director de Prensa del presidente, Carlos Alberto Caminero, destac\u00f3 el compromiso \u00e9tico y la pol\u00edtica\u2026","rel":"","context":"En \u00abNACIONALES\u00bb","block_context":{"text":"NACIONALES","link":"https:\/\/lasprimeras.com.do\/index.php\/category\/nacionales\/"},"img":{"alt_text":"","src":"https:\/\/i0.wp.com\/lasprimeras.com.do\/wp-content\/uploads\/2025\/11\/Alberto-Caminero.jpg?resize=350%2C200&ssl=1","width":350,"height":200,"srcset":"https:\/\/i0.wp.com\/lasprimeras.com.do\/wp-content\/uploads\/2025\/11\/Alberto-Caminero.jpg?resize=350%2C200&ssl=1 1x, https:\/\/i0.wp.com\/lasprimeras.com.do\/wp-content\/uploads\/2025\/11\/Alberto-Caminero.jpg?resize=525%2C300&ssl=1 1.5x, https:\/\/i0.wp.com\/lasprimeras.com.do\/wp-content\/uploads\/2025\/11\/Alberto-Caminero.jpg?resize=700%2C400&ssl=1 2x"},"classes":[]},{"id":107564,"url":"https:\/\/lasprimeras.com.do\/index.php\/2025\/08\/28\/garcia-fermin-reafirma-compromiso-del-mescyt-con-la-etica-y-transparencia\/","url_meta":{"origin":129087,"position":4},"title":"Garc\u00eda Ferm\u00edn reafirma compromiso del MESCyT con la \u00e9tica y transparencia","author":"Nelson Feliz","date":"28 de agosto de 2025","format":false,"excerpt":"MESCyT impulsa cultura de integridad y anticorrupci\u00f3n en la administraci\u00f3n p\u00fablica. El ministro de Educaci\u00f3n Superior, Ciencia y Tecnolog\u00eda (MESCyT), doctor Franklin Garc\u00eda Ferm\u00edn, destac\u00f3 el compromiso de la instituci\u00f3n con la transparencia, la \u00e9tica y el fortalecimiento del buen gobierno, al dejar conformada la Comisi\u00f3n de Integridad Gubernamental y\u2026","rel":"","context":"En \u00abNACIONALES\u00bb","block_context":{"text":"NACIONALES","link":"https:\/\/lasprimeras.com.do\/index.php\/category\/nacionales\/"},"img":{"alt_text":"","src":"https:\/\/i0.wp.com\/lasprimeras.com.do\/wp-content\/uploads\/2025\/08\/Franklin-Garcia-Fermin-1.jpg?resize=350%2C200&ssl=1","width":350,"height":200,"srcset":"https:\/\/i0.wp.com\/lasprimeras.com.do\/wp-content\/uploads\/2025\/08\/Franklin-Garcia-Fermin-1.jpg?resize=350%2C200&ssl=1 1x, https:\/\/i0.wp.com\/lasprimeras.com.do\/wp-content\/uploads\/2025\/08\/Franklin-Garcia-Fermin-1.jpg?resize=525%2C300&ssl=1 1.5x, https:\/\/i0.wp.com\/lasprimeras.com.do\/wp-content\/uploads\/2025\/08\/Franklin-Garcia-Fermin-1.jpg?resize=700%2C400&ssl=1 2x"},"classes":[]},{"id":57766,"url":"https:\/\/lasprimeras.com.do\/index.php\/2023\/08\/15\/ministro-de-juventud-reafirma-su-apego-con-la-etica-y-transparencia\/","url_meta":{"origin":129087,"position":5},"title":"Ministro de Juventud reafirma su apego con la \u00e9tica y transparencia","author":"Nelson Feliz","date":"15 de agosto de 2023","format":false,"excerpt":"El ministro de la Juventud, Rafael F\u00e9liz Garc\u00eda, firm\u00f3 la resoluci\u00f3n \"Declaraci\u00f3n Institucional de Compromiso de M\u00e1xima Autoridad\" n\u00famero MJ-001-2023 de compromiso \u00e9tico emanada por la Direcci\u00f3n General de \u00c9tica e Integridad Gubernamental(DIGEIG) bajo la gesti\u00f3n de Milagros Ortiz Bosch. F\u00e9liz Garc\u00eda acompa\u00f1ado de la Comisi\u00f3n de Integridad Gubernamental y\u2026","rel":"","context":"En \u00abNACIONALES\u00bb","block_context":{"text":"NACIONALES","link":"https:\/\/lasprimeras.com.do\/index.php\/category\/nacionales\/"},"img":{"alt_text":"Ministro de Juventud","src":"https:\/\/i0.wp.com\/lasprimeras.com.do\/wp-content\/uploads\/2023\/08\/Ministro-de-Juventud-reafirma-su-apego-con-la-etica-y-transparencia_-firma-Declaracion-de-Compromiso.jpg?resize=350%2C200&ssl=1","width":350,"height":200,"srcset":"https:\/\/i0.wp.com\/lasprimeras.com.do\/wp-content\/uploads\/2023\/08\/Ministro-de-Juventud-reafirma-su-apego-con-la-etica-y-transparencia_-firma-Declaracion-de-Compromiso.jpg?resize=350%2C200&ssl=1 1x, https:\/\/i0.wp.com\/lasprimeras.com.do\/wp-content\/uploads\/2023\/08\/Ministro-de-Juventud-reafirma-su-apego-con-la-etica-y-transparencia_-firma-Declaracion-de-Compromiso.jpg?resize=525%2C300&ssl=1 1.5x, https:\/\/i0.wp.com\/lasprimeras.com.do\/wp-content\/uploads\/2023\/08\/Ministro-de-Juventud-reafirma-su-apego-con-la-etica-y-transparencia_-firma-Declaracion-de-Compromiso.jpg?resize=700%2C400&ssl=1 2x"},"classes":[]}],"jetpack_sharing_enabled":true,"_links":{"self":[{"href":"https:\/\/lasprimeras.com.do\/index.php\/wp-json\/wp\/v2\/posts\/129087","targetHints":{"allow":["GET"]}}],"collection":[{"href":"https:\/\/lasprimeras.com.do\/index.php\/wp-json\/wp\/v2\/posts"}],"about":[{"href":"https:\/\/lasprimeras.com.do\/index.php\/wp-json\/wp\/v2\/types\/post"}],"author":[{"embeddable":true,"href":"https:\/\/lasprimeras.com.do\/index.php\/wp-json\/wp\/v2\/users\/10"}],"replies":[{"embeddable":true,"href":"https:\/\/lasprimeras.com.do\/index.php\/wp-json\/wp\/v2\/comments?post=129087"}],"version-history":[{"count":1,"href":"https:\/\/lasprimeras.com.do\/index.php\/wp-json\/wp\/v2\/posts\/129087\/revisions"}],"predecessor-version":[{"id":129091,"href":"https:\/\/lasprimeras.com.do\/index.php\/wp-json\/wp\/v2\/posts\/129087\/revisions\/129091"}],"wp:featuredmedia":[{"embeddable":true,"href":"https:\/\/lasprimeras.com.do\/index.php\/wp-json\/wp\/v2\/media\/129088"}],"wp:attachment":[{"href":"https:\/\/lasprimeras.com.do\/index.php\/wp-json\/wp\/v2\/media?parent=129087"}],"wp:term":[{"taxonomy":"category","embeddable":true,"href":"https:\/\/lasprimeras.com.do\/index.php\/wp-json\/wp\/v2\/categories?post=129087"},{"taxonomy":"post_tag","embeddable":true,"href":"https:\/\/lasprimeras.com.do\/index.php\/wp-json\/wp\/v2\/tags?post=129087"}],"curies":[{"name":"wp","href":"https:\/\/api.w.org\/{rel}","templated":true}]}}