{"id":129092,"date":"2026-04-29T14:31:39","date_gmt":"2026-04-29T18:31:39","guid":{"rendered":"https:\/\/lasprimeras.com.do\/?p=129092"},"modified":"2026-04-29T14:31:42","modified_gmt":"2026-04-29T18:31:42","slug":"prodominicana-y-aliados-impulsan-la-competitividad-exportadora-con-enfoque-en-diversificacion-de-mercados","status":"publish","type":"post","link":"https:\/\/lasprimeras.com.do\/index.php\/2026\/04\/29\/prodominicana-y-aliados-impulsan-la-competitividad-exportadora-con-enfoque-en-diversificacion-de-mercados\/","title":{"rendered":"ProDominicana y aliados impulsan la competitividad exportadora con enfoque en diversificaci\u00f3n de mercados"},"content":{"rendered":"\n<p>El Centro de Exportaci\u00f3n e Inversi\u00f3n de la Rep\u00fablica Dominicana (ProDominicana) en conjunto con Banco Popular Dominicano y la Red Global de Exportaci\u00f3n (RGX) realizaron el encuentro \u201cCompetitividad Exportadora: C\u00f3mo diversificar mercados y competir globalmente\u201d, un espacio orientado a fortalecer las capacidades del sector exportador dominicano frente a los retos del comercio internacional.<\/p>\n\n\n\n<p>La jornada inici\u00f3 con las palabras de bienvenida de la directora ejecutiva de ProDominicana, Biviana Riveiro quien destac\u00f3 la importancia de crear espacios que funcionen para generar conocimiento, conectar oportunidades y fortalecer la visi\u00f3n estrat\u00e9gica del sector exportador.<\/p>\n\n\n\n<p>Riveiro destac\u00f3 el desempe\u00f1o reciente del sector exportador, se\u00f1alando que durante el per\u00edodo enero\u2013marzo de 2026, las exportaciones de la Rep\u00fablica Dominicana alcanzaron los US$3,738.6 millones, seg\u00fan datos del Banco Central de la Rep\u00fablica Dominicana.<\/p>\n\n\n\n<p>Adem\u00e1s, indic\u00f3 que estos resultados evidencian la resiliencia y el potencial de la oferta exportable nacional, la cual contin\u00faa posicion\u00e1ndose en mercados estrat\u00e9gicos como Estados Unidos, Canad\u00e1, Hait\u00ed, India, Puerto Rico, Pa\u00edses Bajos y China, reflejando una diversificaci\u00f3n sostenida de los destinos de exportaci\u00f3n.<\/p>\n\n\n\n<p>\u201cEl fortalecimiento de la competitividad exportadora no es una opci\u00f3n, sino una necesidad para garantizar la inserci\u00f3n efectiva de nuestras empresas en el comercio global.<\/p>\n\n\n\n<p>Desde ProDominicana, reafirmamos nuestro compromiso de seguir acompa\u00f1ando a los exportadores en su proceso de internacionalizaci\u00f3n, facilitando herramientas, informaci\u00f3n estrat\u00e9gica y acceso a nuevas oportunidades de negocio\u201d, expres\u00f3.<\/p>\n\n\n\n<p>Asimismo, el director de RGX Diego Frediani, present\u00f3 el \u00cdndice de Competitividad Exportadora Sostenible, abordando las principales brechas y retos del sector.<\/p>\n\n\n\n<p>\u201cLa Rep\u00fablica Dominicana cuenta con un gran potencial exportador, pero es fundamental continuar cerrando brechas en competitividad, especialmente en capital humano, innovaci\u00f3n y adaptaci\u00f3n a las exigencias de los mercados internacionales\u201d, se\u00f1al\u00f3.<\/p>\n\n\n\n<p>Frediani tambi\u00e9n destac\u00f3 la importancia de la diversificaci\u00f3n de mercados en un contexto global desafiante.<\/p>\n\n\n\n<p>\u201cLa identificaci\u00f3n de la demanda internacional, el uso de herramientas digitales, el comercio electr\u00f3nico y la inteligencia artificial, junto con certificaciones de calidad, son factores determinantes para lograr una inserci\u00f3n exitosa en el comercio global\u201d, afirm\u00f3.<\/p>\n\n\n\n<p>En materia financiera, el vicepresidente de productos especializados del Banco Popular, Jorge Luis Arias resalt\u00f3 el rol del financiamiento como habilitador del crecimiento exportador.<\/p>\n\n\n\n<p>\u201cEl acceso a herramientas financieras adecuadas permite a las empresas fortalecer su capacidad productiva, innovar y competir en mercados internacionales con mayor valor agregado\u201d, indic\u00f3.<\/p>\n\n\n\n<p>Para concluir el evento, el director de exportaciones de ProDominicana, Segismundo Morey present\u00f3 los servicios y plataformas de apoyo a los exportadores, destacando el acompa\u00f1amiento institucional.<\/p>\n\n\n\n<p>\u201cDesde ProDominicana trabajamos para brindar a las empresas acceso a inteligencia de mercados, asesor\u00eda t\u00e9cnica y espacios de promoci\u00f3n que les permitan expandir su presencia internacional\u201d, explic\u00f3.<\/p>\n\n\n\n<p>Morey destac\u00f3 la relevancia de impulsar una visi\u00f3n estrat\u00e9gica del comercio exterior dominicano.<\/p>\n\n\n\n<p>\u201cLa competitividad exportadora es un pilar fundamental para el crecimiento econ\u00f3mico sostenible del pa\u00eds. Fortalecer nuestras capacidades productivas y de inserci\u00f3n en mercados internacionales es clave para seguir generando oportunidades\u201d, expres\u00f3.<\/p>\n","protected":false},"excerpt":{"rendered":"<p>El Centro de Exportaci\u00f3n e Inversi\u00f3n de la Rep\u00fablica Dominicana (ProDominicana) en conjunto con Banco Popular Dominicano y la Red Global de Exportaci\u00f3n (RGX) realizaron el encuentro \u201cCompetitividad Exportadora: C\u00f3mo&hellip;<\/p>\n","protected":false},"author":10,"featured_media":129093,"comment_status":"open","ping_status":"open","sticky":false,"template":"","format":"standard","meta":{"content-type":"","jetpack_post_was_ever_published":false,"_jetpack_newsletter_access":"","_jetpack_dont_email_post_to_subs":false,"_jetpack_newsletter_tier_id":0,"_jetpack_memberships_contains_paywalled_content":false,"_jetpack_memberships_contains_paid_content":false,"footnotes":""},"categories":[39,25],"tags":[24607,752],"class_list":["post-129092","post","type-post","status-publish","format-standard","has-post-thumbnail","hentry","category-economia","category-portada","tag-biviana-riveiro-disla","tag-prodominicana"],"jetpack_featured_media_url":"https:\/\/lasprimeras.com.do\/wp-content\/uploads\/2026\/04\/IMG-20260429-WA0799.jpg","jetpack-related-posts":[{"id":124450,"url":"https:\/\/lasprimeras.com.do\/index.php\/2026\/03\/12\/prodominicana-reconoce-a-empresas-en-vanguardia-exportadora\/","url_meta":{"origin":129092,"position":0},"title":"ProDominicana reconoce a empresas en Vanguardia Exportadora","author":"Nelson Feliz","date":"12 de marzo de 2026","format":false,"excerpt":"Exportaciones dominicanas crecen 14.4% en 2025 El Centro de Exportaci\u00f3n e Inversi\u00f3n de la Rep\u00fablica Dominicana (ProDominicana) celebr\u00f3 la segunda edici\u00f3n del reconocimiento \u201cVanguardia Exportadora\u201d, un evento que destaca a las empresas que han logrado posicionar con \u00e9xito sus productos y servicios en los mercados internacionales durante el a\u00f1o 2025.\u2026","rel":"","context":"En \u00abECONOM\u00cdA\u00bb","block_context":{"text":"ECONOM\u00cdA","link":"https:\/\/lasprimeras.com.do\/index.php\/category\/economia\/"},"img":{"alt_text":"Vanguardia Exportadora","src":"https:\/\/i0.wp.com\/lasprimeras.com.do\/wp-content\/uploads\/2026\/03\/Vanguardia-Exportadora.jpg?resize=350%2C200&ssl=1","width":350,"height":200,"srcset":"https:\/\/i0.wp.com\/lasprimeras.com.do\/wp-content\/uploads\/2026\/03\/Vanguardia-Exportadora.jpg?resize=350%2C200&ssl=1 1x, https:\/\/i0.wp.com\/lasprimeras.com.do\/wp-content\/uploads\/2026\/03\/Vanguardia-Exportadora.jpg?resize=525%2C300&ssl=1 1.5x, https:\/\/i0.wp.com\/lasprimeras.com.do\/wp-content\/uploads\/2026\/03\/Vanguardia-Exportadora.jpg?resize=700%2C400&ssl=1 2x"},"classes":[]},{"id":117790,"url":"https:\/\/lasprimeras.com.do\/index.php\/2025\/12\/16\/prodominicana-y-la-camara-de-comercio-y-produccion-de-santiago-acuerdan-fortalecer-exportaciones-en-la-region-norte\/","url_meta":{"origin":129092,"position":1},"title":"ProDominicana y la C\u00e1mara de Comercio y Producci\u00f3n de Santiago acuerdan fortalecer exportaciones en la Regi\u00f3n Norte","author":"Nelson Feliz","date":"16 de diciembre de 2025","format":false,"excerpt":"El Centro de Exportaci\u00f3n e Inversi\u00f3n de la Rep\u00fablica Dominicana (ProDominicana) y la C\u00e1mara de Comercio y Producci\u00f3n de Santiago firmaron un acuerdo interinstitucional orientado a fortalecer las capacidades de los sectores productivos y promover nuevas oportunidades en los mercados globales. Durante la firma, la directora ejecutiva de ProDominicana, Biviana\u2026","rel":"","context":"En \u00abECONOM\u00cdA\u00bb","block_context":{"text":"ECONOM\u00cdA","link":"https:\/\/lasprimeras.com.do\/index.php\/category\/economia\/"},"img":{"alt_text":"ProDominicana","src":"https:\/\/i0.wp.com\/lasprimeras.com.do\/wp-content\/uploads\/2025\/12\/ProDominicana.jpg?resize=350%2C200&ssl=1","width":350,"height":200,"srcset":"https:\/\/i0.wp.com\/lasprimeras.com.do\/wp-content\/uploads\/2025\/12\/ProDominicana.jpg?resize=350%2C200&ssl=1 1x, https:\/\/i0.wp.com\/lasprimeras.com.do\/wp-content\/uploads\/2025\/12\/ProDominicana.jpg?resize=525%2C300&ssl=1 1.5x, https:\/\/i0.wp.com\/lasprimeras.com.do\/wp-content\/uploads\/2025\/12\/ProDominicana.jpg?resize=700%2C400&ssl=1 2x, https:\/\/i0.wp.com\/lasprimeras.com.do\/wp-content\/uploads\/2025\/12\/ProDominicana.jpg?resize=1050%2C600&ssl=1 3x"},"classes":[]},{"id":115713,"url":"https:\/\/lasprimeras.com.do\/index.php\/2025\/11\/24\/prodominicana-reconoce-y-potencia-el-talento-femenino-en-el-ecosistema-exportador-dominicano\/","url_meta":{"origin":129092,"position":2},"title":"ProDominicana reconoce y potencia el talento femenino en el ecosistema exportador dominicano","author":"Nelson Feliz","date":"24 de noviembre de 2025","format":false,"excerpt":"En el marco de la 6ta edici\u00f3n del Encuentro Nacional de Mujeres en Exportaci\u00f3n 2025, el Centro de Exportaci\u00f3n e Inversi\u00f3n de la Rep\u00fablica Dominicana (ProDominicana) present\u00f3 una jornada de formaci\u00f3n y reflexi\u00f3n estrat\u00e9gica centrada en el valor de la comunicaci\u00f3n especializada, la innovaci\u00f3n y la sostenibilidad dentro del ecosistema\u2026","rel":"","context":"En \u00abECONOM\u00cdA\u00bb","block_context":{"text":"ECONOM\u00cdA","link":"https:\/\/lasprimeras.com.do\/index.php\/category\/economia\/"},"img":{"alt_text":"Biviana Riveiro Disla","src":"https:\/\/i0.wp.com\/lasprimeras.com.do\/wp-content\/uploads\/2025\/11\/Biviana-Riveiro-Disla.jpg?resize=350%2C200&ssl=1","width":350,"height":200,"srcset":"https:\/\/i0.wp.com\/lasprimeras.com.do\/wp-content\/uploads\/2025\/11\/Biviana-Riveiro-Disla.jpg?resize=350%2C200&ssl=1 1x, https:\/\/i0.wp.com\/lasprimeras.com.do\/wp-content\/uploads\/2025\/11\/Biviana-Riveiro-Disla.jpg?resize=525%2C300&ssl=1 1.5x, https:\/\/i0.wp.com\/lasprimeras.com.do\/wp-content\/uploads\/2025\/11\/Biviana-Riveiro-Disla.jpg?resize=700%2C400&ssl=1 2x"},"classes":[]},{"id":124457,"url":"https:\/\/lasprimeras.com.do\/index.php\/2026\/03\/13\/prodominicana-anuncia-4ta-edicion-del-encuentro-nacional-mujeres-en-exportacion-2\/","url_meta":{"origin":129092,"position":3},"title":"ProDominicana anuncia 4ta. Edici\u00f3n del \u201cEncuentro Nacional Mujeres en Exportaci\u00f3n\u201d","author":"Nelson Feliz","date":"13 de marzo de 2026","format":false,"excerpt":"Biviana Riveiro Disla, inform\u00f3 que el jueves 23 de noviembre del a\u00f1o en curso se realizar\u00e1 la 4ta. edici\u00f3n del \u201cEncuentro Nacional Mujeres en Exportaci\u00f3n\u201d. La directora ejecutiva del Centro de Exportaci\u00f3n e Inversi\u00f3n de la Rep\u00fablica Dominicana (ProDominicana), Biviana Riveiro Disla, inform\u00f3 que el jueves 23 de noviembre del\u2026","rel":"","context":"En \u00abECONOM\u00cdA\u00bb","block_context":{"text":"ECONOM\u00cdA","link":"https:\/\/lasprimeras.com.do\/index.php\/category\/economia\/"},"img":{"alt_text":"Biviana Riveiro Disla, directora ejecutiva de ProDominicana","src":"https:\/\/i0.wp.com\/lasprimeras.com.do\/wp-content\/uploads\/2023\/11\/Biviana-Riveiro-Disla-directora-ejecutiva-de-ProDominicana-2.jpg?resize=350%2C200&ssl=1","width":350,"height":200,"srcset":"https:\/\/i0.wp.com\/lasprimeras.com.do\/wp-content\/uploads\/2023\/11\/Biviana-Riveiro-Disla-directora-ejecutiva-de-ProDominicana-2.jpg?resize=350%2C200&ssl=1 1x, https:\/\/i0.wp.com\/lasprimeras.com.do\/wp-content\/uploads\/2023\/11\/Biviana-Riveiro-Disla-directora-ejecutiva-de-ProDominicana-2.jpg?resize=525%2C300&ssl=1 1.5x, https:\/\/i0.wp.com\/lasprimeras.com.do\/wp-content\/uploads\/2023\/11\/Biviana-Riveiro-Disla-directora-ejecutiva-de-ProDominicana-2.jpg?resize=700%2C400&ssl=1 2x, https:\/\/i0.wp.com\/lasprimeras.com.do\/wp-content\/uploads\/2023\/11\/Biviana-Riveiro-Disla-directora-ejecutiva-de-ProDominicana-2.jpg?resize=1050%2C600&ssl=1 3x, https:\/\/i0.wp.com\/lasprimeras.com.do\/wp-content\/uploads\/2023\/11\/Biviana-Riveiro-Disla-directora-ejecutiva-de-ProDominicana-2.jpg?resize=1400%2C800&ssl=1 4x"},"classes":[]},{"id":109089,"url":"https:\/\/lasprimeras.com.do\/index.php\/2025\/09\/14\/crecimiento-exportador-impulsa-economia-dominicana-agosto-marca-alza-de-11-interanual\/","url_meta":{"origin":129092,"position":4},"title":"Crecimiento exportador impulsa econom\u00eda dominicana: agosto marca alza de 11% interanual","author":"Nelson Feliz","date":"14 de septiembre de 2025","format":false,"excerpt":"La directora ejecutiva del Centro de Exportaci\u00f3n e Inversi\u00f3n de la Rep\u00fablica Dominicana (ProDominicana), Biviana Riveiro Disla, inform\u00f3 que las exportaciones de mercanc\u00edas alcanzaron r\u00e9cord hist\u00f3rico de US$9,485.1 millones durante el per\u00edodo enero\u2013agosto 2025, lo que representa un crecimiento interanual de 10.4% en comparaci\u00f3n con el mismo per\u00edodo de 2024.\u2026","rel":"","context":"En \u00abECONOM\u00cdA\u00bb","block_context":{"text":"ECONOM\u00cdA","link":"https:\/\/lasprimeras.com.do\/index.php\/category\/economia\/"},"img":{"alt_text":"Biviana Riveiro Disla Directora de ProDominicana","src":"https:\/\/i0.wp.com\/lasprimeras.com.do\/wp-content\/uploads\/2024\/08\/Biviana-Riveiro-Disla-Directora-de-ProDominicana.jpg?resize=350%2C200&ssl=1","width":350,"height":200,"srcset":"https:\/\/i0.wp.com\/lasprimeras.com.do\/wp-content\/uploads\/2024\/08\/Biviana-Riveiro-Disla-Directora-de-ProDominicana.jpg?resize=350%2C200&ssl=1 1x, https:\/\/i0.wp.com\/lasprimeras.com.do\/wp-content\/uploads\/2024\/08\/Biviana-Riveiro-Disla-Directora-de-ProDominicana.jpg?resize=525%2C300&ssl=1 1.5x, https:\/\/i0.wp.com\/lasprimeras.com.do\/wp-content\/uploads\/2024\/08\/Biviana-Riveiro-Disla-Directora-de-ProDominicana.jpg?resize=700%2C400&ssl=1 2x"},"classes":[]},{"id":101363,"url":"https:\/\/lasprimeras.com.do\/index.php\/2025\/06\/20\/riveiro-destaca-crecimiento-constante-en-las-exportaciones-de-productos-dominicanos\/","url_meta":{"origin":129092,"position":5},"title":"Riveiro destaca crecimiento constante en las exportaciones de productos dominicanos","author":"Nelson Feliz","date":"20 de junio de 2025","format":false,"excerpt":"La directora ejecutiva del Centro de Exportaci\u00f3n e Inversi\u00f3n de la Rep\u00fablica Dominicana (ProDominicana), Biviana Riveiro, sostuvo que en t\u00e9rminos de diversificaci\u00f3n de mercados, las exportaciones de productos dominicanos registraron un crecimiento constante hacia mercados estrat\u00e9gicos para el pa\u00eds, entre ellos Estados Unidos, Reino Unido, Cuba, Francia, Jamaica, Guyana, M\u00e9xico\u2026","rel":"","context":"En \u00abECONOM\u00cdA\u00bb","block_context":{"text":"ECONOM\u00cdA","link":"https:\/\/lasprimeras.com.do\/index.php\/category\/economia\/"},"img":{"alt_text":"Biviana Riveiro","src":"https:\/\/i0.wp.com\/lasprimeras.com.do\/wp-content\/uploads\/2025\/06\/Biviana-Riveiro.jpg?resize=350%2C200&ssl=1","width":350,"height":200,"srcset":"https:\/\/i0.wp.com\/lasprimeras.com.do\/wp-content\/uploads\/2025\/06\/Biviana-Riveiro.jpg?resize=350%2C200&ssl=1 1x, https:\/\/i0.wp.com\/lasprimeras.com.do\/wp-content\/uploads\/2025\/06\/Biviana-Riveiro.jpg?resize=525%2C300&ssl=1 1.5x, https:\/\/i0.wp.com\/lasprimeras.com.do\/wp-content\/uploads\/2025\/06\/Biviana-Riveiro.jpg?resize=700%2C400&ssl=1 2x"},"classes":[]}],"jetpack_sharing_enabled":true,"_links":{"self":[{"href":"https:\/\/lasprimeras.com.do\/index.php\/wp-json\/wp\/v2\/posts\/129092","targetHints":{"allow":["GET"]}}],"collection":[{"href":"https:\/\/lasprimeras.com.do\/index.php\/wp-json\/wp\/v2\/posts"}],"about":[{"href":"https:\/\/lasprimeras.com.do\/index.php\/wp-json\/wp\/v2\/types\/post"}],"author":[{"embeddable":true,"href":"https:\/\/lasprimeras.com.do\/index.php\/wp-json\/wp\/v2\/users\/10"}],"replies":[{"embeddable":true,"href":"https:\/\/lasprimeras.com.do\/index.php\/wp-json\/wp\/v2\/comments?post=129092"}],"version-history":[{"count":1,"href":"https:\/\/lasprimeras.com.do\/index.php\/wp-json\/wp\/v2\/posts\/129092\/revisions"}],"predecessor-version":[{"id":129094,"href":"https:\/\/lasprimeras.com.do\/index.php\/wp-json\/wp\/v2\/posts\/129092\/revisions\/129094"}],"wp:featuredmedia":[{"embeddable":true,"href":"https:\/\/lasprimeras.com.do\/index.php\/wp-json\/wp\/v2\/media\/129093"}],"wp:attachment":[{"href":"https:\/\/lasprimeras.com.do\/index.php\/wp-json\/wp\/v2\/media?parent=129092"}],"wp:term":[{"taxonomy":"category","embeddable":true,"href":"https:\/\/lasprimeras.com.do\/index.php\/wp-json\/wp\/v2\/categories?post=129092"},{"taxonomy":"post_tag","embeddable":true,"href":"https:\/\/lasprimeras.com.do\/index.php\/wp-json\/wp\/v2\/tags?post=129092"}],"curies":[{"name":"wp","href":"https:\/\/api.w.org\/{rel}","templated":true}]}}