{"id":129096,"date":"2026-04-29T17:16:34","date_gmt":"2026-04-29T21:16:34","guid":{"rendered":"https:\/\/lasprimeras.com.do\/?p=129096"},"modified":"2026-04-29T17:16:37","modified_gmt":"2026-04-29T21:16:37","slug":"fp-denuncia-retrasos-sobrecostos-y-aislamiento-de-comunidades-en-moca","status":"publish","type":"post","link":"https:\/\/lasprimeras.com.do\/index.php\/2026\/04\/29\/fp-denuncia-retrasos-sobrecostos-y-aislamiento-de-comunidades-en-moca\/","title":{"rendered":"FP denuncia retrasos, sobrecostos y aislamiento de comunidades en Moca"},"content":{"rendered":"\n<p><em>Advierten que la obra supera los tres mil millones de pesos sin transparencia y exige corregir el proyecto para garantizar conectividad real<\/em><\/p>\n\n\n\n<p>La Direcci\u00f3n Provincial del partido Fuerza del Pueblo en Espaillat denunci\u00f3 este martes una serie de irregularidades en la construcci\u00f3n de la circunvalaci\u00f3n de Moca, se\u00f1alando retrasos, sobrecostos, falta de transparencia y afectaciones directas a comunidades hist\u00f3ricas de la zona.<\/p>\n\n\n\n<p>La posici\u00f3n fue fijada durante una rueda de prensa realizada en Moca, con la presencia de miembros de la Direcci\u00f3n Pol\u00edtica de la organizaci\u00f3n y una amplia representaci\u00f3n de su estructura provincial.<\/p>\n\n\n\n<p>El vocero del encuentro fue el ingeniero Mariano Germ\u00e1n, secretario de Obras P\u00fablicas de la Fuerza del Pueblo, quien ley\u00f3 un documento en el que se detallan las preocupaciones de la entidad.<\/p>\n\n\n\n<p>\u201cHoy comparecemos ante la comunidad mocana y el pa\u00eds para denunciar una situaci\u00f3n ante la cual asumimos una posici\u00f3n clara: estar del lado de las comunidades y de sus justos reclamos\u201d, expres\u00f3 Germ\u00e1n al iniciar su intervenci\u00f3n.<\/p>\n\n\n\n<p>El dirigente explic\u00f3 que la construcci\u00f3n de la circunvalaci\u00f3n de Moca, espec\u00edficamente en el tramo Cruce de Chero \u2013 Estancia Nueva, \u201cha pasado de ser una soluci\u00f3n esperada por d\u00e9cadas a convertirse en un problema para las comunidades\u201d, recordando que \u201clos gobiernos no est\u00e1n para provocar problemas, sino para llevar soluciones\u201d.<\/p>\n\n\n\n<p>Seg\u00fan detall\u00f3, se trata de una obra que lleva m\u00e1s de cinco a\u00f1os en ejecuci\u00f3n, iniciada en junio de 2021, pese a que su tiempo de construcci\u00f3n hab\u00eda sido establecido en 18 meses, sin que hasta la fecha haya sido concluida.<\/p>\n\n\n\n<p>Germ\u00e1n subray\u00f3 que el problema no se limita al retraso, sino tambi\u00e9n al manejo de los recursos p\u00fablicos.<\/p>\n\n\n\n<p>Indic\u00f3 que el proyecto fue anunciado con un presupuesto inicial cercano a los 800 millones de pesos, pero que actualmente, seg\u00fan datos de la plataforma Mapa Inversiones de la Rep\u00fablica Dominicana, supera los 3,000 millones de pesos.<\/p>\n\n\n\n<p>\u201cEstamos ante un incremento de m\u00e1s de tres veces el monto originalmente anunciado, sin que exista una explicaci\u00f3n p\u00fablica clara, detallada y transparente que justifique este aumento desproporcionado\u201d, afirm\u00f3.<\/p>\n\n\n\n<p>En ese sentido, cuestion\u00f3: \u201c\u00bfC\u00f3mo se explica este salto? \u00bfQu\u00e9 modificaciones t\u00e9cnicas lo justifican? \u00bfD\u00f3nde est\u00e1n los informes que respalden este incremento?\u201d, al tiempo que se\u00f1al\u00f3 que corresponde al gobierno responder a estas interrogantes, advirtiendo que \u201ccuando no hay transparencia, lo que surgen son dudas leg\u00edtimas\u201d.<\/p>\n\n\n\n<p>El vocero tambi\u00e9n puso \u00e9nfasis en el impacto social del proyecto, indicando que comunidades como Juan L\u00f3pez, Jos\u00e9 Contreras (Villa Trina) y Las Lagunas est\u00e1n siendo seriamente afectadas.<\/p>\n\n\n\n<p>\u201cSe est\u00e1n eliminando accesos hist\u00f3ricos. Se est\u00e1n cerrando entradas que, por generaciones, han conectado a estas comunidades. Se est\u00e1n aislando sectores completos\u201d, denunci\u00f3, agregando que esto obligar\u00e1 a los ciudadanos a recorrer mayores distancias para actividades b\u00e1sicas, generando p\u00e9rdidas de tiempo y dinero.<\/p>\n\n\n\n<p>\u201cEsto no es desarrollo. Esto es retroceso\u201d, enfatiz\u00f3.<\/p>\n\n\n\n<p>Asimismo, critic\u00f3 que no se haya realizado una adecuada socializaci\u00f3n del proyecto con las comunidades impactadas.<\/p>\n\n\n\n<p>\u201cLas decisiones se tomaron sin escuchar a la gente, con prepotencia, sin consultar a quienes viven all\u00ed, sin considerar las consecuencias reales sobre su calidad de vida\u201d, sostuvo.<\/p>\n\n\n\n<p>Indic\u00f3 adem\u00e1s que la obra que se pretende entregar no corresponde al dise\u00f1o original presentado a la poblaci\u00f3n, ya que se han realizado modificaciones que reducen su funcionalidad y eliminan soluciones clave para la conectividad.<\/p>\n\n\n\n<p>\u201cLo que debi\u00f3 ser una soluci\u00f3n vial hoy se ha convertido en un nuevo problema\u201d, expres\u00f3.<\/p>\n\n\n\n<p>Ante esta situaci\u00f3n, la Fuerza del Pueblo manifest\u00f3 su respaldo a las demandas de los comunitarios y exigi\u00f3 que la obra sea concluida conforme al dise\u00f1o original.<\/p>\n\n\n\n<p>\u201cNo se pueden eliminar las entradas hist\u00f3ricas de comunidades enteras sin ofrecer alternativas reales\u201d, afirm\u00f3 Germ\u00e1n.<\/p>\n\n\n\n<p>La organizaci\u00f3n tambi\u00e9n anunci\u00f3 que se pone a disposici\u00f3n para acompa\u00f1ar a las comunidades en posibles acciones legales ante instituciones como el Ministerio de Obras P\u00fablicas y Comunicaciones, la Direcci\u00f3n General de Contrataciones P\u00fablicas, la Contralor\u00eda General de la Rep\u00fablica y el Tribunal Superior Administrativo.<\/p>\n\n\n\n<p>Entre las demandas planteadas se incluyen la publicaci\u00f3n completa del proceso de licitaci\u00f3n; la presentaci\u00f3n de los planos y presupuestos originales y actualizados; la realizaci\u00f3n de una auditor\u00eda t\u00e9cnica y financiera; y la transparencia total en el uso de los recursos p\u00fablicos, incluyendo permisos municipales y estudios medioambientales.<\/p>\n\n\n\n<p>Al cierre del documento, la Fuerza del Pueblo hace un llamado a las autoridades a escuchar a las comunidades y corregir el proyecto.<\/p>\n\n\n\n<p>\u201cEscuchen a la gente. Corrijan el proyecto. Y garanticen una soluci\u00f3n real para Moca y sus comunidades. Porque el desarrollo no puede construirse a espaldas del pueblo\u201d, concluy\u00f3 el vocero.<\/p>\n","protected":false},"excerpt":{"rendered":"<p>Advierten que la obra supera los tres mil millones de pesos sin transparencia y exige corregir el proyecto para garantizar conectividad real La Direcci\u00f3n Provincial del partido Fuerza del Pueblo&hellip;<\/p>\n","protected":false},"author":10,"featured_media":129097,"comment_status":"open","ping_status":"open","sticky":false,"template":"","format":"standard","meta":{"content-type":"","jetpack_post_was_ever_published":false,"_jetpack_newsletter_access":"","_jetpack_dont_email_post_to_subs":false,"_jetpack_newsletter_tier_id":0,"_jetpack_memberships_contains_paywalled_content":false,"_jetpack_memberships_contains_paid_content":false,"footnotes":""},"categories":[16559,25],"tags":[32815,2880,4498,2030,32814],"class_list":["post-129096","post","type-post","status-publish","format-standard","has-post-thumbnail","hentry","category-politica","category-portada","tag-aislamientos","tag-comunidades","tag-fuerza-de-pueblo","tag-moca","tag-sobrecostos"],"jetpack_featured_media_url":"https:\/\/lasprimeras.com.do\/wp-content\/uploads\/2026\/04\/IMG-20260429-WA0917.jpg","jetpack-related-posts":[{"id":90502,"url":"https:\/\/lasprimeras.com.do\/index.php\/2024\/10\/22\/alcalde-de-cabral-bajo-fuego-por-supuesto-sobrecosto-en-compra-de-terrenos\/","url_meta":{"origin":129096,"position":0},"title":"Alcalde de Cabral bajo fuego por supuesto sobrecosto en compra de terrenos","author":"Nelson Feliz","date":"22 de octubre de 2024","format":false,"excerpt":"El alcalde de Cabral, Rolbik Urb\u00e1ez, enfrenta una fuerte pol\u00e9mica tras denuncias sobre un posible sobrecosto en la compra de terrenos para el municipio, lo que ha desatado inquietudes y cr\u00edticas sobre la transparencia de la transacci\u00f3n. En septiembre, Urb\u00e1ez solicit\u00f3 al Concejo de Regidores la aprobaci\u00f3n de un pr\u00e9stamo\u2026","rel":"","context":"En \u00abECONOM\u00cdA\u00bb","block_context":{"text":"ECONOM\u00cdA","link":"https:\/\/lasprimeras.com.do\/index.php\/category\/economia\/"},"img":{"alt_text":"","src":"https:\/\/i0.wp.com\/lasprimeras.com.do\/wp-content\/uploads\/2024\/10\/Rolbik-Urbaez.jpg?resize=350%2C200&ssl=1","width":350,"height":200,"srcset":"https:\/\/i0.wp.com\/lasprimeras.com.do\/wp-content\/uploads\/2024\/10\/Rolbik-Urbaez.jpg?resize=350%2C200&ssl=1 1x, https:\/\/i0.wp.com\/lasprimeras.com.do\/wp-content\/uploads\/2024\/10\/Rolbik-Urbaez.jpg?resize=525%2C300&ssl=1 1.5x, https:\/\/i0.wp.com\/lasprimeras.com.do\/wp-content\/uploads\/2024\/10\/Rolbik-Urbaez.jpg?resize=700%2C400&ssl=1 2x"},"classes":[]},{"id":106989,"url":"https:\/\/lasprimeras.com.do\/index.php\/2025\/08\/21\/el-pld-tiene-asamblea-provincial-este-domingo-en-moca\/","url_meta":{"origin":129096,"position":1},"title":"El PLD tiene Asamblea Provincial este domingo en Moca","author":"Nelson Feliz","date":"21 de agosto de 2025","format":false,"excerpt":"Danilo Medina estar\u00e1 este domingo En Moca, Espaillat, junto al secretario general del PLD, Johnny Pujols encabezando la asamblea provincial de su Partido. El Partido de la Liberaci\u00f3n Dominicana (PLD) tiene programado para este domingo la asamblea de sus dirigentes en la provincia Espaillat, la que ser\u00e1 encabezada por el\u2026","rel":"","context":"En \u00abPOLITICA\u00bb","block_context":{"text":"POLITICA","link":"https:\/\/lasprimeras.com.do\/index.php\/category\/politica\/"},"img":{"alt_text":"","src":"https:\/\/i0.wp.com\/lasprimeras.com.do\/wp-content\/uploads\/2025\/08\/DM-en-mao.jpg?resize=350%2C200&ssl=1","width":350,"height":200,"srcset":"https:\/\/i0.wp.com\/lasprimeras.com.do\/wp-content\/uploads\/2025\/08\/DM-en-mao.jpg?resize=350%2C200&ssl=1 1x, https:\/\/i0.wp.com\/lasprimeras.com.do\/wp-content\/uploads\/2025\/08\/DM-en-mao.jpg?resize=525%2C300&ssl=1 1.5x, https:\/\/i0.wp.com\/lasprimeras.com.do\/wp-content\/uploads\/2025\/08\/DM-en-mao.jpg?resize=700%2C400&ssl=1 2x"},"classes":[]},{"id":94554,"url":"https:\/\/lasprimeras.com.do\/index.php\/2025\/03\/02\/denuncia-de-los-peregrinos-de-moca-laboratorios-arrojan-desechos-medicos-en-la-via-publica\/","url_meta":{"origin":129096,"position":2},"title":"Denuncia de los Peregrinos de Moca: Laboratorios arrojan desechos m\u00e9dicos en la v\u00eda p\u00fablica","author":"Nelson Feliz","date":"2 de marzo de 2025","format":false,"excerpt":"El movimiento Los Peregrinos de Moca ha realizado un llamado urgente al director provincial de salud, Dr. Jerez, para que investigue la preocupante situaci\u00f3n de algunos laboratorios de la ciudad, los cuales estar\u00edan desechando muestras m\u00e9dicas en la v\u00eda p\u00fablica, poniendo en riesgo la salud de la poblaci\u00f3n. En un\u2026","rel":"","context":"En \u00abNACIONALES\u00bb","block_context":{"text":"NACIONALES","link":"https:\/\/lasprimeras.com.do\/index.php\/category\/nacionales\/"},"img":{"alt_text":"","src":"","width":0,"height":0},"classes":[]},{"id":107305,"url":"https:\/\/lasprimeras.com.do\/index.php\/2025\/08\/25\/movimiento-popular-convoca-velatorio-contra-edenorte-apagones-y-alzas-en-tarifas-electricas-en-moca\/","url_meta":{"origin":129096,"position":3},"title":"Movimiento Popular convoca velatorio contra Edenorte, apagones y alzas en tarifas el\u00e9ctricas en Moca","author":"Nelson Feliz","date":"25 de agosto de 2025","format":false,"excerpt":"El pr\u00f3ximo martes 26, a las 10:00 de la ma\u00f1ana, se llevar\u00e1 a cabo una manifestaci\u00f3n simb\u00f3lica denominada \u201cVelatorio de Edenorte, por los prolongados apagones y los aumentos de las tarifas el\u00e9ctricas\u201d, frente a las oficinas de Edenorte en Moca. La actividad es organizada por el Movimiento Popular Los Peregrinos\u2026","rel":"","context":"En \u00abNACIONALES\u00bb","block_context":{"text":"NACIONALES","link":"https:\/\/lasprimeras.com.do\/index.php\/category\/nacionales\/"},"img":{"alt_text":"","src":"https:\/\/i0.wp.com\/lasprimeras.com.do\/wp-content\/uploads\/2025\/08\/velas.jpg?resize=350%2C200&ssl=1","width":350,"height":200,"srcset":"https:\/\/i0.wp.com\/lasprimeras.com.do\/wp-content\/uploads\/2025\/08\/velas.jpg?resize=350%2C200&ssl=1 1x, https:\/\/i0.wp.com\/lasprimeras.com.do\/wp-content\/uploads\/2025\/08\/velas.jpg?resize=525%2C300&ssl=1 1.5x"},"classes":[]},{"id":123095,"url":"https:\/\/lasprimeras.com.do\/index.php\/2026\/02\/25\/carlos-gomez-presenta-en-moca-la-nueva-franquicia-heroes-de-moca-equipo-que-representara-a-espaillat-en-la-lnb\/","url_meta":{"origin":129096,"position":4},"title":"Carlos G\u00f3mez presenta en Moca la nueva franquicia \u201cH\u00e9roes de Moca\u201d, equipo que representar\u00e1 a Espaillat en la LNB","author":"Nelson Feliz","date":"25 de febrero de 2026","format":false,"excerpt":"Por: Nicol\u00e1s Grull\u00f3n Ubinas El empresario y pol\u00edtico Carlos G\u00f3mez present\u00f3 oficialmente en Moca la nueva franquicia de la Liga Nacional de Baloncesto (LNB), denominada H\u00e9roes de Moca, equipo que representar\u00e1 con orgullo a la provincia Espaillat en el principal escenario del baloncesto profesional dominicano. Durante la rueda de prensa\u2026","rel":"","context":"En \u00abDEPORTES\u00bb","block_context":{"text":"DEPORTES","link":"https:\/\/lasprimeras.com.do\/index.php\/category\/deportes\/"},"img":{"alt_text":"","src":"https:\/\/i0.wp.com\/lasprimeras.com.do\/wp-content\/uploads\/2026\/02\/Carlos-Gomez.jpg?resize=350%2C200&ssl=1","width":350,"height":200,"srcset":"https:\/\/i0.wp.com\/lasprimeras.com.do\/wp-content\/uploads\/2026\/02\/Carlos-Gomez.jpg?resize=350%2C200&ssl=1 1x, https:\/\/i0.wp.com\/lasprimeras.com.do\/wp-content\/uploads\/2026\/02\/Carlos-Gomez.jpg?resize=525%2C300&ssl=1 1.5x, https:\/\/i0.wp.com\/lasprimeras.com.do\/wp-content\/uploads\/2026\/02\/Carlos-Gomez.jpg?resize=700%2C400&ssl=1 2x"},"classes":[]},{"id":107629,"url":"https:\/\/lasprimeras.com.do\/index.php\/2025\/08\/28\/danilo-medina-reafirma-los-simbolos-historicos-del-pld\/","url_meta":{"origin":129096,"position":5},"title":"Danilo Medina reafirma los s\u00edmbolos hist\u00f3ricos del PLD","author":"Nelson Feliz","date":"28 de agosto de 2025","format":false,"excerpt":"Danilo Medina: \u201cSolo existe un Partido de la Liberaci\u00f3n Dominicana, es el de la bandera morada con la estrella amarilla y las siglas PLD\u201d. \u201cSolo existe un Partido de la Liberaci\u00f3n Dominicana, es el de la bandera morada con la estrella amarilla y las siglas PLD\u201d, la aseveraci\u00f3n es del\u2026","rel":"","context":"En \u00abPOLITICA\u00bb","block_context":{"text":"POLITICA","link":"https:\/\/lasprimeras.com.do\/index.php\/category\/politica\/"},"img":{"alt_text":"","src":"https:\/\/i0.wp.com\/lasprimeras.com.do\/wp-content\/uploads\/2025\/08\/Danilo-en-Moca.jpg?resize=350%2C200&ssl=1","width":350,"height":200,"srcset":"https:\/\/i0.wp.com\/lasprimeras.com.do\/wp-content\/uploads\/2025\/08\/Danilo-en-Moca.jpg?resize=350%2C200&ssl=1 1x, https:\/\/i0.wp.com\/lasprimeras.com.do\/wp-content\/uploads\/2025\/08\/Danilo-en-Moca.jpg?resize=525%2C300&ssl=1 1.5x, https:\/\/i0.wp.com\/lasprimeras.com.do\/wp-content\/uploads\/2025\/08\/Danilo-en-Moca.jpg?resize=700%2C400&ssl=1 2x"},"classes":[]}],"jetpack_sharing_enabled":true,"_links":{"self":[{"href":"https:\/\/lasprimeras.com.do\/index.php\/wp-json\/wp\/v2\/posts\/129096","targetHints":{"allow":["GET"]}}],"collection":[{"href":"https:\/\/lasprimeras.com.do\/index.php\/wp-json\/wp\/v2\/posts"}],"about":[{"href":"https:\/\/lasprimeras.com.do\/index.php\/wp-json\/wp\/v2\/types\/post"}],"author":[{"embeddable":true,"href":"https:\/\/lasprimeras.com.do\/index.php\/wp-json\/wp\/v2\/users\/10"}],"replies":[{"embeddable":true,"href":"https:\/\/lasprimeras.com.do\/index.php\/wp-json\/wp\/v2\/comments?post=129096"}],"version-history":[{"count":1,"href":"https:\/\/lasprimeras.com.do\/index.php\/wp-json\/wp\/v2\/posts\/129096\/revisions"}],"predecessor-version":[{"id":129098,"href":"https:\/\/lasprimeras.com.do\/index.php\/wp-json\/wp\/v2\/posts\/129096\/revisions\/129098"}],"wp:featuredmedia":[{"embeddable":true,"href":"https:\/\/lasprimeras.com.do\/index.php\/wp-json\/wp\/v2\/media\/129097"}],"wp:attachment":[{"href":"https:\/\/lasprimeras.com.do\/index.php\/wp-json\/wp\/v2\/media?parent=129096"}],"wp:term":[{"taxonomy":"category","embeddable":true,"href":"https:\/\/lasprimeras.com.do\/index.php\/wp-json\/wp\/v2\/categories?post=129096"},{"taxonomy":"post_tag","embeddable":true,"href":"https:\/\/lasprimeras.com.do\/index.php\/wp-json\/wp\/v2\/tags?post=129096"}],"curies":[{"name":"wp","href":"https:\/\/api.w.org\/{rel}","templated":true}]}}