{"id":129100,"date":"2026-04-29T19:51:30","date_gmt":"2026-04-29T23:51:30","guid":{"rendered":"https:\/\/lasprimeras.com.do\/?p=129100"},"modified":"2026-04-29T19:51:33","modified_gmt":"2026-04-29T23:51:33","slug":"ee-uu-acusan-a-gobernador-mexicano-de-narcotrafico","status":"publish","type":"post","link":"https:\/\/lasprimeras.com.do\/index.php\/2026\/04\/29\/ee-uu-acusan-a-gobernador-mexicano-de-narcotrafico\/","title":{"rendered":"EE. UU.: Acusan a gobernador mexicano de narcotr\u00e1fico"},"content":{"rendered":"\n<p>NUEVA YORK (AP) \u2014 El gobernador del estado de Sinaloa, Rub\u00e9n Rocha Moya, y otros nueve funcionarios mexicanos activos y retirados fueron se\u00f1alados de tr\u00e1fico de drogas y tenencia il\u00edcita de armas en una acusaci\u00f3n formal que se hizo p\u00fablica el mi\u00e9rcoles en Nueva York en la que se los se\u00f1ala de haber colaborado en el env\u00edo masivo de estupefacientes il\u00edcitos a Estados Unidos.<\/p>\n\n\n\n<p>Los cargos se dieron a conocer en un comunicado de prensa emitido por las autoridades federales. Ninguno de los acusados se encontraba detenido.<\/p>\n\n\n\n<p>Los acusados ante el tribunal federal de Manhattan son funcionarios y exfuncionarios del gobierno local o de las fuerzas policiales de Sinaloa, entre ellos el pol\u00edtico oficialista Rocha Moya, quien gobierna el violento estado de Sinaloa desde noviembre de 2021.<\/p>\n\n\n\n<p>Las autoridades afirmaron que los acusados han desempe\u00f1ado un papel fundamental a la hora de ayudar al Cartel de Sinaloa a introducir fentanilo, hero\u00edna, coca\u00edna y metanfetamina desde M\u00e9xico a Estados Unidos.<\/p>\n\n\n\n<p>El Cartel de Sinaloa es uno de los ocho grupos delictivos latinoamericanos designados como organizaciones terroristas por Estados Unidos.<\/p>\n\n\n\n<p>El fiscal federal Jay Clayton calific\u00f3 al C\u00e1rtel de Sinaloa como \u201cuna organizaci\u00f3n criminal despiadada que ha inundado esta comunidad con drogas peligrosas durante d\u00e9cadas\u201d.<\/p>\n\n\n\n<p>A\u00f1adi\u00f3 que el c\u00e1rtel y otras organizaciones de narcotr\u00e1fico \u201cno operar\u00edan con tanta libertad ni \u00e9xito sin pol\u00edticos y funcionarios de las fuerzas del orden corruptos\u201d.<\/p>\n\n\n\n<p>La acusaci\u00f3n \u201cpone de manifiesto un esfuerzo deliberado por socavar las instituciones p\u00fablicas y poner en peligro la vida de los estadounidenses\u201d, afirm\u00f3 Terrance Cole, director de la agencia antidrogas (DEA, por sus siglas en ingl\u00e9s).<\/p>\n\n\n\n<p>Los funcionarios acusados \u201caprovecharon sus cargos de confianza para proteger las operaciones de los c\u00e1rteles, facilitando as\u00ed el tr\u00e1fico de drogas letales hacia nuestro pa\u00eds\u201d.<\/p>\n\n\n\n<p>Entre los acusados hay al menos tres funcionarios \u2014Rocha, el gobernador, el alcalde de la capital de Sinaloa y un senador\u2014 que est\u00e1n afiliados al partido Movimiento de Regeneraci\u00f3n Nacional (Morena) de la presidenta mexicana Claudia Sheinbaum. Otros funcionarios ocupaban cargos no vinculados a ning\u00fan partido mexicano.<\/p>\n\n\n\n<p>Tras el anuncio del proceso, la Secretar\u00eda de Relaciones Exteriores de M\u00e9xico dijo en un comunicado que la tarde del martes hab\u00eda recibido solicitudes de extradici\u00f3n de diversas personas de parte de Estados Unidos, pero no ofreci\u00f3 detalles.<\/p>\n\n\n\n<p>La canciller\u00eda indic\u00f3 que de acuerdo con la ley vigente sobre extradici\u00f3n se envi\u00f3 la informaci\u00f3n a la Fiscal\u00eda General de la Rep\u00fablica para que eval\u00fae las solicitudes.<\/p>\n\n\n\n<p>En el comunicado se refiri\u00f3 que la documentaci\u00f3n recibida por parte de la embajada de Estados Unidos, que ya fue revisada por la canciller\u00eda, \u201cno cuenta con elementos de prueba para poder determinar la responsabilidad de las personas de las cuales se solicita la detenci\u00f3n provisional con fines de extradici\u00f3n\u201d.<\/p>\n\n\n\n<p>La Secretar\u00eda de Relaciones Exteriores inform\u00f3 que enviar\u00e1 a la embajada estadounidense una nota de \u201cextra\u00f1amiento\u201d debido a que \u201cen los tratados vigentes hay provisiones espec\u00edficas que establecen la confidencialidad de la informaci\u00f3n\u201d.<\/p>\n\n\n\n<p>Rocha Moya, de 76 a\u00f1os, rechaz\u00f3 de forma categ\u00f3rica las imputaciones en su contra y dijo en su cuenta de X que \u201ccarecen de veracidad y fundamento alguno\u201d. Agreg\u00f3 que \u201cas\u00ed se demostrar\u00e1, con toda contundencia, en el momento oportuno\u201d.<\/p>\n\n\n\n<p>El gobernador, que fue un firme aliado del expresidente Andr\u00e9s Manuel L\u00f3pez Obrador (2018-2024) y de su pol\u00edtica de no confrontaci\u00f3n directa con los c\u00e1rteles de la droga, sostuvo que el ataque no es s\u00f3lo contra su persona sino contra el movimiento pol\u00edtico oficialista y sus liderazgos, y se inscribe en \u201cuna perversa estrategia para violentar el orden constitucional\u201d y la soberan\u00eda de M\u00e9xico.<\/p>\n\n\n\n<p>La Embajada de Estados Unidos en M\u00e9xico expres\u00f3 en un comunicado que tom\u00f3 nota de los cargos penales contra el gobernador y otras personas, e indic\u00f3 que aunque no se pueden pronunciar sobre los hechos imputados, aclar\u00f3 que \u201cla corrupci\u00f3n que facilita el crimen organizado y perjudica a ambos pa\u00edses ser\u00e1 investigada y procesada en todos los casos en que aplique la jurisdicci\u00f3n\u201d estadounidense.<\/p>\n\n\n\n<p>\u201cLos Estados Unidos continuar\u00e1n trabajando en estrecha coordinaci\u00f3n con las autoridades de M\u00e9xico para impulsar la rendici\u00f3n de cuentas, fortalecer las instituciones y promover la seguridad\u201d, refiere el comunicado que difundi\u00f3 en su cuenta de X el embajador estadounidense en M\u00e9xico, Ronald Johnson, en el que se ratific\u00f3 el compromiso por \u201cuna relaci\u00f3n basada en la confianza mutua, la responsabilidad compartida, y el Estado de derecho\u201d.<\/p>\n\n\n\n<p>Las acusaciones se producen despu\u00e9s de que Johnson declar\u00f3 la semana pasada que el gobierno estadounidense pondr\u00eda en marcha una campa\u00f1a anticorrupci\u00f3n dirigida contra funcionarios mexicanos que, seg\u00fan \u00e9l, estaban vinculados al crimen organizado.<\/p>\n\n\n\n<p>\u201cLa corrupci\u00f3n no solo frena el progreso, lo distorsiona. Eleva costos, debilita la competencia y erosiona la confianza de la que dependen los mercados\u201d, sostuvo el diplom\u00e1tico, y agreg\u00f3 que \u201cel sector privado necesita certeza, seguridad y un entorno libre de corrupci\u00f3n\u201d.<\/p>\n\n\n\n<p>Ante las versiones de prensa de que los comentarios de Johnson formar\u00edan parte de un plan de Estados Unidos contra funcionarios mexicanos, Sheinbaum dijo el lunes en su conferencia matutina que \u201csi hay una investigaci\u00f3n de alguna fiscal\u00eda a alg\u00fan servidor p\u00fablico en M\u00e9xico, lo que tiene que haber es pruebas claras y evidencias claras\u201d.<\/p>\n\n\n\n<p>Los fiscales estadounidenses presentaron anteriormente cargos por tr\u00e1fico de drogas contra un ex miembro del gabinete mexicano, Genaro Garc\u00eda Luna, acusado de aceptar sobornos para ayudar al Cartel de Sinaloa mientras luchaba contra la organizaci\u00f3n cuando dirig\u00eda la Secretar\u00eda de Seguridad federal. Garc\u00eda Luna fue declarado culpable en 2023 y condenado a m\u00e1s de 38 a\u00f1os de prisi\u00f3n. \u00c9l neg\u00f3 las acusaciones y est\u00e1 apelando su condena.<\/p>\n","protected":false},"excerpt":{"rendered":"<p>NUEVA YORK (AP) \u2014 El gobernador del estado de Sinaloa, Rub\u00e9n Rocha Moya, y otros nueve funcionarios mexicanos activos y retirados fueron se\u00f1alados de tr\u00e1fico de drogas y tenencia il\u00edcita&hellip;<\/p>\n","protected":false},"author":10,"featured_media":129101,"comment_status":"open","ping_status":"open","sticky":false,"template":"","format":"standard","meta":{"content-type":"","jetpack_post_was_ever_published":false,"_jetpack_newsletter_access":"","_jetpack_dont_email_post_to_subs":false,"_jetpack_newsletter_tier_id":0,"_jetpack_memberships_contains_paywalled_content":false,"_jetpack_memberships_contains_paid_content":false,"footnotes":""},"categories":[16289],"tags":[5970,979,170,4640,32817,7800,32816,15022],"class_list":["post-129100","post","type-post","status-publish","format-standard","has-post-thumbnail","hentry","category-internacionales","tag-drogas","tag-eeuu","tag-funcionarios","tag-gobernador","tag-grandes-cantidades","tag-mexicano","tag-ruben-rocha-moya","tag-traficar"],"jetpack_featured_media_url":"https:\/\/lasprimeras.com.do\/wp-content\/uploads\/2026\/04\/Ruben-Rocha-Moya.jpg","jetpack-related-posts":[{"id":86469,"url":"https:\/\/lasprimeras.com.do\/index.php\/2024\/07\/25\/ee-uu-arresta-a-2-lideres-del-cartel-de-sinaloa-en-mexico-el-mayo-zambada-e-hijo-de-el-chapo\/","url_meta":{"origin":129100,"position":0},"title":"EE.UU. arresta a 2 l\u00edderes del cartel de Sinaloa en M\u00e9xico: &#8216;El Mayo&#8217; Zambada e hijo de &#8216;El Chapo&#8217;","author":"Nelson Feliz","date":"25 de julio de 2024","format":false,"excerpt":"POR ALANNA DURKIN RICHER, MAR\u00cdA VERZA Y CHRISTOPHER SHERMAN WASHINGTON (AP) \u2014 Ismael \u201cEl Mayo\u201d Zambada, antiguo l\u00edder del c\u00e1rtel de Sinaloa de M\u00e9xico, y Joaqu\u00edn Guzm\u00e1n L\u00f3pez, hijo de otro infame l\u00edder del c\u00e1rtel, fueron arrestados por autoridades estadounidenses en Texas el jueves, dijo el Departamento de Justicia de\u2026","rel":"","context":"En \u00abSin categor\u00eda\u00bb","block_context":{"text":"Sin categor\u00eda","link":"https:\/\/lasprimeras.com.do\/index.php\/category\/sin-categoria\/"},"img":{"alt_text":"","src":"https:\/\/i0.wp.com\/lasprimeras.com.do\/wp-content\/uploads\/2024\/07\/CHAPITO.png?resize=350%2C200&ssl=1","width":350,"height":200},"classes":[]},{"id":72401,"url":"https:\/\/lasprimeras.com.do\/index.php\/2023\/12\/29\/un-tribunal-rechaza-que-se-revise-la-condena-al-chapo-en-ee-uu\/","url_meta":{"origin":129100,"position":1},"title":"Un tribunal rechaza que se revise la condena al Chapo en EE.UU","author":"BIMARY DE JES\u00daS Matos","date":"29 de diciembre de 2023","format":false,"excerpt":"M\u00e9xico .-El mexicano Joaqu\u00edn \u2018el Chapo\u2019 Guzm\u00e1n Loera, quien fue el narcotraficante m\u00e1s buscado por Estados Unidos, sufri\u00f3 otro rev\u00e9s judicial cuando un tribunal neg\u00f3 esta semana su reclamo para revisar su condena de cadena perpetua con miras a un nuevo juicio. El exl\u00edder del poderoso cartel de Sinaloa reclam\u00f3\u2026","rel":"","context":"En \u00abSin categor\u00eda\u00bb","block_context":{"text":"Sin categor\u00eda","link":"https:\/\/lasprimeras.com.do\/index.php\/category\/sin-categoria\/"},"img":{"alt_text":"","src":"https:\/\/i0.wp.com\/lasprimeras.com.do\/wp-content\/uploads\/2023\/12\/WhatsApp-Image-2023-12-28-at-10.42.13-PM-5.jpeg?resize=350%2C200&ssl=1","width":350,"height":200,"srcset":"https:\/\/i0.wp.com\/lasprimeras.com.do\/wp-content\/uploads\/2023\/12\/WhatsApp-Image-2023-12-28-at-10.42.13-PM-5.jpeg?resize=350%2C200&ssl=1 1x, https:\/\/i0.wp.com\/lasprimeras.com.do\/wp-content\/uploads\/2023\/12\/WhatsApp-Image-2023-12-28-at-10.42.13-PM-5.jpeg?resize=525%2C300&ssl=1 1.5x"},"classes":[]},{"id":69529,"url":"https:\/\/lasprimeras.com.do\/index.php\/2023\/12\/04\/arrestan-en-ee-uu-manuel-rocha-acusado-de-espia-del-gobierno-de-cuba\/","url_meta":{"origin":129100,"position":2},"title":"Arrestan en EE.UU Manuel Rocha acusado de esp\u00eda del gobierno de Cuba","author":"Nelson Feliz","date":"4 de diciembre de 2023","format":false,"excerpt":"Fue diplom\u00e1tico de EE.UU en Cuba, en la oficina llamada Secci\u00f3n de Intereses de Estados Unidos en La Habana, cuando todav\u00eda no se hab\u00edan restablecido las relaciones entre los dos gobiernos.Manuel Rocha, que fue jefe de Barrick Pueblo Viejo. Un ex diplom\u00e1tico estadounidense que sirvi\u00f3 como embajador de Estados Unidos\u2026","rel":"","context":"En \u00abSin categor\u00eda\u00bb","block_context":{"text":"Sin categor\u00eda","link":"https:\/\/lasprimeras.com.do\/index.php\/category\/sin-categoria\/"},"img":{"alt_text":"Manuel Rocha","src":"https:\/\/i0.wp.com\/lasprimeras.com.do\/wp-content\/uploads\/2023\/12\/Manuel-Rocha.jpg?resize=350%2C200&ssl=1","width":350,"height":200,"srcset":"https:\/\/i0.wp.com\/lasprimeras.com.do\/wp-content\/uploads\/2023\/12\/Manuel-Rocha.jpg?resize=350%2C200&ssl=1 1x, https:\/\/i0.wp.com\/lasprimeras.com.do\/wp-content\/uploads\/2023\/12\/Manuel-Rocha.jpg?resize=525%2C300&ssl=1 1.5x, https:\/\/i0.wp.com\/lasprimeras.com.do\/wp-content\/uploads\/2023\/12\/Manuel-Rocha.jpg?resize=700%2C400&ssl=1 2x"},"classes":[]},{"id":90297,"url":"https:\/\/lasprimeras.com.do\/index.php\/2024\/10\/18\/la-sip-condena-el-ataque-al-diario-mexicano-el-debate-y-pide-justicia-a-las-autoridades\/","url_meta":{"origin":129100,"position":3},"title":"La SIP condena el ataque al diario mexicano El Debate y pide justicia a las autoridades","author":"Nelson Feliz","date":"18 de octubre de 2024","format":false,"excerpt":"C\u00f3rdoba (Argentina), (EFE).- La Sociedad Interamericana de Prensa (SIP) conden\u00f3 este viernes el ataque a balazos contra la sede del peri\u00f3dico mexicano El Debate, en su sede de Culiac\u00e1n, capital del estado de Sinaloa. La organizaci\u00f3n dedicada a la defensa y promoci\u00f3n de la libertad de prensa y de expresi\u00f3n\u2026","rel":"","context":"En \u00abSin categor\u00eda\u00bb","block_context":{"text":"Sin categor\u00eda","link":"https:\/\/lasprimeras.com.do\/index.php\/category\/sin-categoria\/"},"img":{"alt_text":"","src":"https:\/\/i0.wp.com\/lasprimeras.com.do\/wp-content\/uploads\/2024\/10\/SIP.jpg?resize=350%2C200&ssl=1","width":350,"height":200,"srcset":"https:\/\/i0.wp.com\/lasprimeras.com.do\/wp-content\/uploads\/2024\/10\/SIP.jpg?resize=350%2C200&ssl=1 1x, https:\/\/i0.wp.com\/lasprimeras.com.do\/wp-content\/uploads\/2024\/10\/SIP.jpg?resize=525%2C300&ssl=1 1.5x, https:\/\/i0.wp.com\/lasprimeras.com.do\/wp-content\/uploads\/2024\/10\/SIP.jpg?resize=700%2C400&ssl=1 2x"},"classes":[]},{"id":94929,"url":"https:\/\/lasprimeras.com.do\/index.php\/2025\/03\/07\/solo-20-apoya-al-alcalde-de-nueva-york-trump-es-mas-popular-que-adams-tras-pacto-entre-ambos\/","url_meta":{"origin":129100,"position":4},"title":"S\u00f3lo 20% apoya al alcalde de Nueva York: Trump es m\u00e1s popular que Adams tras \u201cpacto\u201d entre ambos","author":"Nelson Feliz","date":"7 de marzo de 2025","format":false,"excerpt":"En un m\u00ednimo hist\u00f3rico, s\u00f3lo 20% de los votantes de NYC apoyan al alcalde, incluso por debajo de Trump (30%), seg\u00fan una encuesta tras el supuesto pacto de ambos. Por Andr\u00e9s Correa Apenas 20% de los votantes de la ciudad de Nueva York aprueba el trabajo que est\u00e1 haciendo el\u2026","rel":"","context":"En \u00abINTERNACIONALES\u00bb","block_context":{"text":"INTERNACIONALES","link":"https:\/\/lasprimeras.com.do\/index.php\/category\/sin-categoria\/internacionales\/"},"img":{"alt_text":"Eric Adams","src":"https:\/\/i0.wp.com\/lasprimeras.com.do\/wp-content\/uploads\/2025\/03\/Eric-Adams.png?resize=350%2C200&ssl=1","width":350,"height":200,"srcset":"https:\/\/i0.wp.com\/lasprimeras.com.do\/wp-content\/uploads\/2025\/03\/Eric-Adams.png?resize=350%2C200&ssl=1 1x, https:\/\/i0.wp.com\/lasprimeras.com.do\/wp-content\/uploads\/2025\/03\/Eric-Adams.png?resize=525%2C300&ssl=1 1.5x, https:\/\/i0.wp.com\/lasprimeras.com.do\/wp-content\/uploads\/2025\/03\/Eric-Adams.png?resize=700%2C400&ssl=1 2x"},"classes":[]},{"id":94594,"url":"https:\/\/lasprimeras.com.do\/index.php\/2025\/03\/03\/la-ciudad-en-liza-entre-facciones-del-cartel-de-sinaloa-esperanzada-ante-las-presiones-de-trump\/","url_meta":{"origin":129100,"position":5},"title":"La ciudad en liza entre facciones del C\u00e1rtel de Sinaloa, esperanzada ante las presiones de Trump","author":"Nelson Feliz","date":"3 de marzo de 2025","format":false,"excerpt":"POR MAR\u00cdA VERZA CULIAC\u00c1N, M\u00e9xico (AP) \u2014 Antes del amanecer, el director de una primaria de la capital de Sinaloa revisa su celular en busca de balaceras o incidentes, eval\u00faa la situaci\u00f3n y, si hay peligro, manda un mensaje a los padres para suspender las clases.cu No es la \u00fanica\u2026","rel":"","context":"En \u00abINTERNACIONALES\u00bb","block_context":{"text":"INTERNACIONALES","link":"https:\/\/lasprimeras.com.do\/index.php\/category\/sin-categoria\/internacionales\/"},"img":{"alt_text":"","src":"https:\/\/i0.wp.com\/lasprimeras.com.do\/wp-content\/uploads\/2025\/03\/cartel.png?resize=350%2C200&ssl=1","width":350,"height":200,"srcset":"https:\/\/i0.wp.com\/lasprimeras.com.do\/wp-content\/uploads\/2025\/03\/cartel.png?resize=350%2C200&ssl=1 1x, https:\/\/i0.wp.com\/lasprimeras.com.do\/wp-content\/uploads\/2025\/03\/cartel.png?resize=525%2C300&ssl=1 1.5x, https:\/\/i0.wp.com\/lasprimeras.com.do\/wp-content\/uploads\/2025\/03\/cartel.png?resize=700%2C400&ssl=1 2x"},"classes":[]}],"jetpack_sharing_enabled":true,"_links":{"self":[{"href":"https:\/\/lasprimeras.com.do\/index.php\/wp-json\/wp\/v2\/posts\/129100","targetHints":{"allow":["GET"]}}],"collection":[{"href":"https:\/\/lasprimeras.com.do\/index.php\/wp-json\/wp\/v2\/posts"}],"about":[{"href":"https:\/\/lasprimeras.com.do\/index.php\/wp-json\/wp\/v2\/types\/post"}],"author":[{"embeddable":true,"href":"https:\/\/lasprimeras.com.do\/index.php\/wp-json\/wp\/v2\/users\/10"}],"replies":[{"embeddable":true,"href":"https:\/\/lasprimeras.com.do\/index.php\/wp-json\/wp\/v2\/comments?post=129100"}],"version-history":[{"count":1,"href":"https:\/\/lasprimeras.com.do\/index.php\/wp-json\/wp\/v2\/posts\/129100\/revisions"}],"predecessor-version":[{"id":129102,"href":"https:\/\/lasprimeras.com.do\/index.php\/wp-json\/wp\/v2\/posts\/129100\/revisions\/129102"}],"wp:featuredmedia":[{"embeddable":true,"href":"https:\/\/lasprimeras.com.do\/index.php\/wp-json\/wp\/v2\/media\/129101"}],"wp:attachment":[{"href":"https:\/\/lasprimeras.com.do\/index.php\/wp-json\/wp\/v2\/media?parent=129100"}],"wp:term":[{"taxonomy":"category","embeddable":true,"href":"https:\/\/lasprimeras.com.do\/index.php\/wp-json\/wp\/v2\/categories?post=129100"},{"taxonomy":"post_tag","embeddable":true,"href":"https:\/\/lasprimeras.com.do\/index.php\/wp-json\/wp\/v2\/tags?post=129100"}],"curies":[{"name":"wp","href":"https:\/\/api.w.org\/{rel}","templated":true}]}}