{"id":129103,"date":"2026-04-29T20:39:25","date_gmt":"2026-04-30T00:39:25","guid":{"rendered":"https:\/\/lasprimeras.com.do\/?p=129103"},"modified":"2026-04-29T20:39:27","modified_gmt":"2026-04-30T00:39:27","slug":"el-uranio-enriquecido-irani-podria-seguir-en-isfahan-dice-a-la-ap-el-jefe-nuclear-de-la-onu","status":"publish","type":"post","link":"https:\/\/lasprimeras.com.do\/index.php\/2026\/04\/29\/el-uranio-enriquecido-irani-podria-seguir-en-isfahan-dice-a-la-ap-el-jefe-nuclear-de-la-onu\/","title":{"rendered":"El uranio enriquecido iran\u00ed podr\u00eda seguir en Isfah\u00e1n, dice a la AP el jefe nuclear de la ONU"},"content":{"rendered":"\n<p>POR EDITH M. LEDERER<\/p>\n\n\n\n<p>NACIONES UNIDAS (AP) \u2014 La mayor parte del uranio altamente enriquecido de Ir\u00e1n probablemente sigue en su complejo nuclear de Isfah\u00e1n, bombardeado por ataques a\u00e9reos el a\u00f1o pasado y que ha afrontado ofensivas menos intensas en la guerra de este a\u00f1o con Estados Unidos e Israel, dijo a The Associated Press el jefe del organismo nuclear de la ONU.<\/p>\n\n\n\n<p>Rafael Grossi dijo el martes en una entrevista que el Organismo Internacional de Energ\u00eda At\u00f3mica (OIEA) cuenta con im\u00e1genes satelitales que muestran los efectos de los m\u00e1s recientes ataques a\u00e9reos de Estados Unidos e Israel contra Ir\u00e1n y que \u201cseguimos recibiendo informaci\u00f3n\u201d.<\/p>\n\n\n\n<p>Las inspecciones del OIEA terminaron en Isfah\u00e1n cuando Israel lanz\u00f3 en junio una guerra de 12 d\u00edas en la que Estados Unidos bombarde\u00f3 tres instalaciones nucleares iran\u00edes.<\/p>\n\n\n\n<p>El organismo de vigilancia nuclear de la ONU cree que un gran porcentaje del uranio altamente enriquecido de Ir\u00e1n \u201cestaba almacenado all\u00ed en junio de 2025 cuando estall\u00f3 la guerra de 12 d\u00edas, y ha estado all\u00ed desde entonces\u201d, se\u00f1al\u00f3 Grossi.<\/p>\n\n\n\n<p>\u201cNo hemos podido inspeccionar ni descartar que el material est\u00e9 en el sitio y que los sellos \u2014los sellos del OIEA\u2014 permanezcan all\u00ed\u201d, explic\u00f3. \u201cEspero que podamos hacerlo, as\u00ed que lo que le digo es nuestra mejor estimaci\u00f3n\u201d.<\/p>\n\n\n\n<p>Im\u00e1genes de un sat\u00e9lite de Airbus muestran un cami\u00f3n cargado con 18 contenedores azules entrando en un t\u00fanel del Centro de Tecnolog\u00eda Nuclear de Isfah\u00e1n el 9 de junio de 2025, justo antes de que comenzara la guerra del a\u00f1o pasado. Esos contenedores, que presuntamente contienen uranio altamente enriquecido, probablemente siguen all\u00ed.<\/p>\n\n\n\n<p>Deben inspeccionarse todas las instalaciones nucleares de Ir\u00e1n: Grossi<\/p>\n\n\n\n<p>El OIEA tambi\u00e9n quiere inspeccionar las instalaciones nucleares de Ir\u00e1n en Natanz y Fordo, donde tambi\u00e9n hay algo de material nuclear, a\u00f1adi\u00f3 el director general del OIEA.<\/p>\n\n\n\n<p>Ir\u00e1n forma parte del Tratado de No Proliferaci\u00f3n Nuclear, cuya revisi\u00f3n quinquenal est\u00e1 en curso en la sede de la ONU. En virtud de sus disposiciones, Ir\u00e1n est\u00e1 obligado a abrir sus instalaciones nucleares a la inspecci\u00f3n del OIEA, indic\u00f3 Grossi.<\/p>\n\n\n\n<p>Ir\u00e1n tiene 440,9 kilogramos (972 libras) de uranio enriquecido hasta una pureza del 60%, un corto paso t\u00e9cnico respecto de los niveles de grado armament\u00edstico del 90%, seg\u00fan el organismo. Grossi ha dicho que el OIEA piensa que unos 200 kilogramos (unas 440 libras) est\u00e1n almacenados en t\u00faneles del sitio de Isfah\u00e1n.<\/p>\n\n\n\n<p>Las reservas de uranio iran\u00ed podr\u00edan permitir que el pa\u00eds construya hasta 10 bombas nucleares, si decide convertir su programa en un arma, declar\u00f3 Grossi a la AP el a\u00f1o pasado.<\/p>\n\n\n\n<p>Teher\u00e1n ha insistido durante mucho tiempo en que su programa nuclear es pac\u00edfico. El presidente Donald Trump dijo que una de las principales razones por las que Estados Unidos fue a la guerra fue negar a Ir\u00e1n la capacidad de desarrollar armas nucleares, aun cuando ha insistido en que los ataques del verano pasado \u201caniquilaron\u201d el programa at\u00f3mico del pa\u00eds.<\/p>\n\n\n\n<p>Grossi se\u00f1al\u00f3 el mi\u00e9rcoles, en una conferencia de prensa de la ONU, que Ir\u00e1n declar\u00f3 una nueva instalaci\u00f3n de enriquecimiento de uranio en Isfah\u00e1n en junio y que los inspectores del OIEA ten\u00edan previsto visitarla el d\u00eda en que comenzaron los ataques.<\/p>\n\n\n\n<p>Indic\u00f3 que, al parecer, la instalaci\u00f3n no fue alcanzada en los ataques contra Isfah\u00e1n este a\u00f1o ni el pasado.<\/p>\n\n\n\n<p>El OIEA ha hablado con Rusia y otros de tomar el uranio altamente enriquecido de Ir\u00e1n<\/p>\n\n\n\n<p>Grossi dijo que el OIEA ha conversado con Rusia y otros pa\u00edses sobre la posibilidad de enviar el uranio altamente enriquecido de Ir\u00e1n fuera del pa\u00eds, una operaci\u00f3n compleja que requerir\u00eda un acuerdo pol\u00edtico o una gran operaci\u00f3n militar de Estados Unidos en territorio hostil.<\/p>\n\n\n\n<p>Trump dijo el mi\u00e9rcoles que el presidente ruso Vlad\u00edmir Putin renov\u00f3 su oferta de ayudar a Estados Unidos a gestionar el uranio enriquecido de Ir\u00e1n.<\/p>\n\n\n\n<p>El mandatario estadounidense afirm\u00f3 que le dijo a Putin que era m\u00e1s importante que el l\u00edder ruso \u201cse involucrara en poner fin a la guerra con Ucrania\u201d.<\/p>\n\n\n\n<p>Grossi, por su parte, se\u00f1al\u00f3 que \u201clo que ser\u00e1 importante es que ese material salga de Ir\u00e1n\u201d o que se mezcle para reducir su nivel de enriquecimiento.<\/p>\n\n\n\n<p>Afirm\u00f3 que el OIEA particip\u00f3 en conversaciones nucleares entre Estados Unidos e Ir\u00e1n en febrero, pero no ha formado parte de las recientes negociaciones de alto el fuego mediadas por Pakist\u00e1n. Indic\u00f3 que el organismo ha mantenido conversaciones por separado con Estados Unidos y de manera informal con Ir\u00e1n.<\/p>\n\n\n\n<p>Trump dijo a Axios el mi\u00e9rcoles que ha rechazado la propuesta m\u00e1s reciente de Ir\u00e1n, que ped\u00eda posponer las conversaciones sobre su programa nuclear y ofrec\u00eda poner fin a su control asfixiante sobre el estrecho de Ormuz, una ruta mar\u00edtima crucial para los env\u00edos de petr\u00f3leo y gas natural, si Estados Unidos levanta su bloqueo y pone fin a la guerra.<\/p>\n\n\n\n<p>Grossi dijo a los periodistas el mi\u00e9rcoles que, en 2015, Ir\u00e1n ten\u00eda un programa nuclear mucho m\u00e1s peque\u00f1o, con un tipo de centrifugadora, cuando acept\u00f3 limitar su programa nuclear en un acuerdo con seis grandes potencias. Trump retir\u00f3 a Estados Unidos del acuerdo en 2018.<\/p>\n\n\n\n<p>El jefe del OIEA dijo que las negociaciones ahora son \u201cun juego completamente distinto\u201d debido al \u201cprogreso exponencial\u201d de Ir\u00e1n no solo en el enriquecimiento de uranio, sino en el uso de la \u00faltima generaci\u00f3n de centrifugadoras, distintos compuestos y nuevas instalaciones.<\/p>\n\n\n\n<p>Un acuerdo entre Estados Unidos e Ir\u00e1n requerir\u00eda \u201cvoluntad pol\u00edtica\u201d<\/p>\n\n\n\n<p>Se necesitar\u00eda \u201cvoluntad pol\u00edtica\u201d de Teher\u00e1n para alcanzar un acuerdo, le dijo Grossi a la AP, subrayando que \u201cIr\u00e1n tiene que estar convencido de que es importante negociar\u201d.<\/p>\n\n\n\n<p>Los l\u00edderes de Ir\u00e1n afirman que est\u00e1n dispuestos a negociar y tambi\u00e9n lo est\u00e1 el presidente republicano de Estados Unidos, se\u00f1al\u00f3 Grossi, pero \u201cdonde aparece la frustraci\u00f3n, aparentemente para ambos, es que no parecen llegar a un acuerdo, o estar en el mismo nivel, sobre qu\u00e9 debe hacerse primero, o sobre la forma de hacerlo\u201d.<\/p>\n\n\n\n<p>Al describirse como un negociador al que le gusta ver un \u201cdestello de esperanza\u201d, Grossi observ\u00f3 que \u201calgo importante es que, aparentemente, ambas partes est\u00e1n interesadas en llegar a un acuerdo\u201d.<\/p>\n\n\n\n<p>Cuando se le pregunt\u00f3 sobre si cree que los iran\u00edes hablan en serio respecto de alcanzar un acuerdo, el secretario de Estado Marco Rubio dijo esta semana a Fox News Channel que son negociadores h\u00e1biles que buscan ganar tiempo y que cualquier acuerdo debe ser \u201cuno que definitivamente les impida lanzarse hacia un arma nuclear en cualquier momento\u201d.<\/p>\n","protected":false},"excerpt":{"rendered":"<p>POR EDITH M. LEDERER NACIONES UNIDAS (AP) \u2014 La mayor parte del uranio altamente enriquecido de Ir\u00e1n probablemente sigue en su complejo nuclear de Isfah\u00e1n, bombardeado por ataques a\u00e9reos el&hellip;<\/p>\n","protected":false},"author":10,"featured_media":129104,"comment_status":"open","ping_status":"open","sticky":false,"template":"","format":"standard","meta":{"content-type":"","jetpack_post_was_ever_published":false,"_jetpack_newsletter_access":"","_jetpack_dont_email_post_to_subs":false,"_jetpack_newsletter_tier_id":0,"_jetpack_memberships_contains_paywalled_content":false,"_jetpack_memberships_contains_paid_content":false,"footnotes":""},"categories":[16289],"tags":[32819,32818],"class_list":["post-129103","post","type-post","status-publish","format-standard","has-post-thumbnail","hentry","category-internacionales","tag-el-uranio-enriquecido-irani-podria-seguir-en-isfahan","tag-jefe-nuclear"],"jetpack_featured_media_url":"https:\/\/lasprimeras.com.do\/wp-content\/uploads\/2026\/04\/Rafael-Grossi.jpg","jetpack-related-posts":[{"id":115338,"url":"https:\/\/lasprimeras.com.do\/index.php\/2025\/11\/21\/iran-rechaza-resolucion-de-agencia-atomica-de-la-onu-y-amenaza-con-mas-represalias\/","url_meta":{"origin":129103,"position":0},"title":"Ir\u00e1n rechaza resoluci\u00f3n de agencia at\u00f3mica de la ONU y amenaza con m\u00e1s represalias","author":"Nelson Feliz","date":"21 de noviembre de 2025","format":false,"excerpt":"TEHER\u00c1N, Ir\u00e1n (AP) \u2014 El Ministerio de Exteriores de Ir\u00e1n calific\u00f3 una resoluci\u00f3n de la junta de gobernadores de la agencia de control at\u00f3mico de Naciones Unidas como \u201cantiiran\u00ed\u201d y amenaz\u00f3 con acciones de represalia no especificadas, report\u00f3 el viernes la prensa estatal. El Organismo Internacional de Energ\u00eda At\u00f3mica exigi\u00f3\u2026","rel":"","context":"En \u00abINTERNACIONALES\u00bb","block_context":{"text":"INTERNACIONALES","link":"https:\/\/lasprimeras.com.do\/index.php\/category\/sin-categoria\/internacionales\/"},"img":{"alt_text":"","src":"https:\/\/i0.wp.com\/lasprimeras.com.do\/wp-content\/uploads\/2025\/11\/La-bandera-de-Iran-ondea-delante-de-la-sede-del-Organismo-Internacional-de-Energia-Atomica-en-Viena.jpg?resize=350%2C200&ssl=1","width":350,"height":200,"srcset":"https:\/\/i0.wp.com\/lasprimeras.com.do\/wp-content\/uploads\/2025\/11\/La-bandera-de-Iran-ondea-delante-de-la-sede-del-Organismo-Internacional-de-Energia-Atomica-en-Viena.jpg?resize=350%2C200&ssl=1 1x, https:\/\/i0.wp.com\/lasprimeras.com.do\/wp-content\/uploads\/2025\/11\/La-bandera-de-Iran-ondea-delante-de-la-sede-del-Organismo-Internacional-de-Energia-Atomica-en-Viena.jpg?resize=525%2C300&ssl=1 1.5x, https:\/\/i0.wp.com\/lasprimeras.com.do\/wp-content\/uploads\/2025\/11\/La-bandera-de-Iran-ondea-delante-de-la-sede-del-Organismo-Internacional-de-Energia-Atomica-en-Viena.jpg?resize=700%2C400&ssl=1 2x"},"classes":[]},{"id":101510,"url":"https:\/\/lasprimeras.com.do\/index.php\/2025\/06\/23\/israel-golpea-objetivos-del-gobierno-irani-mientras-iran-lanza-mas-ataques-contra-israel\/","url_meta":{"origin":129103,"position":1},"title":"Israel golpea objetivos del gobierno iran\u00ed mientras Ir\u00e1n lanza m\u00e1s ataques contra Israel","author":"Nelson Feliz","date":"23 de junio de 2025","format":false,"excerpt":"POR DAVID RISING, JON GAMBRELL and ASSOCIATED PRESS DUB\u00c1I, Emiratos \u00c1rabes Unidos (AP) \u2014 Israel atac\u00f3 el lunes objetivos del gobierno iran\u00ed en Teher\u00e1n en una serie de ataques que siguieron a una andanada de misiles y drones lanzados por Ir\u00e1n contra Israel tras los grandes ataques del gobierno de\u2026","rel":"","context":"En \u00abINTERNACIONALES\u00bb","block_context":{"text":"INTERNACIONALES","link":"https:\/\/lasprimeras.com.do\/index.php\/category\/sin-categoria\/internacionales\/"},"img":{"alt_text":"","src":"https:\/\/i0.wp.com\/lasprimeras.com.do\/wp-content\/uploads\/2025\/06\/militares.jpg?resize=350%2C200&ssl=1","width":350,"height":200,"srcset":"https:\/\/i0.wp.com\/lasprimeras.com.do\/wp-content\/uploads\/2025\/06\/militares.jpg?resize=350%2C200&ssl=1 1x, https:\/\/i0.wp.com\/lasprimeras.com.do\/wp-content\/uploads\/2025\/06\/militares.jpg?resize=525%2C300&ssl=1 1.5x, https:\/\/i0.wp.com\/lasprimeras.com.do\/wp-content\/uploads\/2025\/06\/militares.jpg?resize=700%2C400&ssl=1 2x"},"classes":[]},{"id":101828,"url":"https:\/\/lasprimeras.com.do\/index.php\/2025\/06\/27\/jefe-de-la-diplomacia-irani-dice-que-ataque-de-eeuu-a-sitios-nucleares-complica-las-conversaciones\/","url_meta":{"origin":129103,"position":2},"title":"Jefe de la diplomacia iran\u00ed dice que ataque de EEUU a sitios nucleares complica las conversaciones","author":"Nelson Feliz","date":"27 de junio de 2025","format":false,"excerpt":"POR DAVID RISING DUB\u00c1I, Emiratos \u00c1rabes Unidos (AP) \u2014 El jefe de la diplomacia de Ir\u00e1n afirm\u00f3 que la posibilidad de celebrar nuevas negociaciones con Estados Unidos sobre el programa nuclear de Teher\u00e1n se ha \u201ccomplicado\u201d debido al ataque de Washington a tres de sus instalaciones, lo que caus\u00f3 \u201cda\u00f1os\u2026","rel":"","context":"En \u00abINTERNACIONALES\u00bb","block_context":{"text":"INTERNACIONALES","link":"https:\/\/lasprimeras.com.do\/index.php\/category\/sin-categoria\/internacionales\/"},"img":{"alt_text":"","src":"https:\/\/i0.wp.com\/lasprimeras.com.do\/wp-content\/uploads\/2025\/06\/Abbas-Araghchi.jpg?resize=350%2C200&ssl=1","width":350,"height":200,"srcset":"https:\/\/i0.wp.com\/lasprimeras.com.do\/wp-content\/uploads\/2025\/06\/Abbas-Araghchi.jpg?resize=350%2C200&ssl=1 1x, https:\/\/i0.wp.com\/lasprimeras.com.do\/wp-content\/uploads\/2025\/06\/Abbas-Araghchi.jpg?resize=525%2C300&ssl=1 1.5x, https:\/\/i0.wp.com\/lasprimeras.com.do\/wp-content\/uploads\/2025\/06\/Abbas-Araghchi.jpg?resize=700%2C400&ssl=1 2x"},"classes":[]},{"id":101234,"url":"https:\/\/lasprimeras.com.do\/index.php\/2025\/06\/17\/israel-lanza-nuevos-bombardeos-contra-teheran-despues-que-trump-exige-rendicion-incondicional\/","url_meta":{"origin":129103,"position":3},"title":"Israel lanza nuevos bombardeos contra Teher\u00e1n despu\u00e9s que Trump exige \u201crendici\u00f3n incondicional\u201d","author":"Nelson Feliz","date":"17 de junio de 2025","format":false,"excerpt":"POR JOSEPH KRAUSS, JON GAMBRELL, NATALIE MELZER and MELANIE LIDMAN DUB\u00c1I, Emiratos \u00c1rabes Unidos (AP) \u2014 Israel lanz\u00f3 intensos bombardeos en la capital de Ir\u00e1n el mi\u00e9rcoles, un d\u00eda despu\u00e9s de que el presidente estadounidense Donald Trump dijera a los residentes de Teher\u00e1n que evacuaran y exigiera a Ir\u00e1n una\u2026","rel":"","context":"En \u00abINTERNACIONALES\u00bb","block_context":{"text":"INTERNACIONALES","link":"https:\/\/lasprimeras.com.do\/index.php\/category\/sin-categoria\/internacionales\/"},"img":{"alt_text":"","src":"https:\/\/i0.wp.com\/lasprimeras.com.do\/wp-content\/uploads\/2025\/06\/COHETE.jpg?resize=350%2C200&ssl=1","width":350,"height":200,"srcset":"https:\/\/i0.wp.com\/lasprimeras.com.do\/wp-content\/uploads\/2025\/06\/COHETE.jpg?resize=350%2C200&ssl=1 1x, https:\/\/i0.wp.com\/lasprimeras.com.do\/wp-content\/uploads\/2025\/06\/COHETE.jpg?resize=525%2C300&ssl=1 1.5x, https:\/\/i0.wp.com\/lasprimeras.com.do\/wp-content\/uploads\/2025\/06\/COHETE.jpg?resize=700%2C400&ssl=1 2x"},"classes":[]},{"id":100889,"url":"https:\/\/lasprimeras.com.do\/index.php\/2025\/06\/13\/cronologia-de-las-tensiones-y-hostilidades-entre-israel-e-iran\/","url_meta":{"origin":129103,"position":4},"title":"Cronolog\u00eda de las tensiones y hostilidades entre Israel e Ir\u00e1n","author":"Nelson Feliz","date":"13 de junio de 2025","format":false,"excerpt":"POR THE ASSOCIATED PRESS Israel e Ir\u00e1n abrieron un nuevo cap\u00edtulo en su larga historia de conflictos cuando Israel lanz\u00f3 una importante ofensiva a\u00e9rea en la madrugada del viernes que provoc\u00f3 explosiones en la capital iran\u00ed, Teher\u00e1n. Israel dijo que atac\u00f3 a instalaciones nucleares y militares. La prensa estatal de\u2026","rel":"","context":"En \u00abINTERNACIONALES\u00bb","block_context":{"text":"INTERNACIONALES","link":"https:\/\/lasprimeras.com.do\/index.php\/category\/sin-categoria\/internacionales\/"},"img":{"alt_text":"","src":"https:\/\/i0.wp.com\/lasprimeras.com.do\/wp-content\/uploads\/2025\/06\/Israel-e-Iran.jpg?resize=350%2C200&ssl=1","width":350,"height":200,"srcset":"https:\/\/i0.wp.com\/lasprimeras.com.do\/wp-content\/uploads\/2025\/06\/Israel-e-Iran.jpg?resize=350%2C200&ssl=1 1x, https:\/\/i0.wp.com\/lasprimeras.com.do\/wp-content\/uploads\/2025\/06\/Israel-e-Iran.jpg?resize=525%2C300&ssl=1 1.5x, https:\/\/i0.wp.com\/lasprimeras.com.do\/wp-content\/uploads\/2025\/06\/Israel-e-Iran.jpg?resize=700%2C400&ssl=1 2x"},"classes":[]},{"id":125307,"url":"https:\/\/lasprimeras.com.do\/index.php\/2026\/03\/22\/trump-amenaza-con-atacar-plantas-electricas-iranies-si-teheran-no-abre-el-estrecho-de-ormuz\/","url_meta":{"origin":129103,"position":5},"title":"Trump amenaza con atacar plantas el\u00e9ctricas iran\u00edes si Teher\u00e1n no abre el estrecho de Ormuz","author":"Nelson Feliz","date":"22 de marzo de 2026","format":false,"excerpt":"EL CAIRO, Egipto (AP) \u2014 Ir\u00e1n respondi\u00f3 el domingo con sus propias amenazas, al d\u00eda siguiente de que el presidente Donald Trump advirtiera que Estados Unidos \u201caniquilar\u00e1\u201d centrales el\u00e9ctricas en Ir\u00e1n si Teher\u00e1n no abre por completo el estrat\u00e9gico estrecho de Ormuz en un plazo de 48 horas, y misiles\u2026","rel":"","context":"En \u00abINTERNACIONALES\u00bb","block_context":{"text":"INTERNACIONALES","link":"https:\/\/lasprimeras.com.do\/index.php\/category\/sin-categoria\/internacionales\/"},"img":{"alt_text":"","src":"https:\/\/i0.wp.com\/lasprimeras.com.do\/wp-content\/uploads\/2026\/03\/ataques-3.jpg?resize=350%2C200&ssl=1","width":350,"height":200,"srcset":"https:\/\/i0.wp.com\/lasprimeras.com.do\/wp-content\/uploads\/2026\/03\/ataques-3.jpg?resize=350%2C200&ssl=1 1x, https:\/\/i0.wp.com\/lasprimeras.com.do\/wp-content\/uploads\/2026\/03\/ataques-3.jpg?resize=525%2C300&ssl=1 1.5x, https:\/\/i0.wp.com\/lasprimeras.com.do\/wp-content\/uploads\/2026\/03\/ataques-3.jpg?resize=700%2C400&ssl=1 2x"},"classes":[]}],"jetpack_sharing_enabled":true,"_links":{"self":[{"href":"https:\/\/lasprimeras.com.do\/index.php\/wp-json\/wp\/v2\/posts\/129103","targetHints":{"allow":["GET"]}}],"collection":[{"href":"https:\/\/lasprimeras.com.do\/index.php\/wp-json\/wp\/v2\/posts"}],"about":[{"href":"https:\/\/lasprimeras.com.do\/index.php\/wp-json\/wp\/v2\/types\/post"}],"author":[{"embeddable":true,"href":"https:\/\/lasprimeras.com.do\/index.php\/wp-json\/wp\/v2\/users\/10"}],"replies":[{"embeddable":true,"href":"https:\/\/lasprimeras.com.do\/index.php\/wp-json\/wp\/v2\/comments?post=129103"}],"version-history":[{"count":1,"href":"https:\/\/lasprimeras.com.do\/index.php\/wp-json\/wp\/v2\/posts\/129103\/revisions"}],"predecessor-version":[{"id":129105,"href":"https:\/\/lasprimeras.com.do\/index.php\/wp-json\/wp\/v2\/posts\/129103\/revisions\/129105"}],"wp:featuredmedia":[{"embeddable":true,"href":"https:\/\/lasprimeras.com.do\/index.php\/wp-json\/wp\/v2\/media\/129104"}],"wp:attachment":[{"href":"https:\/\/lasprimeras.com.do\/index.php\/wp-json\/wp\/v2\/media?parent=129103"}],"wp:term":[{"taxonomy":"category","embeddable":true,"href":"https:\/\/lasprimeras.com.do\/index.php\/wp-json\/wp\/v2\/categories?post=129103"},{"taxonomy":"post_tag","embeddable":true,"href":"https:\/\/lasprimeras.com.do\/index.php\/wp-json\/wp\/v2\/tags?post=129103"}],"curies":[{"name":"wp","href":"https:\/\/api.w.org\/{rel}","templated":true}]}}