{"id":129115,"date":"2026-04-29T16:09:00","date_gmt":"2026-04-29T20:09:00","guid":{"rendered":"https:\/\/lasprimeras.com.do\/?p=129115"},"modified":"2026-04-29T21:29:43","modified_gmt":"2026-04-30T01:29:43","slug":"carlos-roa-howley-nuevo-director-del-plan-san-juan","status":"publish","type":"post","link":"https:\/\/lasprimeras.com.do\/index.php\/2026\/04\/29\/carlos-roa-howley-nuevo-director-del-plan-san-juan\/","title":{"rendered":"Carlos Roa Howley, nuevo director del Plan San Juan"},"content":{"rendered":"\n<p><strong>El Plan San Juan tiene como prop\u00f3sito fundamental transformar la econom\u00eda de la regi\u00f3n, promoviendo su desarrollo sostenible y maximizando el uso de sus recursos<\/strong><\/p>\n\n\n\n<p>El ministro administrativo de la Presidencia, Andr\u00e9s Bautista, jurament\u00f3 este mi\u00e9rcoles a Carlos Alessandry Roa Howley como director ejecutivo para el Desarrollo Econ\u00f3mico de la provincia San Juan, iniciativa denominada Plan San Juan.<\/p>\n\n\n\n<p>Durante un breve acto de juramentaci\u00f3n en su despacho, Bautista resalt\u00f3 la confianza depositada en Roa Howley para asumir sus nuevas atribuciones en favor del desarrollo de la provincia de San Juan y de la regi\u00f3n Sur.<\/p>\n\n\n\n<figure class=\"wp-block-image size-full\"><img decoding=\"async\" width=\"1000\" height=\"666\" src=\"https:\/\/lasprimeras.com.do\/wp-content\/uploads\/2026\/04\/Carlos-Roa-Howley-2.jpg\" alt=\"\" class=\"wp-image-129117\" srcset=\"https:\/\/lasprimeras.com.do\/wp-content\/uploads\/2026\/04\/Carlos-Roa-Howley-2.jpg 1000w, https:\/\/lasprimeras.com.do\/wp-content\/uploads\/2026\/04\/Carlos-Roa-Howley-2-300x200.jpg 300w, https:\/\/lasprimeras.com.do\/wp-content\/uploads\/2026\/04\/Carlos-Roa-Howley-2-768x511.jpg 768w\" sizes=\"(max-width: 1000px) 100vw, 1000px\" \/><\/figure>\n\n\n\n<p>\u201cLe deseo el mayor de los \u00e9xitos y sabemos que usted har\u00e1 todo el esfuerzo con transparencia y eficiencia para el beneficio de San Juan y toda la regi\u00f3n\u201d, expres\u00f3.<\/p>\n\n\n\n<p>De su lado, Roa Howley se comprometi\u00f3 a trabajar desde la direcci\u00f3n de la comisi\u00f3n en favor de las acciones orientadas al desarrollo integral econ\u00f3mico y social de los residentes de San Juan, sus comunidades y zonas aleda\u00f1as.<\/p>\n\n\n\n<p>La designaci\u00f3n fue realizada mediante el Decreto n\u00famero 285-26, emitido por el presidente Luis Abinader.<\/p>\n\n\n\n<p><strong>Sobre la comisi\u00f3n<\/strong><\/p>\n\n\n\n<p>La Direcci\u00f3n Ejecutiva de la comisi\u00f3n del Plan San Juan tendr\u00e1 como responsabilidad realizar las coordinaciones t\u00e9cnicas necesarias para que los proyectos aprobados se ejecuten dentro del cronograma establecido.<\/p>\n\n\n\n<p>Adem\u00e1s, tendr\u00e1 a su cargo la administraci\u00f3n de los fondos asignados para la ejecuci\u00f3n de las acciones y actividades aprobadas, as\u00ed como la coordinaci\u00f3n en la formulaci\u00f3n de pol\u00edticas derivadas del Plan San Juan, incluyendo la definici\u00f3n y ejecuci\u00f3n de iniciativas, programas y proyectos necesarios para alcanzar los resultados esperados.<\/p>\n","protected":false},"excerpt":{"rendered":"<p>El Plan San Juan tiene como prop\u00f3sito fundamental transformar la econom\u00eda de la regi\u00f3n, promoviendo su desarrollo sostenible y maximizando el uso de sus recursos El ministro administrativo de la&hellip;<\/p>\n","protected":false},"author":10,"featured_media":129116,"comment_status":"open","ping_status":"open","sticky":false,"template":"","format":"standard","meta":{"content-type":"","jetpack_post_was_ever_published":false,"_jetpack_newsletter_access":"","_jetpack_dont_email_post_to_subs":false,"_jetpack_newsletter_tier_id":0,"_jetpack_memberships_contains_paywalled_content":false,"_jetpack_memberships_contains_paid_content":false,"footnotes":""},"categories":[35,25],"tags":[17748,32828,247,3812,268,373,32758],"class_list":["post-129115","post","type-post","status-publish","format-standard","has-post-thumbnail","hentry","category-nacionales","category-portada","tag-andres-bautista","tag-carlos-alessandry-roa-howley","tag-director","tag-ejecutivo","tag-juramenta","tag-ministro","tag-plan-san-juan"],"jetpack_featured_media_url":"https:\/\/lasprimeras.com.do\/wp-content\/uploads\/2026\/04\/Carlos-Roa-Howley.jpg","jetpack-related-posts":[{"id":128910,"url":"https:\/\/lasprimeras.com.do\/index.php\/2026\/04\/28\/abinader-crea-comision-para-el-plan-san-juan-y-designa-director\/","url_meta":{"origin":129115,"position":0},"title":"Abinader crea Comisi\u00f3n para el Plan San Juan y designa director","author":"Nelson Feliz","date":"28 de abril de 2026","format":false,"excerpt":"El presidente Luis Abinader emiti\u00f3 los decretos 236-26 y 285-26 que tienen el prop\u00f3sito de dar continuidad a las acciones para el desarrollo integral en los \u00e1mbitos econ\u00f3mico y social de los residentes y comunidades de la provincia San Juan. Tras haberse creado el Plan para el Desarrollo Econ\u00f3mico de\u2026","rel":"","context":"En \u00abNACIONALES\u00bb","block_context":{"text":"NACIONALES","link":"https:\/\/lasprimeras.com.do\/index.php\/category\/nacionales\/"},"img":{"alt_text":"Luis Abinader","src":"https:\/\/i0.wp.com\/lasprimeras.com.do\/wp-content\/uploads\/2026\/03\/Luis-Abinader-7.jpg?resize=350%2C200&ssl=1","width":350,"height":200,"srcset":"https:\/\/i0.wp.com\/lasprimeras.com.do\/wp-content\/uploads\/2026\/03\/Luis-Abinader-7.jpg?resize=350%2C200&ssl=1 1x, https:\/\/i0.wp.com\/lasprimeras.com.do\/wp-content\/uploads\/2026\/03\/Luis-Abinader-7.jpg?resize=525%2C300&ssl=1 1.5x, https:\/\/i0.wp.com\/lasprimeras.com.do\/wp-content\/uploads\/2026\/03\/Luis-Abinader-7.jpg?resize=700%2C400&ssl=1 2x"},"classes":[]},{"id":124969,"url":"https:\/\/lasprimeras.com.do\/index.php\/2026\/03\/18\/abinader-condecora-postumamente-a-orlando-martinez-howley\/","url_meta":{"origin":129115,"position":1},"title":"Abinader condecora p\u00f3stumamente a Orlando Mart\u00ednez Howley","author":"Nelson Feliz","date":"18 de marzo de 2026","format":false,"excerpt":"_Mandatario dice que con esta condecoraci\u00f3n, la Rep\u00fablica Dominicana honra no solo al periodista, sino al ciudadano valiente, al hombre \u00edntegro, al dominicano que defendi\u00f3 la libertad incluso cuando hacerlo implicaba el mayor de los riesgos._ *Santo Domingo.-* El presidente Luis Abinader concedi\u00f3 una condecoraci\u00f3n p\u00f3stuma al periodista Orlando Mart\u00ednez\u2026","rel":"","context":"En \u00abNACIONALES\u00bb","block_context":{"text":"NACIONALES","link":"https:\/\/lasprimeras.com.do\/index.php\/category\/nacionales\/"},"img":{"alt_text":"","src":"https:\/\/i0.wp.com\/lasprimeras.com.do\/wp-content\/uploads\/2026\/03\/IMG-20260318-WA0348-scaled.jpg?resize=350%2C200&ssl=1","width":350,"height":200,"srcset":"https:\/\/i0.wp.com\/lasprimeras.com.do\/wp-content\/uploads\/2026\/03\/IMG-20260318-WA0348-scaled.jpg?resize=350%2C200&ssl=1 1x, https:\/\/i0.wp.com\/lasprimeras.com.do\/wp-content\/uploads\/2026\/03\/IMG-20260318-WA0348-scaled.jpg?resize=525%2C300&ssl=1 1.5x, https:\/\/i0.wp.com\/lasprimeras.com.do\/wp-content\/uploads\/2026\/03\/IMG-20260318-WA0348-scaled.jpg?resize=700%2C400&ssl=1 2x, https:\/\/i0.wp.com\/lasprimeras.com.do\/wp-content\/uploads\/2026\/03\/IMG-20260318-WA0348-scaled.jpg?resize=1050%2C600&ssl=1 3x, https:\/\/i0.wp.com\/lasprimeras.com.do\/wp-content\/uploads\/2026\/03\/IMG-20260318-WA0348-scaled.jpg?resize=1400%2C800&ssl=1 4x"},"classes":[]},{"id":128461,"url":"https:\/\/lasprimeras.com.do\/index.php\/2026\/04\/23\/bautista-inaugura-capilla-el-buen-pastor-en-las-maguanas-san-juan\/","url_meta":{"origin":129115,"position":2},"title":"Bautista inaugura capilla &#8220;El Buen Pastor&#8221; en Las Maguanas, San Juan","author":"Nelson Feliz","date":"23 de abril de 2026","format":false,"excerpt":"Obispo de la Di\u00f3cesis de San Juan de la Maguana, monse\u00f1or Tom\u00e1s Alejo Concepci\u00f3n, expres\u00f3 su agradecimiento al presidente Abinader y al ministro Andr\u00e9s Bautista por las obras desarrolladas y las que se encuentran en ejecuci\u00f3n en la provincia San Juan y toda la regi\u00f3n Sur, destacando iniciativas como el\u2026","rel":"","context":"En \u00abNACIONALES\u00bb","block_context":{"text":"NACIONALES","link":"https:\/\/lasprimeras.com.do\/index.php\/category\/nacionales\/"},"img":{"alt_text":"","src":"https:\/\/i0.wp.com\/lasprimeras.com.do\/wp-content\/uploads\/2026\/04\/andres.jpg?resize=350%2C200&ssl=1","width":350,"height":200,"srcset":"https:\/\/i0.wp.com\/lasprimeras.com.do\/wp-content\/uploads\/2026\/04\/andres.jpg?resize=350%2C200&ssl=1 1x, https:\/\/i0.wp.com\/lasprimeras.com.do\/wp-content\/uploads\/2026\/04\/andres.jpg?resize=525%2C300&ssl=1 1.5x, https:\/\/i0.wp.com\/lasprimeras.com.do\/wp-content\/uploads\/2026\/04\/andres.jpg?resize=700%2C400&ssl=1 2x, https:\/\/i0.wp.com\/lasprimeras.com.do\/wp-content\/uploads\/2026\/04\/andres.jpg?resize=1050%2C600&ssl=1 3x"},"classes":[]},{"id":124331,"url":"https:\/\/lasprimeras.com.do\/index.php\/2026\/03\/11\/julito-fulcar-llevara-exito-del-plan-estrategico-de-peravia-a-san-juan\/","url_meta":{"origin":129115,"position":3},"title":"Julito Fulcar llevar\u00e1 \u00e9xito del Plan Estrat\u00e9gico de Peravia a San Juan","author":"Nelson Feliz","date":"11 de marzo de 2026","format":false,"excerpt":"El Senador por Peravia, Julito Fulcar Encarnaci\u00f3n, encabezar\u00e1 este jueves un encuentro especial en San Juan de la Maguana, para exponer los logros y metodolog\u00edas del Plan de Desarrollo Estrat\u00e9gico y Sostenible de la provincia Peravia 2025-2050. El legislador estar\u00e1 acompa\u00f1ado por una comitiva t\u00e9cnica integrada por Juan Carlos Guzm\u00e1n,\u2026","rel":"","context":"En \u00abPOLITICA\u00bb","block_context":{"text":"POLITICA","link":"https:\/\/lasprimeras.com.do\/index.php\/category\/politica\/"},"img":{"alt_text":"Julito Fulcar","src":"https:\/\/i0.wp.com\/lasprimeras.com.do\/wp-content\/uploads\/2026\/03\/Julito-Fulcar.jpg?resize=350%2C200&ssl=1","width":350,"height":200,"srcset":"https:\/\/i0.wp.com\/lasprimeras.com.do\/wp-content\/uploads\/2026\/03\/Julito-Fulcar.jpg?resize=350%2C200&ssl=1 1x, https:\/\/i0.wp.com\/lasprimeras.com.do\/wp-content\/uploads\/2026\/03\/Julito-Fulcar.jpg?resize=525%2C300&ssl=1 1.5x, https:\/\/i0.wp.com\/lasprimeras.com.do\/wp-content\/uploads\/2026\/03\/Julito-Fulcar.jpg?resize=700%2C400&ssl=1 2x"},"classes":[]},{"id":126185,"url":"https:\/\/lasprimeras.com.do\/index.php\/2026\/03\/30\/dasac-desarrolla-amplia-jornada-social-y-comunitaria-en-varias-regiones-del-pais\/","url_meta":{"origin":129115,"position":4},"title":"DASAC desarrolla amplia jornada social y comunitaria en varias regiones del pa\u00eds","author":"Nelson Feliz","date":"30 de marzo de 2026","format":false,"excerpt":"Edgar Augusto F\u00e9liz Arbona, destac\u00f3 que las jornadas simult\u00e1neas forman parte del compromiso de asistencia social del gobierno del presidente Luis Abinader Corona, con los sectores m\u00e1s vulnerables. La Direcci\u00f3n de Asistencia Social y Alimentaci\u00f3n Comunitaria (DASAC) desarroll\u00f3 durante el fin de semana una amplia jornada de intervenci\u00f3n que impact\u00f3\u2026","rel":"","context":"En \u00abNACIONALES\u00bb","block_context":{"text":"NACIONALES","link":"https:\/\/lasprimeras.com.do\/index.php\/category\/nacionales\/"},"img":{"alt_text":"DASAC","src":"https:\/\/i0.wp.com\/lasprimeras.com.do\/wp-content\/uploads\/2026\/03\/WhatsApp-Image-2026-03-30-at-6.31.39-PM-1.jpeg?resize=350%2C200&ssl=1","width":350,"height":200,"srcset":"https:\/\/i0.wp.com\/lasprimeras.com.do\/wp-content\/uploads\/2026\/03\/WhatsApp-Image-2026-03-30-at-6.31.39-PM-1.jpeg?resize=350%2C200&ssl=1 1x, https:\/\/i0.wp.com\/lasprimeras.com.do\/wp-content\/uploads\/2026\/03\/WhatsApp-Image-2026-03-30-at-6.31.39-PM-1.jpeg?resize=525%2C300&ssl=1 1.5x, https:\/\/i0.wp.com\/lasprimeras.com.do\/wp-content\/uploads\/2026\/03\/WhatsApp-Image-2026-03-30-at-6.31.39-PM-1.jpeg?resize=700%2C400&ssl=1 2x, https:\/\/i0.wp.com\/lasprimeras.com.do\/wp-content\/uploads\/2026\/03\/WhatsApp-Image-2026-03-30-at-6.31.39-PM-1.jpeg?resize=1050%2C600&ssl=1 3x"},"classes":[]},{"id":116899,"url":"https:\/\/lasprimeras.com.do\/index.php\/2025\/12\/04\/infotep-gradua-1416-nuevos-tecnicos-docentes-y-especialistas-en-la-region-sur\/","url_meta":{"origin":129115,"position":5},"title":"Infotep grad\u00faa 1,416 nuevos t\u00e9cnicos, docentes y especialistas en la regi\u00f3n Sur","author":"Nelson Feliz","date":"4 de diciembre de 2025","format":false,"excerpt":"Rafael Santos Bad\u00eda declar\u00f3 que entre 2020 y 2025, en San Juan y El\u00edas Pi\u00f1a, se han capacitado m\u00e1s de 125,345 personas. El Instituto Nacional de Formaci\u00f3n T\u00e9cnico Profesional (Infotep) gradu\u00f3 1,416 nuevos t\u00e9cnicos, docentes y especialistas en 17 ocupaciones de alta demanda, en la ceremonia ordinaria correspondiente a la\u2026","rel":"","context":"En \u00abNACIONALES\u00bb","block_context":{"text":"NACIONALES","link":"https:\/\/lasprimeras.com.do\/index.php\/category\/nacionales\/"},"img":{"alt_text":"","src":"https:\/\/i0.wp.com\/lasprimeras.com.do\/wp-content\/uploads\/2025\/12\/Infotep.jpg?resize=350%2C200&ssl=1","width":350,"height":200,"srcset":"https:\/\/i0.wp.com\/lasprimeras.com.do\/wp-content\/uploads\/2025\/12\/Infotep.jpg?resize=350%2C200&ssl=1 1x, https:\/\/i0.wp.com\/lasprimeras.com.do\/wp-content\/uploads\/2025\/12\/Infotep.jpg?resize=525%2C300&ssl=1 1.5x, https:\/\/i0.wp.com\/lasprimeras.com.do\/wp-content\/uploads\/2025\/12\/Infotep.jpg?resize=700%2C400&ssl=1 2x"},"classes":[]}],"jetpack_sharing_enabled":true,"_links":{"self":[{"href":"https:\/\/lasprimeras.com.do\/index.php\/wp-json\/wp\/v2\/posts\/129115","targetHints":{"allow":["GET"]}}],"collection":[{"href":"https:\/\/lasprimeras.com.do\/index.php\/wp-json\/wp\/v2\/posts"}],"about":[{"href":"https:\/\/lasprimeras.com.do\/index.php\/wp-json\/wp\/v2\/types\/post"}],"author":[{"embeddable":true,"href":"https:\/\/lasprimeras.com.do\/index.php\/wp-json\/wp\/v2\/users\/10"}],"replies":[{"embeddable":true,"href":"https:\/\/lasprimeras.com.do\/index.php\/wp-json\/wp\/v2\/comments?post=129115"}],"version-history":[{"count":1,"href":"https:\/\/lasprimeras.com.do\/index.php\/wp-json\/wp\/v2\/posts\/129115\/revisions"}],"predecessor-version":[{"id":129118,"href":"https:\/\/lasprimeras.com.do\/index.php\/wp-json\/wp\/v2\/posts\/129115\/revisions\/129118"}],"wp:featuredmedia":[{"embeddable":true,"href":"https:\/\/lasprimeras.com.do\/index.php\/wp-json\/wp\/v2\/media\/129116"}],"wp:attachment":[{"href":"https:\/\/lasprimeras.com.do\/index.php\/wp-json\/wp\/v2\/media?parent=129115"}],"wp:term":[{"taxonomy":"category","embeddable":true,"href":"https:\/\/lasprimeras.com.do\/index.php\/wp-json\/wp\/v2\/categories?post=129115"},{"taxonomy":"post_tag","embeddable":true,"href":"https:\/\/lasprimeras.com.do\/index.php\/wp-json\/wp\/v2\/tags?post=129115"}],"curies":[{"name":"wp","href":"https:\/\/api.w.org\/{rel}","templated":true}]}}