{"id":129119,"date":"2026-04-29T21:27:32","date_gmt":"2026-04-30T01:27:32","guid":{"rendered":"https:\/\/lasprimeras.com.do\/?p=129119"},"modified":"2026-04-29T21:27:34","modified_gmt":"2026-04-30T01:27:34","slug":"abinader-condecora-de-manera-postuma-al-expresidente-ulises-francisco-espaillat","status":"publish","type":"post","link":"https:\/\/lasprimeras.com.do\/index.php\/2026\/04\/29\/abinader-condecora-de-manera-postuma-al-expresidente-ulises-francisco-espaillat\/","title":{"rendered":"Abinader condecora de manera p\u00f3stuma al expresidente Ulises Francisco Espaillat"},"content":{"rendered":"\n<p>El presidente Luis Abinader encabez\u00f3 el acto de conmemoraci\u00f3n del 150 aniversario del gobierno de Francisco Ulises Espaillat, a quien calific\u00f3 como el mayor referente \u00e9tico de la naci\u00f3n dominicana y, adem\u00e1s, otorg\u00f3 de manera p\u00f3stuma, mediante el Decreto 279-26, la Condecoraci\u00f3n de la Orden del M\u00e9rito de Duarte, S\u00e1nchez y Mella en el Grado de Gran Cruz Placa de Oro.<\/p>\n\n\n\n<p>Esta distinci\u00f3n fue recibida en custodia por la Academia Dominicana de la Historia, donde ser\u00e1 exhibida junto a otras reliquias institucionales.<\/p>\n\n\n<div class=\"wp-block-image\">\n<figure class=\"alignright size-full is-resized\"><img decoding=\"async\" width=\"1000\" height=\"666\" src=\"https:\/\/lasprimeras.com.do\/wp-content\/uploads\/2026\/04\/Ulises-Francisco-Espaillat-1.jpg\" alt=\"\" class=\"wp-image-129121\" style=\"aspect-ratio:1.5015116700931188;width:360px;height:auto\" srcset=\"https:\/\/lasprimeras.com.do\/wp-content\/uploads\/2026\/04\/Ulises-Francisco-Espaillat-1.jpg 1000w, https:\/\/lasprimeras.com.do\/wp-content\/uploads\/2026\/04\/Ulises-Francisco-Espaillat-1-300x200.jpg 300w, https:\/\/lasprimeras.com.do\/wp-content\/uploads\/2026\/04\/Ulises-Francisco-Espaillat-1-768x511.jpg 768w\" sizes=\"(max-width: 1000px) 100vw, 1000px\" \/><\/figure>\n<\/div>\n\n\n<p><strong>El acto se celebra adem\u00e1s, este 29 de abril, d\u00eda de la \u00c9tica.<\/strong><\/p>\n\n\n\n<p>Basado en el legado de pulcritud de Francisco Ulises Espaillat, el jefe de Estado destac\u00f3 que su gesti\u00f3n de Gobierno se desarrolla en una pr\u00e1ctica cotidiana de honestidad e integridad que fortalece el ejercicio pol\u00edtico, la gesti\u00f3n p\u00fablica y la democracia, en favor de todos y tadas, llevando transformaci\u00f3n, justicia y dignidad en tiempos en \u201cque la ciudadan\u00eda exige, y con raz\u00f3n, instituciones que funcionen, gobiernos que respondan y l\u00edderes que act\u00faen con coherencia\u201d.<\/p>\n\n\n\n<p>\u201cY es ah\u00ed donde el legado de Espaillat encuentra un eco directo en el presente. Cuando impulsamos una gesti\u00f3n p\u00fablica basada en la transparencia, cuando fortalecemos los mecanismos de rendici\u00f3n de cuentas, cuando defendemos la independencia del Ministerio P\u00fablico, y promovemos que la ley se aplique sin excepciones\u201d.<\/p>\n\n\n<div class=\"wp-block-image\">\n<figure class=\"alignleft size-full is-resized\"><img decoding=\"async\" width=\"1000\" height=\"666\" src=\"https:\/\/lasprimeras.com.do\/wp-content\/uploads\/2026\/04\/Ulises-Francisco-Espaillat-2.jpg\" alt=\"\" class=\"wp-image-129122\" style=\"aspect-ratio:1.5015116700931188;width:386px;height:auto\" srcset=\"https:\/\/lasprimeras.com.do\/wp-content\/uploads\/2026\/04\/Ulises-Francisco-Espaillat-2.jpg 1000w, https:\/\/lasprimeras.com.do\/wp-content\/uploads\/2026\/04\/Ulises-Francisco-Espaillat-2-300x200.jpg 300w, https:\/\/lasprimeras.com.do\/wp-content\/uploads\/2026\/04\/Ulises-Francisco-Espaillat-2-768x511.jpg 768w\" sizes=\"(max-width: 1000px) 100vw, 1000px\" \/><\/figure>\n<\/div>\n\n\n<p>Durante la ceremonia, el presidente Abinader recibi\u00f3 tambi\u00e9n, por el ministro de Cultura, Roberto \u00c1ngel Salcedo, una medalla conmemorativa por el sesquicentenario del gobierno de Espaillat, un gesto que refuerza su compromiso con los valores democr\u00e1ticos y con la preservaci\u00f3n del patrimonio hist\u00f3rico nacional.<\/p>\n\n\n\n<p><strong>Preservaci\u00f3n del patrimonio hist\u00f3rico<\/strong><\/p>\n\n\n\n<p>De su lado, el presidente de la Academia Dominicana de la Historia reconoci\u00f3 al mandatario Luis Abinader como \u201cuno de los estadistas dominicanos que m\u00e1s ha propiciado la preservaci\u00f3n del patrimonio hist\u00f3rico, construyendo un legado hermoso y de orgullo\u201d y fortaleciendo as\u00ed la identidad nacional.<\/p>\n\n\n\n<p>En este contexto, resalt\u00f3 la rehabilitaci\u00f3n del Museo Nacional de Historia y Geograf\u00eda en la Plaza de la Cultura Juan Pablo Duarte, el de Horacio V\u00e1zquez en Tamboril, el Museo de Arte en Santiago, la Sala Memorial de Mayoban\u00e9x Vargas en Bonao, el Museo del Oro y la Plata de Cotu\u00ed, el Museo de Historia y Tradiciones de Santiago, as\u00ed como el proyectado recientemente, Museo de la Gesta de Abril, entre otros.<\/p>\n\n\n\n<figure class=\"wp-block-image size-full\"><img decoding=\"async\" width=\"1000\" height=\"666\" src=\"https:\/\/lasprimeras.com.do\/wp-content\/uploads\/2026\/04\/Ulises-Francisco-Espaillat-3.jpg\" alt=\"\" class=\"wp-image-129123\" srcset=\"https:\/\/lasprimeras.com.do\/wp-content\/uploads\/2026\/04\/Ulises-Francisco-Espaillat-3.jpg 1000w, https:\/\/lasprimeras.com.do\/wp-content\/uploads\/2026\/04\/Ulises-Francisco-Espaillat-3-300x200.jpg 300w, https:\/\/lasprimeras.com.do\/wp-content\/uploads\/2026\/04\/Ulises-Francisco-Espaillat-3-768x511.jpg 768w\" sizes=\"(max-width: 1000px) 100vw, 1000px\" \/><\/figure>\n\n\n\n<p><strong>Recordando legado de Espaillat<\/strong><\/p>\n\n\n\n<p>Finalmente, el ministro de Cultura, Roberto \u00c1ngel Salcedo, quien preside la Comisi\u00f3n para la Conmemoraci\u00f3n del sesquicentenario del gobierno de Ulises Francisco Espaillat, creada mediante el Decreto 640-25, expres\u00f3 su satisfacci\u00f3n por el cumplimiento de los objetivos de la misma, al desarrollar una serie de actividades que resaltan la figura y legado de Ulises Francisco Espaillat.<\/p>\n\n\n\n<figure class=\"wp-block-image size-full\"><img decoding=\"async\" width=\"1000\" height=\"666\" src=\"https:\/\/lasprimeras.com.do\/wp-content\/uploads\/2026\/04\/Ulises-Francisco-Espaillat-4.jpg\" alt=\"\" class=\"wp-image-129124\" srcset=\"https:\/\/lasprimeras.com.do\/wp-content\/uploads\/2026\/04\/Ulises-Francisco-Espaillat-4.jpg 1000w, https:\/\/lasprimeras.com.do\/wp-content\/uploads\/2026\/04\/Ulises-Francisco-Espaillat-4-300x200.jpg 300w, https:\/\/lasprimeras.com.do\/wp-content\/uploads\/2026\/04\/Ulises-Francisco-Espaillat-4-768x511.jpg 768w\" sizes=\"(max-width: 1000px) 100vw, 1000px\" \/><\/figure>\n\n\n\n<p>Cit\u00f3 entonces la reci\u00e9n finalizada Feria Regional del Libro y la Cultura Cibao 2026 que dedic\u00f3 gran parte de su agenda cultural y program\u00e1tica a la figura del expresidente, se impartieron charlas y conferencias ventilando los ideales de Espaillat y se imprimieron y distribuyeron varias obras alrededor de su pensamiento.<\/p>\n\n\n\n<p>En el acto tambi\u00e9n estuvieron presentes el ministro Administrativo de la Presidencia, Andr\u00e9s Bautista, y la directora de \u00c9tica e Integridad Gubernamental, Milagros Ortiz Bosch.<\/p>\n","protected":false},"excerpt":{"rendered":"<p>El presidente Luis Abinader encabez\u00f3 el acto de conmemoraci\u00f3n del 150 aniversario del gobierno de Francisco Ulises Espaillat, a quien calific\u00f3 como el mayor referente \u00e9tico de la naci\u00f3n dominicana&hellip;<\/p>\n","protected":false},"author":10,"featured_media":129120,"comment_status":"open","ping_status":"open","sticky":false,"template":"","format":"standard","meta":{"content-type":"","jetpack_post_was_ever_published":false,"_jetpack_newsletter_access":"","_jetpack_dont_email_post_to_subs":false,"_jetpack_newsletter_tier_id":0,"_jetpack_memberships_contains_paywalled_content":false,"_jetpack_memberships_contains_paid_content":false,"footnotes":""},"categories":[35,25],"tags":[3109,4698,32829,67,4578,3111,4581,32830],"class_list":["post-129119","post","type-post","status-publish","format-standard","has-post-thumbnail","hentry","category-nacionales","category-portada","tag-condecoracion","tag-expresidente","tag-grado-de-gran-cruz-placa-de-oro","tag-luis-abinader","tag-orden-del-merito-de-duarte","tag-postuma","tag-sanchez-y-mella","tag-ulises-francisco-espaillat"],"jetpack_featured_media_url":"https:\/\/lasprimeras.com.do\/wp-content\/uploads\/2026\/04\/Ulises-Francisco-Espaillat.jpg","jetpack-related-posts":[{"id":72758,"url":"https:\/\/lasprimeras.com.do\/index.php\/2024\/01\/02\/encuentran-joven-reportado-como-desaparecido-en-navarrete\/","url_meta":{"origin":129119,"position":0},"title":"Encuentran joven reportado como desaparecido en Navarrete","author":"Nelson Feliz","date":"2 de enero de 2024","format":false,"excerpt":"El cuerpo del joven fue sacado del canal de riego Ulises Francisco Espaillat en el sector de Cienfuegos, en Santiago. Miembros de la Defensa Civil de Santiago y Bomberos del municipio de Navarrete recuperaron el cuerpo del joven Derek Ramos, de 18 a\u00f1os de edad, quien hab\u00eda sido reportado como\u2026","rel":"","context":"En \u00abNACIONALES\u00bb","block_context":{"text":"NACIONALES","link":"https:\/\/lasprimeras.com.do\/index.php\/category\/nacionales\/"},"img":{"alt_text":"defensa civil","src":"https:\/\/i0.wp.com\/lasprimeras.com.do\/wp-content\/uploads\/2024\/01\/defensa-civil.jpeg?resize=350%2C200&ssl=1","width":350,"height":200,"srcset":"https:\/\/i0.wp.com\/lasprimeras.com.do\/wp-content\/uploads\/2024\/01\/defensa-civil.jpeg?resize=350%2C200&ssl=1 1x, https:\/\/i0.wp.com\/lasprimeras.com.do\/wp-content\/uploads\/2024\/01\/defensa-civil.jpeg?resize=525%2C300&ssl=1 1.5x, https:\/\/i0.wp.com\/lasprimeras.com.do\/wp-content\/uploads\/2024\/01\/defensa-civil.jpeg?resize=700%2C400&ssl=1 2x"},"classes":[]},{"id":64451,"url":"https:\/\/lasprimeras.com.do\/index.php\/2023\/10\/20\/abinader-designa-postumamente-naturalista-nacional-a-eugenio-de-jesus-marcano-fondeur\/","url_meta":{"origin":129119,"position":1},"title":"Abinader designa p\u00f3stumamente naturalista nacional a Eugenio de Jes\u00fas Marcano Fondeur","author":"Nelson Feliz","date":"20 de octubre de 2023","format":false,"excerpt":"El presidente de la Rep\u00fablica, Luis Abinader, design\u00f3 de manera p\u00f3stuma a Eugenio de Jes\u00fas Marcano Fondeur como naturalista nacional de la Rep\u00fablica Dominicana. La disposici\u00f3n presidencial est\u00e1 contenida en el Decreto n\u00fam. 522-23 del 19 de octubre. El decreto destaca los aportes del profesor Marcano Fondeur como explorador y\u2026","rel":"","context":"En \u00abNACIONALES\u00bb","block_context":{"text":"NACIONALES","link":"https:\/\/lasprimeras.com.do\/index.php\/category\/nacionales\/"},"img":{"alt_text":"","src":"","width":0,"height":0},"classes":[]},{"id":84013,"url":"https:\/\/lasprimeras.com.do\/index.php\/2024\/05\/28\/tres-acueductos-retoman-operaciones-con-restablecimiento-del-canal-ufe\/","url_meta":{"origin":129119,"position":2},"title":"Tres acueductos retoman operaciones con restablecimiento del canal UFE","author":"Nelson Feliz","date":"28 de mayo de 2024","format":false,"excerpt":"La Corporaci\u00f3n del Acueducto y Alcantarillado de Santiago (Coraasan), restableci\u00f3 este martes el suministro de agua potable en Cienfuegos y Villa Gonz\u00e1lez y zonas aleda\u00f1as con el reinicio de las operaciones del canal Ulises Francisco Espaillat, el cual hab\u00eda sido sacado de servicio por el Instituto Nacional de Recursos Hidr\u00e1ulicos\u2026","rel":"","context":"En \u00abNACIONALES\u00bb","block_context":{"text":"NACIONALES","link":"https:\/\/lasprimeras.com.do\/index.php\/category\/nacionales\/"},"img":{"alt_text":"","src":"https:\/\/i0.wp.com\/lasprimeras.com.do\/wp-content\/uploads\/2024\/05\/ACUEDUCTO.jpg?resize=350%2C200&ssl=1","width":350,"height":200,"srcset":"https:\/\/i0.wp.com\/lasprimeras.com.do\/wp-content\/uploads\/2024\/05\/ACUEDUCTO.jpg?resize=350%2C200&ssl=1 1x, https:\/\/i0.wp.com\/lasprimeras.com.do\/wp-content\/uploads\/2024\/05\/ACUEDUCTO.jpg?resize=525%2C300&ssl=1 1.5x, https:\/\/i0.wp.com\/lasprimeras.com.do\/wp-content\/uploads\/2024\/05\/ACUEDUCTO.jpg?resize=700%2C400&ssl=1 2x, https:\/\/i0.wp.com\/lasprimeras.com.do\/wp-content\/uploads\/2024\/05\/ACUEDUCTO.jpg?resize=1050%2C600&ssl=1 3x"},"classes":[]},{"id":106989,"url":"https:\/\/lasprimeras.com.do\/index.php\/2025\/08\/21\/el-pld-tiene-asamblea-provincial-este-domingo-en-moca\/","url_meta":{"origin":129119,"position":3},"title":"El PLD tiene Asamblea Provincial este domingo en Moca","author":"Nelson Feliz","date":"21 de agosto de 2025","format":false,"excerpt":"Danilo Medina estar\u00e1 este domingo En Moca, Espaillat, junto al secretario general del PLD, Johnny Pujols encabezando la asamblea provincial de su Partido. El Partido de la Liberaci\u00f3n Dominicana (PLD) tiene programado para este domingo la asamblea de sus dirigentes en la provincia Espaillat, la que ser\u00e1 encabezada por el\u2026","rel":"","context":"En \u00abPOLITICA\u00bb","block_context":{"text":"POLITICA","link":"https:\/\/lasprimeras.com.do\/index.php\/category\/politica\/"},"img":{"alt_text":"","src":"https:\/\/i0.wp.com\/lasprimeras.com.do\/wp-content\/uploads\/2025\/08\/DM-en-mao.jpg?resize=350%2C200&ssl=1","width":350,"height":200,"srcset":"https:\/\/i0.wp.com\/lasprimeras.com.do\/wp-content\/uploads\/2025\/08\/DM-en-mao.jpg?resize=350%2C200&ssl=1 1x, https:\/\/i0.wp.com\/lasprimeras.com.do\/wp-content\/uploads\/2025\/08\/DM-en-mao.jpg?resize=525%2C300&ssl=1 1.5x, https:\/\/i0.wp.com\/lasprimeras.com.do\/wp-content\/uploads\/2025\/08\/DM-en-mao.jpg?resize=700%2C400&ssl=1 2x"},"classes":[]},{"id":114065,"url":"https:\/\/lasprimeras.com.do\/index.php\/2025\/11\/10\/ayuntamiento-de-santiago-entrega-llave-de-la-ciudad-a-gobernadora-kathy-hochul-y-declara-hijo-distinguido-a-adriano-espaillat\/","url_meta":{"origin":129119,"position":4},"title":"Ayuntamiento de Santiago entrega llave de la ciudad a gobernadora Kathy Hochul y declara \u201cHijo Distinguido\u201d a Adriano Espaillat","author":"Nelson Feliz","date":"10 de noviembre de 2025","format":false,"excerpt":"El Concejo de Regidores del Ayuntamiento de Santiago de los Caballeros reconoci\u00f3 como \u201cVisitante de Honor\u201d a la gobernadora del estado de Nueva York, Kathy Hochul, otorg\u00e1ndole adem\u00e1s la llave de la ciudad. En el mismo escenario, el \u00f3rgano edilicio declar\u00f3 como \u201cHijo Distinguido\u201d al congresista dominicano-estadounidense Adriano Espaillat, en\u2026","rel":"","context":"En \u00abNACIONALES\u00bb","block_context":{"text":"NACIONALES","link":"https:\/\/lasprimeras.com.do\/index.php\/category\/nacionales\/"},"img":{"alt_text":"","src":"https:\/\/i0.wp.com\/lasprimeras.com.do\/wp-content\/uploads\/2025\/11\/Kathy-Hochul.jpg?resize=350%2C200&ssl=1","width":350,"height":200,"srcset":"https:\/\/i0.wp.com\/lasprimeras.com.do\/wp-content\/uploads\/2025\/11\/Kathy-Hochul.jpg?resize=350%2C200&ssl=1 1x, https:\/\/i0.wp.com\/lasprimeras.com.do\/wp-content\/uploads\/2025\/11\/Kathy-Hochul.jpg?resize=525%2C300&ssl=1 1.5x"},"classes":[]},{"id":97949,"url":"https:\/\/lasprimeras.com.do\/index.php\/2025\/04\/29\/adepe-rinde-homenaje-postumo-al-dr-ruben-lulo-gitte\/","url_meta":{"origin":129119,"position":5},"title":"ADEPE rinde homenaje p\u00f3stumo al Dr.Rub\u00e9n Lulo Gitte","author":"Nelson Feliz","date":"29 de abril de 2025","format":false,"excerpt":"Por Nicol\u00e1s Grull\u00f3n En un emotivo acto, la Asociaci\u00f3n para el Desarrollo de la Provincia Espaillat (ADEPE) celebr\u00f3 su 50\u00aa Asamblea General Ordinaria Informativa Bienal, bajo la presidencia del Lic. Amable Guzm\u00e1n, el tesorero Eddy Pe\u00f1a y dem\u00e1s miembros de la Junta Directiva. El acto se llev\u00f3 acabo en el\u2026","rel":"","context":"En \u00abNACIONALES\u00bb","block_context":{"text":"NACIONALES","link":"https:\/\/lasprimeras.com.do\/index.php\/category\/nacionales\/"},"img":{"alt_text":"","src":"https:\/\/i0.wp.com\/lasprimeras.com.do\/wp-content\/uploads\/2025\/04\/adepe.jpg?resize=350%2C200&ssl=1","width":350,"height":200,"srcset":"https:\/\/i0.wp.com\/lasprimeras.com.do\/wp-content\/uploads\/2025\/04\/adepe.jpg?resize=350%2C200&ssl=1 1x, https:\/\/i0.wp.com\/lasprimeras.com.do\/wp-content\/uploads\/2025\/04\/adepe.jpg?resize=525%2C300&ssl=1 1.5x, https:\/\/i0.wp.com\/lasprimeras.com.do\/wp-content\/uploads\/2025\/04\/adepe.jpg?resize=700%2C400&ssl=1 2x"},"classes":[]}],"jetpack_sharing_enabled":true,"_links":{"self":[{"href":"https:\/\/lasprimeras.com.do\/index.php\/wp-json\/wp\/v2\/posts\/129119","targetHints":{"allow":["GET"]}}],"collection":[{"href":"https:\/\/lasprimeras.com.do\/index.php\/wp-json\/wp\/v2\/posts"}],"about":[{"href":"https:\/\/lasprimeras.com.do\/index.php\/wp-json\/wp\/v2\/types\/post"}],"author":[{"embeddable":true,"href":"https:\/\/lasprimeras.com.do\/index.php\/wp-json\/wp\/v2\/users\/10"}],"replies":[{"embeddable":true,"href":"https:\/\/lasprimeras.com.do\/index.php\/wp-json\/wp\/v2\/comments?post=129119"}],"version-history":[{"count":1,"href":"https:\/\/lasprimeras.com.do\/index.php\/wp-json\/wp\/v2\/posts\/129119\/revisions"}],"predecessor-version":[{"id":129125,"href":"https:\/\/lasprimeras.com.do\/index.php\/wp-json\/wp\/v2\/posts\/129119\/revisions\/129125"}],"wp:featuredmedia":[{"embeddable":true,"href":"https:\/\/lasprimeras.com.do\/index.php\/wp-json\/wp\/v2\/media\/129120"}],"wp:attachment":[{"href":"https:\/\/lasprimeras.com.do\/index.php\/wp-json\/wp\/v2\/media?parent=129119"}],"wp:term":[{"taxonomy":"category","embeddable":true,"href":"https:\/\/lasprimeras.com.do\/index.php\/wp-json\/wp\/v2\/categories?post=129119"},{"taxonomy":"post_tag","embeddable":true,"href":"https:\/\/lasprimeras.com.do\/index.php\/wp-json\/wp\/v2\/tags?post=129119"}],"curies":[{"name":"wp","href":"https:\/\/api.w.org\/{rel}","templated":true}]}}