{"id":129126,"date":"2026-04-30T03:36:00","date_gmt":"2026-04-30T07:36:00","guid":{"rendered":"https:\/\/lasprimeras.com.do\/?p=129126"},"modified":"2026-04-29T21:40:46","modified_gmt":"2026-04-30T01:40:46","slug":"presidente-abinader-encabezara-hoy-el-acto-oficial-por-el-dia-de-la-industria-nacional","status":"publish","type":"post","link":"https:\/\/lasprimeras.com.do\/index.php\/2026\/04\/30\/presidente-abinader-encabezara-hoy-el-acto-oficial-por-el-dia-de-la-industria-nacional\/","title":{"rendered":"Presidente Abinader encabezar\u00e1 hoy el acto oficial por el \u201cD\u00eda de la Industria Nacional\u201d"},"content":{"rendered":"\n<p>El presidente Luis Abinader encabezar\u00e1 este mi\u00e9rcoles el acto oficial por el D\u00eda de la Industria Nacional, evento que coincide con el 64 aniversario de la Asociaci\u00f3n de Industriales de la Rep\u00fablica Dominicana (AIRD).<\/p>\n\n\n\n<p>La ceremonia busca resaltar la resiliencia y el crecimiento del sector manufacturero como motor clave de la econom\u00eda dominicana.<\/p>\n\n\n\n<p>El encuentro est\u00e1 programado para las 9:30 de la ma\u00f1ana en la Torre de la AIRD. Se espera que el mandatario est\u00e9 acompa\u00f1ado por los principales directivos de la asociaci\u00f3n, as\u00ed como por funcionarios del gabinete industrial y representantes de las empresas m\u00e1s influyentes del pa\u00eds.<\/p>\n\n\n\n<p>Durante la actividad, se presentar\u00e1n los avances logrados por la industria local en el \u00faltimo a\u00f1o, destacando el incremento en las exportaciones y la generaci\u00f3n de empleos de calidad.<\/p>\n\n\n\n<p>La presencia de Abinader reafirma el compromiso del Poder Ejecutivo con el fortalecimiento de la alianza p\u00fablico-privada para impulsar la competitividad.<\/p>\n\n\n\n<p>La AIRD, que arriba a sus 64 a\u00f1os de trayectoria, aprovechar\u00e1 la ocasi\u00f3n para delinear los retos futuros del sector, tales como la transformaci\u00f3n digital y la sostenibilidad ambiental en los procesos productivos.<\/p>\n\n\n\n<p>Este aniversario encuentra a la instituci\u00f3n en un momento de consolidaci\u00f3n como el principal gremio industrial del pa\u00eds.<\/p>\n\n\n\n<p>Adem\u00e1s de los discursos oficiales, se prev\u00e9 la entrega de reconocimientos a empresas y personalidades que han contribuido significativamente al desarrollo del sector. Este tipo de distinciones se han convertido en una tradici\u00f3n que celebra la excelencia y la innovaci\u00f3n dentro de la manufactura nacional.<\/p>\n\n\n\n<p>El evento concluir\u00e1 con un mensaje de unidad por parte del sector industrial, enfocado en seguir posicionando a la Rep\u00fablica Dominicana como un referente regional en manufactura y log\u00edstica.<\/p>\n\n\n\n<p>La jornada reafirma la importancia estrat\u00e9gica de la industria en la soberan\u00eda econ\u00f3mica y el bienestar social de la naci\u00f3n.<\/p>\n","protected":false},"excerpt":{"rendered":"<p>El presidente Luis Abinader encabezar\u00e1 este mi\u00e9rcoles el acto oficial por el D\u00eda de la Industria Nacional, evento que coincide con el 64 aniversario de la Asociaci\u00f3n de Industriales de&hellip;<\/p>\n","protected":false},"author":10,"featured_media":115739,"comment_status":"open","ping_status":"open","sticky":false,"template":"","format":"standard","meta":{"content-type":"","jetpack_post_was_ever_published":false,"_jetpack_newsletter_access":"","_jetpack_dont_email_post_to_subs":false,"_jetpack_newsletter_tier_id":0,"_jetpack_memberships_contains_paywalled_content":false,"_jetpack_memberships_contains_paid_content":false,"footnotes":""},"categories":[35,25],"tags":[32831,2838,32832,67],"class_list":["post-129126","post","type-post","status-publish","format-standard","has-post-thumbnail","hentry","category-nacionales","category-portada","tag-acto-oficial","tag-aird","tag-dia-de-la-industria-nacional","tag-luis-abinader"],"jetpack_featured_media_url":"https:\/\/lasprimeras.com.do\/wp-content\/uploads\/2025\/11\/Luis-Abinader-7.jpg","jetpack-related-posts":[{"id":91029,"url":"https:\/\/lasprimeras.com.do\/index.php\/2024\/11\/07\/aird-anuncia-inversion-de-rd87000-millones-para-2025-entrega-galardones-industriales\/","url_meta":{"origin":129126,"position":0},"title":"AIRD anuncia inversi\u00f3n de RD$87,000 millones para 2025; entrega Galardones Industriales","author":"Nelson Feliz","date":"7 de noviembre de 2024","format":false,"excerpt":"Con esta doble iniciativa de inversi\u00f3n y reconocimiento, la AIRD reafirma su compromiso de liderar el desarrollo industrial en la Rep\u00fablica Dominicana, promoviendo un entorno favorable para el crecimiento sostenible y el bienestar de la poblaci\u00f3n La Asociaci\u00f3n de Industrias de la Rep\u00fablica Dominicana (AIRD) revel\u00f3 hoy que las empresas\u2026","rel":"","context":"En \u00abECONOM\u00cdA\u00bb","block_context":{"text":"ECONOM\u00cdA","link":"https:\/\/lasprimeras.com.do\/index.php\/category\/economia\/"},"img":{"alt_text":"","src":"https:\/\/i0.wp.com\/lasprimeras.com.do\/wp-content\/uploads\/2024\/11\/AIRD-1.jpg?resize=350%2C200&ssl=1","width":350,"height":200,"srcset":"https:\/\/i0.wp.com\/lasprimeras.com.do\/wp-content\/uploads\/2024\/11\/AIRD-1.jpg?resize=350%2C200&ssl=1 1x, https:\/\/i0.wp.com\/lasprimeras.com.do\/wp-content\/uploads\/2024\/11\/AIRD-1.jpg?resize=525%2C300&ssl=1 1.5x, https:\/\/i0.wp.com\/lasprimeras.com.do\/wp-content\/uploads\/2024\/11\/AIRD-1.jpg?resize=700%2C400&ssl=1 2x"},"classes":[]},{"id":100115,"url":"https:\/\/lasprimeras.com.do\/index.php\/2025\/06\/01\/aird-destaca-importancia-del-marco-legislativo-para-el-fortalecimiento-industria\/","url_meta":{"origin":129126,"position":1},"title":"AIRD destaca importancia del marco legislativo para el fortalecimiento industria","author":"Nelson Feliz","date":"1 de junio de 2025","format":false,"excerpt":"Durante el encuentro de la AIRD y el presidente del Senado valor\u00f3 el rol del presidente Ricardo de los Santos como ente de di\u00e1logo y consenso. Una delegaci\u00f3n de alto nivel de la Asociaci\u00f3n de Industrias de la Rep\u00fablica Dominicana (AIRD), realiz\u00f3 una visita institucional al presidente del Senado, Ricardo\u2026","rel":"","context":"En \u00abECONOM\u00cdA\u00bb","block_context":{"text":"ECONOM\u00cdA","link":"https:\/\/lasprimeras.com.do\/index.php\/category\/economia\/"},"img":{"alt_text":"","src":"https:\/\/i0.wp.com\/lasprimeras.com.do\/wp-content\/uploads\/2025\/06\/senado.jpg?resize=350%2C200&ssl=1","width":350,"height":200,"srcset":"https:\/\/i0.wp.com\/lasprimeras.com.do\/wp-content\/uploads\/2025\/06\/senado.jpg?resize=350%2C200&ssl=1 1x, https:\/\/i0.wp.com\/lasprimeras.com.do\/wp-content\/uploads\/2025\/06\/senado.jpg?resize=525%2C300&ssl=1 1.5x, https:\/\/i0.wp.com\/lasprimeras.com.do\/wp-content\/uploads\/2025\/06\/senado.jpg?resize=700%2C400&ssl=1 2x"},"classes":[]},{"id":129193,"url":"https:\/\/lasprimeras.com.do\/index.php\/2026\/04\/30\/julio-brache-rd-tiene-condiciones-reales-para-posicionarse-en-hub-industrial-y-logistico-en-la-region\/","url_meta":{"origin":129126,"position":2},"title":"Julio Brache: RD tiene condiciones reales para posicionarse en hub industrial y log\u00edstico en la regi\u00f3n","author":"Nelson Feliz","date":"30 de abril de 2026","format":false,"excerpt":"Asegura RD tiene estabilidad institucional, plataforma productiva en expansi\u00f3n y una trayectoria de crecimiento que genera confianza, adem\u00e1s de un crecimiento econ\u00f3mico de 5.1%, alza de exportaciones en m\u00e1s de 18% y el fortalecimiento industrial y agroindustrial En un acto que cont\u00f3 con la participaci\u00f3n el mandatario Luis Abinader, presidente\u2026","rel":"","context":"En \u00abECONOM\u00cdA\u00bb","block_context":{"text":"ECONOM\u00cdA","link":"https:\/\/lasprimeras.com.do\/index.php\/category\/economia\/"},"img":{"alt_text":"","src":"https:\/\/i0.wp.com\/lasprimeras.com.do\/wp-content\/uploads\/2026\/04\/IMG-20260430-WA0388.jpg?resize=350%2C200&ssl=1","width":350,"height":200,"srcset":"https:\/\/i0.wp.com\/lasprimeras.com.do\/wp-content\/uploads\/2026\/04\/IMG-20260430-WA0388.jpg?resize=350%2C200&ssl=1 1x, https:\/\/i0.wp.com\/lasprimeras.com.do\/wp-content\/uploads\/2026\/04\/IMG-20260430-WA0388.jpg?resize=525%2C300&ssl=1 1.5x, https:\/\/i0.wp.com\/lasprimeras.com.do\/wp-content\/uploads\/2026\/04\/IMG-20260430-WA0388.jpg?resize=700%2C400&ssl=1 2x, https:\/\/i0.wp.com\/lasprimeras.com.do\/wp-content\/uploads\/2026\/04\/IMG-20260430-WA0388.jpg?resize=1050%2C600&ssl=1 3x, https:\/\/i0.wp.com\/lasprimeras.com.do\/wp-content\/uploads\/2026\/04\/IMG-20260430-WA0388.jpg?resize=1400%2C800&ssl=1 4x"},"classes":[]},{"id":100698,"url":"https:\/\/lasprimeras.com.do\/index.php\/2025\/06\/10\/carolina-en-la-aird-tenemos-que-replantearnos-como-garantizar-la-seguridad-de-nuestras-industrias\/","url_meta":{"origin":129126,"position":3},"title":"Carolina en la AIRD: tenemos que replantearnos c\u00f3mo garantizar la seguridad de nuestras industrias","author":"Nelson Feliz","date":"10 de junio de 2025","format":false,"excerpt":"La precandidata presidencial del Partido Revolucionario Moderno, Carolina Mej\u00eda plante\u00f3 la necesidad de repensar la pol\u00edtica de seguridad industrial de Rep\u00fablica Dominicana de cara a las amenazas comerciales actuales. La afirmaci\u00f3n la hizo al reunirse con la directiva de la Asociaci\u00f3n de Industrias de la Rep\u00fablica Dominicana (AIRD), donde present\u00f3\u2026","rel":"","context":"En \u00abPOLITICA\u00bb","block_context":{"text":"POLITICA","link":"https:\/\/lasprimeras.com.do\/index.php\/category\/politica\/"},"img":{"alt_text":"","src":"https:\/\/i0.wp.com\/lasprimeras.com.do\/wp-content\/uploads\/2025\/06\/Carolina-Mejia.jpg?resize=350%2C200&ssl=1","width":350,"height":200,"srcset":"https:\/\/i0.wp.com\/lasprimeras.com.do\/wp-content\/uploads\/2025\/06\/Carolina-Mejia.jpg?resize=350%2C200&ssl=1 1x, https:\/\/i0.wp.com\/lasprimeras.com.do\/wp-content\/uploads\/2025\/06\/Carolina-Mejia.jpg?resize=525%2C300&ssl=1 1.5x, https:\/\/i0.wp.com\/lasprimeras.com.do\/wp-content\/uploads\/2025\/06\/Carolina-Mejia.jpg?resize=700%2C400&ssl=1 2x"},"classes":[]},{"id":58815,"url":"https:\/\/lasprimeras.com.do\/index.php\/2023\/08\/28\/aird-hara-programa-de-visitas-a-partidos-politicos-y-la-jce\/","url_meta":{"origin":129126,"position":4},"title":"AIRD har\u00e1 programa de visitas a partidos pol\u00edticos y la JCE","author":"Nelson Feliz","date":"28 de agosto de 2023","format":false,"excerpt":"La Asociaci\u00f3n de Industrias de la Rep\u00fablica Dominicana (AIRD) anunci\u00f3 que desarrollar\u00e1 un programa de visitas a los partidos pol\u00edticos mayoritarios, a los bufetes del Senado y la C\u00e1mara de Diputados, y a la Junta Central Electoral (JCE) de cara a las elecciones de 2024. En un comunicado de prensa,\u2026","rel":"","context":"En \u00abNACIONALES\u00bb","block_context":{"text":"NACIONALES","link":"https:\/\/lasprimeras.com.do\/index.php\/category\/nacionales\/"},"img":{"alt_text":"JCE","src":"https:\/\/i0.wp.com\/lasprimeras.com.do\/wp-content\/uploads\/2023\/07\/JCE.jpg?resize=350%2C200&ssl=1","width":350,"height":200,"srcset":"https:\/\/i0.wp.com\/lasprimeras.com.do\/wp-content\/uploads\/2023\/07\/JCE.jpg?resize=350%2C200&ssl=1 1x, https:\/\/i0.wp.com\/lasprimeras.com.do\/wp-content\/uploads\/2023\/07\/JCE.jpg?resize=525%2C300&ssl=1 1.5x, https:\/\/i0.wp.com\/lasprimeras.com.do\/wp-content\/uploads\/2023\/07\/JCE.jpg?resize=700%2C400&ssl=1 2x"},"classes":[]},{"id":107530,"url":"https:\/\/lasprimeras.com.do\/index.php\/2025\/08\/27\/ministro-de-hacienda-y-economia-dialoga-con-sector-industrial\/","url_meta":{"origin":129126,"position":5},"title":"Ministro de Hacienda y Econom\u00eda dialoga con sector industrial","author":"Nelson Feliz","date":"27 de agosto de 2025","format":false,"excerpt":"Los directivos de la AIRD presentaron los principales desaf\u00edos que inciden en la competitividad de la industria El ministro de Hacienda y Econom\u00eda, Mag\u00edn D\u00edaz, sostuvo una reuni\u00f3n con la directiva nacional de la Asociaci\u00f3n de Industrias de la Rep\u00fablica Dominicana (AIRD), donde afirm\u00f3 la disposici\u00f3n de su gesti\u00f3n de\u2026","rel":"","context":"En \u00abECONOM\u00cdA\u00bb","block_context":{"text":"ECONOM\u00cdA","link":"https:\/\/lasprimeras.com.do\/index.php\/category\/economia\/"},"img":{"alt_text":"","src":"https:\/\/i0.wp.com\/lasprimeras.com.do\/wp-content\/uploads\/2025\/08\/Ministro-de-Hacienda.jpeg?resize=350%2C200&ssl=1","width":350,"height":200,"srcset":"https:\/\/i0.wp.com\/lasprimeras.com.do\/wp-content\/uploads\/2025\/08\/Ministro-de-Hacienda.jpeg?resize=350%2C200&ssl=1 1x, https:\/\/i0.wp.com\/lasprimeras.com.do\/wp-content\/uploads\/2025\/08\/Ministro-de-Hacienda.jpeg?resize=525%2C300&ssl=1 1.5x, https:\/\/i0.wp.com\/lasprimeras.com.do\/wp-content\/uploads\/2025\/08\/Ministro-de-Hacienda.jpeg?resize=700%2C400&ssl=1 2x"},"classes":[]}],"jetpack_sharing_enabled":true,"_links":{"self":[{"href":"https:\/\/lasprimeras.com.do\/index.php\/wp-json\/wp\/v2\/posts\/129126","targetHints":{"allow":["GET"]}}],"collection":[{"href":"https:\/\/lasprimeras.com.do\/index.php\/wp-json\/wp\/v2\/posts"}],"about":[{"href":"https:\/\/lasprimeras.com.do\/index.php\/wp-json\/wp\/v2\/types\/post"}],"author":[{"embeddable":true,"href":"https:\/\/lasprimeras.com.do\/index.php\/wp-json\/wp\/v2\/users\/10"}],"replies":[{"embeddable":true,"href":"https:\/\/lasprimeras.com.do\/index.php\/wp-json\/wp\/v2\/comments?post=129126"}],"version-history":[{"count":1,"href":"https:\/\/lasprimeras.com.do\/index.php\/wp-json\/wp\/v2\/posts\/129126\/revisions"}],"predecessor-version":[{"id":129127,"href":"https:\/\/lasprimeras.com.do\/index.php\/wp-json\/wp\/v2\/posts\/129126\/revisions\/129127"}],"wp:featuredmedia":[{"embeddable":true,"href":"https:\/\/lasprimeras.com.do\/index.php\/wp-json\/wp\/v2\/media\/115739"}],"wp:attachment":[{"href":"https:\/\/lasprimeras.com.do\/index.php\/wp-json\/wp\/v2\/media?parent=129126"}],"wp:term":[{"taxonomy":"category","embeddable":true,"href":"https:\/\/lasprimeras.com.do\/index.php\/wp-json\/wp\/v2\/categories?post=129126"},{"taxonomy":"post_tag","embeddable":true,"href":"https:\/\/lasprimeras.com.do\/index.php\/wp-json\/wp\/v2\/tags?post=129126"}],"curies":[{"name":"wp","href":"https:\/\/api.w.org\/{rel}","templated":true}]}}