{"id":129128,"date":"2026-04-29T21:54:43","date_gmt":"2026-04-30T01:54:43","guid":{"rendered":"https:\/\/lasprimeras.com.do\/?p=129128"},"modified":"2026-04-29T21:54:45","modified_gmt":"2026-04-30T01:54:45","slug":"identifican-como-jairo-el-sicario-a-delincuente-ultimado-en-sdn","status":"publish","type":"post","link":"https:\/\/lasprimeras.com.do\/index.php\/2026\/04\/29\/identifican-como-jairo-el-sicario-a-delincuente-ultimado-en-sdn\/","title":{"rendered":"Identifican como &#8220;Jairo el Sicario&#8221; a delincuente ultimado en SDN"},"content":{"rendered":"\n<p>&#8211;<strong>Polic\u00eda identifica haitiano conocido &#8220;Waifai&#8221; como presunto autor de desaparici\u00f3n de ni\u00f1a de 6 a\u00f1os en SDO.<\/strong><\/p>\n\n\n\n<p>&#8211;<strong>Polic\u00eda apresa y env\u00eda a la justicia a cinco hombres acusados de maltrato animal en Sabana Perdida, SDN<\/strong><\/p>\n\n\n\n<p><strong>-Como autor es se\u00f1alado otro reconocido delincuente identificado como &#8220;Gaby&#8221;.<\/strong><\/p>\n\n\n\n<p>La Polic\u00eda Nacional inform\u00f3 que fue identificado como Jairo Rosario Alc\u00e1ntara, alias \u201cJairo el Sicario\u201d, de 40 a\u00f1os, el hombre ultimado a tiros violento atribuido a problemas personales, ocurrido pr\u00f3ximo al puente Jacinto Peynado, del municipio Santo Domingo Norte.<\/p>\n\n\n\n<p>De acuerdo con el reporte preliminar, &#8220;Jairo El Sicario&#8221; habr\u00eda sido ultimado por otro presunto delincuente identificado por el momento como \u201cGaby\u201d.<\/p>\n\n\n\n<p>Los investigadores indicaron que el hecho estar\u00eda vinculado a viejas rencillas personales entre ambos.<\/p>\n\n\n\n<p>El caso se encuentra bajo investigaci\u00f3n, mientras los organismos correspondientes contin\u00faan recabando evidencias para esclarecer las circunstancias en que ocurri\u00f3 el suceso.<\/p>\n\n\n\n<p>La Polic\u00eda Nacional se\u00f1al\u00f3 que ofrecer\u00e1 mayores detalles conforme avancen las indagatorias.<\/p>\n\n\n\n<p><strong>Polic\u00eda identifica haitiano conocido &#8220;Waifai&#8221; como presunto autor de desaparici\u00f3n de ni\u00f1a de 6 a\u00f1os en SDO.<\/strong><\/p>\n\n\n\n<p>-El presunto autor de la desaparici\u00f3n es hermano del padre de la ni\u00f1a.<\/p>\n\n\n\n<p>La Polic\u00eda Nacional inform\u00f3 que activa la localizaci\u00f3n del haitiano Wolfay Emmanuel (a) Waifai, se\u00f1alado como el autor de la desaparici\u00f3n de una ni\u00f1a de 6 a\u00f1os, de la misma nacionalidad, de la cual es su t\u00edo.<\/p>\n\n\n\n<p>De acuerdo con el informe preliminar, la ni\u00f1a fue reportada como desaparecida la noche del martes 28 de abril, luego de que saliera en horas de la ma\u00f1ana junto a su hermano de 11 a\u00f1os hacia su centro educativo, sin llegar a su destino.<\/p>\n\n\n\n<p>Las investigaciones, apoyadas en c\u00e1maras de videovigilancia, establecen que la ni\u00f1a se detuvo en el trayecto y se cambi\u00f3 el uniforme escolar por un vestido que le facilit\u00f3 su t\u00edo y ahora pr\u00f3fugo.<\/p>\n\n\n\n<p>Desde all\u00ed traslad\u00f3 a la ni\u00f1a en una motocicleta hacia un rumbo desconocido, sin la debida autorizaci\u00f3n de sus familiares y\/o tutores.<\/p>\n\n\n\n<p>La Polic\u00eda indic\u00f3 que equipos de la Subdirecci\u00f3n de Investigaci\u00f3n (DICRIM), junto a unidades especializadas, Defensa Civil y una Unidad Canina, desarrollan operativos de rastreo y b\u00fasqueda en distintas zonas.<\/p>\n\n\n\n<p>La instituci\u00f3n del orden precisa que &#8220;Waifai&#8221; permanece pr\u00f3fugo y es considerado de alto inter\u00e9s en la investigaci\u00f3n.<\/p>\n\n\n\n<p>En el proceso investigativo, varias personas han sido detenidas para fines de investigaci\u00f3n y ser\u00e1n remitidas a las instancias correspondientes.<\/p>\n\n\n\n<p><strong>Polic\u00eda apresa y env\u00eda a la justicia a cinco hombres acusados de maltrato animal en Sabana Perdida, SDN<\/strong><\/p>\n\n\n\n<p><strong>-Los detenidos figuran en un video viral en redes sociales donde le roc\u00edan un l\u00edquido inflamable a un gato y le prenden fuego.<\/strong><\/p>\n\n\n\n<p>Agentes de la Direcci\u00f3n Regional Santo Domingo Norte de la Polic\u00eda Nacional detuvieron y pusieron a disposici\u00f3n del Ministerio P\u00fablico a cinco hombres acusados de incurrir en un acto de crueldad contra un gato, en un hecho ocurrido en la comunidad de Majagual, en Sabana Perdida.<\/p>\n\n\n\n<p>Seg\u00fan el informe preliminar, los implicados habr\u00edan rociado al animal con una sustancia inflamable y posteriormente le prendieron fuego, provoc\u00e1ndole quemaduras. El hecho qued\u00f3 registrado en un video que circula en redes sociales, lo que facilit\u00f3 la identificaci\u00f3n y localizaci\u00f3n de los presuntos responsables.<\/p>\n\n\n\n<p>Los detenidos fueron identificados como \u00c1ngel Marte, alias \u201cCaco de Loca\u201d; \u00d3scar Manuel Vargas; Daniel Guzm\u00e1n Silva; Justin Emmanuel Hern\u00e1ndez y Obie Jim\u00e9nez Zabala.<\/p>\n\n\n\n<p>Las autoridades informaron que ser\u00e1n procesados por presunta violaci\u00f3n a la Ley 248-12 sobre Protecci\u00f3n Animal y Tenencia Responsable.<\/p>\n\n\n\n<p>En el operativo participaron representantes del Ministerio P\u00fablico, agentes de la Polic\u00eda Preventiva y de Investigaci\u00f3n, as\u00ed como miembros del Departamento de Protecci\u00f3n Animal y Medio Ambiente.<\/p>\n\n\n\n<p>La Polic\u00eda Nacional reiter\u00f3 su rechazo a cualquier forma de maltrato animal y asegur\u00f3 que continuar\u00e1 actuando con firmeza ante este tipo de hechos, en cumplimiento de la legislaci\u00f3n vigente.<\/p>\n","protected":false},"excerpt":{"rendered":"<p>&#8211;Polic\u00eda identifica haitiano conocido &#8220;Waifai&#8221; como presunto autor de desaparici\u00f3n de ni\u00f1a de 6 a\u00f1os en SDO. &#8211;Polic\u00eda apresa y env\u00eda a la justicia a cinco hombres acusados de maltrato&hellip;<\/p>\n","protected":false},"author":10,"featured_media":70757,"comment_status":"open","ping_status":"open","sticky":false,"template":"","format":"standard","meta":{"content-type":"","jetpack_post_was_ever_published":false,"_jetpack_newsletter_access":"","_jetpack_dont_email_post_to_subs":false,"_jetpack_newsletter_tier_id":0,"_jetpack_memberships_contains_paywalled_content":false,"_jetpack_memberships_contains_paid_content":false,"footnotes":""},"categories":[3057],"tags":[32835,1155,32833,1156,754,1617,32836,2092,8095,3073,32834],"class_list":["post-129128","post","type-post","status-publish","format-standard","has-post-thumbnail","hentry","category-militares","tag-6-anos","tag-delincuente","tag-desaparicion-de-nina","tag-haitiano","tag-identifica","tag-identifican","tag-jairo-el-sicario","tag-sdn","tag-sdo","tag-ultimado","tag-waifai-autor"],"jetpack_featured_media_url":"https:\/\/lasprimeras.com.do\/wp-content\/uploads\/2023\/12\/dicrim.jpeg","jetpack-related-posts":[{"id":70256,"url":"https:\/\/lasprimeras.com.do\/index.php\/2023\/12\/10\/14-muertos-en-enfrentamientos-entre-pobladores-y-sicarios-en-mexico\/","url_meta":{"origin":129128,"position":0},"title":"14 muertos en enfrentamientos entre pobladores y sicarios en M\u00e9xico","author":"Nelson Feliz","date":"10 de diciembre de 2023","format":false,"excerpt":"Con piedras, palos y machetes, pobladores se enfrentan a sicarios de la Familia Michoacana en M\u00e9xico y se divulgan videos del hecho que dej\u00f3 14 muertos. M\u00e9xico, AFP.- Un enfrentamiento entre pobladores de un municipio rural del centro de M\u00e9xico y presuntos miembros de un grupo criminal que pretend\u00edan extorsionarlos\u2026","rel":"","context":"En \u00abSin categor\u00eda\u00bb","block_context":{"text":"Sin categor\u00eda","link":"https:\/\/lasprimeras.com.do\/index.php\/category\/sin-categoria\/"},"img":{"alt_text":"armado","src":"https:\/\/i0.wp.com\/lasprimeras.com.do\/wp-content\/uploads\/2023\/12\/armado.jpg?resize=350%2C200&ssl=1","width":350,"height":200,"srcset":"https:\/\/i0.wp.com\/lasprimeras.com.do\/wp-content\/uploads\/2023\/12\/armado.jpg?resize=350%2C200&ssl=1 1x, https:\/\/i0.wp.com\/lasprimeras.com.do\/wp-content\/uploads\/2023\/12\/armado.jpg?resize=525%2C300&ssl=1 1.5x, https:\/\/i0.wp.com\/lasprimeras.com.do\/wp-content\/uploads\/2023\/12\/armado.jpg?resize=700%2C400&ssl=1 2x"},"classes":[]},{"id":68923,"url":"https:\/\/lasprimeras.com.do\/index.php\/2023\/11\/27\/abinader-le-recomienda-a-kiko-la-quema-entregarse-asegura-es-lo-que-le-conviene\/","url_meta":{"origin":129128,"position":1},"title":"Abinader le recomienda a Kiko la Quema entregarse; asegura es lo que le conviene","author":"Nelson Feliz","date":"27 de noviembre de 2023","format":false,"excerpt":"El presidente Luis Abinader le recomend\u00f3 este lunes al presunto delincuente Jos\u00e9 Antonio Figuereo Bautista, conocido como \u00abKiko la Quema\u00bb, entregarse a las autoridades. El jefe de Estado asegur\u00f3, que entregarse es lo que m\u00e1s le conviene al supuesto l\u00edder de una banda criminal peligrosa de San Crist\u00f3bal. \u00ab\u00c9l lo\u2026","rel":"","context":"En \u00abNACIONALES\u00bb","block_context":{"text":"NACIONALES","link":"https:\/\/lasprimeras.com.do\/index.php\/category\/nacionales\/"},"img":{"alt_text":"","src":"https:\/\/i0.wp.com\/lasprimeras.com.do\/wp-content\/uploads\/2023\/11\/abinader-le-recomienda-a-kiko-la-quema-entregarse-asegura-es-lo-que-le-conviene.jpg?resize=350%2C200&ssl=1","width":350,"height":200,"srcset":"https:\/\/i0.wp.com\/lasprimeras.com.do\/wp-content\/uploads\/2023\/11\/abinader-le-recomienda-a-kiko-la-quema-entregarse-asegura-es-lo-que-le-conviene.jpg?resize=350%2C200&ssl=1 1x, https:\/\/i0.wp.com\/lasprimeras.com.do\/wp-content\/uploads\/2023\/11\/abinader-le-recomienda-a-kiko-la-quema-entregarse-asegura-es-lo-que-le-conviene.jpg?resize=525%2C300&ssl=1 1.5x, https:\/\/i0.wp.com\/lasprimeras.com.do\/wp-content\/uploads\/2023\/11\/abinader-le-recomienda-a-kiko-la-quema-entregarse-asegura-es-lo-que-le-conviene.jpg?resize=700%2C400&ssl=1 2x, https:\/\/i0.wp.com\/lasprimeras.com.do\/wp-content\/uploads\/2023\/11\/abinader-le-recomienda-a-kiko-la-quema-entregarse-asegura-es-lo-que-le-conviene.jpg?resize=1050%2C600&ssl=1 3x"},"classes":[]},{"id":92294,"url":"https:\/\/lasprimeras.com.do\/index.php\/2025\/01\/01\/pn-y-mp-investigan-conflicto-donde-dos-hombres-murieron-e-dos-resultaron-heridos\/","url_meta":{"origin":129128,"position":2},"title":"PN y MP investigan conflicto donde dos hombres murieron e dos resultaron heridos","author":"Nelson Feliz","date":"1 de enero de 2025","format":false,"excerpt":"-Caso se registr\u00f3 la ma\u00f1ana de hoy en el sector Villa Consuelo, D.N. La Polic\u00eda Nacional inform\u00f3 que, junto al Ministerio P\u00fablico, ha iniciado una exhaustiva investigaci\u00f3n en torno a un incidente ocurrido la ma\u00f1ana de este mi\u00e9rcoles 1 de enero en el sector Villa Consuelo, del Distrito Nacional, donde\u2026","rel":"","context":"En \u00abMILITARES\u00bb","block_context":{"text":"MILITARES","link":"https:\/\/lasprimeras.com.do\/index.php\/category\/militares\/"},"img":{"alt_text":"","src":"https:\/\/i0.wp.com\/lasprimeras.com.do\/wp-content\/uploads\/2025\/01\/cuatro-personas-heridas-al-deslizarse-vehiculo-en-la-carretera-el-seibo-hato-mayor.jpg?resize=350%2C200&ssl=1","width":350,"height":200,"srcset":"https:\/\/i0.wp.com\/lasprimeras.com.do\/wp-content\/uploads\/2025\/01\/cuatro-personas-heridas-al-deslizarse-vehiculo-en-la-carretera-el-seibo-hato-mayor.jpg?resize=350%2C200&ssl=1 1x, https:\/\/i0.wp.com\/lasprimeras.com.do\/wp-content\/uploads\/2025\/01\/cuatro-personas-heridas-al-deslizarse-vehiculo-en-la-carretera-el-seibo-hato-mayor.jpg?resize=525%2C300&ssl=1 1.5x, https:\/\/i0.wp.com\/lasprimeras.com.do\/wp-content\/uploads\/2025\/01\/cuatro-personas-heridas-al-deslizarse-vehiculo-en-la-carretera-el-seibo-hato-mayor.jpg?resize=700%2C400&ssl=1 2x"},"classes":[]},{"id":50323,"url":"https:\/\/lasprimeras.com.do\/index.php\/2023\/05\/19\/hombre-ultima-de-varios-machetazos-a-su-expareja-en-spm\/","url_meta":{"origin":129128,"position":3},"title":"Hombre ultima de varios machetazos a su expareja en SPM","author":"prenxa100","date":"19 de mayo de 2023","format":false,"excerpt":"Por Jairo De La Rosa@SoySerie23.Com1 SAN PEDRO DE MACOR\u00cdS:- Un hombre identificado como Felix Beriguete de unos 57 a\u00f1os, le quit\u00f3 la vida a una mujer de nacionalidad Haitiana con la cual sostuvo una relaci\u00f3n amorosa y hace unos meses hab\u00edan terminado. Beriguete se dedica a la carnicer\u00eda en el\u2026","rel":"","context":"En \u00abNACIONALES\u00bb","block_context":{"text":"NACIONALES","link":"https:\/\/lasprimeras.com.do\/index.php\/category\/nacionales\/"},"img":{"alt_text":"","src":"","width":0,"height":0},"classes":[]},{"id":65965,"url":"https:\/\/lasprimeras.com.do\/index.php\/2023\/11\/02\/cae-abatido-en-sdn-presunto-delincuente-ataco-a-tiros-a-agentes-policiales\/","url_meta":{"origin":129128,"position":4},"title":"Cae abatido en SDN presunto delincuente atac\u00f3 a tiros a agentes policiales","author":"Nelson Feliz","date":"2 de noviembre de 2023","format":false,"excerpt":"-Se ampl\u00edan las investigaciones en torno al caso donde se ocup\u00f3 una pistola ilegal y varios cargadores. Por Mart\u00edn Restituyo La Polic\u00eda Nacional inform\u00f3 que cay\u00f3 abatido un reconocido delincuente, tras enfrentar a tiros a agentes policiales que trataron de apresarlo en el residencial Bienaventuranza, del municipio Santo Domingo Norte.\u2026","rel":"","context":"En \u00abMILITARES\u00bb","block_context":{"text":"MILITARES","link":"https:\/\/lasprimeras.com.do\/index.php\/category\/militares\/"},"img":{"alt_text":"pistola","src":"https:\/\/i0.wp.com\/lasprimeras.com.do\/wp-content\/uploads\/2023\/11\/pistola.jpg?resize=350%2C200&ssl=1","width":350,"height":200,"srcset":"https:\/\/i0.wp.com\/lasprimeras.com.do\/wp-content\/uploads\/2023\/11\/pistola.jpg?resize=350%2C200&ssl=1 1x, https:\/\/i0.wp.com\/lasprimeras.com.do\/wp-content\/uploads\/2023\/11\/pistola.jpg?resize=525%2C300&ssl=1 1.5x, https:\/\/i0.wp.com\/lasprimeras.com.do\/wp-content\/uploads\/2023\/11\/pistola.jpg?resize=700%2C400&ssl=1 2x"},"classes":[]},{"id":126391,"url":"https:\/\/lasprimeras.com.do\/index.php\/2026\/04\/01\/cae-abatido-reconocido-delincuente-el-30-tras-enfrentar-patrulla-en-sdn\/","url_meta":{"origin":129128,"position":5},"title":"Cae abatido reconocido delincuente \u201cEl 30\u201d, tras enfrentar patrulla en SDN","author":"Nelson Feliz","date":"1 de abril de 2026","format":false,"excerpt":"*-Durante la acci\u00f3n fue ocupada un arma de fuego ilegal y evidencias bal\u00edsticas.* *-El hoy occiso contaba con amplio historial delictivo vinculado a homicidios y heridos por arma de fuego.* La Polic\u00eda Nacional inform\u00f3 que un reconocido delincuente result\u00f3 muerto tras enfrentar a tiros a una patrulla de la Subdirecci\u00f3n\u2026","rel":"","context":"En \u00abMILITARES\u00bb","block_context":{"text":"MILITARES","link":"https:\/\/lasprimeras.com.do\/index.php\/category\/militares\/"},"img":{"alt_text":"","src":"https:\/\/i0.wp.com\/lasprimeras.com.do\/wp-content\/uploads\/2026\/04\/IMG-20260401-WA0472.jpg?resize=350%2C200&ssl=1","width":350,"height":200,"srcset":"https:\/\/i0.wp.com\/lasprimeras.com.do\/wp-content\/uploads\/2026\/04\/IMG-20260401-WA0472.jpg?resize=350%2C200&ssl=1 1x, https:\/\/i0.wp.com\/lasprimeras.com.do\/wp-content\/uploads\/2026\/04\/IMG-20260401-WA0472.jpg?resize=525%2C300&ssl=1 1.5x, https:\/\/i0.wp.com\/lasprimeras.com.do\/wp-content\/uploads\/2026\/04\/IMG-20260401-WA0472.jpg?resize=700%2C400&ssl=1 2x, https:\/\/i0.wp.com\/lasprimeras.com.do\/wp-content\/uploads\/2026\/04\/IMG-20260401-WA0472.jpg?resize=1050%2C600&ssl=1 3x"},"classes":[]}],"jetpack_sharing_enabled":true,"_links":{"self":[{"href":"https:\/\/lasprimeras.com.do\/index.php\/wp-json\/wp\/v2\/posts\/129128","targetHints":{"allow":["GET"]}}],"collection":[{"href":"https:\/\/lasprimeras.com.do\/index.php\/wp-json\/wp\/v2\/posts"}],"about":[{"href":"https:\/\/lasprimeras.com.do\/index.php\/wp-json\/wp\/v2\/types\/post"}],"author":[{"embeddable":true,"href":"https:\/\/lasprimeras.com.do\/index.php\/wp-json\/wp\/v2\/users\/10"}],"replies":[{"embeddable":true,"href":"https:\/\/lasprimeras.com.do\/index.php\/wp-json\/wp\/v2\/comments?post=129128"}],"version-history":[{"count":1,"href":"https:\/\/lasprimeras.com.do\/index.php\/wp-json\/wp\/v2\/posts\/129128\/revisions"}],"predecessor-version":[{"id":129129,"href":"https:\/\/lasprimeras.com.do\/index.php\/wp-json\/wp\/v2\/posts\/129128\/revisions\/129129"}],"wp:featuredmedia":[{"embeddable":true,"href":"https:\/\/lasprimeras.com.do\/index.php\/wp-json\/wp\/v2\/media\/70757"}],"wp:attachment":[{"href":"https:\/\/lasprimeras.com.do\/index.php\/wp-json\/wp\/v2\/media?parent=129128"}],"wp:term":[{"taxonomy":"category","embeddable":true,"href":"https:\/\/lasprimeras.com.do\/index.php\/wp-json\/wp\/v2\/categories?post=129128"},{"taxonomy":"post_tag","embeddable":true,"href":"https:\/\/lasprimeras.com.do\/index.php\/wp-json\/wp\/v2\/tags?post=129128"}],"curies":[{"name":"wp","href":"https:\/\/api.w.org\/{rel}","templated":true}]}}