{"id":129130,"date":"2026-04-29T21:59:21","date_gmt":"2026-04-30T01:59:21","guid":{"rendered":"https:\/\/lasprimeras.com.do\/?p=129130"},"modified":"2026-04-29T21:59:23","modified_gmt":"2026-04-30T01:59:23","slug":"geologo-osiris-de-leon-advierte-todo-tipo-de-proyecto-debe-ser-evaluados-en-base-medioambiental","status":"publish","type":"post","link":"https:\/\/lasprimeras.com.do\/index.php\/2026\/04\/29\/geologo-osiris-de-leon-advierte-todo-tipo-de-proyecto-debe-ser-evaluados-en-base-medioambiental\/","title":{"rendered":"Ge\u00f3logo Osiris de Le\u00f3n advierte todo tipo de proyecto debe ser evaluados en base medioambiental"},"content":{"rendered":"\n<p><strong>De igual manera, sostuvo que cuando se discut\u00eda la Ley Ambiental en los a\u00f1os 90 algunas personas se opusieron a la misma<\/strong><\/p>\n\n\n\n<p>A prop\u00f3sito de las protestas de ciudadanos de San Juan que rechazan la explotaci\u00f3n de la mina Romero, el ge\u00f3logo Osiris de Le\u00f3n manifest\u00f3 que todos los proyectos de esa \u00edndole u otros deben ser evaluados con enfoque medioambiental.<\/p>\n\n\n\n<p>\u201cEn cualquier parte del mundo, todo proyecto es discutido sobre la base medioambiental. El Estado siempre ha entendido que los recursos mineros son de todos y que, si hay una mina en una comunidad, aunque yo viva en el extremo opuesto, tambi\u00e9n debo recibir recursos\u201d, indic\u00f3.<\/p>\n\n\n\n<p>De igual manera, sostuvo que cuando se discut\u00eda la Ley Ambiental en los a\u00f1os 90 algunas personas se opusieron a la misma.<\/p>\n\n\n\n<p>\u201cEsta se aprueba el 18 de agosto del a\u00f1o 2000 y todav\u00eda hab\u00eda gente que no quer\u00eda. Esa ley, en sus art\u00edculos 8, 39, 40, 41 y 42, establece que todo proyecto merece una investigaci\u00f3n de impacto ambiental. Esto se aplica a carreteras, puentes, urbanizaciones, hoteles y miner\u00eda. La ley manda que sea el Ministerio de Medio Ambiente, de la mano de la comunidad, en vistas p\u00fablicas donde se discutan los proyectos en un sal\u00f3n amplio donde todos participen; luego se emite un resultado, el ministerio lo incorpora y determina si emite o no la licencia ambiental\u201d, asegur\u00f3.<\/p>\n\n\n\n<p>Senador rechaza proyecto<\/p>\n\n\n\n<p>El senador de la provincia San Juan, F\u00e9lix Bautista, reiter\u00f3 este mi\u00e9rcoles su rechazo a la explotaci\u00f3n minera en San Juan, al tiempo que propuso al Gobierno declarar a la provincia como distrito energ\u00e9tico, en lugar de distrito minero.<\/p>\n\n\n\n<p>En una rueda de prensa realizada en el Senado de la Rep\u00fablica, el legislador expres\u00f3 que en el lugar donde se pretende realizar la explotaci\u00f3n minera es donde se encuentra la mayor producci\u00f3n de agua de la Cordillera Central, que alimenta las zonas norte y sur del pa\u00eds.<\/p>\n\n\n\n<p>El legislador dijo que la explotaci\u00f3n de esa mina viola la Constituci\u00f3n de la Rep\u00fablica en sus art\u00edculos 6, 15, 66 y 67; la Ley de Medio Ambiente y Recursos Naturales n\u00famero 64-00, en sus art\u00edculos 126 y 127; el art\u00edculo 30 de la Ley de Energ\u00eda y Minas; la Ley de Ordenamiento Territorial, uso de suelos y asentamientos humanos, en su art\u00edculo 4, numeral 7; y la sentencia del Tribunal Constitucional 482-19.<\/p>\n\n\n\n<p>Fuente Elnuevo Diario<\/p>\n","protected":false},"excerpt":{"rendered":"<p>De igual manera, sostuvo que cuando se discut\u00eda la Ley Ambiental en los a\u00f1os 90 algunas personas se opusieron a la misma A prop\u00f3sito de las protestas de ciudadanos de&hellip;<\/p>\n","protected":false},"author":10,"featured_media":106102,"comment_status":"open","ping_status":"open","sticky":false,"template":"","format":"standard","meta":{"content-type":"","jetpack_post_was_ever_published":false,"_jetpack_newsletter_access":"","_jetpack_dont_email_post_to_subs":false,"_jetpack_newsletter_tier_id":0,"_jetpack_memberships_contains_paywalled_content":false,"_jetpack_memberships_contains_paid_content":false,"footnotes":""},"categories":[35,25],"tags":[4814,23387,3055,32837,1416,276],"class_list":["post-129130","post","type-post","status-publish","format-standard","has-post-thumbnail","hentry","category-nacionales","category-portada","tag-base","tag-evaluados","tag-geologo","tag-medioambiental","tag-osiris-de-leon","tag-proyecto"],"jetpack_featured_media_url":"https:\/\/lasprimeras.com.do\/wp-content\/uploads\/2025\/08\/Osiris-de-Leon.jpg","jetpack-related-posts":[{"id":113300,"url":"https:\/\/lasprimeras.com.do\/index.php\/2025\/10\/31\/geologo-osiris-de-leon-advierte-sobre-riesgo-de-inundaciones-por-deficiente-drenaje-en-infraestructura\/","url_meta":{"origin":129130,"position":0},"title":"Ge\u00f3logo Osiris de Le\u00f3n advierte sobre riesgo de inundaciones por deficiente drenaje en infraestructura","author":"Nelson Feliz","date":"31 de octubre de 2025","format":false,"excerpt":"El ge\u00f3logo y ambientalista Osiris de Le\u00f3n, alert\u00f3 hoy que la inadecuada planificaci\u00f3n del drenaje pluvial en las obras de infraestructura est\u00e1 exponiendo al pa\u00eds a un mayor riesgo de inundaciones y da\u00f1os ambientales. En sus declaraciones, De Le\u00f3n explic\u00f3 que la expansi\u00f3n urbana ha ignorado elementos esenciales del dise\u00f1o\u2026","rel":"","context":"En \u00abNACIONALES\u00bb","block_context":{"text":"NACIONALES","link":"https:\/\/lasprimeras.com.do\/index.php\/category\/nacionales\/"},"img":{"alt_text":"","src":"https:\/\/i0.wp.com\/lasprimeras.com.do\/wp-content\/uploads\/2025\/08\/Osiris-de-Leon.jpg?resize=350%2C200&ssl=1","width":350,"height":200,"srcset":"https:\/\/i0.wp.com\/lasprimeras.com.do\/wp-content\/uploads\/2025\/08\/Osiris-de-Leon.jpg?resize=350%2C200&ssl=1 1x, https:\/\/i0.wp.com\/lasprimeras.com.do\/wp-content\/uploads\/2025\/08\/Osiris-de-Leon.jpg?resize=525%2C300&ssl=1 1.5x, https:\/\/i0.wp.com\/lasprimeras.com.do\/wp-content\/uploads\/2025\/08\/Osiris-de-Leon.jpg?resize=700%2C400&ssl=1 2x"},"classes":[]},{"id":117945,"url":"https:\/\/lasprimeras.com.do\/index.php\/2025\/12\/18\/osiris-de-leon-oakhouse-es-una-industria-bajo-techo-para-valorizacion-de-residuos-y-no-una-instalacion-contaminante\/","url_meta":{"origin":129130,"position":1},"title":"Osiris de Le\u00f3n: \u201cOakhouse es una industria bajo techo, para valorizaci\u00f3n de residuos, y no una instalaci\u00f3n contaminante\u201d","author":"Nelson Feliz","date":"18 de diciembre de 2025","format":false,"excerpt":"\u2022Explic\u00f3 que: la selecci\u00f3n del sitio responde a rigurosos criterios t\u00e9cnicos y no a decisiones improvisadas. El ge\u00f3logo Osiris de Le\u00f3n afirm\u00f3, de manera categ\u00f3rica, que Oakhouse es un moderno proyecto industrial que conlleva una planta de valorizaci\u00f3n de residuos s\u00f3lidos para ser instalado en La Cuaba, y que no\u2026","rel":"","context":"En \u00abNACIONALES\u00bb","block_context":{"text":"NACIONALES","link":"https:\/\/lasprimeras.com.do\/index.php\/category\/nacionales\/"},"img":{"alt_text":"Osiris de Leon","src":"https:\/\/i0.wp.com\/lasprimeras.com.do\/wp-content\/uploads\/2025\/12\/Osiris-de-Leon.jpg?resize=350%2C200&ssl=1","width":350,"height":200,"srcset":"https:\/\/i0.wp.com\/lasprimeras.com.do\/wp-content\/uploads\/2025\/12\/Osiris-de-Leon.jpg?resize=350%2C200&ssl=1 1x, https:\/\/i0.wp.com\/lasprimeras.com.do\/wp-content\/uploads\/2025\/12\/Osiris-de-Leon.jpg?resize=525%2C300&ssl=1 1.5x"},"classes":[]},{"id":57729,"url":"https:\/\/lasprimeras.com.do\/index.php\/2023\/08\/15\/osiris-de-leon-dice-esa-explosion-la-produjo-un-escape-de-gas\/","url_meta":{"origin":129130,"position":2},"title":"Osiris de Le\u00f3n dice esa explosi\u00f3n la produjo un escape de gas","author":"Nelson Feliz","date":"15 de agosto de 2023","format":false,"excerpt":"El ge\u00f3logo y ambientalista Osiris de Le\u00f3n, \u00a0sostuvo que este lunes el centro de la provincia de San Crist\u00f3bal, fue estremecido por una gran explosi\u00f3n que se produjo por el escape en un tanque de gas (GLP). De Le\u00f3n, sostuvo que el nivel de destrucci\u00f3n estructural que se evidencia y\u2026","rel":"","context":"En \u00abNACIONALES\u00bb","block_context":{"text":"NACIONALES","link":"https:\/\/lasprimeras.com.do\/index.php\/category\/nacionales\/"},"img":{"alt_text":"Osiris de Leon","src":"https:\/\/i0.wp.com\/lasprimeras.com.do\/wp-content\/uploads\/2023\/07\/Osiris-de-Leon.jpg?resize=350%2C200&ssl=1","width":350,"height":200,"srcset":"https:\/\/i0.wp.com\/lasprimeras.com.do\/wp-content\/uploads\/2023\/07\/Osiris-de-Leon.jpg?resize=350%2C200&ssl=1 1x, https:\/\/i0.wp.com\/lasprimeras.com.do\/wp-content\/uploads\/2023\/07\/Osiris-de-Leon.jpg?resize=525%2C300&ssl=1 1.5x, https:\/\/i0.wp.com\/lasprimeras.com.do\/wp-content\/uploads\/2023\/07\/Osiris-de-Leon.jpg?resize=700%2C400&ssl=1 2x"},"classes":[]},{"id":112874,"url":"https:\/\/lasprimeras.com.do\/index.php\/2025\/10\/28\/osiris-de-leon-habla-del-peligro-de-un-huracan-categoria-5\/","url_meta":{"origin":129130,"position":3},"title":"Osiris de Le\u00f3n habla del peligro de un hurac\u00e1n categor\u00eda 5","author":"Nelson Feliz","date":"28 de octubre de 2025","format":false,"excerpt":"El ge\u00f3logo llama a intervenir varios puentes del pa\u00eds. El ge\u00f3logo y ambientalista Osiris de Le\u00f3n, declar\u00f3 que donde pasa un hurac\u00e1n categor\u00eda 5 deja tierra arrasadas y llam\u00f3 a las autoridades intervenir varias infraestructura de la Rep\u00fablica Dominicana. De Le\u00f3n, revel\u00f3 que la tormenta Melissa pas\u00f3 por el sur\u2026","rel":"","context":"En \u00abCLIMA\u00bb","block_context":{"text":"CLIMA","link":"https:\/\/lasprimeras.com.do\/index.php\/category\/clima\/"},"img":{"alt_text":"","src":"https:\/\/i0.wp.com\/lasprimeras.com.do\/wp-content\/uploads\/2025\/10\/Osiris-de-Leon.jpg?resize=350%2C200&ssl=1","width":350,"height":200,"srcset":"https:\/\/i0.wp.com\/lasprimeras.com.do\/wp-content\/uploads\/2025\/10\/Osiris-de-Leon.jpg?resize=350%2C200&ssl=1 1x, https:\/\/i0.wp.com\/lasprimeras.com.do\/wp-content\/uploads\/2025\/10\/Osiris-de-Leon.jpg?resize=525%2C300&ssl=1 1.5x"},"classes":[]},{"id":85429,"url":"https:\/\/lasprimeras.com.do\/index.php\/2024\/06\/30\/osiris-de-leon-sugiere-prudencia-en-nuevas-extracciones-agregados-en-barahona\/","url_meta":{"origin":129130,"position":4},"title":"Osiris de Le\u00f3n sugiere prudencia en nuevas extracciones agregados en Barahona","author":"Nelson Feliz","date":"30 de junio de 2024","format":false,"excerpt":"Ante la posible instalaci\u00f3n de una grancera en el Distrito Municipal El Cach\u00f3n en Barahona, el ge\u00f3logo y ambientalista Ing. Osiris de Le\u00f3n manifest\u00f3 hoy que las rocas sedimentarias calc\u00e1reas de la sierra de Bahoruco son de muy buena calidad para fines de producci\u00f3n de agregados para la industria de\u2026","rel":"","context":"En \u00abNACIONALES\u00bb","block_context":{"text":"NACIONALES","link":"https:\/\/lasprimeras.com.do\/index.php\/category\/nacionales\/"},"img":{"alt_text":"","src":"https:\/\/i0.wp.com\/lasprimeras.com.do\/wp-content\/uploads\/2024\/06\/DERRU.jpg?resize=350%2C200&ssl=1","width":350,"height":200,"srcset":"https:\/\/i0.wp.com\/lasprimeras.com.do\/wp-content\/uploads\/2024\/06\/DERRU.jpg?resize=350%2C200&ssl=1 1x, https:\/\/i0.wp.com\/lasprimeras.com.do\/wp-content\/uploads\/2024\/06\/DERRU.jpg?resize=525%2C300&ssl=1 1.5x, https:\/\/i0.wp.com\/lasprimeras.com.do\/wp-content\/uploads\/2024\/06\/DERRU.jpg?resize=700%2C400&ssl=1 2x"},"classes":[]},{"id":68038,"url":"https:\/\/lasprimeras.com.do\/index.php\/2023\/11\/21\/osiris-de-leon-recomienda-evaluar-tuneles-y-pasos-a-desnivel-en-el-gsd-y-santiago\/","url_meta":{"origin":129130,"position":5},"title":"Osiris de Le\u00f3n recomienda evaluar t\u00faneles y pasos a desnivel en el GSD y Santiago","author":"Nelson Feliz","date":"21 de noviembre de 2023","format":false,"excerpt":"El ge\u00f3logo Osiris de Le\u00f3n recomend\u00f3 a las autoridades gubernamentales evaluar todos los t\u00faneles y pasos a desnivel en el Gran Santo Domingo y Santiago para devolver a los ciudadanos la confianza de usar esas estructuras a partir de la tragedia del s\u00e1bado en la Avenida 27 de febrero, con\u2026","rel":"","context":"En \u00abNACIONALES\u00bb","block_context":{"text":"NACIONALES","link":"https:\/\/lasprimeras.com.do\/index.php\/category\/nacionales\/"},"img":{"alt_text":"Osiris de Leon","src":"https:\/\/i0.wp.com\/lasprimeras.com.do\/wp-content\/uploads\/2023\/07\/Osiris-de-Leon.jpg?resize=350%2C200&ssl=1","width":350,"height":200,"srcset":"https:\/\/i0.wp.com\/lasprimeras.com.do\/wp-content\/uploads\/2023\/07\/Osiris-de-Leon.jpg?resize=350%2C200&ssl=1 1x, https:\/\/i0.wp.com\/lasprimeras.com.do\/wp-content\/uploads\/2023\/07\/Osiris-de-Leon.jpg?resize=525%2C300&ssl=1 1.5x, https:\/\/i0.wp.com\/lasprimeras.com.do\/wp-content\/uploads\/2023\/07\/Osiris-de-Leon.jpg?resize=700%2C400&ssl=1 2x"},"classes":[]}],"jetpack_sharing_enabled":true,"_links":{"self":[{"href":"https:\/\/lasprimeras.com.do\/index.php\/wp-json\/wp\/v2\/posts\/129130","targetHints":{"allow":["GET"]}}],"collection":[{"href":"https:\/\/lasprimeras.com.do\/index.php\/wp-json\/wp\/v2\/posts"}],"about":[{"href":"https:\/\/lasprimeras.com.do\/index.php\/wp-json\/wp\/v2\/types\/post"}],"author":[{"embeddable":true,"href":"https:\/\/lasprimeras.com.do\/index.php\/wp-json\/wp\/v2\/users\/10"}],"replies":[{"embeddable":true,"href":"https:\/\/lasprimeras.com.do\/index.php\/wp-json\/wp\/v2\/comments?post=129130"}],"version-history":[{"count":1,"href":"https:\/\/lasprimeras.com.do\/index.php\/wp-json\/wp\/v2\/posts\/129130\/revisions"}],"predecessor-version":[{"id":129131,"href":"https:\/\/lasprimeras.com.do\/index.php\/wp-json\/wp\/v2\/posts\/129130\/revisions\/129131"}],"wp:featuredmedia":[{"embeddable":true,"href":"https:\/\/lasprimeras.com.do\/index.php\/wp-json\/wp\/v2\/media\/106102"}],"wp:attachment":[{"href":"https:\/\/lasprimeras.com.do\/index.php\/wp-json\/wp\/v2\/media?parent=129130"}],"wp:term":[{"taxonomy":"category","embeddable":true,"href":"https:\/\/lasprimeras.com.do\/index.php\/wp-json\/wp\/v2\/categories?post=129130"},{"taxonomy":"post_tag","embeddable":true,"href":"https:\/\/lasprimeras.com.do\/index.php\/wp-json\/wp\/v2\/tags?post=129130"}],"curies":[{"name":"wp","href":"https:\/\/api.w.org\/{rel}","templated":true}]}}