{"id":129132,"date":"2026-04-29T22:11:54","date_gmt":"2026-04-30T02:11:54","guid":{"rendered":"https:\/\/lasprimeras.com.do\/?p=129132"},"modified":"2026-04-29T22:11:56","modified_gmt":"2026-04-30T02:11:56","slug":"productores-exigen-intervencion-urgente-en-caminos-vecinales-de-carbonera","status":"publish","type":"post","link":"https:\/\/lasprimeras.com.do\/index.php\/2026\/04\/29\/productores-exigen-intervencion-urgente-en-caminos-vecinales-de-carbonera\/","title":{"rendered":"Productores exigen intervenci\u00f3n urgente en caminos vecinales de Carbonera"},"content":{"rendered":"\n<p><strong>\u201cLa producci\u00f3n de Sand\u00edas se est\u00e1 perdiendo en el campo por caminos intransitables; sin v\u00edas rurales, no hay desarrollo agr\u00edcola\u201d, aseguran los productores de Carbonera en Monte Cristy.<\/strong><\/p>\n\n\n\n<p>El Partido de la Liberaci\u00f3n Dominicana (PLD) se hizo eco de la grave situaci\u00f3n que enfrentan los productores de sand\u00eda de la secci\u00f3n Carbonera de Manzanillo, en Montecristi, quienes denunciaron el estado deplorable de los caminos vecinales y parcelarios, los cuales impiden el traslado de sus cosechas hacia los mercados.<\/p>\n\n\n\n<p>De acuerdo con los agricultores, estas v\u00edas se encuentran totalmente intransitables, provocando la p\u00e9rdida de toneladas de producci\u00f3n y generando una crisis econ\u00f3mica que afecta a decenas de familias que dependen de esta actividad para su sustento.<\/p>\n\n\n\n<p>Los productores calificaron como inaceptable el abandono en que se encuentra el campo y se\u00f1alaron que la falta de mantenimiento de los caminos rurales est\u00e1 impactando directamente la producci\u00f3n agr\u00edcola y la seguridad alimentaria de la zona.<\/p>\n\n\n\n<p>En declaraciones enviadas a la Secretar\u00eda de Comunicaciones, los productores manifiestan que \u201cEs inadmisible que hombres y mujeres que trabajan la tierra est\u00e9n perdiendo sus cosechas por la falta de condiciones b\u00e1sicas. Esta situaci\u00f3n requiere una respuesta inmediata de las autoridades\u201d.<\/p>\n\n\n\n<p>Asimismo, los productores de Carbonera insistieron en que pese a los reiterados llamados realizados, no se han ejecutado acciones concretas para solucionar el problema, lo que agrava a\u00fan m\u00e1s la situaci\u00f3n en la comunidad.<\/p>\n\n\n\n<p>Ante este panorama, los productores exigieron la intervenci\u00f3n urgente de las instituciones competentes para la rehabilitaci\u00f3n de los caminos vecinales, a fin de evitar mayores p\u00e9rdidas econ\u00f3micas y garantizar que los productores puedan comercializar sus productos en condiciones dignas.<\/p>\n\n\n\n<p>\u201cEl campo no puede seguir en el olvido. Sin caminos no hay producci\u00f3n, y sin producci\u00f3n no hay desarrollo\u201d, concluye el comunicado respaldado por el PLD.<\/p>\n","protected":false},"excerpt":{"rendered":"<p>\u201cLa producci\u00f3n de Sand\u00edas se est\u00e1 perdiendo en el campo por caminos intransitables; sin v\u00edas rurales, no hay desarrollo agr\u00edcola\u201d, aseguran los productores de Carbonera en Monte Cristy. El Partido&hellip;<\/p>\n","protected":false},"author":10,"featured_media":129133,"comment_status":"open","ping_status":"open","sticky":false,"template":"","format":"standard","meta":{"content-type":"","jetpack_post_was_ever_published":false,"_jetpack_newsletter_access":"","_jetpack_dont_email_post_to_subs":false,"_jetpack_newsletter_tier_id":0,"_jetpack_memberships_contains_paywalled_content":false,"_jetpack_memberships_contains_paid_content":false,"footnotes":""},"categories":[16559],"tags":[32838],"class_list":["post-129132","post","type-post","status-publish","format-standard","has-post-thumbnail","hentry","category-politica","tag-caminos-vecinales-de-carbonera"],"jetpack_featured_media_url":"https:\/\/lasprimeras.com.do\/wp-content\/uploads\/2026\/04\/FOTO-CARBONERA.jpg","jetpack-related-posts":[{"id":128717,"url":"https:\/\/lasprimeras.com.do\/index.php\/2026\/04\/26\/presidente-abinader-entrega-circuito-vial-bajo-yuna-en-el-nordeste\/","url_meta":{"origin":129132,"position":0},"title":"Presidente Abinader entrega &#8220;Circuito Vial Bajo Yuna&#8221; en el Nordeste","author":"Nelson Feliz","date":"26 de abril de 2026","format":false,"excerpt":"Se trata de un circuito con 49.2 km de extensi\u00f3n, entre los que se incluyen 6.2 km de v\u00edas internas que conectan con la principal Jefe de Estado reitera que nunca se hab\u00edan construido tantas carreteras como ahora El presidente Luis Abinader encabez\u00f3 la inauguraci\u00f3n del Circuito Vial Bajo Yuna\u2026","rel":"","context":"En \u00abSin categor\u00eda\u00bb","block_context":{"text":"Sin categor\u00eda","link":"https:\/\/lasprimeras.com.do\/index.php\/category\/sin-categoria\/"},"img":{"alt_text":"","src":"https:\/\/i0.wp.com\/lasprimeras.com.do\/wp-content\/uploads\/2026\/04\/Luis-Abinader-4.jpg?resize=350%2C200&ssl=1","width":350,"height":200,"srcset":"https:\/\/i0.wp.com\/lasprimeras.com.do\/wp-content\/uploads\/2026\/04\/Luis-Abinader-4.jpg?resize=350%2C200&ssl=1 1x, https:\/\/i0.wp.com\/lasprimeras.com.do\/wp-content\/uploads\/2026\/04\/Luis-Abinader-4.jpg?resize=525%2C300&ssl=1 1.5x, https:\/\/i0.wp.com\/lasprimeras.com.do\/wp-content\/uploads\/2026\/04\/Luis-Abinader-4.jpg?resize=700%2C400&ssl=1 2x"},"classes":[]},{"id":100640,"url":"https:\/\/lasprimeras.com.do\/index.php\/2025\/06\/09\/inoperancia-y-abandono-del-gobierno-decreta-del-desplome-de-la-produccion-de-guineos\/","url_meta":{"origin":129132,"position":1},"title":"Inoperancia y abandono del Gobierno decreta del desplome de la producci\u00f3n de guineos","author":"Nelson Feliz","date":"9 de junio de 2025","format":false,"excerpt":"El PLD propone medidas para rescatar el banano dominicano del colapso. En apenas tres a\u00f1os, las exportaciones de banano se han desplomado en un 44 por ciento, llevando a la desaparici\u00f3n cerca de 500 productores, equivalente al 20% del total, reduciendo la producci\u00f3n semanal de 400,000 cajas a casi la\u2026","rel":"","context":"En \u00abPOLITICA\u00bb","block_context":{"text":"POLITICA","link":"https:\/\/lasprimeras.com.do\/index.php\/category\/politica\/"},"img":{"alt_text":"","src":"https:\/\/i0.wp.com\/lasprimeras.com.do\/wp-content\/uploads\/2025\/06\/Adriano-Sanchez-Roa.jpg?resize=350%2C200&ssl=1","width":350,"height":200,"srcset":"https:\/\/i0.wp.com\/lasprimeras.com.do\/wp-content\/uploads\/2025\/06\/Adriano-Sanchez-Roa.jpg?resize=350%2C200&ssl=1 1x, https:\/\/i0.wp.com\/lasprimeras.com.do\/wp-content\/uploads\/2025\/06\/Adriano-Sanchez-Roa.jpg?resize=525%2C300&ssl=1 1.5x, https:\/\/i0.wp.com\/lasprimeras.com.do\/wp-content\/uploads\/2025\/06\/Adriano-Sanchez-Roa.jpg?resize=700%2C400&ssl=1 2x"},"classes":[]},{"id":114207,"url":"https:\/\/lasprimeras.com.do\/index.php\/2025\/11\/12\/hector-guzman-advierte-precios-alimentos-continuaran-aumentando-en-rd\/","url_meta":{"origin":129132,"position":2},"title":"H\u00e9ctor Guzm\u00e1n advierte precios alimentos continuar\u00e1n aumentando en RD","author":"Nelson Feliz","date":"12 de noviembre de 2025","format":false,"excerpt":"El vicepresidente del Partido Revolucionario Dominicano (PRD) H\u00e9ctor Guzm\u00e1n, advirti\u00f3 que los precios de los alimentos continuar\u00e1n aumentando en las pr\u00f3ximas semanas debido a la combinaci\u00f3n de problemas estructurales en la producci\u00f3n agr\u00edcola y los da\u00f1os ocasionados por la tormenta Melissa. Guzm\u00e1n, explic\u00f3 que los precios de las hortalizas, v\u00edveres,\u2026","rel":"","context":"En \u00abPOLITICA\u00bb","block_context":{"text":"POLITICA","link":"https:\/\/lasprimeras.com.do\/index.php\/category\/politica\/"},"img":{"alt_text":"H\u00e9ctor Guzm\u00e1n","src":"https:\/\/i0.wp.com\/lasprimeras.com.do\/wp-content\/uploads\/2025\/11\/Hector-Guzman-1.png?resize=350%2C200&ssl=1","width":350,"height":200,"srcset":"https:\/\/i0.wp.com\/lasprimeras.com.do\/wp-content\/uploads\/2025\/11\/Hector-Guzman-1.png?resize=350%2C200&ssl=1 1x, https:\/\/i0.wp.com\/lasprimeras.com.do\/wp-content\/uploads\/2025\/11\/Hector-Guzman-1.png?resize=525%2C300&ssl=1 1.5x"},"classes":[]},{"id":127473,"url":"https:\/\/lasprimeras.com.do\/index.php\/2026\/04\/12\/se-inicia-con-exito-programa-abriendo-caminos-en-el-bajo-yuna\/","url_meta":{"origin":129132,"position":3},"title":"Se inicia con \u00e9xito programa \u201cAbriendo Caminos\u201d en el Bajo Yuna","author":"Nelson Feliz","date":"12 de abril de 2026","format":false,"excerpt":".Iniciativa impactar\u00e1 con equipos propios a decenas de productores para sacar sus cultivos. El Ministerio de Agricultura, en coordinaci\u00f3n con el Ministerio de Obras P\u00fablicas y el Instituto Nacional de Recursos Hidr\u00e1ulicos (INDRHI), dieron inicio al programa \u201cAbriendo Caminos\u201d en la zona del Bajo Yuna. Esta acci\u00f3n tiene como prop\u00f3sito\u2026","rel":"","context":"En \u00abNACIONALES\u00bb","block_context":{"text":"NACIONALES","link":"https:\/\/lasprimeras.com.do\/index.php\/category\/nacionales\/"},"img":{"alt_text":"","src":"https:\/\/i0.wp.com\/lasprimeras.com.do\/wp-content\/uploads\/2026\/04\/Abriendo-Caminos-1.jpg?resize=350%2C200&ssl=1","width":350,"height":200,"srcset":"https:\/\/i0.wp.com\/lasprimeras.com.do\/wp-content\/uploads\/2026\/04\/Abriendo-Caminos-1.jpg?resize=350%2C200&ssl=1 1x, https:\/\/i0.wp.com\/lasprimeras.com.do\/wp-content\/uploads\/2026\/04\/Abriendo-Caminos-1.jpg?resize=525%2C300&ssl=1 1.5x, https:\/\/i0.wp.com\/lasprimeras.com.do\/wp-content\/uploads\/2026\/04\/Abriendo-Caminos-1.jpg?resize=700%2C400&ssl=1 2x"},"classes":[]},{"id":68195,"url":"https:\/\/lasprimeras.com.do\/index.php\/2023\/11\/22\/el-agro-encara-perdidas-de-mas-de-rd5000-millones-por-las-lluvias\/","url_meta":{"origin":129132,"position":4},"title":"El agro encara p\u00e9rdidas de m\u00e1s de RD$5,000 millones por las lluvias","author":"Nelson Feliz","date":"22 de noviembre de 2023","format":false,"excerpt":"Las lluvias que azotaron al pa\u00eds durante el pasado fin de semana generaron severas repercusiones sobre unas 11 provincias agr\u00edcolas, evidenci\u00e1ndose da\u00f1os significativos en la parte sur del pa\u00eds, de acuerdo con el Ministerio de Agricultura. Su viceministro de Producci\u00f3n y Mercadeo, Eulalio Ram\u00edrez, puntualiz\u00f3 que los estudios preliminares de\u2026","rel":"","context":"En \u00abNACIONALES\u00bb","block_context":{"text":"NACIONALES","link":"https:\/\/lasprimeras.com.do\/index.php\/category\/nacionales\/"},"img":{"alt_text":"","src":"https:\/\/i0.wp.com\/lasprimeras.com.do\/wp-content\/uploads\/2023\/11\/platanos-focus-min0.06-min0.35-896-504.jpg?resize=350%2C200&ssl=1","width":350,"height":200,"srcset":"https:\/\/i0.wp.com\/lasprimeras.com.do\/wp-content\/uploads\/2023\/11\/platanos-focus-min0.06-min0.35-896-504.jpg?resize=350%2C200&ssl=1 1x, https:\/\/i0.wp.com\/lasprimeras.com.do\/wp-content\/uploads\/2023\/11\/platanos-focus-min0.06-min0.35-896-504.jpg?resize=525%2C300&ssl=1 1.5x, https:\/\/i0.wp.com\/lasprimeras.com.do\/wp-content\/uploads\/2023\/11\/platanos-focus-min0.06-min0.35-896-504.jpg?resize=700%2C400&ssl=1 2x"},"classes":[]},{"id":61786,"url":"https:\/\/lasprimeras.com.do\/index.php\/2023\/10\/01\/en-canal-la-vigia-ya-hay-dos-bombas-diesel-instaladas-segun-indrhi-colocara-otra\/","url_meta":{"origin":129132,"position":5},"title":"En canal La Vig\u00eda ya hay dos bombas diesel instaladas, seg\u00fan INDRHI; colocar\u00e1 otra","author":"BIMARY DE JES\u00daS Matos","date":"1 de octubre de 2023","format":false,"excerpt":"DAJABON. \u2013 El director ejecutivo del Instituto Nacional de Recursos Hidr\u00e1ulicos (INDRHI), Olmedo Caba Romano, encabez\u00f3 este s\u00e1bado un encuentro con productores de Dajab\u00f3n, a quienes ofreci\u00f3 detalles t\u00e9cnicos de las obras hidr\u00e1ulicas que construyen en aras de garantizar agua para la producci\u00f3n agropecuaria en la provincia, ante los meses\u2026","rel":"","context":"En \u00abPORTADA\u00bb","block_context":{"text":"PORTADA","link":"https:\/\/lasprimeras.com.do\/index.php\/category\/portada\/"},"img":{"alt_text":"","src":"https:\/\/i0.wp.com\/lasprimeras.com.do\/wp-content\/uploads\/2023\/10\/WhatsApp-Image-2023-09-25-at-1.05.22-PM-3.jpeg?resize=350%2C200&ssl=1","width":350,"height":200,"srcset":"https:\/\/i0.wp.com\/lasprimeras.com.do\/wp-content\/uploads\/2023\/10\/WhatsApp-Image-2023-09-25-at-1.05.22-PM-3.jpeg?resize=350%2C200&ssl=1 1x, https:\/\/i0.wp.com\/lasprimeras.com.do\/wp-content\/uploads\/2023\/10\/WhatsApp-Image-2023-09-25-at-1.05.22-PM-3.jpeg?resize=525%2C300&ssl=1 1.5x, https:\/\/i0.wp.com\/lasprimeras.com.do\/wp-content\/uploads\/2023\/10\/WhatsApp-Image-2023-09-25-at-1.05.22-PM-3.jpeg?resize=700%2C400&ssl=1 2x, https:\/\/i0.wp.com\/lasprimeras.com.do\/wp-content\/uploads\/2023\/10\/WhatsApp-Image-2023-09-25-at-1.05.22-PM-3.jpeg?resize=1050%2C600&ssl=1 3x, https:\/\/i0.wp.com\/lasprimeras.com.do\/wp-content\/uploads\/2023\/10\/WhatsApp-Image-2023-09-25-at-1.05.22-PM-3.jpeg?resize=1400%2C800&ssl=1 4x"},"classes":[]}],"jetpack_sharing_enabled":true,"_links":{"self":[{"href":"https:\/\/lasprimeras.com.do\/index.php\/wp-json\/wp\/v2\/posts\/129132","targetHints":{"allow":["GET"]}}],"collection":[{"href":"https:\/\/lasprimeras.com.do\/index.php\/wp-json\/wp\/v2\/posts"}],"about":[{"href":"https:\/\/lasprimeras.com.do\/index.php\/wp-json\/wp\/v2\/types\/post"}],"author":[{"embeddable":true,"href":"https:\/\/lasprimeras.com.do\/index.php\/wp-json\/wp\/v2\/users\/10"}],"replies":[{"embeddable":true,"href":"https:\/\/lasprimeras.com.do\/index.php\/wp-json\/wp\/v2\/comments?post=129132"}],"version-history":[{"count":1,"href":"https:\/\/lasprimeras.com.do\/index.php\/wp-json\/wp\/v2\/posts\/129132\/revisions"}],"predecessor-version":[{"id":129134,"href":"https:\/\/lasprimeras.com.do\/index.php\/wp-json\/wp\/v2\/posts\/129132\/revisions\/129134"}],"wp:featuredmedia":[{"embeddable":true,"href":"https:\/\/lasprimeras.com.do\/index.php\/wp-json\/wp\/v2\/media\/129133"}],"wp:attachment":[{"href":"https:\/\/lasprimeras.com.do\/index.php\/wp-json\/wp\/v2\/media?parent=129132"}],"wp:term":[{"taxonomy":"category","embeddable":true,"href":"https:\/\/lasprimeras.com.do\/index.php\/wp-json\/wp\/v2\/categories?post=129132"},{"taxonomy":"post_tag","embeddable":true,"href":"https:\/\/lasprimeras.com.do\/index.php\/wp-json\/wp\/v2\/tags?post=129132"}],"curies":[{"name":"wp","href":"https:\/\/api.w.org\/{rel}","templated":true}]}}