{"id":129135,"date":"2026-04-29T22:18:38","date_gmt":"2026-04-30T02:18:38","guid":{"rendered":"https:\/\/lasprimeras.com.do\/?p=129135"},"modified":"2026-04-29T22:18:40","modified_gmt":"2026-04-30T02:18:40","slug":"grupo-viamar-recibe-reconocimiento-internacional-de-kia","status":"publish","type":"post","link":"https:\/\/lasprimeras.com.do\/index.php\/2026\/04\/29\/grupo-viamar-recibe-reconocimiento-internacional-de-kia\/","title":{"rendered":"Grupo Viamar recibe reconocimiento internacional de KIA"},"content":{"rendered":"\n<p>La distinci\u00f3n se entreg\u00f3 durante la KIA Global Distributors Convention 2026 en Melbourne, Australia. Es la primera vez que la marca surcoreana otorga este galard\u00f3n a su distribuidor dominicano, que actualmente lidera los segmentos de SUV y veh\u00edculos comerciales de carga ligera.<\/p>\n\n\n\n<p>Grupo Viamar, empresa l\u00edder en soluciones de movilidad para familias y empresas, recibi\u00f3 el galard\u00f3n Legacy Partnership Commendation de manos de los principales ejecutivos de KIA Motors durante la convenci\u00f3n global de distribuidores de la marca, celebrada en Melbourne, Australia.<\/p>\n\n\n\n<p>El reconocimiento destaca los 36 a\u00f1os consecutivos de Grupo Viamar como distribuidor autorizado en el pa\u00eds, una relaci\u00f3n que inici\u00f3 en 1990 y que la compa\u00f1\u00eda surcoreana considera uno de sus v\u00ednculos comerciales m\u00e1s estables en la regi\u00f3n de Am\u00e9rica Latina y el Caribe.<\/p>\n\n\n\n<p>El premio Legacy Partnership Commendation reconoce especialmente a distribuidores con trayectorias de largo plazo que han mantenido est\u00e1ndares consistentes de operaci\u00f3n, crecimiento en ventas y calidad de servicio postventa.<\/p>\n\n\n\n<p>&#8220;Ser n\u00famero uno en SUV y carga ligera en Rep\u00fablica Dominicana no lo decide la marca; lo decide el cliente cada vez que entra a un concesionario. Que nos hayan elegido durante 36 a\u00f1os es el \u00fanico reconocimiento que realmente importa, y este galard\u00f3n lo confirma&#8221;, afirm\u00f3 Luis Alexis Ricart, director de KIA en Rep\u00fablica Dominicana.<\/p>\n\n\n\n<figure class=\"wp-block-image size-full\"><img decoding=\"async\" width=\"1000\" height=\"666\" src=\"https:\/\/lasprimeras.com.do\/wp-content\/uploads\/2026\/04\/El-Legacy-Partnership-Commendation-reconoce-especialmente-a-distribuidores-con-trayectorias-de-largo-plazo-que-han-mantenido-estandares-consistentes.jpg\" alt=\"\" class=\"wp-image-129137\" srcset=\"https:\/\/lasprimeras.com.do\/wp-content\/uploads\/2026\/04\/El-Legacy-Partnership-Commendation-reconoce-especialmente-a-distribuidores-con-trayectorias-de-largo-plazo-que-han-mantenido-estandares-consistentes.jpg 1000w, https:\/\/lasprimeras.com.do\/wp-content\/uploads\/2026\/04\/El-Legacy-Partnership-Commendation-reconoce-especialmente-a-distribuidores-con-trayectorias-de-largo-plazo-que-han-mantenido-estandares-consistentes-300x200.jpg 300w, https:\/\/lasprimeras.com.do\/wp-content\/uploads\/2026\/04\/El-Legacy-Partnership-Commendation-reconoce-especialmente-a-distribuidores-con-trayectorias-de-largo-plazo-que-han-mantenido-estandares-consistentes-768x511.jpg 768w\" sizes=\"(max-width: 1000px) 100vw, 1000px\" \/><\/figure>\n\n\n\n<p><strong>KIA lidera SUV y carga ligera en el mercado dominicano<\/strong><\/p>\n\n\n\n<p>Seg\u00fan las estad\u00edsticas de la Direcci\u00f3n General de Aduanas (DGA) al cierre de 2025, KIA reafirma su liderazgo en el mercado dominicano como la marca preferida en el segmento de veh\u00edculos utilitarios deportivos (SUV), liderado por los modelos Sportage y Seltos el cual domina el 45.87% de las importaciones y en veh\u00edculos de carga ligera, logrando un crecimiento interanual de un 17% en sus registros de unidades nuevas.<\/p>\n\n\n\n<p>Ese posicionamiento es resultado, en parte, de la renovaci\u00f3n completa que la marca ejecut\u00f3 en su portafolio y en su identidad visual durante los \u00faltimos a\u00f1os, un proceso que impact\u00f3 tanto el dise\u00f1o exterior como las especificaciones t\u00e9cnicas de cada veh\u00edculo.<\/p>\n\n\n\n<p>Durante la actividad, los ejecutivos de KIA indicaron que la expansi\u00f3n del portafolio continuar\u00e1 en el corto plazo, con actualizaciones de modelos existentes e introducci\u00f3n de nuevas versiones orientadas a segmentos donde la marca fortalecer\u00e1 su presencia directa en el mercado dominicano.<\/p>\n","protected":false},"excerpt":{"rendered":"<p>La distinci\u00f3n se entreg\u00f3 durante la KIA Global Distributors Convention 2026 en Melbourne, Australia. Es la primera vez que la marca surcoreana otorga este galard\u00f3n a su distribuidor dominicano, que&hellip;<\/p>\n","protected":false},"author":10,"featured_media":129136,"comment_status":"open","ping_status":"open","sticky":false,"template":"","format":"standard","meta":{"content-type":"","jetpack_post_was_ever_published":false,"_jetpack_newsletter_access":"","_jetpack_dont_email_post_to_subs":false,"_jetpack_newsletter_tier_id":0,"_jetpack_memberships_contains_paywalled_content":false,"_jetpack_memberships_contains_paid_content":false,"footnotes":""},"categories":[23746],"tags":[4422,32839,1638,32840,1563,1226],"class_list":["post-129135","post","type-post","status-publish","format-standard","has-post-thumbnail","hentry","category-tecnologia","tag-distribuidor","tag-grupo-viamar","tag-internacional","tag-kia","tag-reconocimiento","tag-republica-dominicana"],"jetpack_featured_media_url":"https:\/\/lasprimeras.com.do\/wp-content\/uploads\/2026\/04\/Joan-Abreu-Pena-vicepresidente-de-Mercadeo-y-Ventas-de-Grupo-Viamar-junto-a-Luis-Alexis-Ricart-director-de-KIA-para-Republica-Dominicana.jpg","jetpack-related-posts":[{"id":95935,"url":"https:\/\/lasprimeras.com.do\/index.php\/2025\/03\/21\/antonio-espaillat-entre-los-5-mejores-ceos-de-republica-dominicana\/","url_meta":{"origin":129135,"position":0},"title":"Antonio Espaillat entre los 5 mejores CEOs de Rep\u00fablica Dominicana","author":"Nelson Feliz","date":"21 de marzo de 2025","format":false,"excerpt":"Por su visi\u00f3n estrat\u00e9gica, s\u00f3lida trayectoria y haber logrado un impacto significativo en el sector empresarial de Rep\u00fablica Dominicana, fue reconocido por Workshop Experience (WE), el empresario dominicano Antonio Espaillat. El empresario, quien lidera el Grupo Radio Cadena Comercial (RCCMedia), recibi\u00f3 el galard\u00f3n en la primera edici\u00f3n de 2025 de\u2026","rel":"","context":"En \u00abENTRETENIMIENTO\u00bb","block_context":{"text":"ENTRETENIMIENTO","link":"https:\/\/lasprimeras.com.do\/index.php\/category\/entretenimiento\/"},"img":{"alt_text":"","src":"https:\/\/i0.wp.com\/lasprimeras.com.do\/wp-content\/uploads\/2025\/03\/Antonio-Espaillat.jpg?resize=350%2C200&ssl=1","width":350,"height":200,"srcset":"https:\/\/i0.wp.com\/lasprimeras.com.do\/wp-content\/uploads\/2025\/03\/Antonio-Espaillat.jpg?resize=350%2C200&ssl=1 1x, https:\/\/i0.wp.com\/lasprimeras.com.do\/wp-content\/uploads\/2025\/03\/Antonio-Espaillat.jpg?resize=525%2C300&ssl=1 1.5x, https:\/\/i0.wp.com\/lasprimeras.com.do\/wp-content\/uploads\/2025\/03\/Antonio-Espaillat.jpg?resize=700%2C400&ssl=1 2x"},"classes":[]},{"id":123084,"url":"https:\/\/lasprimeras.com.do\/index.php\/2026\/02\/25\/amchamdr-la-bienvenida-a-pedro-brache\/","url_meta":{"origin":129135,"position":1},"title":"AMCHAMDR la bienvenida a Pedro Brache","author":"Nelson Feliz","date":"25 de febrero de 2026","format":false,"excerpt":"El secretario del Comit\u00e9 Ejecutivo de AMCHAMDR y vicepresidente y administrador de Costasur Casa de Campo, Juan Vel\u00e1zquez, resalt\u00f3 que este encuentro se celebra en un entorno global desafiante, pero con una Rep\u00fablica Dominicana que ha demostrado resiliencia y crecimiento sostenido en las \u00faltimas d\u00e9cadas. Vel\u00e1zquez, asegur\u00f3 que la Regi\u00f3n\u2026","rel":"","context":"En \u00abECONOM\u00cdA\u00bb","block_context":{"text":"ECONOM\u00cdA","link":"https:\/\/lasprimeras.com.do\/index.php\/category\/economia\/"},"img":{"alt_text":"AMCHAMDR","src":"https:\/\/i0.wp.com\/lasprimeras.com.do\/wp-content\/uploads\/2026\/02\/AMCHAMDR.jpg?resize=350%2C200&ssl=1","width":350,"height":200,"srcset":"https:\/\/i0.wp.com\/lasprimeras.com.do\/wp-content\/uploads\/2026\/02\/AMCHAMDR.jpg?resize=350%2C200&ssl=1 1x, https:\/\/i0.wp.com\/lasprimeras.com.do\/wp-content\/uploads\/2026\/02\/AMCHAMDR.jpg?resize=525%2C300&ssl=1 1.5x, https:\/\/i0.wp.com\/lasprimeras.com.do\/wp-content\/uploads\/2026\/02\/AMCHAMDR.jpg?resize=700%2C400&ssl=1 2x"},"classes":[]},{"id":88226,"url":"https:\/\/lasprimeras.com.do\/index.php\/2024\/08\/24\/marranzini-presenta-plan-para-recuperar-el-sistema-de-distribucion-electrica-de-rd\/","url_meta":{"origin":129135,"position":2},"title":"Marranzini presenta plan para recuperar el sistema de distribuci\u00f3n el\u00e9ctrica de RD","author":"Nelson Feliz","date":"24 de agosto de 2024","format":false,"excerpt":"La estrategia prev\u00e9 una inversi\u00f3n sustancial, con m\u00e1s de 650 millones de d\u00f3lares asegurados en financiamiento por parte de organismos multilaterales, destinados a la modernizaci\u00f3n de las redes y la expansi\u00f3n de la infraestructura de telemedici\u00f3n, as\u00ed como una licitaci\u00f3n para la operaci\u00f3n y mantenimiento de estas empresas por parte\u2026","rel":"","context":"En \u00abECONOM\u00cdA\u00bb","block_context":{"text":"ECONOM\u00cdA","link":"https:\/\/lasprimeras.com.do\/index.php\/category\/economia\/"},"img":{"alt_text":"Celso Marranzini","src":"https:\/\/i0.wp.com\/lasprimeras.com.do\/wp-content\/uploads\/2024\/08\/Celso-Marranzini.jpg?resize=350%2C200&ssl=1","width":350,"height":200,"srcset":"https:\/\/i0.wp.com\/lasprimeras.com.do\/wp-content\/uploads\/2024\/08\/Celso-Marranzini.jpg?resize=350%2C200&ssl=1 1x, https:\/\/i0.wp.com\/lasprimeras.com.do\/wp-content\/uploads\/2024\/08\/Celso-Marranzini.jpg?resize=525%2C300&ssl=1 1.5x, https:\/\/i0.wp.com\/lasprimeras.com.do\/wp-content\/uploads\/2024\/08\/Celso-Marranzini.jpg?resize=700%2C400&ssl=1 2x"},"classes":[]},{"id":49167,"url":"https:\/\/lasprimeras.com.do\/index.php\/2023\/05\/08\/amchamdr-celebrara-xxiii-edicion-del-torneo-de-golf-ambassadors-cup\/","url_meta":{"origin":129135,"position":3},"title":"AMCHAMDR celebrar\u00e1 XXIII edici\u00f3n del torneo de golf Ambassador\u2019s Cup","author":"prenxa100","date":"8 de mayo de 2023","format":false,"excerpt":"SANTO DOMINGO.- La C\u00e1mara Americana de Comercio de la Rep\u00fablica Dominicana anunci\u00f3 la celebraci\u00f3n de la vig\u00e9simo tercera (XXIII) edici\u00f3n de su emblem\u00e1tico torneo de golf Charles T. Manatt Memorial Ambassador\u2019s Cup. El evento, que re\u00fane cada a\u00f1o a amantes del golf (en su mayor\u00eda empresarios, altos ejecutivos, diplom\u00e1ticos y\u2026","rel":"","context":"En \u00abSin categor\u00eda\u00bb","block_context":{"text":"Sin categor\u00eda","link":"https:\/\/lasprimeras.com.do\/index.php\/category\/sin-categoria\/"},"img":{"alt_text":"","src":"","width":0,"height":0},"classes":[]},{"id":124552,"url":"https:\/\/lasprimeras.com.do\/index.php\/2026\/03\/13\/amchamdr-analiza-oportunidades-estrategicas-ante-el-panorama-comercial-entre-rd-y-los-ee-uu\/","url_meta":{"origin":129135,"position":4},"title":"AMCHAMDR analiza oportunidades estrat\u00e9gicas ante el panorama comercial entre RD y los EE.UU.","author":"Nelson Feliz","date":"13 de marzo de 2026","format":false,"excerpt":"El conversatorio cont\u00f3 con la participaci\u00f3n del ministro Eduardo Sanz Lovat\u00f3n y del vicepresidente de Manchester Trade, David Lewis, siendo moderado por el vicepresidente del Comit\u00e9 de Relaciones Bilaterales de AMCHAMDR, Roberto Despradel. La C\u00e1mara Americana de Comercio de la Rep\u00fablica Dominicana (AMCHAMDR), a trav\u00e9s de su Comit\u00e9 Legal, celebr\u00f3\u2026","rel":"","context":"En \u00abECONOM\u00cdA\u00bb","block_context":{"text":"ECONOM\u00cdA","link":"https:\/\/lasprimeras.com.do\/index.php\/category\/economia\/"},"img":{"alt_text":"AMCHAMDR","src":"https:\/\/i0.wp.com\/lasprimeras.com.do\/wp-content\/uploads\/2026\/03\/AMCHAMDR.jpg?resize=350%2C200&ssl=1","width":350,"height":200,"srcset":"https:\/\/i0.wp.com\/lasprimeras.com.do\/wp-content\/uploads\/2026\/03\/AMCHAMDR.jpg?resize=350%2C200&ssl=1 1x, https:\/\/i0.wp.com\/lasprimeras.com.do\/wp-content\/uploads\/2026\/03\/AMCHAMDR.jpg?resize=525%2C300&ssl=1 1.5x, https:\/\/i0.wp.com\/lasprimeras.com.do\/wp-content\/uploads\/2026\/03\/AMCHAMDR.jpg?resize=700%2C400&ssl=1 2x"},"classes":[]},{"id":119656,"url":"https:\/\/lasprimeras.com.do\/index.php\/2026\/01\/15\/intrant-y-united-petroleum-apuestan-por-salvar-vidas-desde-la-ninez-con-parque-de-educacion-vial-renovado\/","url_meta":{"origin":129135,"position":5},"title":"INTRANT y United Petroleum apuestan por salvar vidas desde la ni\u00f1ez con parque de educaci\u00f3n vial renovado","author":"Nelson Feliz","date":"15 de enero de 2026","format":false,"excerpt":"El parque es relanzado y su adecuaci\u00f3n cont\u00f3 con la colaboraci\u00f3n de otras empresas, como Grupo Viamar, Seguros Patria y Grupo Rannik, comprometidas con la educaci\u00f3n vial infantil. El Instituto Nacional de Tr\u00e1nsito y Transporte Terrestre (INTRANT), en alianza con el grupo United Petroleum, relanz\u00f3 el Parque Infanto-Juvenil de Educaci\u00f3n\u2026","rel":"","context":"En \u00abNACIONALES\u00bb","block_context":{"text":"NACIONALES","link":"https:\/\/lasprimeras.com.do\/index.php\/category\/nacionales\/"},"img":{"alt_text":"","src":"https:\/\/i0.wp.com\/lasprimeras.com.do\/wp-content\/uploads\/2026\/01\/intrant.jpg?resize=350%2C200&ssl=1","width":350,"height":200,"srcset":"https:\/\/i0.wp.com\/lasprimeras.com.do\/wp-content\/uploads\/2026\/01\/intrant.jpg?resize=350%2C200&ssl=1 1x, https:\/\/i0.wp.com\/lasprimeras.com.do\/wp-content\/uploads\/2026\/01\/intrant.jpg?resize=525%2C300&ssl=1 1.5x, https:\/\/i0.wp.com\/lasprimeras.com.do\/wp-content\/uploads\/2026\/01\/intrant.jpg?resize=700%2C400&ssl=1 2x"},"classes":[]}],"jetpack_sharing_enabled":true,"_links":{"self":[{"href":"https:\/\/lasprimeras.com.do\/index.php\/wp-json\/wp\/v2\/posts\/129135","targetHints":{"allow":["GET"]}}],"collection":[{"href":"https:\/\/lasprimeras.com.do\/index.php\/wp-json\/wp\/v2\/posts"}],"about":[{"href":"https:\/\/lasprimeras.com.do\/index.php\/wp-json\/wp\/v2\/types\/post"}],"author":[{"embeddable":true,"href":"https:\/\/lasprimeras.com.do\/index.php\/wp-json\/wp\/v2\/users\/10"}],"replies":[{"embeddable":true,"href":"https:\/\/lasprimeras.com.do\/index.php\/wp-json\/wp\/v2\/comments?post=129135"}],"version-history":[{"count":1,"href":"https:\/\/lasprimeras.com.do\/index.php\/wp-json\/wp\/v2\/posts\/129135\/revisions"}],"predecessor-version":[{"id":129138,"href":"https:\/\/lasprimeras.com.do\/index.php\/wp-json\/wp\/v2\/posts\/129135\/revisions\/129138"}],"wp:featuredmedia":[{"embeddable":true,"href":"https:\/\/lasprimeras.com.do\/index.php\/wp-json\/wp\/v2\/media\/129136"}],"wp:attachment":[{"href":"https:\/\/lasprimeras.com.do\/index.php\/wp-json\/wp\/v2\/media?parent=129135"}],"wp:term":[{"taxonomy":"category","embeddable":true,"href":"https:\/\/lasprimeras.com.do\/index.php\/wp-json\/wp\/v2\/categories?post=129135"},{"taxonomy":"post_tag","embeddable":true,"href":"https:\/\/lasprimeras.com.do\/index.php\/wp-json\/wp\/v2\/tags?post=129135"}],"curies":[{"name":"wp","href":"https:\/\/api.w.org\/{rel}","templated":true}]}}