{"id":129139,"date":"2026-04-29T22:27:28","date_gmt":"2026-04-30T02:27:28","guid":{"rendered":"https:\/\/lasprimeras.com.do\/?p=129139"},"modified":"2026-04-29T22:27:31","modified_gmt":"2026-04-30T02:27:31","slug":"superate-gradua-a-cuidadores-de-personas-con-discapacidad","status":"publish","type":"post","link":"https:\/\/lasprimeras.com.do\/index.php\/2026\/04\/29\/superate-gradua-a-cuidadores-de-personas-con-discapacidad\/","title":{"rendered":"Sup\u00e9rate grad\u00faa a cuidadores de personas con discapacidad"},"content":{"rendered":"\n<p><strong>Este primer grupo de 55 personas, lo integran madres y padres de ni\u00f1os, ni\u00f1as y adolescentes con discapacidad, quienes recibieron formaci\u00f3n especializada como parte de la coordinaci\u00f3n interinstitucional entre Sup\u00e9rate, el Instituto Nacional de Formaci\u00f3n T\u00e9cnico Profesional (Infotep) y el Consejo Nacional de Discapacidad (Conadis).<\/strong><\/p>\n\n\n\n<p>La Direcci\u00f3n de Desarrollo Social Sup\u00e9rate realiz\u00f3 la graduaci\u00f3n de la primera cohorte del \u201cCurso de Cuidados y Apoyo para Personas con Discapacidad\u201d, impartido por el Instituto Nacional de Formaci\u00f3n T\u00e9cnico Profesional (Infotep). La iniciativa se enmarca en el fortalecimiento de la pol\u00edtica de cuidados y el compromiso con los derechos de las personas con discapacidad.<\/p>\n\n\n\n<p>Este primer grupo de 55 personas, lo integran madres y padres de ni\u00f1os, ni\u00f1as y adolescentes con discapacidad, quienes recibieron formaci\u00f3n especializada como parte de la coordinaci\u00f3n interinstitucional entre Sup\u00e9rate, el Instituto Nacional de Formaci\u00f3n T\u00e9cnico Profesional (Infotep) y el Consejo Nacional de Discapacidad (Conadis).<\/p>\n\n\n\n<p>La directora general de Sup\u00e9rate, Mayra Jim\u00e9nez, destac\u00f3 que esta graduaci\u00f3n constituye un hito relevante en el reconocimiento del rol del cuidado como un componente clave dentro de los sistemas de protecci\u00f3n social, en coherencia con la promoci\u00f3n del bienestar, la autonom\u00eda y la inclusi\u00f3n social.<\/p>\n\n\n\n<figure class=\"wp-block-image size-full\"><img decoding=\"async\" width=\"1000\" height=\"649\" src=\"https:\/\/lasprimeras.com.do\/wp-content\/uploads\/2026\/04\/Primera-cohorte-del-Curso-de-Cuidados-y-Apoyo-para-Personas-con-Discapacidad.jpg\" alt=\"\" class=\"wp-image-129141\" srcset=\"https:\/\/lasprimeras.com.do\/wp-content\/uploads\/2026\/04\/Primera-cohorte-del-Curso-de-Cuidados-y-Apoyo-para-Personas-con-Discapacidad.jpg 1000w, https:\/\/lasprimeras.com.do\/wp-content\/uploads\/2026\/04\/Primera-cohorte-del-Curso-de-Cuidados-y-Apoyo-para-Personas-con-Discapacidad-300x195.jpg 300w, https:\/\/lasprimeras.com.do\/wp-content\/uploads\/2026\/04\/Primera-cohorte-del-Curso-de-Cuidados-y-Apoyo-para-Personas-con-Discapacidad-768x498.jpg 768w\" sizes=\"(max-width: 1000px) 100vw, 1000px\" \/><\/figure>\n\n\n\n<p>De su lado, la directora general del Infotep, Maira Morla Pineda, resalt\u00f3 que el avance y madurez de las sociedades y pa\u00edses m\u00e1s que por su progreso econ\u00f3mico y tecnolog\u00eda, se mide en la manera con que dispensa a sus ciudadanos atenci\u00f3n, protecci\u00f3n y apoyo, para una vida plena, feliz y productiva que les permita sentirse realizados y parte importante del tejido social.<\/p>\n\n\n\n<p>Mientras, la se\u00f1ora Rosainy Mart\u00ednez, en representaci\u00f3n de las madres y padres cuidadores, expres\u00f3: \u201cDecidimos prepararnos y crecer porque entendimos que el amor es fundamental, pero tambi\u00e9n, que nuestros hijos e hijas merecen cuidados con conocimiento, con t\u00e9cnicas y con profesionalismo\u201d.<\/p>\n\n\n\n<p>En tanto, el presidente del Conadis, Benny Metz, sostuvo que este curso dise\u00f1ado para el cuidado personal de personas con discapacidad representa un paso significativo en la formaci\u00f3n de capital humano comprometido con la inclusi\u00f3n y la atenci\u00f3n digna.<\/p>\n\n\n\n<p>Desde la Mesa Intersectorial de Cuidados, liderada por Sup\u00e9rate se avanza en acciones concretas para consolidar una respuesta en coordinaci\u00f3n con el Conadis, como entidad rectora en materia de discapacidad y con el Infotep impulsando este proceso formativo, como una muestra de que las pol\u00edticas p\u00fablicas pueden cambiar vidas cuando se convierten en hechos.<\/p>\n\n\n\n<p>Con esta iniciativa, Sup\u00e9rate reafirma el compromiso del Gobierno dominicano de seguir construyendo respuestas que transformen vidas, reduzcan desigualdades y permitan que las personas con discapacidad y sus familias vivan con m\u00e1s apoyo, mayor autonom\u00eda y mejores oportunidades, con la firme convicci\u00f3n de que la inclusi\u00f3n se construye con decisiones p\u00fablicas, con inversi\u00f3n social, con derechos y con respeto a la dignidad humana.<\/p>\n\n\n\n<p>En el acto de graduaci\u00f3n estuvieron presentes el director ejecutivo del Consejo Nacional de la Persona Envejeciente (Conape), Demetrio Vicente; el subdirector general del Infotep, Luis Rodr\u00edguez; la subdirectora de Desarrollo Inclusivo de Sup\u00e9rate, Carolina Alvarado; y la directora de la Comunidad de Madres y Familias con hijos con Discapacidad (Commadis), Katherine de Le\u00f3n.<\/p>\n","protected":false},"excerpt":{"rendered":"<p>Este primer grupo de 55 personas, lo integran madres y padres de ni\u00f1os, ni\u00f1as y adolescentes con discapacidad, quienes recibieron formaci\u00f3n especializada como parte de la coordinaci\u00f3n interinstitucional entre Sup\u00e9rate,&hellip;<\/p>\n","protected":false},"author":10,"featured_media":129140,"comment_status":"open","ping_status":"open","sticky":false,"template":"","format":"standard","meta":{"content-type":"","jetpack_post_was_ever_published":false,"_jetpack_newsletter_access":"","_jetpack_dont_email_post_to_subs":false,"_jetpack_newsletter_tier_id":0,"_jetpack_memberships_contains_paywalled_content":false,"_jetpack_memberships_contains_paid_content":false,"footnotes":""},"categories":[35],"tags":[50,21688,4191,9675,536,2446,412,21187,1798],"class_list":["post-129139","post","type-post","status-publish","format-standard","has-post-thumbnail","hentry","category-nacionales","tag-alianza","tag-cuidados","tag-discapacidad","tag-gradua-2","tag-madres","tag-padres","tag-personas","tag-primer-grupo","tag-superate"],"jetpack_featured_media_url":"https:\/\/lasprimeras.com.do\/wp-content\/uploads\/2026\/04\/Autoridades-de-Infotep-Superate-y-Conape-entregan-certificado-a-participante-2.jpg","jetpack-related-posts":[{"id":103819,"url":"https:\/\/lasprimeras.com.do\/index.php\/2025\/07\/17\/desarrollo-social-superate-infotep-y-fundacion-rica-graduan-132-personas-de-cursos-tecnico-vocacional\/","url_meta":{"origin":129139,"position":0},"title":"Desarrollo Social Sup\u00e9rate, INFOTEP y Fundaci\u00f3n Rica grad\u00faan 132 personas de cursos t\u00e9cnico-vocacional","author":"Nelson Feliz","date":"17 de julio de 2025","format":false,"excerpt":"La Direcci\u00f3n de Desarrollo Social Sup\u00e9rate, en alianza con el Instituto de Formaci\u00f3n T\u00e9cnico Profesional (INFOTEP) y la Fundaci\u00f3n Rica celebraron este mi\u00e9rcoles la graduaci\u00f3n de la segunda cohorte del Centro de Superaci\u00f3n Comunitaria Sup\u00e9rate (CSCS) B\u00e1sima, en Villa Altagracia, provincia San Crist\u00f3bal. Durante su intervenci\u00f3n en el acto, la\u2026","rel":"","context":"En \u00abSin categor\u00eda\u00bb","block_context":{"text":"Sin categor\u00eda","link":"https:\/\/lasprimeras.com.do\/index.php\/category\/sin-categoria\/"},"img":{"alt_text":"","src":"https:\/\/i0.wp.com\/lasprimeras.com.do\/wp-content\/uploads\/2025\/07\/graduacion-1.jpg?resize=350%2C200&ssl=1","width":350,"height":200,"srcset":"https:\/\/i0.wp.com\/lasprimeras.com.do\/wp-content\/uploads\/2025\/07\/graduacion-1.jpg?resize=350%2C200&ssl=1 1x, https:\/\/i0.wp.com\/lasprimeras.com.do\/wp-content\/uploads\/2025\/07\/graduacion-1.jpg?resize=525%2C300&ssl=1 1.5x, https:\/\/i0.wp.com\/lasprimeras.com.do\/wp-content\/uploads\/2025\/07\/graduacion-1.jpg?resize=700%2C400&ssl=1 2x"},"classes":[]},{"id":85804,"url":"https:\/\/lasprimeras.com.do\/index.php\/2024\/07\/09\/infotep-inaugura-aula-polimedia-y-presenta-politica-de-inclusion-para-formacion-tecnica\/","url_meta":{"origin":129139,"position":1},"title":"INFOTEP inaugura Aula Polimedia y presenta pol\u00edtica de inclusi\u00f3n para formaci\u00f3n t\u00e9cnica","author":"Nelson Feliz","date":"9 de julio de 2024","format":false,"excerpt":"> \u201cEs necesario seguir minimizando las barreras de entrada de las personas con capacidades especiales\u201d, Rafael Santos Bad\u00eda. El Instituto Nacional de Formaci\u00f3n T\u00e9cnico Profesional (INFOTEP), present\u00f3 la Pol\u00edtica de Inclusi\u00f3n y Accesibilidad e inaugur\u00f3 una moderna Aula Polimedia, en el marco del Programa PROETP II y el proyecto de\u2026","rel":"","context":"En \u00abNACIONALES\u00bb","block_context":{"text":"NACIONALES","link":"https:\/\/lasprimeras.com.do\/index.php\/category\/nacionales\/"},"img":{"alt_text":"Aula Polimedia","src":"https:\/\/i0.wp.com\/lasprimeras.com.do\/wp-content\/uploads\/2024\/07\/Aula-Polimedia-1.jpg?resize=350%2C200&ssl=1","width":350,"height":200,"srcset":"https:\/\/i0.wp.com\/lasprimeras.com.do\/wp-content\/uploads\/2024\/07\/Aula-Polimedia-1.jpg?resize=350%2C200&ssl=1 1x, https:\/\/i0.wp.com\/lasprimeras.com.do\/wp-content\/uploads\/2024\/07\/Aula-Polimedia-1.jpg?resize=525%2C300&ssl=1 1.5x"},"classes":[]},{"id":72302,"url":"https:\/\/lasprimeras.com.do\/index.php\/2023\/12\/28\/superate-informa-cierre-del-2023-con-balance-esperanzador-contra-barreras-de-la-pobreza\/","url_meta":{"origin":129139,"position":2},"title":"Sup\u00e9rate informa cierre del 2023 con balance esperanzador contra barreras de la pobreza","author":"BIMARY DE JES\u00daS Matos","date":"28 de diciembre de 2023","format":false,"excerpt":"Santo Domingo.-El programa de ayuda y protecci\u00f3n social Sup\u00e9rate culmina este a\u00f1o 2023 con un balance esperanzador en contra de las barreras de la pobreza en Rep\u00fablica Dominicana, reflejado en las 53,267 capacitaciones y acciones formativas t\u00e9cnico-vocacionales, impartidas a nivel nacional, con un total de 9,303 mujeres y 43,965 hombres.\u2026","rel":"","context":"En \u00abPORTADA\u00bb","block_context":{"text":"PORTADA","link":"https:\/\/lasprimeras.com.do\/index.php\/category\/portada\/"},"img":{"alt_text":"","src":"https:\/\/i0.wp.com\/lasprimeras.com.do\/wp-content\/uploads\/2023\/12\/Noticias-de-energia-2023-12-28T121501.441-scaled.jpg?resize=350%2C200&ssl=1","width":350,"height":200,"srcset":"https:\/\/i0.wp.com\/lasprimeras.com.do\/wp-content\/uploads\/2023\/12\/Noticias-de-energia-2023-12-28T121501.441-scaled.jpg?resize=350%2C200&ssl=1 1x, https:\/\/i0.wp.com\/lasprimeras.com.do\/wp-content\/uploads\/2023\/12\/Noticias-de-energia-2023-12-28T121501.441-scaled.jpg?resize=525%2C300&ssl=1 1.5x, https:\/\/i0.wp.com\/lasprimeras.com.do\/wp-content\/uploads\/2023\/12\/Noticias-de-energia-2023-12-28T121501.441-scaled.jpg?resize=700%2C400&ssl=1 2x, https:\/\/i0.wp.com\/lasprimeras.com.do\/wp-content\/uploads\/2023\/12\/Noticias-de-energia-2023-12-28T121501.441-scaled.jpg?resize=1050%2C600&ssl=1 3x, https:\/\/i0.wp.com\/lasprimeras.com.do\/wp-content\/uploads\/2023\/12\/Noticias-de-energia-2023-12-28T121501.441-scaled.jpg?resize=1400%2C800&ssl=1 4x"},"classes":[]},{"id":85029,"url":"https:\/\/lasprimeras.com.do\/index.php\/2024\/06\/21\/infotep-y-oit-lanzan-programas-formativos-y-guias-para-el-cuidado-de-la-primera-infancia\/","url_meta":{"origin":129139,"position":3},"title":"INFOTEP y OIT lanzan programas formativos y gu\u00edas para el cuidado de la primera infancia","author":"Nelson Feliz","date":"21 de junio de 2024","format":false,"excerpt":"\u00b7 Esta iniciativa se realiza en coordinaci\u00f3n con la OIT, la Mesa Intersectorial de Cuidados y el Fondo Conjunto para los ODS. - Joint CDG Fund- El Instituto Nacional de Formaci\u00f3n T\u00e9cnico Profesional (INFOTEP), hizo la presentaci\u00f3n de los programas formativos y manuales gu\u00edas de \u201cCuidados en la primera infancia\u201d\u2026","rel":"","context":"En \u00abNACIONALES\u00bb","block_context":{"text":"NACIONALES","link":"https:\/\/lasprimeras.com.do\/index.php\/category\/nacionales\/"},"img":{"alt_text":"Rafael Santos Bad\u00eda","src":"https:\/\/i0.wp.com\/lasprimeras.com.do\/wp-content\/uploads\/2024\/06\/Rafael-Santos-Badia.jpg?resize=350%2C200&ssl=1","width":350,"height":200,"srcset":"https:\/\/i0.wp.com\/lasprimeras.com.do\/wp-content\/uploads\/2024\/06\/Rafael-Santos-Badia.jpg?resize=350%2C200&ssl=1 1x, https:\/\/i0.wp.com\/lasprimeras.com.do\/wp-content\/uploads\/2024\/06\/Rafael-Santos-Badia.jpg?resize=525%2C300&ssl=1 1.5x"},"classes":[]},{"id":78960,"url":"https:\/\/lasprimeras.com.do\/index.php\/2024\/03\/21\/infotep-e-ipes-certifican-55-oficiales-pn-en-lenguaje-de-senas\/","url_meta":{"origin":129139,"position":4},"title":"INFOTEP e IPES certifican 55 oficiales PN en lenguaje de se\u00f1as","author":"Nelson Feliz","date":"21 de marzo de 2024","format":false,"excerpt":"El Instituto Nacional de Formaci\u00f3n T\u00e9cnico Profesional (INFOTEP) y el Instituto Policial de Educaci\u00f3n Superior (IPES), certificaron a 55 oficiales del cuerpo del orden. Los oficiales fueron capacitados en Facilitador\u202fde\u202fProcesos\u202fde Ense\u00f1anza y Aprendizaje Centrado en el Participante y en Comunicaci\u00f3n en Cultura Sorda y Lengua de Se\u00f1as, Nivel Inicial. \u00a0El\u2026","rel":"","context":"En \u00abNACIONALES\u00bb","block_context":{"text":"NACIONALES","link":"https:\/\/lasprimeras.com.do\/index.php\/category\/nacionales\/"},"img":{"alt_text":"Rafael Santos Bad\u00eda","src":"https:\/\/i0.wp.com\/lasprimeras.com.do\/wp-content\/uploads\/2024\/03\/Rafael-Santos-Badia-1.jpg?resize=350%2C200&ssl=1","width":350,"height":200,"srcset":"https:\/\/i0.wp.com\/lasprimeras.com.do\/wp-content\/uploads\/2024\/03\/Rafael-Santos-Badia-1.jpg?resize=350%2C200&ssl=1 1x, https:\/\/i0.wp.com\/lasprimeras.com.do\/wp-content\/uploads\/2024\/03\/Rafael-Santos-Badia-1.jpg?resize=525%2C300&ssl=1 1.5x"},"classes":[]},{"id":65193,"url":"https:\/\/lasprimeras.com.do\/index.php\/2023\/10\/26\/personas-con-discapacidad-piden-a-periodistas-apoyarlos-en-lucha-por-sus-derechos\/","url_meta":{"origin":129139,"position":5},"title":"Personas con discapacidad piden a periodistas apoyarlos en lucha por sus derechos","author":"Nelson Feliz","date":"26 de octubre de 2023","format":false,"excerpt":"Lo hicieron durante un taller con el C\u00edrculo de Periodistas de la Salud (Cipesa). La Asociaci\u00f3n de Personas con Discapacidad F\u00edsico Motora, (Asodifimo) pidi\u00f3 el acompa\u00f1amiento de los periodistas en la difusi\u00f3n de la Ley 13-05, y las normativas dictadas a favor de esta poblaci\u00f3n y que el Estado no\u2026","rel":"","context":"En \u00abNACIONALES\u00bb","block_context":{"text":"NACIONALES","link":"https:\/\/lasprimeras.com.do\/index.php\/category\/nacionales\/"},"img":{"alt_text":"Asodifimo","src":"https:\/\/i0.wp.com\/lasprimeras.com.do\/wp-content\/uploads\/2023\/10\/Asodifimo.jpg?resize=350%2C200&ssl=1","width":350,"height":200,"srcset":"https:\/\/i0.wp.com\/lasprimeras.com.do\/wp-content\/uploads\/2023\/10\/Asodifimo.jpg?resize=350%2C200&ssl=1 1x, https:\/\/i0.wp.com\/lasprimeras.com.do\/wp-content\/uploads\/2023\/10\/Asodifimo.jpg?resize=525%2C300&ssl=1 1.5x, https:\/\/i0.wp.com\/lasprimeras.com.do\/wp-content\/uploads\/2023\/10\/Asodifimo.jpg?resize=700%2C400&ssl=1 2x"},"classes":[]}],"jetpack_sharing_enabled":true,"_links":{"self":[{"href":"https:\/\/lasprimeras.com.do\/index.php\/wp-json\/wp\/v2\/posts\/129139","targetHints":{"allow":["GET"]}}],"collection":[{"href":"https:\/\/lasprimeras.com.do\/index.php\/wp-json\/wp\/v2\/posts"}],"about":[{"href":"https:\/\/lasprimeras.com.do\/index.php\/wp-json\/wp\/v2\/types\/post"}],"author":[{"embeddable":true,"href":"https:\/\/lasprimeras.com.do\/index.php\/wp-json\/wp\/v2\/users\/10"}],"replies":[{"embeddable":true,"href":"https:\/\/lasprimeras.com.do\/index.php\/wp-json\/wp\/v2\/comments?post=129139"}],"version-history":[{"count":1,"href":"https:\/\/lasprimeras.com.do\/index.php\/wp-json\/wp\/v2\/posts\/129139\/revisions"}],"predecessor-version":[{"id":129142,"href":"https:\/\/lasprimeras.com.do\/index.php\/wp-json\/wp\/v2\/posts\/129139\/revisions\/129142"}],"wp:featuredmedia":[{"embeddable":true,"href":"https:\/\/lasprimeras.com.do\/index.php\/wp-json\/wp\/v2\/media\/129140"}],"wp:attachment":[{"href":"https:\/\/lasprimeras.com.do\/index.php\/wp-json\/wp\/v2\/media?parent=129139"}],"wp:term":[{"taxonomy":"category","embeddable":true,"href":"https:\/\/lasprimeras.com.do\/index.php\/wp-json\/wp\/v2\/categories?post=129139"},{"taxonomy":"post_tag","embeddable":true,"href":"https:\/\/lasprimeras.com.do\/index.php\/wp-json\/wp\/v2\/tags?post=129139"}],"curies":[{"name":"wp","href":"https:\/\/api.w.org\/{rel}","templated":true}]}}