{"id":129143,"date":"2026-04-29T22:37:37","date_gmt":"2026-04-30T02:37:37","guid":{"rendered":"https:\/\/lasprimeras.com.do\/?p=129143"},"modified":"2026-04-29T22:37:39","modified_gmt":"2026-04-30T02:37:39","slug":"inscripciones-abiertas-escuelas-vocacionales-impulsan-el-futuro-con-formacion-tecnica-gratuita","status":"publish","type":"post","link":"https:\/\/lasprimeras.com.do\/index.php\/2026\/04\/29\/inscripciones-abiertas-escuelas-vocacionales-impulsan-el-futuro-con-formacion-tecnica-gratuita\/","title":{"rendered":"\u00a1Inscripciones abiertas! Escuelas Vocacionales impulsan el futuro con formaci\u00f3n t\u00e9cnica gratuita"},"content":{"rendered":"\n<p><strong>31 escuelas a nivel nacional ofrecen capacitaci\u00f3n en \u00e1reas de alta demanda, con alimentaci\u00f3n y facilidades incluidas<\/strong><\/p>\n\n\n\n<p>Las Escuelas Vocacionales de las Fuerzas Armadas y de la Polic\u00eda Nacional dejaron abiertas las inscripciones para su nueva oferta acad\u00e9mica, invitando a j\u00f3venes y adultos a formarse de manera gratuita en cualquiera de sus 31 escuelas distribuidas en todo el territorio nacional.<\/p>\n\n\n\n<p>Con una propuesta educativa enfocada en la empleabilidad y el desarrollo productivo, estas instituciones ponen a disposici\u00f3n una amplia gama de acciones formativas alineadas a las necesidades actuales del mercado laboral.<\/p>\n\n\n\n<p>Entre las \u00e1reas m\u00e1s demandadas se destacan inform\u00e1tica, dise\u00f1o gr\u00e1fico, enfermer\u00eda, electricidad, mec\u00e1nica automotriz, refrigeraci\u00f3n, idiomas, belleza, reposter\u00eda y emprendimiento, entre otras.<\/p>\n\n\n\n<p>La educaci\u00f3n t\u00e9cnico-vocacional se consolida como una de las herramientas m\u00e1s efectivas para impulsar el crecimiento personal y profesional, permitiendo a los participantes adquirir habilidades pr\u00e1cticas en corto tiempo y facilitando su inserci\u00f3n en el mundo laboral o el desarrollo de iniciativas propias.<\/p>\n\n\n\n<p>Este modelo educativo no solo transforma vidas, sino que tambi\u00e9n fortalece el tejido social y econ\u00f3mico del pa\u00eds.<\/p>\n\n\n\n<p>Uno de los principales atractivos de esta oferta es que la formaci\u00f3n es completamente gratuita. Los estudiantes cuentan con los materiales necesarios para su aprendizaje, adem\u00e1s de recibir alimentaci\u00f3n durante su jornada formativa.<\/p>\n\n\n\n<p>Estas facilidades buscan garantizar el acceso equitativo a la educaci\u00f3n, eliminando barreras econ\u00f3micas y brindando oportunidades reales de superaci\u00f3n.<\/p>\n\n\n\n<p>El director de las Escuelas Vocacionales de las Fuerzas Armadas, coronel Jos\u00e9 Ram\u00f3n Reyes Su\u00e1rez, FARD (DGP), destac\u00f3 el compromiso institucional con la formaci\u00f3n de calidad:<br>\u201cDesde nuestras escuelas seguimos apostando al desarrollo del talento humano como base del progreso nacional. Invitamos a todos los dominicanos a aprovechar esta oportunidad de formarse, crecer y construir un mejor futuro\u201d.<\/p>\n\n\n\n<p>Las inscripciones ya est\u00e1n abiertas y los interesados pueden dirigirse a la escuela vocacional m\u00e1s cercana para conocer la oferta disponible y completar su proceso de admisi\u00f3n.<\/p>\n\n\n\n<p>Para m\u00e1s informaci\u00f3n, pueden visitar las redes sociales oficiales de la instituci\u00f3n o acudir directamente a cualquiera de las escuelas a nivel nacional.<\/p>\n","protected":false},"excerpt":{"rendered":"<p>31 escuelas a nivel nacional ofrecen capacitaci\u00f3n en \u00e1reas de alta demanda, con alimentaci\u00f3n y facilidades incluidas Las Escuelas Vocacionales de las Fuerzas Armadas y de la Polic\u00eda Nacional dejaron&hellip;<\/p>\n","protected":false},"author":10,"featured_media":129144,"comment_status":"open","ping_status":"open","sticky":false,"template":"","format":"standard","meta":{"content-type":"","jetpack_post_was_ever_published":false,"_jetpack_newsletter_access":"","_jetpack_dont_email_post_to_subs":false,"_jetpack_newsletter_tier_id":0,"_jetpack_memberships_contains_paywalled_content":false,"_jetpack_memberships_contains_paid_content":false,"footnotes":""},"categories":[3057],"tags":[7360,862,2957,4718,32841,1157,3584],"class_list":["post-129143","post","type-post","status-publish","format-standard","has-post-thumbnail","hentry","category-militares","tag-escuelas-vocacionales","tag-formacion","tag-fuerzas-armadas","tag-futuro","tag-inscripciones-abiertas","tag-policia-nacional","tag-tecnica"],"jetpack_featured_media_url":"https:\/\/lasprimeras.com.do\/wp-content\/uploads\/2026\/04\/escuelas-1.jpg","jetpack-related-posts":[{"id":102271,"url":"https:\/\/lasprimeras.com.do\/index.php\/2025\/07\/02\/escuelas-vocacionales-inician-segundo-semestre-del-ano-2025-a-nivel-nacional\/","url_meta":{"origin":129143,"position":0},"title":"Escuelas Vocacionales inician segundo semestre del a\u00f1o 2025 a nivel nacional","author":"Nelson Feliz","date":"2 de julio de 2025","format":false,"excerpt":"La Direcci\u00f3n General de las Escuelas Vocacionales de las Fuerzas Armadas y de la Polic\u00eda Nacional (DIGEV), del Ministerio de Defensa (MIDE), dieron formal inicio al segundo semestre acad\u00e9mico del a\u00f1o 2025, iniciando con una matr\u00edcula de inscritos de m\u00e1s de 25,000 estudiantes distribuidos en sus 31 escuelas y 4\u2026","rel":"","context":"En \u00abMILITARES\u00bb","block_context":{"text":"MILITARES","link":"https:\/\/lasprimeras.com.do\/index.php\/category\/militares\/"},"img":{"alt_text":"","src":"https:\/\/i0.wp.com\/lasprimeras.com.do\/wp-content\/uploads\/2025\/07\/escuelas-1.jpg?resize=350%2C200&ssl=1","width":350,"height":200,"srcset":"https:\/\/i0.wp.com\/lasprimeras.com.do\/wp-content\/uploads\/2025\/07\/escuelas-1.jpg?resize=350%2C200&ssl=1 1x, https:\/\/i0.wp.com\/lasprimeras.com.do\/wp-content\/uploads\/2025\/07\/escuelas-1.jpg?resize=525%2C300&ssl=1 1.5x, https:\/\/i0.wp.com\/lasprimeras.com.do\/wp-content\/uploads\/2025\/07\/escuelas-1.jpg?resize=700%2C400&ssl=1 2x"},"classes":[]},{"id":119538,"url":"https:\/\/lasprimeras.com.do\/index.php\/2026\/01\/14\/mide-abre-el-ano-escolar-2026-de-las-escuelas-vocacionales-a-nivel-nacional\/","url_meta":{"origin":129143,"position":1},"title":"MIDE abre el a\u00f1o escolar 2026 de las Escuelas Vocacionales a nivel nacional","author":"Nelson Feliz","date":"14 de enero de 2026","format":false,"excerpt":"El Ministerio de Defensa (MIDE), a trav\u00e9s de la Direcci\u00f3n General de las Escuelas Vocacionales de las Fuerzas Armadas y de la Polic\u00eda Nacional (DIGEV), dej\u00f3 formalmente iniciado el a\u00f1o escolar 2026, de manera simult\u00e1nea en todas las sedes de DIGEV a nivel nacional, con una matr\u00edcula inicial que supera\u2026","rel":"","context":"En \u00abMILITARES\u00bb","block_context":{"text":"MILITARES","link":"https:\/\/lasprimeras.com.do\/index.php\/category\/militares\/"},"img":{"alt_text":"","src":"https:\/\/i0.wp.com\/lasprimeras.com.do\/wp-content\/uploads\/2026\/01\/IMG-20260113-WA0772.jpg?resize=350%2C200&ssl=1","width":350,"height":200,"srcset":"https:\/\/i0.wp.com\/lasprimeras.com.do\/wp-content\/uploads\/2026\/01\/IMG-20260113-WA0772.jpg?resize=350%2C200&ssl=1 1x, https:\/\/i0.wp.com\/lasprimeras.com.do\/wp-content\/uploads\/2026\/01\/IMG-20260113-WA0772.jpg?resize=525%2C300&ssl=1 1.5x, https:\/\/i0.wp.com\/lasprimeras.com.do\/wp-content\/uploads\/2026\/01\/IMG-20260113-WA0772.jpg?resize=700%2C400&ssl=1 2x, https:\/\/i0.wp.com\/lasprimeras.com.do\/wp-content\/uploads\/2026\/01\/IMG-20260113-WA0772.jpg?resize=1050%2C600&ssl=1 3x"},"classes":[]},{"id":66664,"url":"https:\/\/lasprimeras.com.do\/index.php\/2023\/11\/08\/digev-llama-a-la-poblacion-a-formalizar-inscripcion-para-nuevo-periodo-academico-santo-domingo\/","url_meta":{"origin":129143,"position":2},"title":"DIGEV llama a la poblaci\u00f3n a formalizar inscripci\u00f3n para nuevo periodo acad\u00e9mico\u00a0Santo Domingo","author":"Nelson Feliz","date":"8 de noviembre de 2023","format":false,"excerpt":"Por Martin Restituyo La Direcci\u00f3n General de las Escuelas Vocacionales de las Fuerzas Armadas y la Polic\u00eda Nacional (DIGEV) llam\u00f3 este mi\u00e9rcoles a comunidad educativa t\u00e9cnico vocacional y la poblaci\u00f3n en general aprovechar la apertura de las inscripciones para cursar cualquiera de las m\u00e1s de 100 acciones formativas y oficios\u2026","rel":"","context":"En \u00abMILITARES\u00bb","block_context":{"text":"MILITARES","link":"https:\/\/lasprimeras.com.do\/index.php\/category\/militares\/"},"img":{"alt_text":"Escuelas Vocacionales","src":"https:\/\/i0.wp.com\/lasprimeras.com.do\/wp-content\/uploads\/2023\/11\/Escuelas-Vocacionales.jpg?resize=350%2C200&ssl=1","width":350,"height":200,"srcset":"https:\/\/i0.wp.com\/lasprimeras.com.do\/wp-content\/uploads\/2023\/11\/Escuelas-Vocacionales.jpg?resize=350%2C200&ssl=1 1x, https:\/\/i0.wp.com\/lasprimeras.com.do\/wp-content\/uploads\/2023\/11\/Escuelas-Vocacionales.jpg?resize=525%2C300&ssl=1 1.5x, https:\/\/i0.wp.com\/lasprimeras.com.do\/wp-content\/uploads\/2023\/11\/Escuelas-Vocacionales.jpg?resize=700%2C400&ssl=1 2x"},"classes":[]},{"id":128503,"url":"https:\/\/lasprimeras.com.do\/index.php\/2026\/04\/23\/escuelas-vocacionales-participan-en-exposostenible-2026\/","url_meta":{"origin":129143,"position":3},"title":"Escuelas Vocacionales participan en ExpoSostenible 2026","author":"Nelson Feliz","date":"23 de abril de 2026","format":false,"excerpt":"DIGEV fortalece su visi\u00f3n educativa orientada al desarrollo sostenible La Direcci\u00f3n General de las Escuelas Vocacionales de las Fuerzas Armadas y de la Polic\u00eda Nacional (DIGEV) del Ministerio de Defensa (MIDE) encabezada por su director general, el coronel Jos\u00e9 Ram\u00f3n Reyes Su\u00e1rez, FARD (DGP), particip\u00f3 activamente en ExpoSostenible 2026, celebrada\u2026","rel":"","context":"En \u00abNACIONALES\u00bb","block_context":{"text":"NACIONALES","link":"https:\/\/lasprimeras.com.do\/index.php\/category\/nacionales\/"},"img":{"alt_text":"","src":"https:\/\/i0.wp.com\/lasprimeras.com.do\/wp-content\/uploads\/2026\/04\/ExpoSostenible-2026-1.jpg?resize=350%2C200&ssl=1","width":350,"height":200,"srcset":"https:\/\/i0.wp.com\/lasprimeras.com.do\/wp-content\/uploads\/2026\/04\/ExpoSostenible-2026-1.jpg?resize=350%2C200&ssl=1 1x, https:\/\/i0.wp.com\/lasprimeras.com.do\/wp-content\/uploads\/2026\/04\/ExpoSostenible-2026-1.jpg?resize=525%2C300&ssl=1 1.5x, https:\/\/i0.wp.com\/lasprimeras.com.do\/wp-content\/uploads\/2026\/04\/ExpoSostenible-2026-1.jpg?resize=700%2C400&ssl=1 2x"},"classes":[]},{"id":111996,"url":"https:\/\/lasprimeras.com.do\/index.php\/2025\/10\/16\/digev-conmemora-59-anos-de-su-fundacion-en-bani\/","url_meta":{"origin":129143,"position":4},"title":"DIGEV conmemora 59 a\u00f1os de su fundaci\u00f3n en Ban\u00ed","author":"Nelson Feliz","date":"16 de octubre de 2025","format":false,"excerpt":"Con una emotiva ceremonia religiosa y una exposici\u00f3n educativa, las Escuelas Vocacionales de las Fuerzas Armadas y de la Polic\u00eda Nacional (DIGEV), del Ministerio de Defensa (MIDE), celebraron el 59.\u00ba aniversario de la fundaci\u00f3n de su primera sede, establecida en la ciudad de Ban\u00ed en el a\u00f1o 1966. El acto\u2026","rel":"","context":"En \u00abMILITARES\u00bb","block_context":{"text":"MILITARES","link":"https:\/\/lasprimeras.com.do\/index.php\/category\/militares\/"},"img":{"alt_text":"","src":"https:\/\/i0.wp.com\/lasprimeras.com.do\/wp-content\/uploads\/2025\/10\/misa.jpg?resize=350%2C200&ssl=1","width":350,"height":200,"srcset":"https:\/\/i0.wp.com\/lasprimeras.com.do\/wp-content\/uploads\/2025\/10\/misa.jpg?resize=350%2C200&ssl=1 1x, https:\/\/i0.wp.com\/lasprimeras.com.do\/wp-content\/uploads\/2025\/10\/misa.jpg?resize=525%2C300&ssl=1 1.5x, https:\/\/i0.wp.com\/lasprimeras.com.do\/wp-content\/uploads\/2025\/10\/misa.jpg?resize=700%2C400&ssl=1 2x"},"classes":[]},{"id":90513,"url":"https:\/\/lasprimeras.com.do\/index.php\/2024\/10\/23\/director-escuelas-vocacionales-incentiva-a-estudiantes-de-san-cristobal\/","url_meta":{"origin":129143,"position":5},"title":"Director Escuelas Vocacionales incentiva a estudiantes de San Crist\u00f3bal","author":"Nelson Feliz","date":"23 de octubre de 2024","format":false,"excerpt":"El director General de las Escuelas Vocacionales de las Fuerzas Armadas y de la Polic\u00eda Nacional (DIGEV), coronel Jos\u00e9 Ram\u00f3n Reyes Su\u00e1rez, realiz\u00f3 un recorrido de supervisi\u00f3n por la Escuela Vocacional de San Crist\u00f3bal, donde adem\u00e1s de inspeccionar las instalaciones, interactu\u00f3 con los estudiantes, incentiv\u00e1ndolos a continuar sus estudios y\u2026","rel":"","context":"En \u00abMILITARES\u00bb","block_context":{"text":"MILITARES","link":"https:\/\/lasprimeras.com.do\/index.php\/category\/militares\/"},"img":{"alt_text":"","src":"https:\/\/i0.wp.com\/lasprimeras.com.do\/wp-content\/uploads\/2024\/10\/Jose-Ramon-Reyes-Suarez-3.jpg?resize=350%2C200&ssl=1","width":350,"height":200,"srcset":"https:\/\/i0.wp.com\/lasprimeras.com.do\/wp-content\/uploads\/2024\/10\/Jose-Ramon-Reyes-Suarez-3.jpg?resize=350%2C200&ssl=1 1x, https:\/\/i0.wp.com\/lasprimeras.com.do\/wp-content\/uploads\/2024\/10\/Jose-Ramon-Reyes-Suarez-3.jpg?resize=525%2C300&ssl=1 1.5x, https:\/\/i0.wp.com\/lasprimeras.com.do\/wp-content\/uploads\/2024\/10\/Jose-Ramon-Reyes-Suarez-3.jpg?resize=700%2C400&ssl=1 2x"},"classes":[]}],"jetpack_sharing_enabled":true,"_links":{"self":[{"href":"https:\/\/lasprimeras.com.do\/index.php\/wp-json\/wp\/v2\/posts\/129143","targetHints":{"allow":["GET"]}}],"collection":[{"href":"https:\/\/lasprimeras.com.do\/index.php\/wp-json\/wp\/v2\/posts"}],"about":[{"href":"https:\/\/lasprimeras.com.do\/index.php\/wp-json\/wp\/v2\/types\/post"}],"author":[{"embeddable":true,"href":"https:\/\/lasprimeras.com.do\/index.php\/wp-json\/wp\/v2\/users\/10"}],"replies":[{"embeddable":true,"href":"https:\/\/lasprimeras.com.do\/index.php\/wp-json\/wp\/v2\/comments?post=129143"}],"version-history":[{"count":2,"href":"https:\/\/lasprimeras.com.do\/index.php\/wp-json\/wp\/v2\/posts\/129143\/revisions"}],"predecessor-version":[{"id":129146,"href":"https:\/\/lasprimeras.com.do\/index.php\/wp-json\/wp\/v2\/posts\/129143\/revisions\/129146"}],"wp:featuredmedia":[{"embeddable":true,"href":"https:\/\/lasprimeras.com.do\/index.php\/wp-json\/wp\/v2\/media\/129144"}],"wp:attachment":[{"href":"https:\/\/lasprimeras.com.do\/index.php\/wp-json\/wp\/v2\/media?parent=129143"}],"wp:term":[{"taxonomy":"category","embeddable":true,"href":"https:\/\/lasprimeras.com.do\/index.php\/wp-json\/wp\/v2\/categories?post=129143"},{"taxonomy":"post_tag","embeddable":true,"href":"https:\/\/lasprimeras.com.do\/index.php\/wp-json\/wp\/v2\/tags?post=129143"}],"curies":[{"name":"wp","href":"https:\/\/api.w.org\/{rel}","templated":true}]}}