{"id":129150,"date":"2026-04-29T22:47:53","date_gmt":"2026-04-30T02:47:53","guid":{"rendered":"https:\/\/lasprimeras.com.do\/?p=129150"},"modified":"2026-04-29T22:47:55","modified_gmt":"2026-04-30T02:47:55","slug":"piden-prision-preventiva-contra-profesor-acusado-de-agresion-sexual","status":"publish","type":"post","link":"https:\/\/lasprimeras.com.do\/index.php\/2026\/04\/29\/piden-prision-preventiva-contra-profesor-acusado-de-agresion-sexual\/","title":{"rendered":"Piden prisi\u00f3n preventiva contra profesor acusado de agresi\u00f3n sexual"},"content":{"rendered":"\n<p><strong>La Oficina Judicial de Servicios de Atenci\u00f3n Permanente del Distrito Nacional aplaz\u00f3 la audiencia para este s\u00e1bado 2 de mayo<\/strong><\/p>\n\n\n\n<p>El Ministerio P\u00fablico solicit\u00f3 a un tribunal la imposici\u00f3n de prisi\u00f3n preventiva, como medida de coerci\u00f3n, contra un profesor imputado de incurrir en agresi\u00f3n sexual en perjuicio de una estudiante de un centro educativo del Distrito Nacional.<\/p>\n\n\n\n<p>La medida de coerci\u00f3n fue solicitada contra el imputado Inocencio Lebr\u00f3n Montero, quien se desempe\u00f1aba como profesor de matem\u00e1ticas de la adolescente.<\/p>\n\n\n\n<p>De acuerdo con la investigaci\u00f3n, el imputado aprovech\u00f3 la relaci\u00f3n de confianza derivada de su condici\u00f3n de docente para iniciar un acercamiento progresivo hacia la v\u00edctima.<\/p>\n\n\n\n<p>El expediente indica que, posteriormente, ejerci\u00f3 presi\u00f3n emocional sobre la estudiante con la finalidad de que accediera a conductas de \u00edndole \u00edntima, pese a que esta, hab\u00eda manifestado de manera expresa, su negativa.<\/p>\n\n\n\n<p>El Ministerio P\u00fablico establece que en ese contexto se produjeron varios encuentros dentro del veh\u00edculo del imputado, donde este presuntamente realiz\u00f3 tocamientos indebidos en perjuicio de la adolescente e insisti\u00f3 en sostener relaciones sexuales, a lo que la v\u00edctima se neg\u00f3.<\/p>\n\n\n\n<p>La investigaci\u00f3n, tambi\u00e9n, se\u00f1ala, que el imputado habr\u00eda reiterado las conductas denunciadas, manteniendo presi\u00f3n emocional sobre la menor de edad.<\/p>\n\n\n\n<p>Como parte de las evidencias aportadas, el \u00f3rgano acusador present\u00f3 una evaluaci\u00f3n psicol\u00f3gica practicada a la v\u00edctima por el Instituto Nacional de Ciencias Forenses (Inacif), la cual establece indicadores emocionales compatibles con situaciones de vulneraci\u00f3n.<\/p>\n\n\n\n<p>El imputado fue apresado el pasado 22 de abril, en virtud de una orden de arresto emitida en su contra por la Coordinaci\u00f3n de los Juzgados de Instrucci\u00f3n del Distrito Nacional.<\/p>\n\n\n\n<p>Las procuradoras fiscales Adalgisa Tavares y Mariela Ramos, adscritas a la Unidad de Prevenci\u00f3n de Violencia de G\u00e9nero y Delitos Sexuales del Distrito Nacional, depositaron la instancia con la solicitud de medida de coerci\u00f3n contra el imputado.<\/p>\n\n\n\n<p>La audiencia fue aplazada por la jueza Lissa Veras, de la Oficina Judicial de Servicios de Atenci\u00f3n Permanente del Distrito Nacional, para este s\u00e1bado, 2 de mayo, a solicitud de la defensa, que requiri\u00f3 m\u00e1s tiempo para preparar sus medios de defensa.<\/p>\n\n\n\n<p>El Ministerio P\u00fablico ha otorgado al caso la calificaci\u00f3n jur\u00eddica de violaci\u00f3n a los art\u00edculos 330 y 333, literal D, del C\u00f3digo Penal Dominicano, as\u00ed como al art\u00edculo 396, literal C, de la Ley 136-03, que crea el C\u00f3digo para la Protecci\u00f3n y los Derechos Fundamentales de Ni\u00f1os, Ni\u00f1as y Adolescentes.<\/p>\n","protected":false},"excerpt":{"rendered":"<p>La Oficina Judicial de Servicios de Atenci\u00f3n Permanente del Distrito Nacional aplaz\u00f3 la audiencia para este s\u00e1bado 2 de mayo El Ministerio P\u00fablico solicit\u00f3 a un tribunal la imposici\u00f3n de&hellip;<\/p>\n","protected":false},"author":10,"featured_media":97411,"comment_status":"open","ping_status":"open","sticky":false,"template":"","format":"standard","meta":{"content-type":"","jetpack_post_was_ever_published":false,"_jetpack_newsletter_access":"","_jetpack_dont_email_post_to_subs":false,"_jetpack_newsletter_tier_id":0,"_jetpack_memberships_contains_paywalled_content":false,"_jetpack_memberships_contains_paid_content":false,"footnotes":""},"categories":[289],"tags":[9762,3350,2286,290,628,3394,1885],"class_list":["post-129150","post","type-post","status-publish","format-standard","has-post-thumbnail","hentry","category-justicia","tag-agresion-sexual","tag-estudiante","tag-imputado","tag-ministerio-publico","tag-prision-preventiva","tag-profesor","tag-solicita"],"jetpack_featured_media_url":"https:\/\/lasprimeras.com.do\/wp-content\/uploads\/2025\/04\/mallete.png","jetpack-related-posts":[{"id":86798,"url":"https:\/\/lasprimeras.com.do\/index.php\/2024\/08\/01\/imponen-prision-preventiva-a-ciudadano-haitiano-involucrado-en-muerte-de-trabajadora-sexual-en-sdn\/","url_meta":{"origin":129150,"position":0},"title":"Imponen prisi\u00f3n preventiva a ciudadano haitiano involucrado en muerte de trabajadora sexual en SDN","author":"Nelson Feliz","date":"1 de agosto de 2024","format":false,"excerpt":"El Ministerio P\u00fablico de esta jurisdicci\u00f3n obtuvo tres meses de prisi\u00f3n preventiva en contra de un hombre de nacionalidad haitiana involucrado en la muerte de una trabajadora sexual, quien fue encontrada asfixiada por compresi\u00f3n de cuello, el pasado 15 de julio, en una caba\u00f1a ubicada en Santo Domingo Norte. El\u2026","rel":"","context":"En \u00abJUSTICIA\u00bb","block_context":{"text":"JUSTICIA","link":"https:\/\/lasprimeras.com.do\/index.php\/category\/justicia\/"},"img":{"alt_text":"","src":"https:\/\/i0.wp.com\/lasprimeras.com.do\/wp-content\/uploads\/2023\/09\/mallete.jpeg?resize=350%2C200&ssl=1","width":350,"height":200,"srcset":"https:\/\/i0.wp.com\/lasprimeras.com.do\/wp-content\/uploads\/2023\/09\/mallete.jpeg?resize=350%2C200&ssl=1 1x, https:\/\/i0.wp.com\/lasprimeras.com.do\/wp-content\/uploads\/2023\/09\/mallete.jpeg?resize=525%2C300&ssl=1 1.5x, https:\/\/i0.wp.com\/lasprimeras.com.do\/wp-content\/uploads\/2023\/09\/mallete.jpeg?resize=700%2C400&ssl=1 2x"},"classes":[]},{"id":49662,"url":"https:\/\/lasprimeras.com.do\/index.php\/2023\/05\/13\/aplazan-conocimiento-de-coercion-contra-las-parejas-de-amelia-alcantara-y-tamara-martinez\/","url_meta":{"origin":129150,"position":1},"title":"Aplazan conocimiento de coerci\u00f3n contra las parejas de Amelia Alc\u00e1ntara y Tamara Mart\u00ednez","author":"prenxa100","date":"13 de mayo de 2023","format":false,"excerpt":"Santo Domingo.-. El Tribunal de Atenci\u00f3n Permanente del Distrito Nacional aplaz\u00f3 el conocimiento de la medida de coerci\u00f3n al abogado Emilio L\u00f3pez y el empresario Wagner Taveras Taveras, detenidos el viernes por la Unidad de Atenci\u00f3n Integral a la Violencia de G\u00e9nero, Intrafamiliar y Delitos Sexuales, de la avenida R\u00f3mulo\u2026","rel":"","context":"En \u00abJUSTICIA\u00bb","block_context":{"text":"JUSTICIA","link":"https:\/\/lasprimeras.com.do\/index.php\/category\/justicia\/"},"img":{"alt_text":"","src":"","width":0,"height":0},"classes":[]},{"id":87800,"url":"https:\/\/lasprimeras.com.do\/index.php\/2024\/08\/17\/solicitan-prision-preventiva-contra-doctora-imputada-de-asesinar-su-hija-en-sde\/","url_meta":{"origin":129150,"position":2},"title":"Solicitan prisi\u00f3n preventiva contra doctora imputada de asesinar su hija en SDE","author":"Nelson Feliz","date":"17 de agosto de 2024","format":false,"excerpt":"La medida de coerci\u00f3n est\u00e1 fijada para este domingo 18 de agosto. El Ministerio P\u00fablico deposit\u00f3 la solicitud de medida de coerci\u00f3n contra Ana Josefa Garc\u00eda Cuello, imputada por la muerte de su hija, E. F. G., de seis a\u00f1os de edad. Ser\u00e1 est\u00e9 domingo, 18 de agosto del a\u00f1o\u2026","rel":"","context":"En \u00abJUSTICIA\u00bb","block_context":{"text":"JUSTICIA","link":"https:\/\/lasprimeras.com.do\/index.php\/category\/justicia\/"},"img":{"alt_text":"Ana Josefa Garc\u00eda Cuello","src":"https:\/\/i0.wp.com\/lasprimeras.com.do\/wp-content\/uploads\/2024\/08\/Ana-Josefa-Garcia-Cuello.jpg?resize=350%2C200&ssl=1","width":350,"height":200},"classes":[]},{"id":78087,"url":"https:\/\/lasprimeras.com.do\/index.php\/2024\/02\/28\/coercion-por-el-caso-paula-sera-conocida-hoy\/","url_meta":{"origin":129150,"position":3},"title":"Coerci\u00f3n por el caso Paula ser\u00e1 conocida hoy","author":"BIMARY DE JES\u00daS Matos","date":"28 de febrero de 2024","format":false,"excerpt":"Santo Domingo.- Un juez de la Oficina de Atenci\u00f3n Permanente de Santo Domingo Este conocer\u00e1 hoy la solicitud de medida de coerci\u00f3n a los imputados de matar a la joven Paula Santana Escalante, hallada en una alcantarilla de la empresa en la que trabajaba, en la Zona Franca de las\u2026","rel":"","context":"En \u00abNACIONALES\u00bb","block_context":{"text":"NACIONALES","link":"https:\/\/lasprimeras.com.do\/index.php\/category\/nacionales\/"},"img":{"alt_text":"","src":"https:\/\/i0.wp.com\/lasprimeras.com.do\/wp-content\/uploads\/2024\/02\/10_Nacionales_28_-2p01.jpg.webp?resize=350%2C200&ssl=1","width":350,"height":200,"srcset":"https:\/\/i0.wp.com\/lasprimeras.com.do\/wp-content\/uploads\/2024\/02\/10_Nacionales_28_-2p01.jpg.webp?resize=350%2C200&ssl=1 1x, https:\/\/i0.wp.com\/lasprimeras.com.do\/wp-content\/uploads\/2024\/02\/10_Nacionales_28_-2p01.jpg.webp?resize=525%2C300&ssl=1 1.5x, https:\/\/i0.wp.com\/lasprimeras.com.do\/wp-content\/uploads\/2024\/02\/10_Nacionales_28_-2p01.jpg.webp?resize=700%2C400&ssl=1 2x"},"classes":[]},{"id":57164,"url":"https:\/\/lasprimeras.com.do\/index.php\/2023\/08\/09\/siete-de-los-imputados-en-red-gavilan-negociaron-con-el-ministerio-publico\/","url_meta":{"origin":129150,"position":4},"title":"Siete de los imputados en red Gavil\u00e1n negociaron con el Ministerio P\u00fablico","author":"Nelson Feliz","date":"9 de agosto de 2023","format":false,"excerpt":"De los 12 imputados en la red que supuestamente se dedicaba a borrar fichas penales a imputados y condenados y que fue desmantelada a trav\u00e9s de la Operaci\u00f3n Gavil\u00e1n, siete de ellos admitieron los hechos, de acuerdo al Ministerio P\u00fablico. Diez de los acusados trabajaban en la propia Procuradur\u00eda General\u2026","rel":"","context":"En \u00abJUSTICIA\u00bb","block_context":{"text":"JUSTICIA","link":"https:\/\/lasprimeras.com.do\/index.php\/category\/justicia\/"},"img":{"alt_text":"Operaci\u00f3n Gavil\u00e1n","src":"https:\/\/i0.wp.com\/lasprimeras.com.do\/wp-content\/uploads\/2023\/08\/Operacion-Gavilan.jpg?resize=350%2C200&ssl=1","width":350,"height":200,"srcset":"https:\/\/i0.wp.com\/lasprimeras.com.do\/wp-content\/uploads\/2023\/08\/Operacion-Gavilan.jpg?resize=350%2C200&ssl=1 1x, https:\/\/i0.wp.com\/lasprimeras.com.do\/wp-content\/uploads\/2023\/08\/Operacion-Gavilan.jpg?resize=525%2C300&ssl=1 1.5x, https:\/\/i0.wp.com\/lasprimeras.com.do\/wp-content\/uploads\/2023\/08\/Operacion-Gavilan.jpg?resize=700%2C400&ssl=1 2x"},"classes":[]},{"id":118962,"url":"https:\/\/lasprimeras.com.do\/index.php\/2026\/01\/05\/mp-solicita-coercion-para-hombre-imputado-de-agredir-con-arma-blanca-a-otro-en-la-cienega\/","url_meta":{"origin":129150,"position":5},"title":"MP solicita coerci\u00f3n para hombre imputado de agredir con arma blanca a otro en La Ci\u00e9nega","author":"Nelson Feliz","date":"5 de enero de 2026","format":false,"excerpt":"El Ministerio P\u00fablico solicit\u00f3 la imposici\u00f3n de prisi\u00f3n preventiva, como medida de coerci\u00f3n, contra un hombre imputado de agredir con un arma blanca a otro ciudadano, en un hecho ocurrido el 8 de diciembre de 2025, en el sector La Ci\u00e9nega, del Distrito Nacional. El imputado fue identificado como C\u00e9sar\u2026","rel":"","context":"En \u00abJUSTICIA\u00bb","block_context":{"text":"JUSTICIA","link":"https:\/\/lasprimeras.com.do\/index.php\/category\/justicia\/"},"img":{"alt_text":"","src":"https:\/\/i0.wp.com\/lasprimeras.com.do\/wp-content\/uploads\/2025\/04\/mallete.png?resize=350%2C200&ssl=1","width":350,"height":200,"srcset":"https:\/\/i0.wp.com\/lasprimeras.com.do\/wp-content\/uploads\/2025\/04\/mallete.png?resize=350%2C200&ssl=1 1x, https:\/\/i0.wp.com\/lasprimeras.com.do\/wp-content\/uploads\/2025\/04\/mallete.png?resize=525%2C300&ssl=1 1.5x, https:\/\/i0.wp.com\/lasprimeras.com.do\/wp-content\/uploads\/2025\/04\/mallete.png?resize=700%2C400&ssl=1 2x"},"classes":[]}],"jetpack_sharing_enabled":true,"_links":{"self":[{"href":"https:\/\/lasprimeras.com.do\/index.php\/wp-json\/wp\/v2\/posts\/129150","targetHints":{"allow":["GET"]}}],"collection":[{"href":"https:\/\/lasprimeras.com.do\/index.php\/wp-json\/wp\/v2\/posts"}],"about":[{"href":"https:\/\/lasprimeras.com.do\/index.php\/wp-json\/wp\/v2\/types\/post"}],"author":[{"embeddable":true,"href":"https:\/\/lasprimeras.com.do\/index.php\/wp-json\/wp\/v2\/users\/10"}],"replies":[{"embeddable":true,"href":"https:\/\/lasprimeras.com.do\/index.php\/wp-json\/wp\/v2\/comments?post=129150"}],"version-history":[{"count":1,"href":"https:\/\/lasprimeras.com.do\/index.php\/wp-json\/wp\/v2\/posts\/129150\/revisions"}],"predecessor-version":[{"id":129151,"href":"https:\/\/lasprimeras.com.do\/index.php\/wp-json\/wp\/v2\/posts\/129150\/revisions\/129151"}],"wp:featuredmedia":[{"embeddable":true,"href":"https:\/\/lasprimeras.com.do\/index.php\/wp-json\/wp\/v2\/media\/97411"}],"wp:attachment":[{"href":"https:\/\/lasprimeras.com.do\/index.php\/wp-json\/wp\/v2\/media?parent=129150"}],"wp:term":[{"taxonomy":"category","embeddable":true,"href":"https:\/\/lasprimeras.com.do\/index.php\/wp-json\/wp\/v2\/categories?post=129150"},{"taxonomy":"post_tag","embeddable":true,"href":"https:\/\/lasprimeras.com.do\/index.php\/wp-json\/wp\/v2\/tags?post=129150"}],"curies":[{"name":"wp","href":"https:\/\/api.w.org\/{rel}","templated":true}]}}