{"id":129152,"date":"2026-04-30T07:16:43","date_gmt":"2026-04-30T11:16:43","guid":{"rendered":"https:\/\/lasprimeras.com.do\/?p=129152"},"modified":"2026-04-30T07:16:46","modified_gmt":"2026-04-30T11:16:46","slug":"senado-rinde-homenaje-postumo-al-cineasta-rene-fortunato","status":"publish","type":"post","link":"https:\/\/lasprimeras.com.do\/index.php\/2026\/04\/30\/senado-rinde-homenaje-postumo-al-cineasta-rene-fortunato\/","title":{"rendered":"Senado rinde homenaje p\u00f3stumo al cineasta Ren\u00e9 Fortunato"},"content":{"rendered":"\n<p>La iniciativa reconoce la trayectoria del destacado documentalista dominicano y su invaluable aporte a la memoria hist\u00f3rica y al desarrollo del cine nacional.<\/p>\n\n\n\n<p>En un acto solemne celebrado en la sede del Congreso Nacional, el Senado de la Rep\u00fablica otorg\u00f3 un reconocimiento p\u00f3stumo al cineasta, documentalista, guionista, investigador y productor audiovisual Ren\u00e9 Antonio Fortunato Gass\u00f3, en honor a su trascendental contribuci\u00f3n al fortalecimiento de la identidad nacional y a la difusi\u00f3n de la historia pol\u00edtica dominicana.<\/p>\n\n\n\n<p>La distinci\u00f3n fue conferida mediante una resoluci\u00f3n aprobada a unanimidad por el Pleno Senatorial, iniciativa presentada por el vicepresidente del Senado, Pedro Catrain, representante de la provincia Saman\u00e1, en la que se resalta la vida y obra de Ren\u00e9 Fortunato, quien dedic\u00f3 su carrera a la reconstrucci\u00f3n de la memoria hist\u00f3rica del pa\u00eds, posicion\u00e1ndose como una de las figuras m\u00e1s influyentes del documental hist\u00f3rico-pol\u00edtico en la Rep\u00fablica Dominicana.<\/p>\n\n\n\n<p>Durante la ceremonia, encabezada por el presidente del Senado, Ricardo de los Santos, se destac\u00f3 el compromiso del homenajeado con la verdad hist\u00f3rica, su defensa de la libertad de expresi\u00f3n y su firme aporte al desarrollo de la industria cinematogr\u00e1fica nacional.<\/p>\n\n\n\n<p>\u201cDeben sentir la gran satisfacci\u00f3n de que Ren\u00e9 Fortunato es un hombre sin el cual no se puede escribir la historia de la Rep\u00fablica Dominicana\u201d.<\/p>\n\n\n\n<p>\u201cAl igual que otros grandes protagonistas de nuestro pa\u00eds, su trabajo ha permitido que hoy podamos conocer la historia desde una perspectiva pol\u00edtica, social y econ\u00f3mica.<\/p>\n\n\n\n<p>Esto solo es posible gracias a un periodismo responsable, objetivo y comprometido, como el que Rene Fortunato ejerci\u00f3, No hay palabras suficientes para describirlo.<\/p>\n\n\n\n<p>Sin \u00e9l, quiz\u00e1s muchas historias no se conocer\u00edan; pero gracias a su trabajo, hoy el pueblo dominicano conoce su pasado, se engrandece y honra su memoria\u201d, expres\u00f3 el presidente del Senado.<\/p>\n\n\n\n<p>El vicepresidente del Senado, Pedro Catrain, proponente de la iniciativa, valor\u00f3 la trascendencia de la obra del cineasta y su contribuci\u00f3n a la consolidaci\u00f3n de la memoria hist\u00f3rica nacional.<\/p>\n\n\n\n<p>\u201cHay hombres que construyen obras f\u00edsicas y otros que levantan edificios; Ren\u00e9 Fortunato, por el contrario, nos construy\u00f3 algo mucho m\u00e1s dif\u00edcil: nos devolvi\u00f3 la memoria del siglo XX dominicano.<\/p>\n\n\n\n<p>Gracias por ense\u00f1arnos que la patria no solo se defiende con fusiles, sino tambi\u00e9n con la verdad. Hoy esa verdad ya no est\u00e1 enterrada.<\/p>\n\n\n\n<p>Que nunca se apague tu c\u00e1mara; porque mientras ella filme, la Rep\u00fablica Dominicana tendr\u00e1 memoria\u201d, resalt\u00f3 el vicepresidente Pedro Catrain.<\/p>\n\n\n\n<p>El reconocimiento fue recibido por Matty V\u00e1squez, esposa del homenajeado, quien estuvo acompa\u00f1ada de sus hijos Diego y Ren\u00e9 Alejandro Fortunato V\u00e1squez.<\/p>\n\n\n\n<p>En nombre de la familia, V\u00e1squez expres\u00f3 palabras de agradecimiento, destacando la labor, el compromiso, la pasi\u00f3n y el legado intelectual del cineasta homenajeado.<\/p>\n\n\n\n<p>\u201cEs un honor para nuestra familia, recibir este reconocimiento a la trayectoria y al invaluable legado de Ren\u00e9, cuya obra ha contribuido de manera decisiva a preservar y difundir la memoria hist\u00f3rica y cultural de la Rep\u00fablica Dominicana.<\/p>\n\n\n\n<p>Agradecemos al Senado de la Rep\u00fablica por este justo reconocimiento que enaltece no solo la carrera de un creador, sino tambi\u00e9n el valor del cine como herramienta educativa, de reflexi\u00f3n y de construcci\u00f3n de identidad nacional. Su filmograf\u00eda constituye un testimonio vivo de nuestra historia\u201d, manifest\u00f3 V\u00e1squez.<\/p>\n\n\n\n<p>La resoluci\u00f3n establece que Fortunato, nacido el 1 de febrero de 1958 en Santo Domingo y fallecido el 19 de julio de 2025, fue ampliamente reconocido tanto a nivel nacional como internacional, recibiendo distinciones en festivales de cine y centros acad\u00e9micos por su aporte al conocimiento hist\u00f3rico y su enfoque cr\u00edtico sobre etapas determinantes de la vida pol\u00edtica nacional.<\/p>\n\n\n\n<p>Asimismo, se destaca su formaci\u00f3n en Comunicaci\u00f3n Social en la Universidad Aut\u00f3noma de Santo Domingo (UASD), as\u00ed como su trayectoria en medios de comunicaci\u00f3n, donde labor\u00f3 como productor, guionista y presentador en importantes canales de televisi\u00f3n, contribuyendo a la creaci\u00f3n de contenidos culturales y educativos.<\/p>\n\n\n\n<p>El documento legislativo resalta, adem\u00e1s, su visi\u00f3n innovadora al fundar su productora VEDA Films, y desarrollar proyectos de distribuci\u00f3n audiovisual que ampliaron el alcance del cine documental en el pa\u00eds, impulsando un mercado hasta entonces poco explorado.<\/p>\n\n\n\n<p>Su obra \u201cLa Trinchera del Honor\u201d marc\u00f3 un precedente en la defensa de la libertad de expresi\u00f3n, al enfrentar intentos de censura y abrir camino a producciones cr\u00edticas en el \u00e1mbito cinematogr\u00e1fico dominicano.<\/p>\n\n\n\n<p>El Senado valor\u00f3 que el legado de Ren\u00e9 Fortunato contin\u00faa vigente a trav\u00e9s de sus producciones, las cuales siguen siendo estudiadas y proyectadas en universidades, centros culturales y espacios acad\u00e9micos de la Rep\u00fablica Dominicana y de la regi\u00f3n, contribuyendo a una mejor comprensi\u00f3n de la historia contempor\u00e1nea del Caribe, especialmente de periodos como la dictadura de Rafael Le\u00f3nidas Trujillo y los gobiernos de Joaqu\u00edn Balaguer.<\/p>\n\n\n\n<p>Durante la actividad, adem\u00e1s de la presencia del presidente del Senado, Ricardo de los Santos, y del vicepresidente Pedro Catrain, asistieron los senadores H\u00e9ctor Acosta, Dagoberto Rodr\u00edguez Adames, Gustavo Lara Salazr, Edward Alexis Esp\u00edritusanto, Pedro Tineo, Mar\u00eda Mercedes Ortiz, Daniel Rivera, Aneudy Ortiz, Antonio Marte, Odalis Rodr\u00edguez, Carlos G\u00f3mez y Franklin Romero.<\/p>\n\n\n\n<p>Tambi\u00e9n estuvieron, destacadas personalidades del \u00e1mbito cultural y de la comunicaci\u00f3n, entre ellas la periodista Alicia Ortega; el abogado Eric Raful; el escritor Mateo Morrison y Marianna Vargas, directora general de la Direcci\u00f3n General de Cine de la Rep\u00fablica Dominicana (DGCINE), as\u00ed como allegados, comunicadores, periodistas, escritores, directores, funcionarios de la instituci\u00f3n, colaboradores e invitados especiales.<\/p>\n","protected":false},"excerpt":{"rendered":"<p>La iniciativa reconoce la trayectoria del destacado documentalista dominicano y su invaluable aporte a la memoria hist\u00f3rica y al desarrollo del cine nacional. En un acto solemne celebrado en la&hellip;<\/p>\n","protected":false},"author":10,"featured_media":129153,"comment_status":"open","ping_status":"open","sticky":false,"template":"","format":"standard","meta":{"content-type":"","jetpack_post_was_ever_published":false,"_jetpack_newsletter_access":"","_jetpack_dont_email_post_to_subs":false,"_jetpack_newsletter_tier_id":0,"_jetpack_memberships_contains_paywalled_content":false,"_jetpack_memberships_contains_paid_content":false,"footnotes":""},"categories":[35],"tags":[21749,5243,21791,6404],"class_list":["post-129152","post","type-post","status-publish","format-standard","has-post-thumbnail","hentry","category-nacionales","tag-cineasta","tag-homenaje","tag-postumo","tag-rene-fortunato"],"jetpack_featured_media_url":"https:\/\/lasprimeras.com.do\/wp-content\/uploads\/2026\/04\/IMG-20260429-WA0839.jpg","jetpack-related-posts":[{"id":103586,"url":"https:\/\/lasprimeras.com.do\/index.php\/2025\/07\/16\/senado-presenta-documental-el-triunfo-de-la-democracia-del-cineasta-rene-fortunato\/","url_meta":{"origin":129152,"position":0},"title":"Senado presenta documental \u201cEl Triunfo de la Democracia\u201d del cineasta Ren\u00e9 Fortunato","author":"Nelson Feliz","date":"16 de julio de 2025","format":false,"excerpt":"Por Elvis Castro En un acto encabezado por el presidente del Senado, Ricardo de los Santos, fue presentado este mi\u00e9rcoles el documental \u201cEl Triunfo de la Democracia\u201d, un largometraje del cineasta dominicano Ren\u00e9 Fortunato, que muestra las luchas del pueblo dominicano por el establecimiento de una democracia verdadera durante el\u2026","rel":"","context":"En \u00abENTRETENIMIENTO\u00bb","block_context":{"text":"ENTRETENIMIENTO","link":"https:\/\/lasprimeras.com.do\/index.php\/category\/entretenimiento\/"},"img":{"alt_text":"","src":"https:\/\/i0.wp.com\/lasprimeras.com.do\/wp-content\/uploads\/2025\/07\/Ricardo-de-los-Santos-y-Rafael-Santos-Badia-4.jpg?resize=350%2C200&ssl=1","width":350,"height":200,"srcset":"https:\/\/i0.wp.com\/lasprimeras.com.do\/wp-content\/uploads\/2025\/07\/Ricardo-de-los-Santos-y-Rafael-Santos-Badia-4.jpg?resize=350%2C200&ssl=1 1x, https:\/\/i0.wp.com\/lasprimeras.com.do\/wp-content\/uploads\/2025\/07\/Ricardo-de-los-Santos-y-Rafael-Santos-Badia-4.jpg?resize=525%2C300&ssl=1 1.5x, https:\/\/i0.wp.com\/lasprimeras.com.do\/wp-content\/uploads\/2025\/07\/Ricardo-de-los-Santos-y-Rafael-Santos-Badia-4.jpg?resize=700%2C400&ssl=1 2x"},"classes":[]},{"id":103848,"url":"https:\/\/lasprimeras.com.do\/index.php\/2025\/07\/19\/fallece-el-cineasta-dominicano-rene-fortunato-mientras-su-ultima-obra-sigue-en-cartelera\/","url_meta":{"origin":129152,"position":1},"title":"Fallece el cineasta dominicano Ren\u00e9 Fortunato, mientras su \u00faltima obra sigue en cartelera","author":"Nelson Feliz","date":"19 de julio de 2025","format":false,"excerpt":"El cine dominicano se encuentra de luto por la muerte de Ren\u00e9 Fortunato, destacado cineasta, documentalista e historiador dominicano, considerado una figura clave en la difusi\u00f3n de la memoria hist\u00f3rica de la Rep\u00fablica Dominicana. La informaci\u00f3n fue confirmada este s\u00e1bado al peri\u00f3dico Hoy por un familiar cercano. Recientemente estren\u00f3 documental\u2026","rel":"","context":"En \u00abENTRETENIMIENTO\u00bb","block_context":{"text":"ENTRETENIMIENTO","link":"https:\/\/lasprimeras.com.do\/index.php\/category\/entretenimiento\/"},"img":{"alt_text":"","src":"https:\/\/i0.wp.com\/lasprimeras.com.do\/wp-content\/uploads\/2025\/07\/Rene-Fortunato.jpg?resize=350%2C200&ssl=1","width":350,"height":200,"srcset":"https:\/\/i0.wp.com\/lasprimeras.com.do\/wp-content\/uploads\/2025\/07\/Rene-Fortunato.jpg?resize=350%2C200&ssl=1 1x, https:\/\/i0.wp.com\/lasprimeras.com.do\/wp-content\/uploads\/2025\/07\/Rene-Fortunato.jpg?resize=525%2C300&ssl=1 1.5x"},"classes":[]},{"id":58010,"url":"https:\/\/lasprimeras.com.do\/index.php\/2023\/08\/18\/eligen-a-rene-fortunato-miembro-de-honor-del-instituto-duartiano\/","url_meta":{"origin":129152,"position":2},"title":"Eligen a Ren\u00e9 Fortunato miembro de honor del Instituto Duartiano","author":"Nelson Feliz","date":"18 de agosto de 2023","format":false,"excerpt":"La Junta Directiva del Instituto Duartiano adopt\u00f3 mediante resoluci\u00f3n un\u00e1nime la integraci\u00f3n del cineasta Ren\u00e9 Fortunato como miembro de honor de la reconocida entidad patri\u00f3tica. La distinci\u00f3n le fue otorgada \u00a0como muestra de reconocimiento a sus aportes al fortalecimiento de la dominicanidad a trav\u00e9s del rescate, preservaci\u00f3n y difusi\u00f3n de\u2026","rel":"","context":"En \u00abENTRETENIMIENTO\u00bb","block_context":{"text":"ENTRETENIMIENTO","link":"https:\/\/lasprimeras.com.do\/index.php\/category\/entretenimiento\/"},"img":{"alt_text":"Rene Fortunato. Instituto Duartiano","src":"https:\/\/i0.wp.com\/lasprimeras.com.do\/wp-content\/uploads\/2023\/08\/Rene-Fortunato.-Instituto-Duartiano.-jpg.jpg?resize=350%2C200&ssl=1","width":350,"height":200,"srcset":"https:\/\/i0.wp.com\/lasprimeras.com.do\/wp-content\/uploads\/2023\/08\/Rene-Fortunato.-Instituto-Duartiano.-jpg.jpg?resize=350%2C200&ssl=1 1x, https:\/\/i0.wp.com\/lasprimeras.com.do\/wp-content\/uploads\/2023\/08\/Rene-Fortunato.-Instituto-Duartiano.-jpg.jpg?resize=525%2C300&ssl=1 1.5x, https:\/\/i0.wp.com\/lasprimeras.com.do\/wp-content\/uploads\/2023\/08\/Rene-Fortunato.-Instituto-Duartiano.-jpg.jpg?resize=700%2C400&ssl=1 2x"},"classes":[]},{"id":100682,"url":"https:\/\/lasprimeras.com.do\/index.php\/2025\/06\/10\/documental-rene-fortunato-expondra-campana-racista-contra-pena-gomez\/","url_meta":{"origin":129152,"position":3},"title":"Documental Ren\u00e9 Fortunato expondr\u00e1 campa\u00f1a racista contra Pe\u00f1a G\u00f3mez","author":"Nelson Feliz","date":"10 de junio de 2025","format":false,"excerpt":"El nuevo documental de Ren\u00e9 Fortunato, \"Triunfo de la democracia\", expone la intensa campa\u00f1a racista contra el doctor Jos\u00e9 Francisco Pe\u00f1a G\u00f3mez, acus\u00e1ndolo de no ser dominicano e intentar la fusi\u00f3n de Rep\u00fablica Dominicana con la naci\u00f3n vecina. El cineasta indica que esta campa\u00f1a fue desarrollada por reconocidos voceros de\u2026","rel":"","context":"En \u00abENTRETENIMIENTO\u00bb","block_context":{"text":"ENTRETENIMIENTO","link":"https:\/\/lasprimeras.com.do\/index.php\/category\/entretenimiento\/"},"img":{"alt_text":"","src":"https:\/\/i0.wp.com\/lasprimeras.com.do\/wp-content\/uploads\/2025\/06\/Juramentacion-de-Antonio-Guzman-Congreso-Nacional-16-agosto-1978.jpg?resize=350%2C200&ssl=1","width":350,"height":200,"srcset":"https:\/\/i0.wp.com\/lasprimeras.com.do\/wp-content\/uploads\/2025\/06\/Juramentacion-de-Antonio-Guzman-Congreso-Nacional-16-agosto-1978.jpg?resize=350%2C200&ssl=1 1x, https:\/\/i0.wp.com\/lasprimeras.com.do\/wp-content\/uploads\/2025\/06\/Juramentacion-de-Antonio-Guzman-Congreso-Nacional-16-agosto-1978.jpg?resize=525%2C300&ssl=1 1.5x, https:\/\/i0.wp.com\/lasprimeras.com.do\/wp-content\/uploads\/2025\/06\/Juramentacion-de-Antonio-Guzman-Congreso-Nacional-16-agosto-1978.jpg?resize=700%2C400&ssl=1 2x"},"classes":[]},{"id":103941,"url":"https:\/\/lasprimeras.com.do\/index.php\/2025\/07\/20\/rene-fortunato-recibe-ultimo-adios-con-tributo-a-su-legado-historico-y-humano\/","url_meta":{"origin":129152,"position":4},"title":"Ren\u00e9 Fortunato recibe \u00faltimo adi\u00f3s con tributo a su legado hist\u00f3rico y humano","author":"Nelson Feliz","date":"20 de julio de 2025","format":false,"excerpt":"Familiares, amigos y colegas acudieron a la funeraria Blandino para rendir homenaje al maestro del documental dominicano, cuyas obras marcaron la memoria hist\u00f3rica del pa\u00eds. Con palabras de admiraci\u00f3n, gratitud y profunda emotividad, fue velado este domingo el cineasta dominicano Ren\u00e9 Fortunato, en la funeraria Blandino de la avenida Abraham\u2026","rel":"","context":"En \u00abNACIONALES\u00bb","block_context":{"text":"NACIONALES","link":"https:\/\/lasprimeras.com.do\/index.php\/category\/nacionales\/"},"img":{"alt_text":"Esposa e hijos de Ren\u00e9 Fortunato","src":"https:\/\/i0.wp.com\/lasprimeras.com.do\/wp-content\/uploads\/2025\/07\/Esposa-e-hijos-de-Rene-Fortunato.jpg?resize=350%2C200&ssl=1","width":350,"height":200,"srcset":"https:\/\/i0.wp.com\/lasprimeras.com.do\/wp-content\/uploads\/2025\/07\/Esposa-e-hijos-de-Rene-Fortunato.jpg?resize=350%2C200&ssl=1 1x, https:\/\/i0.wp.com\/lasprimeras.com.do\/wp-content\/uploads\/2025\/07\/Esposa-e-hijos-de-Rene-Fortunato.jpg?resize=525%2C300&ssl=1 1.5x, https:\/\/i0.wp.com\/lasprimeras.com.do\/wp-content\/uploads\/2025\/07\/Esposa-e-hijos-de-Rene-Fortunato.jpg?resize=700%2C400&ssl=1 2x"},"classes":[]},{"id":72785,"url":"https:\/\/lasprimeras.com.do\/index.php\/2024\/01\/03\/estos-son-los-siete-documentales-rd-proyectados-en-2023\/","url_meta":{"origin":129152,"position":5},"title":"Estos son los siete documentales RD, proyectados en 2023","author":"Nelson Feliz","date":"3 de enero de 2024","format":false,"excerpt":"Los documentales dominicanos en 2023 recorren aspectos hist\u00f3ricos, medioambientales y problemas sociales. Solo los Premios La Silla reconocen el documental como g\u00e9neroJos\u00e9 Rafael Sosa. El 2023 fue un a\u00f1o excepcional del documental dominicano al presentar siete piezas de considerable calidad, consistencia tem\u00e1tica y un correcto desarrollo de sus valores t\u00e9cnicos\u2026","rel":"","context":"En \u00abENTRETENIMIENTO\u00bb","block_context":{"text":"ENTRETENIMIENTO","link":"https:\/\/lasprimeras.com.do\/index.php\/category\/entretenimiento\/"},"img":{"alt_text":"JOSE RAFAEL SOSA","src":"https:\/\/i0.wp.com\/lasprimeras.com.do\/wp-content\/uploads\/2024\/01\/JOSE-RAFAEL-SOSA.jpg?resize=350%2C200&ssl=1","width":350,"height":200},"classes":[]}],"jetpack_sharing_enabled":true,"_links":{"self":[{"href":"https:\/\/lasprimeras.com.do\/index.php\/wp-json\/wp\/v2\/posts\/129152","targetHints":{"allow":["GET"]}}],"collection":[{"href":"https:\/\/lasprimeras.com.do\/index.php\/wp-json\/wp\/v2\/posts"}],"about":[{"href":"https:\/\/lasprimeras.com.do\/index.php\/wp-json\/wp\/v2\/types\/post"}],"author":[{"embeddable":true,"href":"https:\/\/lasprimeras.com.do\/index.php\/wp-json\/wp\/v2\/users\/10"}],"replies":[{"embeddable":true,"href":"https:\/\/lasprimeras.com.do\/index.php\/wp-json\/wp\/v2\/comments?post=129152"}],"version-history":[{"count":1,"href":"https:\/\/lasprimeras.com.do\/index.php\/wp-json\/wp\/v2\/posts\/129152\/revisions"}],"predecessor-version":[{"id":129154,"href":"https:\/\/lasprimeras.com.do\/index.php\/wp-json\/wp\/v2\/posts\/129152\/revisions\/129154"}],"wp:featuredmedia":[{"embeddable":true,"href":"https:\/\/lasprimeras.com.do\/index.php\/wp-json\/wp\/v2\/media\/129153"}],"wp:attachment":[{"href":"https:\/\/lasprimeras.com.do\/index.php\/wp-json\/wp\/v2\/media?parent=129152"}],"wp:term":[{"taxonomy":"category","embeddable":true,"href":"https:\/\/lasprimeras.com.do\/index.php\/wp-json\/wp\/v2\/categories?post=129152"},{"taxonomy":"post_tag","embeddable":true,"href":"https:\/\/lasprimeras.com.do\/index.php\/wp-json\/wp\/v2\/tags?post=129152"}],"curies":[{"name":"wp","href":"https:\/\/api.w.org\/{rel}","templated":true}]}}