{"id":129155,"date":"2026-04-30T07:25:06","date_gmt":"2026-04-30T11:25:06","guid":{"rendered":"https:\/\/lasprimeras.com.do\/?p=129155"},"modified":"2026-04-30T07:25:09","modified_gmt":"2026-04-30T11:25:09","slug":"senado-aprobo-en-primera-lectura-ley-que-crea-el-sistema-nacional-de-alertas-alertard","status":"publish","type":"post","link":"https:\/\/lasprimeras.com.do\/index.php\/2026\/04\/30\/senado-aprobo-en-primera-lectura-ley-que-crea-el-sistema-nacional-de-alertas-alertard\/","title":{"rendered":"Senado aprob\u00f3 en primera lectura ley que crea el Sistema Nacional de Alertas ALERTARD"},"content":{"rendered":"\n<p>La Ley plantea que en caso de b\u00fasqueda de desaparici\u00f3n humana se realizar\u00e1 bajo la presunci\u00f3n de que la persona est\u00e1 viva, independientemente de las circunstancias, fecha, lugar y hora.<\/p>\n\n\n\n<p>Por Adalgisa S\u00e1nchez<\/p>\n\n\n\n<p>El Senado de la Rep\u00fablica aprob\u00f3 en primera lectura el proyecto de ley que crea el Sistema Nacional de Alertas (ALERTARD) y regula el funcionamiento de las alertas como mecanismo de b\u00fasqueda inmediata a nivel nacional para la prevenci\u00f3n, localizaci\u00f3n, asistencia y resguardo de las personas desaparecidas.<\/p>\n\n\n\n<p>El proyecto aprobado y remitido por la C\u00e1mara de Diputados, tiene la finalidad de crear mecanismos para la prevenci\u00f3n de personas desaparecidas, aplicando protocolos sin distinci\u00f3n de nacionalidad, raza, g\u00e9nero, edad, creencias, religi\u00f3n, pertenencia, determinado grupo social, opini\u00f3n pol\u00edtica o cualquier otra condici\u00f3n.<\/p>\n\n\n\n<p>Apunta, adem\u00e1s, que en caso de b\u00fasqueda de desaparici\u00f3n humana se realizar\u00e1 bajo la presunci\u00f3n de que la persona est\u00e1 viva, independientemente de las circunstancias de la desaparici\u00f3n, fecha, lugar y hora.<\/p>\n\n\n\n<p>El proyecto plantea que es de inter\u00e9s superior que los ni\u00f1os, ni\u00f1as y adolescentes conlleven acciones que permitan la pronta localizaci\u00f3n y resguardo del menor que haya sido sustra\u00eddo o que se encuentre desaparecido y que en caso de presunci\u00f3n de riesgo el Ministerio P\u00fablico y la Polic\u00eda Nacional actuar\u00e1n con la presunci\u00f3n de que las personas desaparecidas pueden estar en peligro.<\/p>\n\n\n\n<p>Otras aprobaciones<\/p>\n\n\n\n<p>En primera lectura se aprob\u00f3 el proyecto de ley que crea el Instituto de Previsi\u00f3n Social de la Municipalidad Dominicana, iniciativa presentada por el senador de la provincia La Altagracia, Rafael Bar\u00f3n Duluc.<\/p>\n\n\n\n<p>Tambi\u00e9n, el Senado sancion\u00f3 el proyecto de ley Nacional de Semillas, presentado por el senador de la provincia de San Juan, F\u00e9lix Bautista.<\/p>\n\n\n\n<p>Otra pieza aprobada es el proyecto de ley que crea el Monumento Natural Lomas Redonda-El Comej\u00e9n, en la provincia San Jos\u00e9 de Ocoa, propuesta del senador Milc\u00edades Aneudy Ortiz Sajiun.<\/p>\n\n\n\n<p>Adem\u00e1s, se conoci\u00f3 el proyecto de ley que declara el 1 de noviembre de cada a\u00f1o como D\u00eda Nacional de la Genealog\u00eda y del Genealogista Dominicano, iniciativa del senador por la provincia el Seibo, Santiago Jos\u00e9 Zorrilla.<\/p>\n\n\n\n<p>En segunda lectura<\/p>\n\n\n\n<p>El Pleno del Senado aprob\u00f3 en segunda lectura el proyecto de ley que regula la intermediaci\u00f3n Inmobiliaria y la Publicidad Enga\u00f1osa en la Rep\u00fablica Dominicana, propuesta presentada por los senadores Rafael Bar\u00f3n Duluc, F\u00e9lix Bautista y Eduard Alexis Espiritusanto.<\/p>\n\n\n\n<p>La normativa tiene la finalidad de regular, supervisar, fomentar y promover la intermediaci\u00f3n inmobiliaria en la Rep\u00fablica Dominicana, con la finalidad de garantizar que la promoci\u00f3n, comercializaci\u00f3n y ejecuci\u00f3n de las transacciones inmobiliarias se realicen de manera \u00e9tica, ordenada, eficiente y transparente, que redunden en beneficio de los derechos e intereses de adquirientes, arrendatarios, agentes y agencias inmobiliarias y contribuya al desarrollo econ\u00f3mico y social de la naci\u00f3n.<\/p>\n\n\n\n<p>En los trabajos legislativos fue sancionado en segunda lectura el proyecto de ley sobre clasificaci\u00f3n, r\u00e9gimen de autorizaci\u00f3n y modificaci\u00f3n de categor\u00eda de las infraestructuras aeroportuarias y modifica la ley 491-06, de Aviaci\u00f3n Civil de la Rep\u00fablica Dominicana, propuesta del senador por la provincia Mar\u00eda Trinidad S\u00e1nchez, Alexis Victoria Yeb.<\/p>\n\n\n\n<p>En \u00fanica lectura<\/p>\n\n\n\n<p>En \u00fanica lectura el Pleno del Senado aprob\u00f3 la resoluci\u00f3n que solicita al director del Instituto Nacional de Protecci\u00f3n de los Derechos del Consumidor (PROCONSUMIDOR), Eddy Alc\u00e1ntara, la instalaci\u00f3n de una oficina de esa entidad en la provincia de San Jos\u00e9 de Ocoa, propuesta del senador Milc\u00edades Aneudy Ortiz.<\/p>\n\n\n\n<p>Tambi\u00e9n, fue incluido en los trabajos legislativo el acuerdo de servicios a\u00e9reos entre el Gobierno de la Rep\u00fablica Dominicana y el Gobierno de la Rep\u00fablica de Singapur, suscrito en Kuala Lumpur, Malasia, iniciativa presentada por el Poder Ejecutivo.<\/p>\n\n\n\n<p>En \u00fanica fue sancionada la resoluci\u00f3n sobre los actos del Poder Ejecutivo consignados en las memorias de los ministerios, correspondiente al a\u00f1o 2022-2023.<\/p>\n\n\n\n<p>Igualmente, fue aprobada la resoluci\u00f3n que solicita Servicio Nacional de Salud para la instalaci\u00f3n de un Centro de Atenci\u00f3n Primaria, en la secci\u00f3n Loma Larga, distrito municipal San Francisco-Vicentillo, municipio el Seibo, provincia el Seibo.<\/p>\n\n\n\n<p>Adem\u00e1s, se aprob\u00f3 la resoluci\u00f3n que solicita al presidente de la Rep\u00fablica, Luis Abinader, la construcci\u00f3n de un hemocentro regional en la provincia Santiago, iniciativa presentada por el senador Daniel Rivera Reyes.<\/p>\n\n\n\n<p>El Senado aprob\u00f3 tres contratos de venta y donaci\u00f3n de terrenos entre el Estado Dominicano y particulares, iniciativa presentada por el Poder Ejecutivo.<\/p>\n\n\n\n<p>Los asamble\u00edstas, incluyeron y aprobaron en \u00fanica lectura la resoluci\u00f3n que solicita al presidente Luis Abinader, disponer la realizaci\u00f3n de los estudios t\u00e9cnicos necesarios para la construcci\u00f3n de un Aeropuerto Internacional en el municipio de Miches, provincia el Seibo, presentada por el senador Santiago Zorrilla.<\/p>\n\n\n\n<p>De igual manera, fue sancionada resoluci\u00f3n que solicita al Instituto Nacional de Formaci\u00f3n T\u00e9cnico-Profesional (INFOTEP) el establecimiento y funcionamiento de la direcci\u00f3n regional Cibao Sur en el municipio de Bonao, provincia Monse\u00f1or Nouel, propuesta del senador H\u00e9ctor Acosta.<\/p>\n\n\n\n<p>Los senadores honraron con un minuto de silencio la memoria del se\u00f1or Vinicio Dotel y Don Salom\u00f3n Rizek, a solicitud de senador Alexis Vicotria Yeb; adem\u00e1s, por el agente policial Juan Tomas Charles, a solicitud del senador Pedro Tineo; por Dionis Daniel, a solicitud del senador Julito Fulcar y por la ni\u00f1a Danna Sofia Uribe, a solicitud de la senadora Mar\u00eda Mrcedes Ortiz.<\/p>\n\n\n\n<p>El presidente del Senado, Ricardo de los Santos, convoc\u00f3 a sesi\u00f3n para el pr\u00f3ximo mi\u00e9rcoles 6 de mayo a las 2:00 de la tarde.<\/p>\n","protected":false},"excerpt":{"rendered":"<p>La Ley plantea que en caso de b\u00fasqueda de desaparici\u00f3n humana se realizar\u00e1 bajo la presunci\u00f3n de que la persona est\u00e1 viva, independientemente de las circunstancias, fecha, lugar y hora.&hellip;<\/p>\n","protected":false},"author":10,"featured_media":129156,"comment_status":"open","ping_status":"open","sticky":false,"template":"","format":"standard","meta":{"content-type":"","jetpack_post_was_ever_published":false,"_jetpack_newsletter_access":"","_jetpack_dont_email_post_to_subs":false,"_jetpack_newsletter_tier_id":0,"_jetpack_memberships_contains_paywalled_content":false,"_jetpack_memberships_contains_paid_content":false,"footnotes":""},"categories":[35,25],"tags":[32842,408,16442,1992,413],"class_list":["post-129155","post","type-post","status-publish","format-standard","has-post-thumbnail","hentry","category-nacionales","category-portada","tag-alerta-rd","tag-aprueba","tag-primera-lectura","tag-proyecto-de-ley","tag-senado"],"jetpack_featured_media_url":"https:\/\/lasprimeras.com.do\/wp-content\/uploads\/2026\/04\/IMG-20260429-WA1194-scaled.jpg","jetpack-related-posts":[{"id":84689,"url":"https:\/\/lasprimeras.com.do\/index.php\/2024\/06\/13\/senado-aprueba-en-primera-lectura-proyecto-de-ley-crea-el-indomet\/","url_meta":{"origin":129155,"position":0},"title":"Senado aprueba en primera lectura proyecto de ley crea el INDOMET","author":"Nelson Feliz","date":"13 de junio de 2024","format":false,"excerpt":"El Senado de la Rep\u00fablica aprob\u00f3 en primera lectura el proyecto de ley que crea el Instituto Dominicano de Meteorolog\u00eda (INDOMET), el cual fungir\u00e1 como \u00f3rgano regulador y responsable de las actividades e informaciones meteorol\u00f3gicas y clim\u00e1ticas en el territorio nacional. La pieza legislativa, que fue le\u00edda al pleno, ya\u2026","rel":"","context":"En \u00abNACIONALES\u00bb","block_context":{"text":"NACIONALES","link":"https:\/\/lasprimeras.com.do\/index.php\/category\/nacionales\/"},"img":{"alt_text":"INDOMET","src":"https:\/\/i0.wp.com\/lasprimeras.com.do\/wp-content\/uploads\/2024\/06\/INDOMET.jpg?resize=350%2C200&ssl=1","width":350,"height":200,"srcset":"https:\/\/i0.wp.com\/lasprimeras.com.do\/wp-content\/uploads\/2024\/06\/INDOMET.jpg?resize=350%2C200&ssl=1 1x, https:\/\/i0.wp.com\/lasprimeras.com.do\/wp-content\/uploads\/2024\/06\/INDOMET.jpg?resize=525%2C300&ssl=1 1.5x, https:\/\/i0.wp.com\/lasprimeras.com.do\/wp-content\/uploads\/2024\/06\/INDOMET.jpg?resize=700%2C400&ssl=1 2x"},"classes":[]},{"id":86154,"url":"https:\/\/lasprimeras.com.do\/index.php\/2024\/07\/18\/senado-aprueba-en-segunda-lectura-el-proyecto-ley-de-jurisdiccion-contencioso-administrativa\/","url_meta":{"origin":129155,"position":1},"title":"Senado aprueba en segunda lectura el proyecto ley de Jurisdicci\u00f3n Contencioso Administrativa","author":"Nelson Feliz","date":"18 de julio de 2024","format":false,"excerpt":"El Senado de la Rep\u00fablica aprob\u00f3 este jueves, en segunda lectura, el proyecto de ley de la Jurisdicci\u00f3n Contencioso Administrativa, que tiene por objetivo garantizar la tutela judicial de los derechos de las personas en sus relaciones con la Administraci\u00f3n P\u00fablica. La iniciativa, presentada por el senador Virgilio Cedano, establece\u2026","rel":"","context":"En \u00abNACIONALES\u00bb","block_context":{"text":"NACIONALES","link":"https:\/\/lasprimeras.com.do\/index.php\/category\/nacionales\/"},"img":{"alt_text":"","src":"https:\/\/i0.wp.com\/lasprimeras.com.do\/wp-content\/uploads\/2024\/07\/Ricardo-de-los-Santos-5.jpg?resize=350%2C200&ssl=1","width":350,"height":200,"srcset":"https:\/\/i0.wp.com\/lasprimeras.com.do\/wp-content\/uploads\/2024\/07\/Ricardo-de-los-Santos-5.jpg?resize=350%2C200&ssl=1 1x, https:\/\/i0.wp.com\/lasprimeras.com.do\/wp-content\/uploads\/2024\/07\/Ricardo-de-los-Santos-5.jpg?resize=525%2C300&ssl=1 1.5x"},"classes":[]},{"id":95267,"url":"https:\/\/lasprimeras.com.do\/index.php\/2025\/03\/11\/senado-conforma-comision-especial-para-estudiar-proyecto-de-ley-del-codigo-penal\/","url_meta":{"origin":129155,"position":2},"title":"Senado conforma Comisi\u00f3n Especial para estudiar proyecto de ley del C\u00f3digo Penal","author":"Nelson Feliz","date":"11 de marzo de 2025","format":false,"excerpt":"El presidente del Senado, Ricardo de los Santos, consider\u00f3 como una \u201cdeuda que tiene el Congreso Nacional con el pa\u00eds\u201d la necesidad de que esta ley sea aplicada a la mayor brevedad. El Senado de la Rep\u00fablica dejo conformada una Comisi\u00f3n Especial para el estudio y ponderaci\u00f3n del proyecto de\u2026","rel":"","context":"En \u00abNACIONALES\u00bb","block_context":{"text":"NACIONALES","link":"https:\/\/lasprimeras.com.do\/index.php\/category\/nacionales\/"},"img":{"alt_text":"","src":"https:\/\/i0.wp.com\/lasprimeras.com.do\/wp-content\/uploads\/2025\/03\/SENADO-1.jpg?resize=350%2C200&ssl=1","width":350,"height":200,"srcset":"https:\/\/i0.wp.com\/lasprimeras.com.do\/wp-content\/uploads\/2025\/03\/SENADO-1.jpg?resize=350%2C200&ssl=1 1x, https:\/\/i0.wp.com\/lasprimeras.com.do\/wp-content\/uploads\/2025\/03\/SENADO-1.jpg?resize=525%2C300&ssl=1 1.5x, https:\/\/i0.wp.com\/lasprimeras.com.do\/wp-content\/uploads\/2025\/03\/SENADO-1.jpg?resize=700%2C400&ssl=1 2x"},"classes":[]},{"id":63362,"url":"https:\/\/lasprimeras.com.do\/index.php\/2023\/10\/11\/senado-aprueba-en-segunda-lectura-proyecto-que-crea-sistema-de-garantias-reciprocas\/","url_meta":{"origin":129155,"position":3},"title":"Senado aprueba en segunda lectura proyecto que crea sistema de garant\u00edas rec\u00edprocas","author":"Nelson Feliz","date":"11 de octubre de 2023","format":false,"excerpt":"El Senado de la Rep\u00fablica aprob\u00f3 este mi\u00e9rcoles el proyecto que crea el sistema de garant\u00edas rec\u00edprocas, que busca facilitar el acceso al financiamiento formal de las micro, peque\u00f1as y medianas empresas, as\u00ed como de las contrataciones y adquisiciones de bienes y servicios p\u00fablicos o privados. La iniciativa propuesta por\u2026","rel":"","context":"En \u00abECONOM\u00cdA\u00bb","block_context":{"text":"ECONOM\u00cdA","link":"https:\/\/lasprimeras.com.do\/index.php\/category\/economia\/"},"img":{"alt_text":"Ricardo de los Santos","src":"https:\/\/i0.wp.com\/lasprimeras.com.do\/wp-content\/uploads\/2023\/10\/Ricardo-de-los-Santos.jpg?resize=350%2C200&ssl=1","width":350,"height":200,"srcset":"https:\/\/i0.wp.com\/lasprimeras.com.do\/wp-content\/uploads\/2023\/10\/Ricardo-de-los-Santos.jpg?resize=350%2C200&ssl=1 1x, https:\/\/i0.wp.com\/lasprimeras.com.do\/wp-content\/uploads\/2023\/10\/Ricardo-de-los-Santos.jpg?resize=525%2C300&ssl=1 1.5x, https:\/\/i0.wp.com\/lasprimeras.com.do\/wp-content\/uploads\/2023\/10\/Ricardo-de-los-Santos.jpg?resize=700%2C400&ssl=1 2x"},"classes":[]},{"id":81676,"url":"https:\/\/lasprimeras.com.do\/index.php\/2024\/04\/23\/senado-aprueba-proyecto-que-dispone-crear-unidades-de-atencion-mental-en-regiones-y-provincias-de-rd\/","url_meta":{"origin":129155,"position":4},"title":"Senado aprueba proyecto que dispone crear unidades de atenci\u00f3n mental en regiones y provincias de RD","author":"Nelson Feliz","date":"23 de abril de 2024","format":false,"excerpt":"El Senado de la Rep\u00fablica aprob\u00f3 este martes en segunda lectura, el proyecto que modifica la Ley 42-01 General de Salud, para que el Estado disponga la creaci\u00f3n de unidades de atenci\u00f3n mental y centros de rehabilitaci\u00f3n psicosocial en las principales provincias del pa\u00eds. La iniciativa, del senador Franklin Pe\u00f1a\u2026","rel":"","context":"En \u00abNACIONALES\u00bb","block_context":{"text":"NACIONALES","link":"https:\/\/lasprimeras.com.do\/index.php\/category\/nacionales\/"},"img":{"alt_text":"Ricardo de los Santos","src":"https:\/\/i0.wp.com\/lasprimeras.com.do\/wp-content\/uploads\/2024\/04\/Ricardo-de-los-Santos-2.jpg?resize=350%2C200&ssl=1","width":350,"height":200,"srcset":"https:\/\/i0.wp.com\/lasprimeras.com.do\/wp-content\/uploads\/2024\/04\/Ricardo-de-los-Santos-2.jpg?resize=350%2C200&ssl=1 1x, https:\/\/i0.wp.com\/lasprimeras.com.do\/wp-content\/uploads\/2024\/04\/Ricardo-de-los-Santos-2.jpg?resize=525%2C300&ssl=1 1.5x, https:\/\/i0.wp.com\/lasprimeras.com.do\/wp-content\/uploads\/2024\/04\/Ricardo-de-los-Santos-2.jpg?resize=700%2C400&ssl=1 2x"},"classes":[]},{"id":86374,"url":"https:\/\/lasprimeras.com.do\/index.php\/2024\/07\/23\/senado-aprueba-proyecto-modifica-ley-contrataciones-publicas\/","url_meta":{"origin":129155,"position":5},"title":"Senado aprueba proyecto modifica Ley Contrataciones P\u00fablicas","author":"Nelson Feliz","date":"23 de julio de 2024","format":false,"excerpt":"Ley proh\u00edbe al presidente y vicepresidente contratar con el Estado. El Senado de la Rep\u00fablica aprob\u00f3 este martes, en segunda lectura, el proyecto de Ley General de Contrataciones P\u00fablicas, que proh\u00edbe la contrataci\u00f3n con el Estado al presidente y al vicepresidente de la Rep\u00fablica o familiares. La pieza legislativa define\u2026","rel":"","context":"En \u00abNACIONALES\u00bb","block_context":{"text":"NACIONALES","link":"https:\/\/lasprimeras.com.do\/index.php\/category\/nacionales\/"},"img":{"alt_text":"","src":"https:\/\/i0.wp.com\/lasprimeras.com.do\/wp-content\/uploads\/2024\/07\/senado-2.jpg?resize=350%2C200&ssl=1","width":350,"height":200,"srcset":"https:\/\/i0.wp.com\/lasprimeras.com.do\/wp-content\/uploads\/2024\/07\/senado-2.jpg?resize=350%2C200&ssl=1 1x, https:\/\/i0.wp.com\/lasprimeras.com.do\/wp-content\/uploads\/2024\/07\/senado-2.jpg?resize=525%2C300&ssl=1 1.5x, https:\/\/i0.wp.com\/lasprimeras.com.do\/wp-content\/uploads\/2024\/07\/senado-2.jpg?resize=700%2C400&ssl=1 2x"},"classes":[]}],"jetpack_sharing_enabled":true,"_links":{"self":[{"href":"https:\/\/lasprimeras.com.do\/index.php\/wp-json\/wp\/v2\/posts\/129155","targetHints":{"allow":["GET"]}}],"collection":[{"href":"https:\/\/lasprimeras.com.do\/index.php\/wp-json\/wp\/v2\/posts"}],"about":[{"href":"https:\/\/lasprimeras.com.do\/index.php\/wp-json\/wp\/v2\/types\/post"}],"author":[{"embeddable":true,"href":"https:\/\/lasprimeras.com.do\/index.php\/wp-json\/wp\/v2\/users\/10"}],"replies":[{"embeddable":true,"href":"https:\/\/lasprimeras.com.do\/index.php\/wp-json\/wp\/v2\/comments?post=129155"}],"version-history":[{"count":1,"href":"https:\/\/lasprimeras.com.do\/index.php\/wp-json\/wp\/v2\/posts\/129155\/revisions"}],"predecessor-version":[{"id":129157,"href":"https:\/\/lasprimeras.com.do\/index.php\/wp-json\/wp\/v2\/posts\/129155\/revisions\/129157"}],"wp:featuredmedia":[{"embeddable":true,"href":"https:\/\/lasprimeras.com.do\/index.php\/wp-json\/wp\/v2\/media\/129156"}],"wp:attachment":[{"href":"https:\/\/lasprimeras.com.do\/index.php\/wp-json\/wp\/v2\/media?parent=129155"}],"wp:term":[{"taxonomy":"category","embeddable":true,"href":"https:\/\/lasprimeras.com.do\/index.php\/wp-json\/wp\/v2\/categories?post=129155"},{"taxonomy":"post_tag","embeddable":true,"href":"https:\/\/lasprimeras.com.do\/index.php\/wp-json\/wp\/v2\/tags?post=129155"}],"curies":[{"name":"wp","href":"https:\/\/api.w.org\/{rel}","templated":true}]}}