{"id":129158,"date":"2026-04-30T07:44:18","date_gmt":"2026-04-30T11:44:18","guid":{"rendered":"https:\/\/lasprimeras.com.do\/?p=129158"},"modified":"2026-04-30T07:44:20","modified_gmt":"2026-04-30T11:44:20","slug":"indomet-aguaceros-fuertes-tormentas-electricas-rafagas-de-viento-y-granizadas-en-algunas-localidades","status":"publish","type":"post","link":"https:\/\/lasprimeras.com.do\/index.php\/2026\/04\/30\/indomet-aguaceros-fuertes-tormentas-electricas-rafagas-de-viento-y-granizadas-en-algunas-localidades\/","title":{"rendered":"Indomet: aguaceros fuertes, tormentas el\u00e9ctricas, r\u00e1fagas de viento y granizadas en algunas localidades"},"content":{"rendered":"\n<p><strong>-SE MANTIENEN LAS ALERTAS &nbsp;Y LOS AVISOS METEOROL\u00d3GICOS<\/strong>&#8211;<\/p>\n\n\n\n<p>El Instituto Dominicano de Meteorogia inform\u00f3 este&nbsp;<strong>jueves<\/strong>, que permanecer\u00e1 la humedad e inestabilidad asociada a la vaguada&nbsp; en varios niveles de la troposfera y al viento del noreste, generando en horas matutinas algunos aguaceros dispersos sobre el litoral costero Atl\u00e1ntico.&nbsp;<\/p>\n\n\n\n<p>En horas de la tarde hasta las primeras horas de la noche, ocurrir\u00e1n&nbsp; aguaceros muy fuertes en ocasiones, tormentas el\u00e9ctricas, r\u00e1fagas de viento fuertes localmente y posibles granizadas; sobre provincias del noreste, la llanura Oriental, la Cordillera Central y el valle del Cibao.&nbsp;<\/p>\n\n\n\n<p>Principalmente&nbsp; hacia: La Altagracia, Hato Mayor, El Seibo, Monte Plata, S\u00e1nchez Ram\u00edrez, Saman\u00e1, el Gran Santo Domingo, La Romana, San Pedro de Macor\u00eds, Monse\u00f1or Nouel y San Crist\u00f3bal.<br><\/p>\n\n\n\n<p>Ma\u00f1ana&nbsp;&nbsp;<strong>viernes<\/strong>, el ingreso de una masa de aire de menor contenido de humedad favorecer\u00e1 condiciones mayormente soleadas y de reducidas&nbsp; precipitaciones en gran parte de la geograf\u00eda nacional; no obstante, el viento del este y la&nbsp; presencia de la &nbsp;vaguada inducir\u00e1n algunos nublados en horas matutinas y el final de la tarde, con aguaceros aislados y tronadas distanciadas,&nbsp; sobre el litoral costero Caribe\u00f1o, la llanura oriental y la cordillera Central.<\/p>\n\n\n\n<p>Tales como: La Altagracia, La Romana, Monte Plata, San Jos\u00e9 de Ocoa, Hato Mayor, San Crist\u00f3bal, Saman\u00e1, El Seibo, San Pedro de Macor\u00eds, Monse\u00f1or Nouel, San Juan y Elias Pi\u00f1a.<br><\/p>\n\n\n\n<p><strong>El&nbsp;<\/strong><strong>Centro Nacional de Pron\u00f3sticos del INDOMET, mantiene los niveles de alertas y avisos meteorol\u00f3gicas, ante el riesgo de inundaciones urbanas, crecidas de r\u00edos, arroyos y ca\u00f1adas, as\u00ed como, posibles deslizamientos de tierra.<\/strong><br><\/p>\n\n\n\n<p><strong>Distrito Nacional:&nbsp;<\/strong>nublado en ocasiones con aguaceros, tormentas el\u00e9ctricas y r\u00e1fagas de viento fuertes en ocasiones.<br><\/p>\n\n\n\n<p><strong>Santo Domingo Norte:&nbsp;<\/strong>nublado en la tarde con aguaceros fuertes, tormentas el\u00e9ctricas y r\u00e1fagas de viento.<br><\/p>\n\n\n\n<p><strong>Santo Domingo Este:&nbsp;<\/strong>nublado despu\u00e9s del mediod\u00eda con aguaceros fuertes, tronadas y r\u00e1fagas de viento fuertes en ocasiones.<br><\/p>\n\n\n\n<p><strong>Santo Domingo Oeste:&nbsp;<\/strong>nublado en la tarde con aguaceros, tormentas el\u00e9ctricas y r\u00e1fagas de viento fuertes en ocasiones.<br><\/p>\n\n\n\n<p><strong>Temperaturas<\/strong>&nbsp;<strong>m\u00ednimas entre&nbsp;22 \u00b0C y 23&nbsp;\u00b0C, y m\u00e1ximas entre&nbsp;29 \u00b0C y 31 \u00b0C.<\/strong><br><\/p>\n","protected":false},"excerpt":{"rendered":"<p>-SE MANTIENEN LAS ALERTAS &nbsp;Y LOS AVISOS METEOROL\u00d3GICOS&#8211; El Instituto Dominicano de Meteorogia inform\u00f3 este&nbsp;jueves, que permanecer\u00e1 la humedad e inestabilidad asociada a la vaguada&nbsp; en varios niveles de la&hellip;<\/p>\n","protected":false},"author":10,"featured_media":105240,"comment_status":"open","ping_status":"open","sticky":false,"template":"","format":"standard","meta":{"content-type":"","jetpack_post_was_ever_published":false,"_jetpack_newsletter_access":"","_jetpack_dont_email_post_to_subs":false,"_jetpack_newsletter_tier_id":0,"_jetpack_memberships_contains_paywalled_content":false,"_jetpack_memberships_contains_paid_content":false,"footnotes":""},"categories":[23530,25],"tags":[2375,4192,32230,13553,5377],"class_list":["post-129158","post","type-post","status-publish","format-standard","has-post-thumbnail","hentry","category-clima","category-portada","tag-aguaceros","tag-clima","tag-granizada","tag-indomet","tag-rafagas-de-viento"],"jetpack_featured_media_url":"https:\/\/lasprimeras.com.do\/wp-content\/uploads\/2025\/07\/LLUVIAS-2.jpg","jetpack-related-posts":[{"id":127519,"url":"https:\/\/lasprimeras.com.do\/index.php\/2026\/04\/13\/vaguada-provoca-fuertes-aguaceros-tormentas-electricas-y-rafagas-de-viento-informa-indomet\/","url_meta":{"origin":129158,"position":0},"title":"Vaguada provoca fuertes aguaceros, tormentas el\u00e9ctricas y r\u00e1fagas de viento, informa Indomet","author":"Nelson Feliz","date":"13 de abril de 2026","format":false,"excerpt":"=Se mantienen los avisos y alertas, oleaje anormales en algunas zonas de la costa atl\u00e1ntica. El Instituto Dominicano de Meteorogia inform\u00f3 que este lunes,se prev\u00e9n incrementos de la inestabilidad sobre nuestro territorio debido al fortalecimiento de la vaguada, que junto al viento moderado del noreste inducir\u00e1n nublados desde horas de\u2026","rel":"","context":"En \u00abCLIMA\u00bb","block_context":{"text":"CLIMA","link":"https:\/\/lasprimeras.com.do\/index.php\/category\/clima\/"},"img":{"alt_text":"","src":"","width":0,"height":0},"classes":[]},{"id":128917,"url":"https:\/\/lasprimeras.com.do\/index.php\/2026\/04\/28\/indomet-fuertes-aguaceros-tormentas-electricas-y-rafagas-de-viento-por-incidencia-de-vaguada\/","url_meta":{"origin":129158,"position":1},"title":"INDOMET: fuertes aguaceros, tormentas el\u00e9ctricas y r\u00e1fagas de viento por incidencia de vaguada","author":"Nelson Feliz","date":"28 de abril de 2026","format":false,"excerpt":"SIGUEN VIGENTES LAS ALERTAS Y AVISOS METEOROL\u00d3GICOS ANTE RIESGO DE INUNDACIONES El ambiente atmosf\u00e9rico del territorio dominicano seguir\u00e1 muy propicio, para que desde horas matutinas se presenten algunos nublados con chubascos dispersos a moderados en ocasiones y posibles tronadas, especialmente sobre: La Altagracia, San Pedro, La Romana, El Seibo, Monte\u2026","rel":"","context":"En \u00abCLIMA\u00bb","block_context":{"text":"CLIMA","link":"https:\/\/lasprimeras.com.do\/index.php\/category\/clima\/"},"img":{"alt_text":"","src":"https:\/\/i0.wp.com\/lasprimeras.com.do\/wp-content\/uploads\/2024\/09\/vaguada.jpg?resize=350%2C200&ssl=1","width":350,"height":200,"srcset":"https:\/\/i0.wp.com\/lasprimeras.com.do\/wp-content\/uploads\/2024\/09\/vaguada.jpg?resize=350%2C200&ssl=1 1x, https:\/\/i0.wp.com\/lasprimeras.com.do\/wp-content\/uploads\/2024\/09\/vaguada.jpg?resize=525%2C300&ssl=1 1.5x"},"classes":[]},{"id":129043,"url":"https:\/\/lasprimeras.com.do\/index.php\/2026\/04\/29\/vaguada-continuara-generando-fuertes-aguaceros-y-tronadas-esta-tarde\/","url_meta":{"origin":129158,"position":2},"title":"Vaguada continuar\u00e1 generando fuertes aguaceros y tronadas est\u00e1 tarde","author":"Nelson Feliz","date":"29 de abril de 2026","format":false,"excerpt":"ALERTAS Y AVISOS METEOROL\u00d3GICOS ANTE RIESGO DE INUNDACIONES\u00a0 En primeras horas del d\u00eda, se observan algunos nublados generando aguaceros dispersos sobre El Seibo y Hato Mayor, esper\u00e1ndose que disminuyan en las pr\u00f3ximas horas. Sin embargo, en horas de la tarde los efectos de la vaguada volver\u00e1n a favorecer nublados importantes,\u2026","rel":"","context":"En \u00abCLIMA\u00bb","block_context":{"text":"CLIMA","link":"https:\/\/lasprimeras.com.do\/index.php\/category\/clima\/"},"img":{"alt_text":"INDOMET vigila una vaguada","src":"https:\/\/i0.wp.com\/lasprimeras.com.do\/wp-content\/uploads\/2026\/01\/vagauada.jpg?resize=350%2C200&ssl=1","width":350,"height":200,"srcset":"https:\/\/i0.wp.com\/lasprimeras.com.do\/wp-content\/uploads\/2026\/01\/vagauada.jpg?resize=350%2C200&ssl=1 1x, https:\/\/i0.wp.com\/lasprimeras.com.do\/wp-content\/uploads\/2026\/01\/vagauada.jpg?resize=525%2C300&ssl=1 1.5x, https:\/\/i0.wp.com\/lasprimeras.com.do\/wp-content\/uploads\/2026\/01\/vagauada.jpg?resize=700%2C400&ssl=1 2x"},"classes":[]},{"id":124106,"url":"https:\/\/lasprimeras.com.do\/index.php\/2026\/03\/08\/aguaceros-tormentas-electricas-y-rafagas-de-viento-disminuiran-durante-la-noche\/","url_meta":{"origin":129158,"position":3},"title":"Aguaceros, tormentas el\u00e9ctricas y r\u00e1fagas de viento disminuir\u00e1n durante la noche","author":"Nelson Feliz","date":"8 de marzo de 2026","format":false,"excerpt":"Vigentes niveles de alertas meteorol\u00f3gicas y recomendaciones mar\u00edtimas. El Instituto Nacional de Meteorolog\u00eda (INDOMET) inform\u00f3 este domingo vaguada en varios niveles de la troposfera y viento moderado del este generar\u00e1n lluvias con tormentas el\u00e9ctricas y r\u00e1fagas de viento hasta las primeras horas de la noche. En cuanto al pron\u00f3stico del\u2026","rel":"","context":"En \u00abCLIMA\u00bb","block_context":{"text":"CLIMA","link":"https:\/\/lasprimeras.com.do\/index.php\/category\/clima\/"},"img":{"alt_text":"","src":"https:\/\/i0.wp.com\/lasprimeras.com.do\/wp-content\/uploads\/2023\/10\/WhatsApp-Image-2023-10-04-at-5.20.12-PM-2.webp?resize=350%2C200&ssl=1","width":350,"height":200,"srcset":"https:\/\/i0.wp.com\/lasprimeras.com.do\/wp-content\/uploads\/2023\/10\/WhatsApp-Image-2023-10-04-at-5.20.12-PM-2.webp?resize=350%2C200&ssl=1 1x, https:\/\/i0.wp.com\/lasprimeras.com.do\/wp-content\/uploads\/2023\/10\/WhatsApp-Image-2023-10-04-at-5.20.12-PM-2.webp?resize=525%2C300&ssl=1 1.5x, https:\/\/i0.wp.com\/lasprimeras.com.do\/wp-content\/uploads\/2023\/10\/WhatsApp-Image-2023-10-04-at-5.20.12-PM-2.webp?resize=700%2C400&ssl=1 2x, https:\/\/i0.wp.com\/lasprimeras.com.do\/wp-content\/uploads\/2023\/10\/WhatsApp-Image-2023-10-04-at-5.20.12-PM-2.webp?resize=1050%2C600&ssl=1 3x"},"classes":[]},{"id":127054,"url":"https:\/\/lasprimeras.com.do\/index.php\/2026\/04\/08\/persistiran-las-fuertes-lluvias-en-varias-provincias-del-pais-debido-a-la-incidencia-de-una-vaguada\/","url_meta":{"origin":129158,"position":4},"title":"Persistiran las fuertes lluvias en varias provincias del pa\u00eds, debido a la incidencia de una vaguada","author":"Nelson Feliz","date":"8 de abril de 2026","format":false,"excerpt":"El Instituto Dominicano de Meteorogia inform\u00f3 hoy mi\u00e9rcoles, desde tempranas horas del d\u00eda, continuamos bajo condiciones meteorol\u00f3gicas favorables para que sigan las precipitaciones en varias provincias del territorio nacional. En consecuencia, seguir\u00e1n ocurriendo durante el transcurso del d\u00eda y las primeras horas de la noche, lluvias continuas, moderadas a fuertes\u2026","rel":"","context":"En \u00abCLIMA\u00bb","block_context":{"text":"CLIMA","link":"https:\/\/lasprimeras.com.do\/index.php\/category\/clima\/"},"img":{"alt_text":"","src":"https:\/\/i0.wp.com\/lasprimeras.com.do\/wp-content\/uploads\/2025\/06\/INUNDACIONES.jpg?resize=350%2C200&ssl=1","width":350,"height":200,"srcset":"https:\/\/i0.wp.com\/lasprimeras.com.do\/wp-content\/uploads\/2025\/06\/INUNDACIONES.jpg?resize=350%2C200&ssl=1 1x, https:\/\/i0.wp.com\/lasprimeras.com.do\/wp-content\/uploads\/2025\/06\/INUNDACIONES.jpg?resize=525%2C300&ssl=1 1.5x, https:\/\/i0.wp.com\/lasprimeras.com.do\/wp-content\/uploads\/2025\/06\/INUNDACIONES.jpg?resize=700%2C400&ssl=1 2x"},"classes":[]},{"id":84939,"url":"https:\/\/lasprimeras.com.do\/index.php\/2024\/06\/18\/vaguada-seguira-produciendo-aguaceros-tronadas-y-rafagas-de-viento-en-varias-localidades\/","url_meta":{"origin":129158,"position":5},"title":"Vaguada seguir\u00e1 produciendo aguaceros, tronadas y r\u00e1fagas de viento en varias localidades","author":"Nelson Feliz","date":"18 de junio de 2024","format":false,"excerpt":"Potencial Cicl\u00f3n Tropical n\u00famero uno sobre el suroeste del Golfo de M\u00e9xico; se\u00a0 mantienen vigentes las alertas. La Oficina Nacional de Meteorolog\u00eda (ONAMET) informa que permanece una vaguada en diferentes niveles de la troposfera interactuando con el viento del este\/sureste y los efectos locales, (calentamiento diurno y orogr\u00e1fico), ambos continuar\u00e1n\u2026","rel":"","context":"En \u00abNACIONALES\u00bb","block_context":{"text":"NACIONALES","link":"https:\/\/lasprimeras.com.do\/index.php\/category\/nacionales\/"},"img":{"alt_text":"","src":"https:\/\/i0.wp.com\/lasprimeras.com.do\/wp-content\/uploads\/2023\/10\/WhatsApp-Image-2023-10-04-at-5.20.12-PM-2.webp?resize=350%2C200&ssl=1","width":350,"height":200,"srcset":"https:\/\/i0.wp.com\/lasprimeras.com.do\/wp-content\/uploads\/2023\/10\/WhatsApp-Image-2023-10-04-at-5.20.12-PM-2.webp?resize=350%2C200&ssl=1 1x, https:\/\/i0.wp.com\/lasprimeras.com.do\/wp-content\/uploads\/2023\/10\/WhatsApp-Image-2023-10-04-at-5.20.12-PM-2.webp?resize=525%2C300&ssl=1 1.5x, https:\/\/i0.wp.com\/lasprimeras.com.do\/wp-content\/uploads\/2023\/10\/WhatsApp-Image-2023-10-04-at-5.20.12-PM-2.webp?resize=700%2C400&ssl=1 2x, https:\/\/i0.wp.com\/lasprimeras.com.do\/wp-content\/uploads\/2023\/10\/WhatsApp-Image-2023-10-04-at-5.20.12-PM-2.webp?resize=1050%2C600&ssl=1 3x"},"classes":[]}],"jetpack_sharing_enabled":true,"_links":{"self":[{"href":"https:\/\/lasprimeras.com.do\/index.php\/wp-json\/wp\/v2\/posts\/129158","targetHints":{"allow":["GET"]}}],"collection":[{"href":"https:\/\/lasprimeras.com.do\/index.php\/wp-json\/wp\/v2\/posts"}],"about":[{"href":"https:\/\/lasprimeras.com.do\/index.php\/wp-json\/wp\/v2\/types\/post"}],"author":[{"embeddable":true,"href":"https:\/\/lasprimeras.com.do\/index.php\/wp-json\/wp\/v2\/users\/10"}],"replies":[{"embeddable":true,"href":"https:\/\/lasprimeras.com.do\/index.php\/wp-json\/wp\/v2\/comments?post=129158"}],"version-history":[{"count":1,"href":"https:\/\/lasprimeras.com.do\/index.php\/wp-json\/wp\/v2\/posts\/129158\/revisions"}],"predecessor-version":[{"id":129159,"href":"https:\/\/lasprimeras.com.do\/index.php\/wp-json\/wp\/v2\/posts\/129158\/revisions\/129159"}],"wp:featuredmedia":[{"embeddable":true,"href":"https:\/\/lasprimeras.com.do\/index.php\/wp-json\/wp\/v2\/media\/105240"}],"wp:attachment":[{"href":"https:\/\/lasprimeras.com.do\/index.php\/wp-json\/wp\/v2\/media?parent=129158"}],"wp:term":[{"taxonomy":"category","embeddable":true,"href":"https:\/\/lasprimeras.com.do\/index.php\/wp-json\/wp\/v2\/categories?post=129158"},{"taxonomy":"post_tag","embeddable":true,"href":"https:\/\/lasprimeras.com.do\/index.php\/wp-json\/wp\/v2\/tags?post=129158"}],"curies":[{"name":"wp","href":"https:\/\/api.w.org\/{rel}","templated":true}]}}