{"id":129160,"date":"2026-04-30T08:04:38","date_gmt":"2026-04-30T12:04:38","guid":{"rendered":"https:\/\/lasprimeras.com.do\/?p=129160"},"modified":"2026-04-30T08:04:41","modified_gmt":"2026-04-30T12:04:41","slug":"regidor-guillermo-ferreiras-del-pld-cuestiona-rendicion-de-cuentas-del-alcalde-de-moca","status":"publish","type":"post","link":"https:\/\/lasprimeras.com.do\/index.php\/2026\/04\/30\/regidor-guillermo-ferreiras-del-pld-cuestiona-rendicion-de-cuentas-del-alcalde-de-moca\/","title":{"rendered":"Regidor Guillermo Ferreiras del PLD, cuestiona rendici\u00f3n de cuentas del alcalde de Moca"},"content":{"rendered":"\n<p>El regidor y vocero del bloque de regidores del Partido de la Liberaci\u00f3n Dominicana (PLD), Guillermo Ferreiras fij\u00f3 posici\u00f3n sobre la reciente rendici\u00f3n de cuentas presentada por el alcalde municipal.<\/p>\n\n\n\n<p>Ferreras se\u00f1al\u00f3 una serie de cuestionamientos sobre la administraci\u00f3n de los recursos p\u00fablicos y el estado actual de la ciudad.<\/p>\n\n\n\n<p>Durante una intervenci\u00f3n p\u00fablica en el programa Acceso Sin L\u00edmites, Ferreiras sostuvo que la rendici\u00f3n de cuentas no debe limitarse a un acto protocolar, sino constituirse en un verdadero ejercicio de responsabilidad y transparencia ante la ciudadan\u00eda, conforme a lo establecido en la Constituci\u00f3n dominicana y la Ley 176-07 sobre el Distrito Nacional y los Municipios.<\/p>\n\n\n\n<p>El edil afirm\u00f3 que, en los \u00faltimos seis a\u00f1os, la actual gesti\u00f3n municipal ha manejado recursos cercanos a los dos mil millones de pesos, calificando dichas cifras como hist\u00f3ricas para el Ayuntamiento de Moca.<\/p>\n\n\n\n<p>Sin embargo, cuestion\u00f3 que esos recursos no se reflejen en mejoras visibles para la poblaci\u00f3n.<\/p>\n\n\n\n<p>Entre los principales problemas citados mencion\u00f3 el desorden vial, deficiencias en sem\u00e1foros y se\u00f1alizaci\u00f3n, acumulaci\u00f3n de residuos s\u00f3lidos, vertederos improvisados, deterioro de parques y espacios p\u00fablicos, as\u00ed como retrasos en obras importantes para el municipio.<\/p>\n\n\n\n<p>Ferreiras tambi\u00e9n critic\u00f3 la paralizaci\u00f3n del Portal de la Entrada de Moca, obra valorada en cerca de 20 millones de pesos, as\u00ed como la baja ejecuci\u00f3n presupuestaria en proyectos como el mercado municipal, el antiguo mercado viejo y el matadero.<\/p>\n\n\n\n<p>De igual manera, reclam\u00f3 explicaciones sobre pagos por alquiler de camiones y campamento municipal, pese a la adquisici\u00f3n de veh\u00edculos pesados por parte del cabildo durante la actual administraci\u00f3n.<\/p>\n\n\n\n<p>En el plano social, denunci\u00f3 la falta de pago de prestaciones laborales a exempleados municipales y cuestion\u00f3 pagos irregulares por concepto de pensiones, planteando la necesidad de adecuar dichos procesos a la legislaci\u00f3n vigente.<\/p>\n\n\n\n<p>Finalmente, el regidor expres\u00f3 que Moca necesita una gesti\u00f3n con planificaci\u00f3n, orden y visi\u00f3n de futuro, asegurando que la ciudad posee un enorme potencial para avanzar hacia un verdadero desarrollo.<\/p>\n\n\n\n<p>\u201cEl problema no ha sido falta de dinero, sino falta de gerencia\u201d, expres\u00f3 Ferreiras al cierre de su intervenci\u00f3n.<\/p>\n","protected":false},"excerpt":{"rendered":"<p>El regidor y vocero del bloque de regidores del Partido de la Liberaci\u00f3n Dominicana (PLD), Guillermo Ferreiras fij\u00f3 posici\u00f3n sobre la reciente rendici\u00f3n de cuentas presentada por el alcalde municipal.&hellip;<\/p>\n","protected":false},"author":10,"featured_media":129161,"comment_status":"open","ping_status":"open","sticky":false,"template":"","format":"standard","meta":{"content-type":"","jetpack_post_was_ever_published":false,"_jetpack_newsletter_access":"","_jetpack_dont_email_post_to_subs":false,"_jetpack_newsletter_tier_id":0,"_jetpack_memberships_contains_paywalled_content":false,"_jetpack_memberships_contains_paid_content":false,"footnotes":""},"categories":[16559,25],"tags":[32843,19020,269,32,2541],"class_list":["post-129160","post","type-post","status-publish","format-standard","has-post-thumbnail","hentry","category-politica","category-portada","tag-alcalde-de-moca","tag-guillermo-ferreiras","tag-pld","tag-regidor","tag-rendicion-de-cuentas"],"jetpack_featured_media_url":"https:\/\/lasprimeras.com.do\/wp-content\/uploads\/2026\/04\/IMG-20260429-WA1017.jpg","jetpack-related-posts":[{"id":97683,"url":"https:\/\/lasprimeras.com.do\/index.php\/2025\/04\/24\/regidor-de-moca-califica-discurso-de-rendicion-de-cuentas-como-un-caldo-con-mucha-agua\/","url_meta":{"origin":129160,"position":0},"title":"Regidor de Moca califica discurso de rendici\u00f3n de cuentas como \u201cun caldo con mucha agua\u201d","author":"Nelson Feliz","date":"24 de abril de 2025","format":false,"excerpt":"Por Nicol\u00e1s Grull\u00f3n El reciente discurso de rendici\u00f3n de cuentas del alcalde Guarocuya Cabral fue, en su opini\u00f3n, un ejercicio cargado de palabras bonitas, pero vac\u00edo de acciones concretas que realmente beneficien al pueblo mocano. Escuchamos nuevamente las mismas promesas de siempre \u2014como la supuesta modernizaci\u00f3n del mercado municipal o\u2026","rel":"","context":"En \u00abPOLITICA\u00bb","block_context":{"text":"POLITICA","link":"https:\/\/lasprimeras.com.do\/index.php\/category\/politica\/"},"img":{"alt_text":"","src":"https:\/\/i0.wp.com\/lasprimeras.com.do\/wp-content\/uploads\/2025\/04\/Guillermo-Ferreiras.jpg?resize=350%2C200&ssl=1","width":350,"height":200,"srcset":"https:\/\/i0.wp.com\/lasprimeras.com.do\/wp-content\/uploads\/2025\/04\/Guillermo-Ferreiras.jpg?resize=350%2C200&ssl=1 1x, https:\/\/i0.wp.com\/lasprimeras.com.do\/wp-content\/uploads\/2025\/04\/Guillermo-Ferreiras.jpg?resize=525%2C300&ssl=1 1.5x"},"classes":[]},{"id":129034,"url":"https:\/\/lasprimeras.com.do\/index.php\/2026\/04\/28\/pld-califica-de-fantasia-y-retroceso-la-rendicion-de-cuentas-del-alcalde-de-sabaneta\/","url_meta":{"origin":129160,"position":1},"title":"PLD califica de fantas\u00eda y retroceso la rendici\u00f3n de cuentas del alcalde de Sabaneta","author":"Nelson Feliz","date":"28 de abril de 2026","format":false,"excerpt":"La direcci\u00f3n municipal del Partido de la Liberaci\u00f3n Dominicana en Sabaneta, Santiago Rodr\u00edguez, considera como una burla a los mun\u00edcipes la rendici\u00f3n de cuentas presentada por el alcalde de ese municipio correspondiente al per\u00edodo 2025-2026 donde menciona obras inexistentes y cifras maquilladas. El presidente municipal del PLD, \u00c1ngel Cuello, calific\u00f3\u2026","rel":"","context":"En \u00abPOLITICA\u00bb","block_context":{"text":"POLITICA","link":"https:\/\/lasprimeras.com.do\/index.php\/category\/politica\/"},"img":{"alt_text":"","src":"https:\/\/i0.wp.com\/lasprimeras.com.do\/wp-content\/uploads\/2026\/04\/Sabaneta-2.jpg?resize=350%2C200&ssl=1","width":350,"height":200,"srcset":"https:\/\/i0.wp.com\/lasprimeras.com.do\/wp-content\/uploads\/2026\/04\/Sabaneta-2.jpg?resize=350%2C200&ssl=1 1x, https:\/\/i0.wp.com\/lasprimeras.com.do\/wp-content\/uploads\/2026\/04\/Sabaneta-2.jpg?resize=525%2C300&ssl=1 1.5x, https:\/\/i0.wp.com\/lasprimeras.com.do\/wp-content\/uploads\/2026\/04\/Sabaneta-2.jpg?resize=700%2C400&ssl=1 2x"},"classes":[]},{"id":128658,"url":"https:\/\/lasprimeras.com.do\/index.php\/2026\/04\/25\/alcalde-dio-astacio-reafirma-transparencia-en-rendicion-de-cuentas\/","url_meta":{"origin":129160,"position":2},"title":"Alcalde D\u00edo Astacio reafirma transparencia en rendici\u00f3n de cuentas","author":"Nelson Feliz","date":"25 de abril de 2026","format":false,"excerpt":"El alcalde del municipio Santo Domingo Este, D\u00edo Astacio, present\u00f3 su segundo informe de rendici\u00f3n de cuentas (2025-2026), reafirmando que su gesti\u00f3n ha logrado transformar a Santo Domingo Este, en una ciudad modelo de orden y eficiencia. El ejecutivo municipal entreg\u00f3 un documento f\u00edsico completo de toda la informaci\u00f3n institucional\u2026","rel":"","context":"En \u00abECONOM\u00cdA\u00bb","block_context":{"text":"ECONOM\u00cdA","link":"https:\/\/lasprimeras.com.do\/index.php\/category\/economia\/"},"img":{"alt_text":"","src":"https:\/\/i0.wp.com\/lasprimeras.com.do\/wp-content\/uploads\/2026\/04\/Diablo-Astacio.jpg?resize=350%2C200&ssl=1","width":350,"height":200,"srcset":"https:\/\/i0.wp.com\/lasprimeras.com.do\/wp-content\/uploads\/2026\/04\/Diablo-Astacio.jpg?resize=350%2C200&ssl=1 1x, https:\/\/i0.wp.com\/lasprimeras.com.do\/wp-content\/uploads\/2026\/04\/Diablo-Astacio.jpg?resize=525%2C300&ssl=1 1.5x, https:\/\/i0.wp.com\/lasprimeras.com.do\/wp-content\/uploads\/2026\/04\/Diablo-Astacio.jpg?resize=700%2C400&ssl=1 2x"},"classes":[]},{"id":128701,"url":"https:\/\/lasprimeras.com.do\/index.php\/2026\/04\/25\/mauro-pina-valor-innegociable-de-los-recursos-naturales\/","url_meta":{"origin":129160,"position":3},"title":"Mauro Pi\u00f1a: Valor innegociable de los recursos naturales","author":"Nelson Feliz","date":"25 de abril de 2026","format":false,"excerpt":"Mauro Pi\u00f1a, Presidente del PLD en San Juan, reiter\u00f3 que esa organizaci\u00f3n ha sido consistente en defender un modelo de desarrollo basado en la sostenibilidad. El Partido de la Liberaci\u00f3n Dominicana (PLD) en San Juan reafirm\u00f3 su posici\u00f3n de defensa absoluta de los recursos naturales estrat\u00e9gicos, respeto irrestricto al marco\u2026","rel":"","context":"En \u00abPOLITICA\u00bb","block_context":{"text":"POLITICA","link":"https:\/\/lasprimeras.com.do\/index.php\/category\/politica\/"},"img":{"alt_text":"Mauro Pi\u00f1a","src":"https:\/\/i0.wp.com\/lasprimeras.com.do\/wp-content\/uploads\/2026\/04\/mauro-pina.jpg?resize=350%2C200&ssl=1","width":350,"height":200,"srcset":"https:\/\/i0.wp.com\/lasprimeras.com.do\/wp-content\/uploads\/2026\/04\/mauro-pina.jpg?resize=350%2C200&ssl=1 1x, https:\/\/i0.wp.com\/lasprimeras.com.do\/wp-content\/uploads\/2026\/04\/mauro-pina.jpg?resize=525%2C300&ssl=1 1.5x, https:\/\/i0.wp.com\/lasprimeras.com.do\/wp-content\/uploads\/2026\/04\/mauro-pina.jpg?resize=700%2C400&ssl=1 2x"},"classes":[]},{"id":128290,"url":"https:\/\/lasprimeras.com.do\/index.php\/2026\/04\/21\/regidor-de-od-rinde-cuentas-y-reafirma-compromiso-con-santiago\/","url_meta":{"origin":129160,"position":4},"title":"Regidor de OD rinde cuentas y reafirma compromiso con Santiago","author":"Nelson Feliz","date":"21 de abril de 2026","format":false,"excerpt":"El regidor del partido Opci\u00f3n Democr\u00e1tica (OD) en Santiago, Alexander Germoso, present\u00f3 este martes su rendici\u00f3n de cuentas correspondiente al segundo a\u00f1o de gesti\u00f3n, destacando avances en fiscalizaci\u00f3n, participaci\u00f3n ciudadana, sostenibilidad y ordenamiento urbano, al tiempo que reiter\u00f3 su compromiso con una ciudad \u201cm\u00e1s justa, organizada y vivible\u201d. Durante un\u2026","rel":"","context":"En \u00abPOLITICA\u00bb","block_context":{"text":"POLITICA","link":"https:\/\/lasprimeras.com.do\/index.php\/category\/politica\/"},"img":{"alt_text":"","src":"https:\/\/i0.wp.com\/lasprimeras.com.do\/wp-content\/uploads\/2026\/04\/Alexander-Germoso-p.jpg?resize=350%2C200&ssl=1","width":350,"height":200,"srcset":"https:\/\/i0.wp.com\/lasprimeras.com.do\/wp-content\/uploads\/2026\/04\/Alexander-Germoso-p.jpg?resize=350%2C200&ssl=1 1x, https:\/\/i0.wp.com\/lasprimeras.com.do\/wp-content\/uploads\/2026\/04\/Alexander-Germoso-p.jpg?resize=525%2C300&ssl=1 1.5x, https:\/\/i0.wp.com\/lasprimeras.com.do\/wp-content\/uploads\/2026\/04\/Alexander-Germoso-p.jpg?resize=700%2C400&ssl=1 2x"},"classes":[]},{"id":55377,"url":"https:\/\/lasprimeras.com.do\/index.php\/2023\/07\/17\/regidores-del-pld-y-fp-cuestionan-a-manuel-de-jimenez-de-cometer-un-sin-numeros-de-irregularidades-en-el-ayuntamiento\/","url_meta":{"origin":129160,"position":5},"title":"Regidores del PLD y FP cuestionan a Manuel de Jim\u00e9nez de cometer un sin n\u00fameros de irregularidades en el ayuntamiento","author":"Nelson Feliz","date":"17 de julio de 2023","format":false,"excerpt":"Los bloques de regidores del Partido de la Liberaci\u00f3n Dominicana (PLD) y la Fuerza del Pueblo (FP) en el municipio Santo Domingo Este, expresaron su preocupaci\u00f3n y cuestionaron al alcalde Manuel Jim\u00e9nez por la falta de transparencia y malas pr\u00e1cticas municipales en relaci\u00f3n al manejo de los recursos y la\u2026","rel":"","context":"En \u00abECONOM\u00cdA\u00bb","block_context":{"text":"ECONOM\u00cdA","link":"https:\/\/lasprimeras.com.do\/index.php\/category\/economia\/"},"img":{"alt_text":"Regidores SDE","src":"https:\/\/i0.wp.com\/lasprimeras.com.do\/wp-content\/uploads\/2023\/07\/Regidores-SDE.jpg?resize=350%2C200&ssl=1","width":350,"height":200,"srcset":"https:\/\/i0.wp.com\/lasprimeras.com.do\/wp-content\/uploads\/2023\/07\/Regidores-SDE.jpg?resize=350%2C200&ssl=1 1x, https:\/\/i0.wp.com\/lasprimeras.com.do\/wp-content\/uploads\/2023\/07\/Regidores-SDE.jpg?resize=525%2C300&ssl=1 1.5x, https:\/\/i0.wp.com\/lasprimeras.com.do\/wp-content\/uploads\/2023\/07\/Regidores-SDE.jpg?resize=700%2C400&ssl=1 2x"},"classes":[]}],"jetpack_sharing_enabled":true,"_links":{"self":[{"href":"https:\/\/lasprimeras.com.do\/index.php\/wp-json\/wp\/v2\/posts\/129160","targetHints":{"allow":["GET"]}}],"collection":[{"href":"https:\/\/lasprimeras.com.do\/index.php\/wp-json\/wp\/v2\/posts"}],"about":[{"href":"https:\/\/lasprimeras.com.do\/index.php\/wp-json\/wp\/v2\/types\/post"}],"author":[{"embeddable":true,"href":"https:\/\/lasprimeras.com.do\/index.php\/wp-json\/wp\/v2\/users\/10"}],"replies":[{"embeddable":true,"href":"https:\/\/lasprimeras.com.do\/index.php\/wp-json\/wp\/v2\/comments?post=129160"}],"version-history":[{"count":1,"href":"https:\/\/lasprimeras.com.do\/index.php\/wp-json\/wp\/v2\/posts\/129160\/revisions"}],"predecessor-version":[{"id":129162,"href":"https:\/\/lasprimeras.com.do\/index.php\/wp-json\/wp\/v2\/posts\/129160\/revisions\/129162"}],"wp:featuredmedia":[{"embeddable":true,"href":"https:\/\/lasprimeras.com.do\/index.php\/wp-json\/wp\/v2\/media\/129161"}],"wp:attachment":[{"href":"https:\/\/lasprimeras.com.do\/index.php\/wp-json\/wp\/v2\/media?parent=129160"}],"wp:term":[{"taxonomy":"category","embeddable":true,"href":"https:\/\/lasprimeras.com.do\/index.php\/wp-json\/wp\/v2\/categories?post=129160"},{"taxonomy":"post_tag","embeddable":true,"href":"https:\/\/lasprimeras.com.do\/index.php\/wp-json\/wp\/v2\/tags?post=129160"}],"curies":[{"name":"wp","href":"https:\/\/api.w.org\/{rel}","templated":true}]}}