{"id":129163,"date":"2026-04-30T08:25:43","date_gmt":"2026-04-30T12:25:43","guid":{"rendered":"https:\/\/lasprimeras.com.do\/?p=129163"},"modified":"2026-04-30T08:25:45","modified_gmt":"2026-04-30T12:25:45","slug":"dominicanos-en-ee-uu-no-celebran-dia-internacional-del-trabajo-el-1-de-mayo-sino-en-septiembre","status":"publish","type":"post","link":"https:\/\/lasprimeras.com.do\/index.php\/2026\/04\/30\/dominicanos-en-ee-uu-no-celebran-dia-internacional-del-trabajo-el-1-de-mayo-sino-en-septiembre\/","title":{"rendered":"Dominicanos en EE. UU. no celebran \u201cD\u00eda Internacional del Trabajo\u201d el 1 de mayo; sino en septiembre"},"content":{"rendered":"\n<p>Por Ram\u00f3n Mercedes<\/p>\n\n\n\n<p>NUEVA YORK.-El D\u00eda Internacional del Trabajo se celebra para conmemorar las luchas hist\u00f3ricas del movimiento obrero por los derechos laborales, pero en Estados Unidos no lo celebran como en la Rep\u00fablica Dominicana y otros pa\u00edses en el mundo.<\/p>\n\n\n\n<p>Decenas de dominicanos en esta ciudad efectuan actos para conmemorarlo este viernes 1 de mayo.<\/p>\n\n\n\n<p>En USA se conmemora el primer lunes de septiembre. Se celebr\u00f3 por primera vez en NY en 1882, estableci\u00e9ndose en esa fecha para distanciarse de las protestas radicales del 1 de mayo, conocida como la revuelta de Haymarket en Chicago en 1886.<\/p>\n\n\n\n<p>Fue el punto \u00e1lgido de una serie de movilizaciones que, entre el 1 y el 4 de mayo, se produjeron en respaldo a los obreros en huelga, para reivindicar la jornada laboral de ocho horas.<\/p>\n\n\n\n<p>El 1 de mayo de 1886 miles de trabajadores en EE. UU. iniciaron una huelga exigiendo una jornada de ocho horas.<\/p>\n\n\n\n<p>Las manifestaciones, especialmente en Chicago, derivaron en violentos enfrentamientos con la polic\u00eda, resultando en muertes de los trabajadores y la posterior ejecuci\u00f3n de varios l\u00edderes sindicales.<\/p>\n\n\n\n<p>A principios de 2026 habia m\u00e1s de 23 millones de empleados p\u00fablicos en EE. UU. (federales, estatales y locales combinados).<\/p>\n\n\n\n<p>Empleados federales (civiles), cerca de 3 millones (noviembre 2024\/2025).<\/p>\n\n\n\n<p>Empleados estatales y locales, aproximadamente 20,7 millones (marzo 2026). Militares en servicio activo, cerca de 1,4 millones.<\/p>\n\n\n\n<p>Gobierno local y estatal, (escuelas, polic\u00edas, bomberos) representan casi tres cuartas partes del empleo p\u00fablico total.<\/p>\n\n\n\n<p>Aunque la fuerza laboral federal es grande, representa solo una peque\u00f1a fracci\u00f3n (entre el 12 y el 15%) del total de trabajadores gubernamentales en EE. UU.<\/p>\n\n\n\n<p>Los estados de California, Virginia y Maryland tienen la mayor concentraci\u00f3n de empleados federales, principalmente por la proximidad a Washington, D.C.<\/p>\n","protected":false},"excerpt":{"rendered":"<p>Por Ram\u00f3n Mercedes NUEVA YORK.-El D\u00eda Internacional del Trabajo se celebra para conmemorar las luchas hist\u00f3ricas del movimiento obrero por los derechos laborales, pero en Estados Unidos no lo celebran&hellip;<\/p>\n","protected":false},"author":10,"featured_media":129164,"comment_status":"open","ping_status":"open","sticky":false,"template":"","format":"standard","meta":{"content-type":"","jetpack_post_was_ever_published":false,"_jetpack_newsletter_access":"","_jetpack_dont_email_post_to_subs":false,"_jetpack_newsletter_tier_id":0,"_jetpack_memberships_contains_paywalled_content":false,"_jetpack_memberships_contains_paid_content":false,"footnotes":""},"categories":[25580],"tags":[19159,32846,21452,32845,32844],"class_list":["post-129163","post","type-post","status-publish","format-standard","has-post-thumbnail","hentry","category-la-voz-de-la-diaspora","tag-1-de-mayo","tag-1-septiembre","tag-dominicanos-en-ny","tag-el-dia-del-trabajo","tag-no-celebran"],"jetpack_featured_media_url":"https:\/\/lasprimeras.com.do\/wp-content\/uploads\/2026\/04\/IMG-20260430-WA0054.jpg","jetpack-related-posts":[{"id":75250,"url":"https:\/\/lasprimeras.com.do\/index.php\/2024\/01\/30\/casc-celebra-sus-62-anos-de-compromiso-con-justicia-social-y-paz-laboral\/","url_meta":{"origin":129163,"position":0},"title":"CASC celebra sus 62 a\u00f1os de compromiso con justicia social y paz laboral","author":"Nelson Feliz","date":"30 de enero de 2024","format":false,"excerpt":"La Confederaci\u00f3n Aut\u00f3noma Sindical Clasista (CASC) conmemora sus 62 a\u00f1os de dedicaci\u00f3n inquebrantable a la b\u00fasqueda de la paz como resultado de la justicia social, extendiendo su impacto m\u00e1s all\u00e1 de los trabajadores para abarcar toda la sociedad dominicana. En un comunicado emitido con motivo de su aniversario, el gremio\u2026","rel":"","context":"En \u00abNACIONALES\u00bb","block_context":{"text":"NACIONALES","link":"https:\/\/lasprimeras.com.do\/index.php\/category\/nacionales\/"},"img":{"alt_text":"Gabriel del R\u00edo Do\u00f1\u00e9","src":"https:\/\/i0.wp.com\/lasprimeras.com.do\/wp-content\/uploads\/2024\/01\/GABRIEL-II.jpg?resize=350%2C200&ssl=1","width":350,"height":200,"srcset":"https:\/\/i0.wp.com\/lasprimeras.com.do\/wp-content\/uploads\/2024\/01\/GABRIEL-II.jpg?resize=350%2C200&ssl=1 1x, https:\/\/i0.wp.com\/lasprimeras.com.do\/wp-content\/uploads\/2024\/01\/GABRIEL-II.jpg?resize=525%2C300&ssl=1 1.5x, https:\/\/i0.wp.com\/lasprimeras.com.do\/wp-content\/uploads\/2024\/01\/GABRIEL-II.jpg?resize=700%2C400&ssl=1 2x"},"classes":[]},{"id":84643,"url":"https:\/\/lasprimeras.com.do\/index.php\/2024\/06\/12\/invitan-a-celebrar-el-dia-internacional-de-la-hamburguesa-dandole-un-toque-especial\/","url_meta":{"origin":129163,"position":1},"title":"Invitan a celebrar el \u201cD\u00eda Internacional de la Hamburguesa\u201d d\u00e1ndole un toque especial","author":"Nelson Feliz","date":"12 de junio de 2024","format":false,"excerpt":"\u2022Desde el 20 de mayo y hasta el 30 de junio los interesados podr\u00e1n adquirir las hamburguesas insignia de los restaurantes seleccionados por la marca. La Hamburguesa es uno de los platillos m\u00e1s reconocidos y amados a nivel mundial, cuya popularidad se impuls\u00f3 en la d\u00e9cada de los 50; la\u2026","rel":"","context":"En \u00abECONOM\u00cdA\u00bb","block_context":{"text":"ECONOM\u00cdA","link":"https:\/\/lasprimeras.com.do\/index.php\/category\/economia\/"},"img":{"alt_text":"","src":"https:\/\/i0.wp.com\/lasprimeras.com.do\/wp-content\/uploads\/2024\/06\/Hamburguesa.jpg?resize=350%2C200&ssl=1","width":350,"height":200,"srcset":"https:\/\/i0.wp.com\/lasprimeras.com.do\/wp-content\/uploads\/2024\/06\/Hamburguesa.jpg?resize=350%2C200&ssl=1 1x, https:\/\/i0.wp.com\/lasprimeras.com.do\/wp-content\/uploads\/2024\/06\/Hamburguesa.jpg?resize=525%2C300&ssl=1 1.5x"},"classes":[]},{"id":95001,"url":"https:\/\/lasprimeras.com.do\/index.php\/2025\/03\/07\/conmemora-el-dia-internacional-de-la-mujer-con-la-caminata-por-la-salud-de-la-mujer\/","url_meta":{"origin":129163,"position":2},"title":"Conmemora el D\u00eda Internacional de la Mujer con la caminata \u2018Por la Salud de la Mujer\u2019","author":"Nelson Feliz","date":"7 de marzo de 2025","format":false,"excerpt":"El C\u00edrculo Dominicano de M\u00e9dicas, en colaboraci\u00f3n con la Secretar\u00eda de Deportes y la Secretar\u00eda de la Mujer del Colegio M\u00e9dico Dominicano (CMD), conmemora el D\u00eda Internacional de la Mujer con la caminata titulada \u201cPor la Salud de la Mujer\u201d. Esta actividad busca generar conciencia sobre la importancia de empoderar\u2026","rel":"","context":"En \u00abNACIONALES\u00bb","block_context":{"text":"NACIONALES","link":"https:\/\/lasprimeras.com.do\/index.php\/category\/nacionales\/"},"img":{"alt_text":"","src":"https:\/\/i0.wp.com\/lasprimeras.com.do\/wp-content\/uploads\/2025\/03\/caminata.jpg?resize=350%2C200&ssl=1","width":350,"height":200,"srcset":"https:\/\/i0.wp.com\/lasprimeras.com.do\/wp-content\/uploads\/2025\/03\/caminata.jpg?resize=350%2C200&ssl=1 1x, https:\/\/i0.wp.com\/lasprimeras.com.do\/wp-content\/uploads\/2025\/03\/caminata.jpg?resize=525%2C300&ssl=1 1.5x"},"classes":[]},{"id":100291,"url":"https:\/\/lasprimeras.com.do\/index.php\/2025\/05\/30\/30-de-mayo-el-falso-dia-de-la-libertad\/","url_meta":{"origin":129163,"position":3},"title":"\u00a130 de mayo: El falso d\u00eda de la \u201cLibertad\u201d!","author":"Nelson Feliz","date":"30 de mayo de 2025","format":false,"excerpt":"Por Felipe Lora Longo El 30 de mayo de 1961, un grupo de dominicanos \u2014Antonio de la Maza, Amado Garc\u00eda Guerrero, Salvador Estrella Sadhal\u00e1 y otros\u2014 ajusticiaron al s\u00e1trapa Rafael Le\u00f3nidas Trujillo, cuyo r\u00e9gimen de 31 a\u00f1os ahog\u00f3 al pueblo dominicano en terror, desapariciones y miseria. M\u00e1s de 50 mil\u2026","rel":"","context":"En \u00abOPINI\u00d3N\u00bb","block_context":{"text":"OPINI\u00d3N","link":"https:\/\/lasprimeras.com.do\/index.php\/category\/opinion\/"},"img":{"alt_text":"Felipe Lora Longo","src":"https:\/\/i0.wp.com\/lasprimeras.com.do\/wp-content\/uploads\/2023\/06\/Felipe-Lora-Longo.jpg?resize=350%2C200&ssl=1","width":350,"height":200,"srcset":"https:\/\/i0.wp.com\/lasprimeras.com.do\/wp-content\/uploads\/2023\/06\/Felipe-Lora-Longo.jpg?resize=350%2C200&ssl=1 1x, https:\/\/i0.wp.com\/lasprimeras.com.do\/wp-content\/uploads\/2023\/06\/Felipe-Lora-Longo.jpg?resize=525%2C300&ssl=1 1.5x, https:\/\/i0.wp.com\/lasprimeras.com.do\/wp-content\/uploads\/2023\/06\/Felipe-Lora-Longo.jpg?resize=700%2C400&ssl=1 2x"},"classes":[]},{"id":118488,"url":"https:\/\/lasprimeras.com.do\/index.php\/2025\/12\/30\/para-el-2026-habra-11-dias-feriados-en-eua-y-12-en-rd\/","url_meta":{"origin":129163,"position":4},"title":"Para el 2026 habr\u00e1 11 d\u00edas feriados en EUA y 12 en RD","author":"Nelson Feliz","date":"30 de diciembre de 2025","format":false,"excerpt":"Por Ram\u00f3n Mercedes NUEVA YORK.- En los Estados Unidos residen 2,398,009 dominicanos, seg\u00fan el \u00faltimo censo del INDEX, quienes para el 2026 se ver\u00e1n impactados de 11 d\u00edas feriados. Jueves 1\u00b0 de enero - A\u00f1o Nuevo. Lunes 19 - Aniversario de Martin Luther King Jr. Lunes 16 de febrero -\u2026","rel":"","context":"En \u00abINTERNACIONALES\u00bb","block_context":{"text":"INTERNACIONALES","link":"https:\/\/lasprimeras.com.do\/index.php\/category\/sin-categoria\/internacionales\/"},"img":{"alt_text":"","src":"https:\/\/i0.wp.com\/lasprimeras.com.do\/wp-content\/uploads\/2025\/12\/IMG-20251230-WA0568.jpg?resize=350%2C200&ssl=1","width":350,"height":200,"srcset":"https:\/\/i0.wp.com\/lasprimeras.com.do\/wp-content\/uploads\/2025\/12\/IMG-20251230-WA0568.jpg?resize=350%2C200&ssl=1 1x, https:\/\/i0.wp.com\/lasprimeras.com.do\/wp-content\/uploads\/2025\/12\/IMG-20251230-WA0568.jpg?resize=525%2C300&ssl=1 1.5x"},"classes":[]},{"id":95004,"url":"https:\/\/lasprimeras.com.do\/index.php\/2025\/03\/07\/mescyt-resalta-aportes-al-conmemorarse-el-dia-internacional-de-la-mujer\/","url_meta":{"origin":129163,"position":5},"title":"MESCyT resalta aportes al conmemorarse el D\u00eda Internacional de la Mujer","author":"Nelson Feliz","date":"7 de marzo de 2025","format":false,"excerpt":"El Ministerio de Educaci\u00f3n Superior, Ciencia y Tecnolog\u00eda (MESCyT) conmemor\u00f3 este viernes el D\u00eda Internacional de la Mujer (8 de marzo), fecha que se celebra alrededor del mundo para hacer consciencia sobre la importancia de empoderar a las mujeres en los sectores productivos, con motivo de preservar sus derechos y\u2026","rel":"","context":"En \u00abNACIONALES\u00bb","block_context":{"text":"NACIONALES","link":"https:\/\/lasprimeras.com.do\/index.php\/category\/nacionales\/"},"img":{"alt_text":"","src":"https:\/\/i0.wp.com\/lasprimeras.com.do\/wp-content\/uploads\/2025\/03\/mescyt.jpg?resize=350%2C200&ssl=1","width":350,"height":200,"srcset":"https:\/\/i0.wp.com\/lasprimeras.com.do\/wp-content\/uploads\/2025\/03\/mescyt.jpg?resize=350%2C200&ssl=1 1x, https:\/\/i0.wp.com\/lasprimeras.com.do\/wp-content\/uploads\/2025\/03\/mescyt.jpg?resize=525%2C300&ssl=1 1.5x"},"classes":[]}],"jetpack_sharing_enabled":true,"_links":{"self":[{"href":"https:\/\/lasprimeras.com.do\/index.php\/wp-json\/wp\/v2\/posts\/129163","targetHints":{"allow":["GET"]}}],"collection":[{"href":"https:\/\/lasprimeras.com.do\/index.php\/wp-json\/wp\/v2\/posts"}],"about":[{"href":"https:\/\/lasprimeras.com.do\/index.php\/wp-json\/wp\/v2\/types\/post"}],"author":[{"embeddable":true,"href":"https:\/\/lasprimeras.com.do\/index.php\/wp-json\/wp\/v2\/users\/10"}],"replies":[{"embeddable":true,"href":"https:\/\/lasprimeras.com.do\/index.php\/wp-json\/wp\/v2\/comments?post=129163"}],"version-history":[{"count":1,"href":"https:\/\/lasprimeras.com.do\/index.php\/wp-json\/wp\/v2\/posts\/129163\/revisions"}],"predecessor-version":[{"id":129165,"href":"https:\/\/lasprimeras.com.do\/index.php\/wp-json\/wp\/v2\/posts\/129163\/revisions\/129165"}],"wp:featuredmedia":[{"embeddable":true,"href":"https:\/\/lasprimeras.com.do\/index.php\/wp-json\/wp\/v2\/media\/129164"}],"wp:attachment":[{"href":"https:\/\/lasprimeras.com.do\/index.php\/wp-json\/wp\/v2\/media?parent=129163"}],"wp:term":[{"taxonomy":"category","embeddable":true,"href":"https:\/\/lasprimeras.com.do\/index.php\/wp-json\/wp\/v2\/categories?post=129163"},{"taxonomy":"post_tag","embeddable":true,"href":"https:\/\/lasprimeras.com.do\/index.php\/wp-json\/wp\/v2\/tags?post=129163"}],"curies":[{"name":"wp","href":"https:\/\/api.w.org\/{rel}","templated":true}]}}