{"id":129166,"date":"2026-04-30T08:33:20","date_gmt":"2026-04-30T12:33:20","guid":{"rendered":"https:\/\/lasprimeras.com.do\/?p=129166"},"modified":"2026-04-30T08:33:23","modified_gmt":"2026-04-30T12:33:23","slug":"fiscal-general-de-ny-respalda-reeleccion-de-espaillat-y-destaca-su-liderazgo","status":"publish","type":"post","link":"https:\/\/lasprimeras.com.do\/index.php\/2026\/04\/30\/fiscal-general-de-ny-respalda-reeleccion-de-espaillat-y-destaca-su-liderazgo\/","title":{"rendered":"Fiscal General de NY respalda reelecci\u00f3n de Espaillat y destaca su liderazgo"},"content":{"rendered":"\n<p>Por Ram\u00f3n Mercedes<\/p>\n\n\n\n<p>NUEVA YORK.- La fiscal general de estado, Letitia James, expres\u00f3 su firme respaldo a la reelecci\u00f3n del congresista Adriano Espaillat, resaltando su liderazgo y defensa constante de las comunidades inmigrantes y trabajadoras.<\/p>\n\n\n\n<p>Espaillat representa el Distrito 13 que comprende los sectores de Washington Heights, Inwood, Hamilton Heights, Harlem, Marble Hill y el noroeste del Bronx, que conforman dicho distrito, el cual tiene 778.141 habitantes, de los cuales el 51,3 % es hispano, y el 83,5 % de sus residentes son ciudadanos estadounidenses.<\/p>\n\n\n\n<p>James al afirmar su apoyo sostuvo: \u201cEstoy orgullosa de haber venido a Washington Heights para respaldar a Espaillat al Congreso\u201d.<\/p>\n\n\n\n<p>\u201cLa raz\u00f3n es clara: necesitamos m\u00e1s miembros del Congreso que digan la verdad frente al poder\u201d, afirm\u00f3.<\/p>\n\n\n\n<p>\u201cHoy m\u00e1s que nunca, debemos dejar claro a las personas -especialmente a los inmigrantes que aportan tanto a nuestra econom\u00eda- que deben sentirse seguras en sus hogares, que no deben ser separadas y que sus hijos no deben ser apartados de sus familias\u201d, asever\u00f3.<\/p>\n\n\n\n<p>\u201cLo que necesitamos son funcionarios electos que se atrevan a decirle esto directamente al Presidente y a su administraci\u00f3n\u201d. Yo estoy con Adriano Espaillat, y usted tambi\u00e9n deber\u00eda estarlo\u201d, concluy\u00f3 James.<\/p>\n\n\n\n<p>El congresista el primer exinmigrante indocumentado en llegar al Congreso, consolid\u00e1ndose como una voz influyente en temas de inmigraci\u00f3n y justicia social, durante su gesti\u00f3n, ha impulsado iniciativas clave en favor de la vivienda asequible, la equidad econ\u00f3mica, los derechos de los inmigrantes, incluyendo la defensa de una reforma migratoria integral y el acceso a representaci\u00f3n legal para personas en procesos migratorios.<\/p>\n\n\n\n<p>Ha impulsado inversiones federales millonarias en su Distrito para beneficiar directamente a ss residentes.<\/p>\n\n\n\n<p>US$7.7 mil millones para el Metro de la Segunda Avenida. $1.6 mil millones en subvenciones federales. $14.1 millones destinados a proyectos comunitarios solo en el 2026. $40 millones para el desarrollo del Centro Cultural del Alto Manhattan.<\/p>\n\n\n\n<p>Ha asignado recursos para transformar espacios como City College of NY en centros de capacitaci\u00f3n laboral, creando oportunidades concretas para j\u00f3venes, incluidos muchos de origen dominicano.<\/p>\n\n\n\n<p>Apoyo directo con cerca de US$ 1 mill\u00f3n al centro RAIN Tolentine Senior Center, impactando positivamente a cientos de envejecientes en la comunidad; ha organizado jornadas de vacunaci\u00f3n en el distrito, defendido programas como Medicaid y Medicare y ha protegido beneficios alimentarios fundamentales para familias trabajadoras.<\/p>\n\n\n\n<p>El respaldo de la fiscal general se suma al de diversos l\u00edderes pol\u00edticos y comunitarios que reconocen en Espaillat a un defensor consistente de la justicia social, el desarrollo econ\u00f3mico y la dignidad de las familias inmigrantes en USA.<\/p>\n\n\n\n<p>Recientemente, el \u201cEquipo Los 6\u201d, que dirige desde hace m\u00e1s de una d\u00e9cada el autor de esta cr\u00f3nica en NYC, realiz\u00f3 una encuesta con el fin de determinar la preferencia de los ocho aspirantes al Congreso por el D-13, donde Espaillat busca la reelecci\u00f3n, y obtuvo el 65,49 % de la intenci\u00f3n del voto.<\/p>\n","protected":false},"excerpt":{"rendered":"<p>Por Ram\u00f3n Mercedes NUEVA YORK.- La fiscal general de estado, Letitia James, expres\u00f3 su firme respaldo a la reelecci\u00f3n del congresista Adriano Espaillat, resaltando su liderazgo y defensa constante de&hellip;<\/p>\n","protected":false},"author":10,"featured_media":129167,"comment_status":"open","ping_status":"open","sticky":false,"template":"","format":"standard","meta":{"content-type":"","jetpack_post_was_ever_published":false,"_jetpack_newsletter_access":"","_jetpack_dont_email_post_to_subs":false,"_jetpack_newsletter_tier_id":0,"_jetpack_memberships_contains_paywalled_content":false,"_jetpack_memberships_contains_paid_content":false,"footnotes":""},"categories":[25580],"tags":[11654,30611,1412,104],"class_list":["post-129166","post","type-post","status-publish","format-standard","has-post-thumbnail","hentry","category-la-voz-de-la-diaspora","tag-adriano-espaillat","tag-fiscal-ny","tag-liderazgo","tag-nueva-york"],"jetpack_featured_media_url":"https:\/\/lasprimeras.com.do\/wp-content\/uploads\/2026\/04\/IMG-20260430-WA0055.jpg","jetpack-related-posts":[{"id":123048,"url":"https:\/\/lasprimeras.com.do\/index.php\/2026\/02\/25\/fiscal-general-de-ny-apoya-reeleccion-del-congresista-espaillat-por-el-distrito-13\/","url_meta":{"origin":129166,"position":0},"title":"Fiscal general de NY apoya reelecci\u00f3n del congresista Espaillat por el Distrito 13","author":"Nelson Feliz","date":"25 de febrero de 2026","format":false,"excerpt":"Por Ram\u00f3n Mercedes NUEVA YORK.\u2013 La fiscal general del estado de Nueva York, Letitia James, ofreci\u00f3 su apoyo p\u00fablico a la reelecci\u00f3n del congresista Adriano Espaillat por el Distrito 13, durante un concurrido acto celebrado el pasado fin de semana en el Alto Manhattan. Espaillat ha venido recibiendo el respaldo\u2026","rel":"","context":"En \u00abINTERNACIONALES\u00bb","block_context":{"text":"INTERNACIONALES","link":"https:\/\/lasprimeras.com.do\/index.php\/category\/sin-categoria\/internacionales\/"},"img":{"alt_text":"","src":"https:\/\/i0.wp.com\/lasprimeras.com.do\/wp-content\/uploads\/2026\/02\/IMG-20260225-WA0129.jpg?resize=350%2C200&ssl=1","width":350,"height":200,"srcset":"https:\/\/i0.wp.com\/lasprimeras.com.do\/wp-content\/uploads\/2026\/02\/IMG-20260225-WA0129.jpg?resize=350%2C200&ssl=1 1x, https:\/\/i0.wp.com\/lasprimeras.com.do\/wp-content\/uploads\/2026\/02\/IMG-20260225-WA0129.jpg?resize=525%2C300&ssl=1 1.5x, https:\/\/i0.wp.com\/lasprimeras.com.do\/wp-content\/uploads\/2026\/02\/IMG-20260225-WA0129.jpg?resize=700%2C400&ssl=1 2x"},"classes":[]},{"id":128125,"url":"https:\/\/lasprimeras.com.do\/index.php\/2026\/04\/20\/adriano-espaillat-impulsa-campana-en-el-alto-manhattan-junto-congresista-electa-analilia-mejia\/","url_meta":{"origin":129166,"position":1},"title":"Adriano Espaillat impulsa campa\u00f1a en el Alto Manhattan junto congresista electa Analilia Mej\u00eda","author":"Nelson Feliz","date":"20 de abril de 2026","format":false,"excerpt":"Por Ram\u00f3n Mercedes NUEVA YORK.- El congresista Adriano Espaillat (D-13) encabez\u00f3 este fin de semana un evento de campa\u00f1a en el vecindario de Hamilton Heights, en el Alto Manhattan, ante decenas de votantes, acompa\u00f1ado por la congresista electa de Nueva Jersey, Analilia Mej\u00eda. La actividad reuni\u00f3 a l\u00edderes comunitarios, funcionarios\u2026","rel":"","context":"En \u00abLA VOZ DE LA DIASPORA\u00bb","block_context":{"text":"LA VOZ DE LA DIASPORA","link":"https:\/\/lasprimeras.com.do\/index.php\/category\/la-voz-de-la-diaspora\/"},"img":{"alt_text":"","src":"https:\/\/i0.wp.com\/lasprimeras.com.do\/wp-content\/uploads\/2026\/04\/Parrafo-5-.-Visitan-congresista-Espaillat.jpg?resize=350%2C200&ssl=1","width":350,"height":200},"classes":[]},{"id":98116,"url":"https:\/\/lasprimeras.com.do\/index.php\/2025\/05\/01\/convocara-coalicion-de-lideres-para-defender-al-congresista-espaillat-ante-ataques-republicanos\/","url_meta":{"origin":129166,"position":2},"title":"Convocar\u00e1 coalici\u00f3n de l\u00edderes para defender al congresista Espaillat ante ataques republicanos","author":"Nelson Feliz","date":"1 de mayo de 2025","format":false,"excerpt":"Por Ram\u00f3n Mercedes NUEVA YORK.- El soci\u00f3logo Jaime Vargas busca encabezar una coalici\u00f3n de l\u00edderes comunitarios con el prop\u00f3sito de defender al congresista de origen dominicano Adriano Espaillat (D-13) de los ataques del Partido Republicano en NYC. El l\u00edder comunitario en la Gran Manzana sostiene que dichos ataques provienen tanto\u2026","rel":"","context":"En \u00abINTERNACIONALES\u00bb","block_context":{"text":"INTERNACIONALES","link":"https:\/\/lasprimeras.com.do\/index.php\/category\/sin-categoria\/internacionales\/"},"img":{"alt_text":"Adriano Espaillat","src":"https:\/\/i0.wp.com\/lasprimeras.com.do\/wp-content\/uploads\/2025\/05\/Adriano-Espaillat.jpg?resize=350%2C200&ssl=1","width":350,"height":200,"srcset":"https:\/\/i0.wp.com\/lasprimeras.com.do\/wp-content\/uploads\/2025\/05\/Adriano-Espaillat.jpg?resize=350%2C200&ssl=1 1x, https:\/\/i0.wp.com\/lasprimeras.com.do\/wp-content\/uploads\/2025\/05\/Adriano-Espaillat.jpg?resize=525%2C300&ssl=1 1.5x"},"classes":[]},{"id":94476,"url":"https:\/\/lasprimeras.com.do\/index.php\/2025\/03\/01\/eua-reconoce-washington-heights-como-primer-y-unico-distrito-historico-dominicano-en-el-pais\/","url_meta":{"origin":129166,"position":3},"title":"EUA reconoce Washington Heights como primer y \u00fanico \u00abDistrito Hist\u00f3rico Dominicano\u00bb en el pa\u00eds","author":"Nelson Feliz","date":"1 de marzo de 2025","format":false,"excerpt":"Video: https:\/\/www.youtube.com\/watch?v=qcJK1fP9v2M Por Ram\u00f3n Mercedes NUEVA YORK.- Estados Unidos reconoce oficialmente el sector de Washington Heights, habitado en su mayor parte por dominicanos, como el primer y \u00fanico \u00abDistrito Hist\u00f3rico Dominicano\u00bb de la naci\u00f3n. El anunci\u00f3 lo hizo el congresista Adriano Espaillat, quien lider\u00f3 el esfuerzo para lograr el reconocimiento\u2026","rel":"","context":"En \u00abINTERNACIONALES\u00bb","block_context":{"text":"INTERNACIONALES","link":"https:\/\/lasprimeras.com.do\/index.php\/category\/sin-categoria\/internacionales\/"},"img":{"alt_text":"","src":"https:\/\/i0.wp.com\/lasprimeras.com.do\/wp-content\/uploads\/2025\/03\/DOS.jpg?resize=350%2C200&ssl=1","width":350,"height":200,"srcset":"https:\/\/i0.wp.com\/lasprimeras.com.do\/wp-content\/uploads\/2025\/03\/DOS.jpg?resize=350%2C200&ssl=1 1x, https:\/\/i0.wp.com\/lasprimeras.com.do\/wp-content\/uploads\/2025\/03\/DOS.jpg?resize=525%2C300&ssl=1 1.5x"},"classes":[]},{"id":126099,"url":"https:\/\/lasprimeras.com.do\/index.php\/2026\/03\/30\/encuesta-nyc-65-49-apoya-reeleccion-de-adriano-espaillat\/","url_meta":{"origin":129166,"position":4},"title":"Encuesta NYC: 65.49% apoya reelecci\u00f3n de Adriano Espaillat","author":"Nelson Feliz","date":"30 de marzo de 2026","format":false,"excerpt":"Por Ram\u00f3n Mercedes NUEVA YORK.- El \u201cEquipo Los 6\u201d, que dirige desde hace m\u00e1s de una d\u00e9cada el autor de esta cr\u00f3nica en la ciudad, realiz\u00f3 una encuesta los d\u00edas 21, 22, 23 y 24 de este mes, con el fin de determinar la preferencia de los ocho aspirantes al\u2026","rel":"","context":"En \u00abINTERNACIONALES\u00bb","block_context":{"text":"INTERNACIONALES","link":"https:\/\/lasprimeras.com.do\/index.php\/category\/sin-categoria\/internacionales\/"},"img":{"alt_text":"","src":"https:\/\/i0.wp.com\/lasprimeras.com.do\/wp-content\/uploads\/2026\/03\/Encuesta-Equipo-Los-6-NYC-determina-que-el-6549-en-el-D-13-apoya-reeleccion-congresista-Espaillat.jpg?resize=350%2C200&ssl=1","width":350,"height":200},"classes":[]},{"id":127887,"url":"https:\/\/lasprimeras.com.do\/index.php\/2026\/04\/17\/precohis-apoya-adriano-espaillat-para-un-nuevo-periodo-en-el-congreso-ee-uu\/","url_meta":{"origin":129166,"position":5},"title":"PreCoHis apoya Adriano Espaillat para un nuevo periodo en el Congreso EE. UU.","author":"Nelson Feliz","date":"17 de abril de 2026","format":false,"excerpt":"Por Ram\u00f3n Mercedes NUEVA YORK.- La direcci\u00f3n ejecutiva de la entidad Prensa & Comunidad Hispana (PreCoHis), que preside el autor de esta cr\u00f3nica, aprob\u00f3 respaldar al congresista Adriano Espaillat D-13 en las primarias dem\u00f3cratas a celebrarse el pr\u00f3ximo 23 de junio. Espaillat aspira a un nuevo per\u00edodo en el Congreso\u2026","rel":"","context":"En \u00abINTERNACIONALES\u00bb","block_context":{"text":"INTERNACIONALES","link":"https:\/\/lasprimeras.com.do\/index.php\/category\/sin-categoria\/internacionales\/"},"img":{"alt_text":"","src":"https:\/\/i0.wp.com\/lasprimeras.com.do\/wp-content\/uploads\/2026\/04\/IMG-20260417-WA0073.jpg?resize=350%2C200&ssl=1","width":350,"height":200,"srcset":"https:\/\/i0.wp.com\/lasprimeras.com.do\/wp-content\/uploads\/2026\/04\/IMG-20260417-WA0073.jpg?resize=350%2C200&ssl=1 1x, https:\/\/i0.wp.com\/lasprimeras.com.do\/wp-content\/uploads\/2026\/04\/IMG-20260417-WA0073.jpg?resize=525%2C300&ssl=1 1.5x"},"classes":[]}],"jetpack_sharing_enabled":true,"_links":{"self":[{"href":"https:\/\/lasprimeras.com.do\/index.php\/wp-json\/wp\/v2\/posts\/129166","targetHints":{"allow":["GET"]}}],"collection":[{"href":"https:\/\/lasprimeras.com.do\/index.php\/wp-json\/wp\/v2\/posts"}],"about":[{"href":"https:\/\/lasprimeras.com.do\/index.php\/wp-json\/wp\/v2\/types\/post"}],"author":[{"embeddable":true,"href":"https:\/\/lasprimeras.com.do\/index.php\/wp-json\/wp\/v2\/users\/10"}],"replies":[{"embeddable":true,"href":"https:\/\/lasprimeras.com.do\/index.php\/wp-json\/wp\/v2\/comments?post=129166"}],"version-history":[{"count":1,"href":"https:\/\/lasprimeras.com.do\/index.php\/wp-json\/wp\/v2\/posts\/129166\/revisions"}],"predecessor-version":[{"id":129168,"href":"https:\/\/lasprimeras.com.do\/index.php\/wp-json\/wp\/v2\/posts\/129166\/revisions\/129168"}],"wp:featuredmedia":[{"embeddable":true,"href":"https:\/\/lasprimeras.com.do\/index.php\/wp-json\/wp\/v2\/media\/129167"}],"wp:attachment":[{"href":"https:\/\/lasprimeras.com.do\/index.php\/wp-json\/wp\/v2\/media?parent=129166"}],"wp:term":[{"taxonomy":"category","embeddable":true,"href":"https:\/\/lasprimeras.com.do\/index.php\/wp-json\/wp\/v2\/categories?post=129166"},{"taxonomy":"post_tag","embeddable":true,"href":"https:\/\/lasprimeras.com.do\/index.php\/wp-json\/wp\/v2\/tags?post=129166"}],"curies":[{"name":"wp","href":"https:\/\/api.w.org\/{rel}","templated":true}]}}