{"id":129175,"date":"2026-04-30T09:29:17","date_gmt":"2026-04-30T13:29:17","guid":{"rendered":"https:\/\/lasprimeras.com.do\/?p=129175"},"modified":"2026-04-30T09:29:20","modified_gmt":"2026-04-30T13:29:20","slug":"ministra-de-interior-y-director-general-pn-reciben-delegacion-espanola","status":"publish","type":"post","link":"https:\/\/lasprimeras.com.do\/index.php\/2026\/04\/30\/ministra-de-interior-y-director-general-pn-reciben-delegacion-espanola\/","title":{"rendered":"Ministra de Interior y director general PN reciben delegaci\u00f3n espa\u00f1ola"},"content":{"rendered":"\n<p>La ministra de Interior y Polic\u00eda, Faride Raful, junto al director general de la Polic\u00eda Nacional, mayor general Andr\u00e9s Modesto Cruz Cruz, encabezaron este mi\u00e9rcoles la recepci\u00f3n de una delegaci\u00f3n oficial del Ministerio del Interior de Espa\u00f1a en el Palacio de la Polic\u00eda Nacional, donde presentaron los avances del proceso de reforma y transformaci\u00f3n policial en la Rep\u00fablica Dominicana.<\/p>\n\n\n\n<p>Durante el encuentro, las autoridades dominicanas explicaron el funcionamiento de las reuniones estrat\u00e9gicas de seguridad que cada lunes encabeza el presidente Luis Abinader, en las que la Fuerza de Tarea Conjunta coordina acciones para fortalecer la seguridad ciudadana y reducir la criminalidad en el pa\u00eds.<\/p>\n\n\n\n<p>La delegaci\u00f3n espa\u00f1ola estuvo encabezada por el ministro del Interior, Fernando Grande-Marlaska G\u00f3mez, acompa\u00f1ado por la embajadora de Espa\u00f1a en el pa\u00eds, Lorea Arribalzaga Ceballos; la directora general de Relaciones Internacionales y Extranjer\u00eda, Elena Garz\u00f3n Otamendi; y la directora de Comunicaci\u00f3n del Ministerio, Nieves Goicoechea Gonz\u00e1lez.<\/p>\n\n\n\n<p>Tambi\u00e9n integraron la comitiva el director de Gabinete, Lorenzo Mart\u00ednez Ruiz, y el jefe de Protocolo, \u00cd\u00f1igo Moral Molina.<\/p>\n\n\n\n<p>En representaci\u00f3n de la Polic\u00eda Nacional acompa\u00f1aron al director general el subdirector, general Esteban Figuereo Garc\u00eda; el director central de Investigaci\u00f3n (DICRIM), general Pedro Ignacio Matos P\u00e9rez; el director de Tecnolog\u00eda de la Informaci\u00f3n, Comunicaciones y Ciberseguridad, general Juan Gabriel Gautreaux Mart\u00ednez; la directora especializada en Atenci\u00f3n a la Mujer y Violencia Intrafamiliar (DEAMVI), general Celeste Yanet Jim\u00e9nez Cabral; as\u00ed como el director central de Planificaci\u00f3n y Desarrollo, coronel Miguel Alberto Balbuena \u00c1lvarez.<\/p>\n\n\n\n<p>Durante la actividad, el ministro espa\u00f1ol valor\u00f3 los resultados alcanzados por el pa\u00eds en materia de seguridad, destacando la reducci\u00f3n en los \u00edndices de homicidios.<\/p>\n\n\n\n<p>En tanto, el general Matos agradeci\u00f3 el respaldo y la cooperaci\u00f3n del Gobierno de Espa\u00f1a, que han contribuido al fortalecimiento institucional de la Polic\u00eda Nacional mediante diversos programas de apoyo.<\/p>\n","protected":false},"excerpt":{"rendered":"<p>La ministra de Interior y Polic\u00eda, Faride Raful, junto al director general de la Polic\u00eda Nacional, mayor general Andr\u00e9s Modesto Cruz Cruz, encabezaron este mi\u00e9rcoles la recepci\u00f3n de una delegaci\u00f3n&hellip;<\/p>\n","protected":false},"author":10,"featured_media":129176,"comment_status":"open","ping_status":"open","sticky":false,"template":"","format":"standard","meta":{"content-type":"","jetpack_post_was_ever_published":false,"_jetpack_newsletter_access":"","_jetpack_dont_email_post_to_subs":false,"_jetpack_newsletter_tier_id":0,"_jetpack_memberships_contains_paywalled_content":false,"_jetpack_memberships_contains_paid_content":false,"footnotes":""},"categories":[3057,25],"tags":[181,2658,996,854,9320],"class_list":["post-129175","post","type-post","status-publish","format-standard","has-post-thumbnail","hentry","category-militares","category-portada","tag-delegacion","tag-espanola","tag-faride-raful","tag-interior-y-policia","tag-ministra"],"jetpack_featured_media_url":"https:\/\/lasprimeras.com.do\/wp-content\/uploads\/2026\/04\/IMG-20260430-WA0134-scaled.jpg","jetpack-related-posts":[{"id":87907,"url":"https:\/\/lasprimeras.com.do\/index.php\/2024\/08\/19\/faride-raful-se-estrena-como-ministra-de-interior-y-vocera-de-la-reunion-sobre-seguridad-ciudadana\/","url_meta":{"origin":129175,"position":0},"title":"Faride Raful se estrena como ministra de Interior y vocera de la reuni\u00f3n sobre seguridad ciudadana","author":"Nelson Feliz","date":"19 de agosto de 2024","format":false,"excerpt":"La funcionaria asegur\u00f3 que se enfocar\u00e1 en aplicar los planes existentes. La ministra de Interior y Polic\u00eda Faride Raful particip\u00f3 por primera vez en la reuni\u00f3n semanal sobre seguridad ciudadana, que este lunes encabez\u00f3 la vicepresidenta Raquel Pe\u00f1a. Raful asumi\u00f3 a partir de hoy la vocer\u00eda de reuni\u00f3n y encabez\u00f3\u2026","rel":"","context":"En \u00abNACIONALES\u00bb","block_context":{"text":"NACIONALES","link":"https:\/\/lasprimeras.com.do\/index.php\/category\/nacionales\/"},"img":{"alt_text":"Faride Raful","src":"https:\/\/i0.wp.com\/lasprimeras.com.do\/wp-content\/uploads\/2023\/09\/Faride-Raful.jpg?resize=350%2C200&ssl=1","width":350,"height":200},"classes":[]},{"id":84207,"url":"https:\/\/lasprimeras.com.do\/index.php\/2024\/06\/03\/abinader-encabeza-reunion-de-seguimiento-al-plan-de-seguridad-ciudadana-3\/","url_meta":{"origin":129175,"position":1},"title":"Abinader encabeza reuni\u00f3n de seguimiento al Plan de Seguridad Ciudadana","author":"Nelson Feliz","date":"3 de junio de 2024","format":false,"excerpt":"Esta informaci\u00f3n no tiene contenido, solo es para destacar la participaci\u00f3n de los funcionarios. El presidente Luis Abinader, encabeza en estos momentos la reuni\u00f3n de seguimiento al Plan de la Seguridad Ciudadana para seguir garantizando el bienestar en beneficio de los dominicanos en el pa\u00eds. El encuentro inici\u00f3 a las\u2026","rel":"","context":"En \u00abNACIONALES\u00bb","block_context":{"text":"NACIONALES","link":"https:\/\/lasprimeras.com.do\/index.php\/category\/nacionales\/"},"img":{"alt_text":"Luis Abinader","src":"https:\/\/i0.wp.com\/lasprimeras.com.do\/wp-content\/uploads\/2024\/06\/Luis-Abinader-1.jpg?resize=350%2C200&ssl=1","width":350,"height":200,"srcset":"https:\/\/i0.wp.com\/lasprimeras.com.do\/wp-content\/uploads\/2024\/06\/Luis-Abinader-1.jpg?resize=350%2C200&ssl=1 1x, https:\/\/i0.wp.com\/lasprimeras.com.do\/wp-content\/uploads\/2024\/06\/Luis-Abinader-1.jpg?resize=525%2C300&ssl=1 1.5x, https:\/\/i0.wp.com\/lasprimeras.com.do\/wp-content\/uploads\/2024\/06\/Luis-Abinader-1.jpg?resize=700%2C400&ssl=1 2x"},"classes":[]},{"id":99097,"url":"https:\/\/lasprimeras.com.do\/index.php\/2025\/05\/17\/ministro-de-defensa-visita-el-salvador-para-conocer-su-modelo-de-seguridad\/","url_meta":{"origin":129175,"position":2},"title":"Ministro de Defensa visita El Salvador para conocer su modelo de seguridad","author":"Nelson Feliz","date":"17 de mayo de 2025","format":false,"excerpt":"El ministro de Defensa de la Rep\u00fablica Dominicana, teniente general Carlos Antonio Fern\u00e1ndez Onofre, realiz\u00f3 una visita oficial a El Salvador, atendiendo una invitaci\u00f3n del Gabinete de Seguridad de ese pa\u00eds- Sostuvo que el objetivo es conocer su modelo de seguridad interior y estrategias de combate a la delincuencia y\u2026","rel":"","context":"En \u00abMILITARES\u00bb","block_context":{"text":"MILITARES","link":"https:\/\/lasprimeras.com.do\/index.php\/category\/militares\/"},"img":{"alt_text":"","src":"https:\/\/i0.wp.com\/lasprimeras.com.do\/wp-content\/uploads\/2025\/05\/modelo.jpg?resize=350%2C200&ssl=1","width":350,"height":200,"srcset":"https:\/\/i0.wp.com\/lasprimeras.com.do\/wp-content\/uploads\/2025\/05\/modelo.jpg?resize=350%2C200&ssl=1 1x, https:\/\/i0.wp.com\/lasprimeras.com.do\/wp-content\/uploads\/2025\/05\/modelo.jpg?resize=525%2C300&ssl=1 1.5x, https:\/\/i0.wp.com\/lasprimeras.com.do\/wp-content\/uploads\/2025\/05\/modelo.jpg?resize=700%2C400&ssl=1 2x"},"classes":[]},{"id":64776,"url":"https:\/\/lasprimeras.com.do\/index.php\/2023\/10\/23\/luis-abinader-encabeza-reunion-de-seguimiento-plan-de-seguridad\/","url_meta":{"origin":129175,"position":3},"title":"Luis Abinader encabeza reuni\u00f3n de seguimiento Plan de Seguridad","author":"BIMARY DE JES\u00daS Matos","date":"23 de octubre de 2023","format":false,"excerpt":"Por Martin Restituyo El presidente Luis Abinader encabez\u00f3 este lunes en el Palacio de la Polic\u00eda la reuni\u00f3n de cada lunes para el fortalecimiento del Plan de Seguridad Ciudadana. En el encuentro, que inici\u00f3 pasadas las 10:00 de la ma\u00f1ana, fueron evaluadas las tareas, logros y medidas para fortalecer la\u2026","rel":"","context":"En \u00abNACIONALES\u00bb","block_context":{"text":"NACIONALES","link":"https:\/\/lasprimeras.com.do\/index.php\/category\/nacionales\/"},"img":{"alt_text":"","src":"https:\/\/i0.wp.com\/lasprimeras.com.do\/wp-content\/uploads\/2023\/10\/WhatsApp-Image-2023-10-23-at-11.47.46-AM-5.jpeg?resize=350%2C200&ssl=1","width":350,"height":200,"srcset":"https:\/\/i0.wp.com\/lasprimeras.com.do\/wp-content\/uploads\/2023\/10\/WhatsApp-Image-2023-10-23-at-11.47.46-AM-5.jpeg?resize=350%2C200&ssl=1 1x, https:\/\/i0.wp.com\/lasprimeras.com.do\/wp-content\/uploads\/2023\/10\/WhatsApp-Image-2023-10-23-at-11.47.46-AM-5.jpeg?resize=525%2C300&ssl=1 1.5x, https:\/\/i0.wp.com\/lasprimeras.com.do\/wp-content\/uploads\/2023\/10\/WhatsApp-Image-2023-10-23-at-11.47.46-AM-5.jpeg?resize=700%2C400&ssl=1 2x, https:\/\/i0.wp.com\/lasprimeras.com.do\/wp-content\/uploads\/2023\/10\/WhatsApp-Image-2023-10-23-at-11.47.46-AM-5.jpeg?resize=1050%2C600&ssl=1 3x, https:\/\/i0.wp.com\/lasprimeras.com.do\/wp-content\/uploads\/2023\/10\/WhatsApp-Image-2023-10-23-at-11.47.46-AM-5.jpeg?resize=1400%2C800&ssl=1 4x"},"classes":[]},{"id":55692,"url":"https:\/\/lasprimeras.com.do\/index.php\/2023\/07\/24\/abinader-encabeza-reunion-de-seguimiento-de-la-seguridad-ciudadana-en-la-pn\/","url_meta":{"origin":129175,"position":4},"title":"Abinader encabeza reuni\u00f3n de seguimiento de la seguridad ciudadana en la PN","author":"Nelson Feliz","date":"24 de julio de 2023","format":false,"excerpt":"En estos momentos el presidente Luis Abinader encabeza la reuni\u00f3n de seguimiento al Plan de Seguridad Ciudadana en el Palacio de la Polic\u00eda Nacional. La reuni\u00f3n inicio pasada las 10 de la ma\u00f1ana en el Sal\u00f3n Club de Oficiales del Palacio de la Polic\u00eda Nacional. En compa\u00f1\u00eda del presidente Luis\u2026","rel":"","context":"En \u00abPORTADA\u00bb","block_context":{"text":"PORTADA","link":"https:\/\/lasprimeras.com.do\/index.php\/category\/portada\/"},"img":{"alt_text":"Ministerio Administrativo de la Presidencia","src":"https:\/\/i0.wp.com\/lasprimeras.com.do\/wp-content\/uploads\/2023\/06\/Presidencia-1.jpg?resize=350%2C200&ssl=1","width":350,"height":200,"srcset":"https:\/\/i0.wp.com\/lasprimeras.com.do\/wp-content\/uploads\/2023\/06\/Presidencia-1.jpg?resize=350%2C200&ssl=1 1x, https:\/\/i0.wp.com\/lasprimeras.com.do\/wp-content\/uploads\/2023\/06\/Presidencia-1.jpg?resize=525%2C300&ssl=1 1.5x, https:\/\/i0.wp.com\/lasprimeras.com.do\/wp-content\/uploads\/2023\/06\/Presidencia-1.jpg?resize=700%2C400&ssl=1 2x"},"classes":[]},{"id":56961,"url":"https:\/\/lasprimeras.com.do\/index.php\/2023\/08\/07\/vicepresidenta-pena-encabeza-reunion-sobre-seguridad-ciudadana\/","url_meta":{"origin":129175,"position":5},"title":"Vicepresidenta Pe\u00f1a encabeza reuni\u00f3n sobre seguridad ciudadana","author":"Nelson Feliz","date":"7 de agosto de 2023","format":false,"excerpt":"Es la segunda ocasi\u00f3n que la vicemandataria encabeza la reuni\u00f3n. Por Martin Restituyo La vicepresidenta Raquel Pe\u00f1a encabeza este lunes la reuni\u00f3n de seguimiento al Plan de Seguridad Ciudadana, en el Palacio de la Polic\u00eda Nacional. Estos encuentros, realizados por instrucciones del presidente Luis Abinader reafirman el compromiso del Gobierno\u2026","rel":"","context":"En \u00abNACIONALES\u00bb","block_context":{"text":"NACIONALES","link":"https:\/\/lasprimeras.com.do\/index.php\/category\/nacionales\/"},"img":{"alt_text":"Raquel Pe\u00f1a","src":"https:\/\/i0.wp.com\/lasprimeras.com.do\/wp-content\/uploads\/2023\/08\/Raquel-Pena.jpg?resize=350%2C200&ssl=1","width":350,"height":200,"srcset":"https:\/\/i0.wp.com\/lasprimeras.com.do\/wp-content\/uploads\/2023\/08\/Raquel-Pena.jpg?resize=350%2C200&ssl=1 1x, https:\/\/i0.wp.com\/lasprimeras.com.do\/wp-content\/uploads\/2023\/08\/Raquel-Pena.jpg?resize=525%2C300&ssl=1 1.5x, https:\/\/i0.wp.com\/lasprimeras.com.do\/wp-content\/uploads\/2023\/08\/Raquel-Pena.jpg?resize=700%2C400&ssl=1 2x"},"classes":[]}],"jetpack_sharing_enabled":true,"_links":{"self":[{"href":"https:\/\/lasprimeras.com.do\/index.php\/wp-json\/wp\/v2\/posts\/129175","targetHints":{"allow":["GET"]}}],"collection":[{"href":"https:\/\/lasprimeras.com.do\/index.php\/wp-json\/wp\/v2\/posts"}],"about":[{"href":"https:\/\/lasprimeras.com.do\/index.php\/wp-json\/wp\/v2\/types\/post"}],"author":[{"embeddable":true,"href":"https:\/\/lasprimeras.com.do\/index.php\/wp-json\/wp\/v2\/users\/10"}],"replies":[{"embeddable":true,"href":"https:\/\/lasprimeras.com.do\/index.php\/wp-json\/wp\/v2\/comments?post=129175"}],"version-history":[{"count":1,"href":"https:\/\/lasprimeras.com.do\/index.php\/wp-json\/wp\/v2\/posts\/129175\/revisions"}],"predecessor-version":[{"id":129177,"href":"https:\/\/lasprimeras.com.do\/index.php\/wp-json\/wp\/v2\/posts\/129175\/revisions\/129177"}],"wp:featuredmedia":[{"embeddable":true,"href":"https:\/\/lasprimeras.com.do\/index.php\/wp-json\/wp\/v2\/media\/129176"}],"wp:attachment":[{"href":"https:\/\/lasprimeras.com.do\/index.php\/wp-json\/wp\/v2\/media?parent=129175"}],"wp:term":[{"taxonomy":"category","embeddable":true,"href":"https:\/\/lasprimeras.com.do\/index.php\/wp-json\/wp\/v2\/categories?post=129175"},{"taxonomy":"post_tag","embeddable":true,"href":"https:\/\/lasprimeras.com.do\/index.php\/wp-json\/wp\/v2\/tags?post=129175"}],"curies":[{"name":"wp","href":"https:\/\/api.w.org\/{rel}","templated":true}]}}