{"id":129178,"date":"2026-04-30T09:38:15","date_gmt":"2026-04-30T13:38:15","guid":{"rendered":"https:\/\/lasprimeras.com.do\/?p=129178"},"modified":"2026-04-30T09:38:18","modified_gmt":"2026-04-30T13:38:18","slug":"dc-activa-evacuaciones-preventivas-en-provincias-bajo-alerta-por-lluvias","status":"publish","type":"post","link":"https:\/\/lasprimeras.com.do\/index.php\/2026\/04\/30\/dc-activa-evacuaciones-preventivas-en-provincias-bajo-alerta-por-lluvias\/","title":{"rendered":"DC activa evacuaciones preventivas en provincias bajo alerta por lluvias"},"content":{"rendered":"\n<p><br>\u00a0<br>La Defensa Civil despleg\u00f3 la noche de este mi\u00e9rcoles un amplio operativo de respuesta a las emergencias que se han registrado en varias provincias del pa\u00eds, por los efectos de una vaguada.<\/p>\n\n\n\n<p>Por disposici\u00f3n de su director ejecutivo, Juan Salas, el equipo brinda asistencia a varias familias cuyas viviendas resultaron afectadas por inundaciones urbanas en Dajab\u00f3n, espec\u00edficamente en el sector La Curva.<\/p>\n\n\n\n<p>De igual forma mantiene supervisiones en zonas vulnerables de Monse\u00f1or Nouel, La Vega, Espaillat, Monte Plata, Montecristi y Valverde, estas dos \u00faltimas declaradas en alerta roja.<\/p>\n\n\n\n<p>Salas recomend\u00f3 a la poblaci\u00f3n a no aventurarse a cruzar r\u00edos, arroyos o ca\u00f1adas y a reportar cualquier incidencia a trav\u00e9s de la aplicaci\u00f3n AlertaDO de la Defensa Civil.<\/p>\n\n\n\n<p>Tambi\u00e9n record\u00f3 que pueden comunicarse directamente al tel\u00e9fono de emergencias de la entidad el 809-472-8617<br><\/p>\n","protected":false},"excerpt":{"rendered":"<p>\u00a0La Defensa Civil despleg\u00f3 la noche de este mi\u00e9rcoles un amplio operativo de respuesta a las emergencias que se han registrado en varias provincias del pa\u00eds, por los efectos de&hellip;<\/p>\n","protected":false},"author":10,"featured_media":129179,"comment_status":"open","ping_status":"open","sticky":false,"template":"","format":"standard","meta":{"content-type":"","jetpack_post_was_ever_published":false,"_jetpack_newsletter_access":"","_jetpack_dont_email_post_to_subs":false,"_jetpack_newsletter_tier_id":0,"_jetpack_memberships_contains_paywalled_content":false,"_jetpack_memberships_contains_paid_content":false,"footnotes":""},"categories":[35],"tags":[3922,4359,1516,2130,6503],"class_list":["post-129178","post","type-post","status-publish","format-standard","has-post-thumbnail","hentry","category-nacionales","tag-defensa-civil","tag-evacuaciones","tag-inundaciones","tag-lluvias","tag-preventivas"],"jetpack_featured_media_url":"https:\/\/lasprimeras.com.do\/wp-content\/uploads\/2026\/04\/WhatsApp-Image-2026-04-29-at-23.24.02-3.jpeg","jetpack-related-posts":[{"id":112402,"url":"https:\/\/lasprimeras.com.do\/index.php\/2025\/10\/22\/defensa-civil-activa-provinciales-ante-posible-paso-de-tormenta-tropical-melissa-sobre-el-pais\/","url_meta":{"origin":129178,"position":0},"title":"Defensa Civil activa provinciales ante posible paso de tormenta tropical Melissa sobre el pa\u00eds","author":"Nelson Feliz","date":"22 de octubre de 2025","format":false,"excerpt":"La instituci\u00f3n cuenta con 2,800 albergues a nivel nacional, con capacidad para 588,249 personas. La Defensa Civil Dominicana reuni\u00f3 este martes a todos sus directores provinciales, con la finalidad de trazar las medidas de prevenci\u00f3n necesarias ante el posible paso de la tormenta tropical Melissa que se encuentra en aguas\u2026","rel":"","context":"En \u00abNACIONALES\u00bb","block_context":{"text":"NACIONALES","link":"https:\/\/lasprimeras.com.do\/index.php\/category\/nacionales\/"},"img":{"alt_text":"","src":"https:\/\/i0.wp.com\/lasprimeras.com.do\/wp-content\/uploads\/2025\/10\/Defensa-Civil-activa-provinciales-ante-posible-paso-de-tormenta-tropical-Melissa-sobre-el-pais.jpg?resize=350%2C200&ssl=1","width":350,"height":200,"srcset":"https:\/\/i0.wp.com\/lasprimeras.com.do\/wp-content\/uploads\/2025\/10\/Defensa-Civil-activa-provinciales-ante-posible-paso-de-tormenta-tropical-Melissa-sobre-el-pais.jpg?resize=350%2C200&ssl=1 1x, https:\/\/i0.wp.com\/lasprimeras.com.do\/wp-content\/uploads\/2025\/10\/Defensa-Civil-activa-provinciales-ante-posible-paso-de-tormenta-tropical-Melissa-sobre-el-pais.jpg?resize=525%2C300&ssl=1 1.5x, https:\/\/i0.wp.com\/lasprimeras.com.do\/wp-content\/uploads\/2025\/10\/Defensa-Civil-activa-provinciales-ante-posible-paso-de-tormenta-tropical-Melissa-sobre-el-pais.jpg?resize=700%2C400&ssl=1 2x"},"classes":[]},{"id":96965,"url":"https:\/\/lasprimeras.com.do\/index.php\/2025\/04\/13\/coe-pone-18-provincias-en-alerta\/","url_meta":{"origin":129178,"position":1},"title":"COE pone 18 provincias en alerta","author":"Nelson Feliz","date":"13 de abril de 2025","format":false,"excerpt":"Lluvias dejan comunidad incomunicada e inundaciones en PP El Centro de Operaciones de Emergencias (COE) inform\u00f3 que las lluvias provocadas por una activa vaguada seguir\u00e1n en el pa\u00eds y que se han registrado inundaciones, viviendas afectadas debido a la crecida de la ca\u00f1ada Los Llanos de P\u00e9rez, en sector el\u2026","rel":"","context":"En \u00abNACIONALES\u00bb","block_context":{"text":"NACIONALES","link":"https:\/\/lasprimeras.com.do\/index.php\/category\/nacionales\/"},"img":{"alt_text":"Tras las primeras horas de lluvia torrencial provocada por la tormenta Franklin, las calles de los barrios y las avenidas c\u00e9ntricas quedaron inundadas.JORGE_MARTINEZ","src":"https:\/\/i0.wp.com\/lasprimeras.com.do\/wp-content\/uploads\/2023\/08\/lluvias.jpeg?resize=350%2C200&ssl=1","width":350,"height":200,"srcset":"https:\/\/i0.wp.com\/lasprimeras.com.do\/wp-content\/uploads\/2023\/08\/lluvias.jpeg?resize=350%2C200&ssl=1 1x, https:\/\/i0.wp.com\/lasprimeras.com.do\/wp-content\/uploads\/2023\/08\/lluvias.jpeg?resize=525%2C300&ssl=1 1.5x, https:\/\/i0.wp.com\/lasprimeras.com.do\/wp-content\/uploads\/2023\/08\/lluvias.jpeg?resize=700%2C400&ssl=1 2x"},"classes":[]},{"id":58309,"url":"https:\/\/lasprimeras.com.do\/index.php\/2023\/08\/22\/coe-aumenta-a-25-las-provincias-en-alerta-roja-por-tormenta-franklin\/","url_meta":{"origin":129178,"position":2},"title":"COE aumenta a 25 las provincias en alerta roja por tormenta Franklin","author":"Nelson Feliz","date":"22 de agosto de 2023","format":false,"excerpt":"Durante la rueda de prensa el director del COE, Juan Manuel M\u00e9ndez, indic\u00f3 que se elev\u00f3 el nivel de alerta amarilla a roja a la provincia S\u00e1nchez Ram\u00edrez. El Centro de Operaciones de Emergencias (COE) inform\u00f3 que aumentaron a 25 provincias en alerta roja, y que colocaron siete en alerta\u2026","rel":"","context":"En \u00abNACIONALES\u00bb","block_context":{"text":"NACIONALES","link":"https:\/\/lasprimeras.com.do\/index.php\/category\/nacionales\/"},"img":{"alt_text":"","src":"https:\/\/i0.wp.com\/lasprimeras.com.do\/wp-content\/uploads\/2023\/08\/coe-25.jpeg?resize=350%2C200&ssl=1","width":350,"height":200,"srcset":"https:\/\/i0.wp.com\/lasprimeras.com.do\/wp-content\/uploads\/2023\/08\/coe-25.jpeg?resize=350%2C200&ssl=1 1x, https:\/\/i0.wp.com\/lasprimeras.com.do\/wp-content\/uploads\/2023\/08\/coe-25.jpeg?resize=525%2C300&ssl=1 1.5x, https:\/\/i0.wp.com\/lasprimeras.com.do\/wp-content\/uploads\/2023\/08\/coe-25.jpeg?resize=700%2C400&ssl=1 2x"},"classes":[]},{"id":107999,"url":"https:\/\/lasprimeras.com.do\/index.php\/2025\/09\/02\/voluntariado-defensa-civil-fortalece-tecnicas-de-rescate-basico-en-campamento-region-este\/","url_meta":{"origin":129178,"position":3},"title":"Voluntariado Defensa Civil fortalece t\u00e9cnicas de rescate b\u00e1sico en campamento regi\u00f3n este","author":"Nelson Feliz","date":"2 de septiembre de 2025","format":false,"excerpt":"La Defensa Civil dominicana desarroll\u00f3 en Hig\u00fcey el \u201cCampamento de Fortalecimiento de Capacidades Voluntarios y Voluntarias Defensa Civil Regi\u00f3n Este\u201d, un espacio de conocimiento e intercambio de experiencias desarrollado durante dos d\u00edas en la oficina provincial de la entidad naranja, en la provincia tur\u00edstica, con el apoyo de Global Support\u2026","rel":"","context":"En \u00abNACIONALES\u00bb","block_context":{"text":"NACIONALES","link":"https:\/\/lasprimeras.com.do\/index.php\/category\/nacionales\/"},"img":{"alt_text":"","src":"https:\/\/i0.wp.com\/lasprimeras.com.do\/wp-content\/uploads\/2025\/09\/campamentoRegion-Este.jpg?resize=350%2C200&ssl=1","width":350,"height":200,"srcset":"https:\/\/i0.wp.com\/lasprimeras.com.do\/wp-content\/uploads\/2025\/09\/campamentoRegion-Este.jpg?resize=350%2C200&ssl=1 1x, https:\/\/i0.wp.com\/lasprimeras.com.do\/wp-content\/uploads\/2025\/09\/campamentoRegion-Este.jpg?resize=525%2C300&ssl=1 1.5x, https:\/\/i0.wp.com\/lasprimeras.com.do\/wp-content\/uploads\/2025\/09\/campamentoRegion-Este.jpg?resize=700%2C400&ssl=1 2x"},"classes":[]},{"id":127855,"url":"https:\/\/lasprimeras.com.do\/index.php\/2026\/04\/16\/coe-aumenta-alertas-21-provincias-en-amarilla-y-7-en-verde-por-vaguada\/","url_meta":{"origin":129178,"position":4},"title":"COE aumenta alertas: 21 provincias en amarilla y 7 en verde por vaguada","author":"Nelson Feliz","date":"16 de abril de 2026","format":false,"excerpt":"El organismo de socorro exhort\u00f3 a la poblaci\u00f3n, especialmente a padres y tutores, a vigilar a los menores y evitar el uso de r\u00edos, arroyos y ca\u00f1adas con alto caudal El Centro de Operaciones de Emergencias (COE) elev\u00f3 la tarde de este jueves a 20 las provincias en alerta amarilla\u2026","rel":"","context":"En \u00abCLIMA\u00bb","block_context":{"text":"CLIMA","link":"https:\/\/lasprimeras.com.do\/index.php\/category\/clima\/"},"img":{"alt_text":"","src":"https:\/\/i0.wp.com\/lasprimeras.com.do\/wp-content\/uploads\/2025\/06\/Lluvias.jpg?resize=350%2C200&ssl=1","width":350,"height":200},"classes":[]},{"id":99033,"url":"https:\/\/lasprimeras.com.do\/index.php\/2025\/05\/16\/coe-aumenta-a-21-las-provincias-en-alerta-por-aguaceros\/","url_meta":{"origin":129178,"position":5},"title":"COE aumenta a 21 las provincias en alerta por aguaceros","author":"Nelson Feliz","date":"16 de mayo de 2025","format":false,"excerpt":"Indomet prev\u00e9 m\u00e1s lluvias. El Centro de Operaciones de Emergencias (COE) mantiene en alerta roja a tres provincias y al Distrito Nacional, eleva a 10 las demarcaciones en alerta amarilla y mantiene 7 en verde, debido a las condiciones meteorol\u00f3gicas generadas por una vaguada y un ambiente h\u00famedo que inciden\u2026","rel":"","context":"En \u00abNACIONALES\u00bb","block_context":{"text":"NACIONALES","link":"https:\/\/lasprimeras.com.do\/index.php\/category\/nacionales\/"},"img":{"alt_text":"","src":"https:\/\/i0.wp.com\/lasprimeras.com.do\/wp-content\/uploads\/2025\/05\/lluvias-1.jpg?resize=350%2C200&ssl=1","width":350,"height":200,"srcset":"https:\/\/i0.wp.com\/lasprimeras.com.do\/wp-content\/uploads\/2025\/05\/lluvias-1.jpg?resize=350%2C200&ssl=1 1x, https:\/\/i0.wp.com\/lasprimeras.com.do\/wp-content\/uploads\/2025\/05\/lluvias-1.jpg?resize=525%2C300&ssl=1 1.5x, https:\/\/i0.wp.com\/lasprimeras.com.do\/wp-content\/uploads\/2025\/05\/lluvias-1.jpg?resize=700%2C400&ssl=1 2x"},"classes":[]}],"jetpack_sharing_enabled":true,"_links":{"self":[{"href":"https:\/\/lasprimeras.com.do\/index.php\/wp-json\/wp\/v2\/posts\/129178","targetHints":{"allow":["GET"]}}],"collection":[{"href":"https:\/\/lasprimeras.com.do\/index.php\/wp-json\/wp\/v2\/posts"}],"about":[{"href":"https:\/\/lasprimeras.com.do\/index.php\/wp-json\/wp\/v2\/types\/post"}],"author":[{"embeddable":true,"href":"https:\/\/lasprimeras.com.do\/index.php\/wp-json\/wp\/v2\/users\/10"}],"replies":[{"embeddable":true,"href":"https:\/\/lasprimeras.com.do\/index.php\/wp-json\/wp\/v2\/comments?post=129178"}],"version-history":[{"count":1,"href":"https:\/\/lasprimeras.com.do\/index.php\/wp-json\/wp\/v2\/posts\/129178\/revisions"}],"predecessor-version":[{"id":129180,"href":"https:\/\/lasprimeras.com.do\/index.php\/wp-json\/wp\/v2\/posts\/129178\/revisions\/129180"}],"wp:featuredmedia":[{"embeddable":true,"href":"https:\/\/lasprimeras.com.do\/index.php\/wp-json\/wp\/v2\/media\/129179"}],"wp:attachment":[{"href":"https:\/\/lasprimeras.com.do\/index.php\/wp-json\/wp\/v2\/media?parent=129178"}],"wp:term":[{"taxonomy":"category","embeddable":true,"href":"https:\/\/lasprimeras.com.do\/index.php\/wp-json\/wp\/v2\/categories?post=129178"},{"taxonomy":"post_tag","embeddable":true,"href":"https:\/\/lasprimeras.com.do\/index.php\/wp-json\/wp\/v2\/tags?post=129178"}],"curies":[{"name":"wp","href":"https:\/\/api.w.org\/{rel}","templated":true}]}}