{"id":129181,"date":"2026-04-30T09:51:38","date_gmt":"2026-04-30T13:51:38","guid":{"rendered":"https:\/\/lasprimeras.com.do\/?p=129181"},"modified":"2026-04-30T09:51:41","modified_gmt":"2026-04-30T13:51:41","slug":"ejercito-intercepta-camion-con-indocumentados-en-mao-valverde","status":"publish","type":"post","link":"https:\/\/lasprimeras.com.do\/index.php\/2026\/04\/30\/ejercito-intercepta-camion-con-indocumentados-en-mao-valverde\/","title":{"rendered":"Ej\u00e9rcito intercepta cami\u00f3n con indocumentados en Mao, Valverde"},"content":{"rendered":"\n<p><em>El conductor del cami\u00f3n fue detenido luego de intentar escapar de los soldados del ERD; ser\u00e1 presentado ante el Ministerio P\u00fablico.<\/em><br>El Ej\u00e9rcito de Rep\u00fablica Dominicana (ERD) intercept\u00f3 un cami\u00f3n con nacionales haitianos en condici\u00f3n migratoria irregular y apres\u00f3 a un ciudadano dominicano que los transportaba, durante una intervenci\u00f3n realizada en el municipio de Mao, provincia Valverde.<\/p>\n\n\n\n<p>El veh\u00edculo era conducido por Terlin de Jes\u00fas Pe\u00f1a P\u00e9rez, quien transportaba en su interior a siete haitianos indocumentados, entre ellos una femenina, cinco masculinos y un menor de edad.<\/p>\n\n\n\n<p>Los soldados del ERD interceptaron el cami\u00f3n marca Daihatsu, modelo Delta, color blanco, en la calle Duarte, pr\u00f3ximo al puente San Rafael.<\/p>\n\n\n\n<p>El conductor del veh\u00edculo intent\u00f3 evadir la presencia militar, siendo posteriormente detenido por las autoridades actuantes.<\/p>\n\n\n\n<p>Los extranjeros indocumentados detenidos, junto al conductor y el veh\u00edculo, fueron trasladados a la sede de la 4ta. Brigada de Infanter\u00eda del ERD, donde se realizan los procedimientos correspondientes conforme a la Ley.<\/p>\n","protected":false},"excerpt":{"rendered":"<p>El conductor del cami\u00f3n fue detenido luego de intentar escapar de los soldados del ERD; ser\u00e1 presentado ante el Ministerio P\u00fablico.El Ej\u00e9rcito de Rep\u00fablica Dominicana (ERD) intercept\u00f3 un cami\u00f3n con&hellip;<\/p>\n","protected":false},"author":10,"featured_media":129182,"comment_status":"open","ping_status":"open","sticky":false,"template":"","format":"standard","meta":{"content-type":"","jetpack_post_was_ever_published":false,"_jetpack_newsletter_access":"","_jetpack_dont_email_post_to_subs":false,"_jetpack_newsletter_tier_id":0,"_jetpack_memberships_contains_paywalled_content":false,"_jetpack_memberships_contains_paid_content":false,"footnotes":""},"categories":[3057],"tags":[2916,73,2312,2913,2915],"class_list":["post-129181","post","type-post","status-publish","format-standard","has-post-thumbnail","hentry","category-militares","tag-camion","tag-ejercito","tag-indocumentados","tag-mao","tag-valverde"],"jetpack_featured_media_url":"https:\/\/lasprimeras.com.do\/wp-content\/uploads\/2026\/04\/IMG-20260430-WA0159.jpg","jetpack-related-posts":[{"id":114405,"url":"https:\/\/lasprimeras.com.do\/index.php\/2025\/11\/13\/ejercito-detiene-a-32-haitianos-indocumentados-en-dos-jeepetas-en-mao-valverde-video\/","url_meta":{"origin":129181,"position":0},"title":"Ej\u00e9rcito detiene a 32 haitianos indocumentados en dos jeepetas en Mao, Valverde \/ Video","author":"Nelson Feliz","date":"13 de noviembre de 2025","format":false,"excerpt":"Miembros del Ej\u00e9rcito de Rep\u00fablica Dominicana (ERD), detuvieron a 32 migrantes haitianos en condici\u00f3n migratoria irregular, durante dos operaciones realizadas en distintos sectores del municipio Mao, provincia Valverde. En un primer operativo, soldados del ERD patrullaban el sector Villa Ol\u00edmpica, donde fue detenida una jeepeta marca Jeep, color blanco, placa\u2026","rel":"","context":"En \u00abMILITARES\u00bb","block_context":{"text":"MILITARES","link":"https:\/\/lasprimeras.com.do\/index.php\/category\/militares\/"},"img":{"alt_text":"","src":"https:\/\/i0.wp.com\/lasprimeras.com.do\/wp-content\/uploads\/2025\/11\/haitianos.jpg?resize=350%2C200&ssl=1","width":350,"height":200,"srcset":"https:\/\/i0.wp.com\/lasprimeras.com.do\/wp-content\/uploads\/2025\/11\/haitianos.jpg?resize=350%2C200&ssl=1 1x, https:\/\/i0.wp.com\/lasprimeras.com.do\/wp-content\/uploads\/2025\/11\/haitianos.jpg?resize=525%2C300&ssl=1 1.5x, https:\/\/i0.wp.com\/lasprimeras.com.do\/wp-content\/uploads\/2025\/11\/haitianos.jpg?resize=700%2C400&ssl=1 2x"},"classes":[]},{"id":92230,"url":"https:\/\/lasprimeras.com.do\/index.php\/2025\/01\/01\/el-ejercito-detiene-a-69-haitianos-en-operativos-migratorios-de-fin-de-ano\/","url_meta":{"origin":129181,"position":1},"title":"El Ej\u00e9rcito detiene a 69 haitianos en operativos migratorios de fin de a\u00f1o","author":"Nelson Feliz","date":"1 de enero de 2025","format":false,"excerpt":"Unos 55 extranjeros indocumentados fueron sorprendidos mientras se desplazaban en la madrugada por zonas boscosas. Fueron detenidos 69 haitianos en condici\u00f3n migratoria irregular durante operativos realizados por patrullas del Ej\u00e9rcito dominicano en las provincias Valverde y Montecristi, entre el 31 de diciembre y las primeras horas del 1 de enero\u2026","rel":"","context":"En \u00abMILITARES\u00bb","block_context":{"text":"MILITARES","link":"https:\/\/lasprimeras.com.do\/index.php\/category\/militares\/"},"img":{"alt_text":"haitianos ilegales","src":"https:\/\/i0.wp.com\/lasprimeras.com.do\/wp-content\/uploads\/2023\/07\/WhatsApp-Image-2023-07-07-at-9.06.09-AM-1.jpeg?resize=350%2C200&ssl=1","width":350,"height":200,"srcset":"https:\/\/i0.wp.com\/lasprimeras.com.do\/wp-content\/uploads\/2023\/07\/WhatsApp-Image-2023-07-07-at-9.06.09-AM-1.jpeg?resize=350%2C200&ssl=1 1x, https:\/\/i0.wp.com\/lasprimeras.com.do\/wp-content\/uploads\/2023\/07\/WhatsApp-Image-2023-07-07-at-9.06.09-AM-1.jpeg?resize=525%2C300&ssl=1 1.5x"},"classes":[]},{"id":93787,"url":"https:\/\/lasprimeras.com.do\/index.php\/2025\/02\/20\/ejercito-detiene-6-personas-por-trafico-ilegal-de-haitianos\/","url_meta":{"origin":129181,"position":2},"title":"Ej\u00e9rcito detiene 6 personas por tr\u00e1fico ilegal de haitianos","author":"Nelson Feliz","date":"20 de febrero de 2025","format":false,"excerpt":"El Ej\u00e9rcito de la Rep\u00fablica Dominicana (ERD) detuvo a cinco dominicanos y un haitiano en operativos de interdicci\u00f3n realizados en Dajab\u00f3n, Santiago Rodr\u00edguez, Montecristi, Valverde y San Juan de la Maguana, cuando transportaban decenas de indocumentados en distintos veh\u00edculos. En el puesto de chequeo militar Las Caobas, provincia Santiago Rodr\u00edguez,\u2026","rel":"","context":"En \u00abMILITARES\u00bb","block_context":{"text":"MILITARES","link":"https:\/\/lasprimeras.com.do\/index.php\/category\/militares\/"},"img":{"alt_text":"","src":"https:\/\/i0.wp.com\/lasprimeras.com.do\/wp-content\/uploads\/2025\/02\/presos.png?resize=350%2C200&ssl=1","width":350,"height":200,"srcset":"https:\/\/i0.wp.com\/lasprimeras.com.do\/wp-content\/uploads\/2025\/02\/presos.png?resize=350%2C200&ssl=1 1x, https:\/\/i0.wp.com\/lasprimeras.com.do\/wp-content\/uploads\/2025\/02\/presos.png?resize=525%2C300&ssl=1 1.5x, https:\/\/i0.wp.com\/lasprimeras.com.do\/wp-content\/uploads\/2025\/02\/presos.png?resize=700%2C400&ssl=1 2x"},"classes":[]},{"id":95886,"url":"https:\/\/lasprimeras.com.do\/index.php\/2025\/03\/21\/interceptan-dos-jeepetas-con-31-indocumentados-en-san-juan-de-la-maguana\/","url_meta":{"origin":129181,"position":3},"title":"Interceptan dos jeepetas con 31 indocumentados en San Juan de la Maguana","author":"Nelson Feliz","date":"21 de marzo de 2025","format":false,"excerpt":"Tambi\u00e9n detienen a un dominicano y a un haitiano transportando a otros indocumentados en motocicletas en Montecristi. Durante la madrugada de este viernes, patrullas del Ej\u00e9rcito de Rep\u00fablica Dominicana interceptaron en la carretera San Juan-Azua, a dos jeepetas en las cuales eran transportados 31 nacionales haitianos en condici\u00f3n migratoria irregular.\u2026","rel":"","context":"En \u00abMILITARES\u00bb","block_context":{"text":"MILITARES","link":"https:\/\/lasprimeras.com.do\/index.php\/category\/militares\/"},"img":{"alt_text":"","src":"https:\/\/i0.wp.com\/lasprimeras.com.do\/wp-content\/uploads\/2025\/03\/presos.jpg?resize=350%2C200&ssl=1","width":350,"height":200,"srcset":"https:\/\/i0.wp.com\/lasprimeras.com.do\/wp-content\/uploads\/2025\/03\/presos.jpg?resize=350%2C200&ssl=1 1x, https:\/\/i0.wp.com\/lasprimeras.com.do\/wp-content\/uploads\/2025\/03\/presos.jpg?resize=525%2C300&ssl=1 1.5x, https:\/\/i0.wp.com\/lasprimeras.com.do\/wp-content\/uploads\/2025\/03\/presos.jpg?resize=700%2C400&ssl=1 2x"},"classes":[]},{"id":96019,"url":"https:\/\/lasprimeras.com.do\/index.php\/2025\/03\/24\/detienen-camionero-ocultaba-indocumentado-bajo-una-carga-de-sacos-en-valverde\/","url_meta":{"origin":129181,"position":4},"title":"Detienen camionero ocultaba indocumentado bajo una carga de sacos en Valverde","author":"Nelson Feliz","date":"24 de marzo de 2025","format":false,"excerpt":"Tambi\u00e9n detienen autob\u00fas de la ruta Jiman\u00ed-Santo Domingo con 11 inmigrantes indocumentados. Un camionero fue detenido por miembros del Ej\u00e9rcito de Rep\u00fablica Dominicana, cuando escond\u00eda a un ciudadano haitiano en condici\u00f3n migratoria irregular, debajo de una carga de sacos vac\u00edos en el municipio de Mao-Valverde. El detenido fue identificado como\u2026","rel":"","context":"En \u00abMILITARES\u00bb","block_context":{"text":"MILITARES","link":"https:\/\/lasprimeras.com.do\/index.php\/category\/militares\/"},"img":{"alt_text":"","src":"https:\/\/i0.wp.com\/lasprimeras.com.do\/wp-content\/uploads\/2025\/03\/UNA.jpg?resize=350%2C200&ssl=1","width":350,"height":200,"srcset":"https:\/\/i0.wp.com\/lasprimeras.com.do\/wp-content\/uploads\/2025\/03\/UNA.jpg?resize=350%2C200&ssl=1 1x, https:\/\/i0.wp.com\/lasprimeras.com.do\/wp-content\/uploads\/2025\/03\/UNA.jpg?resize=525%2C300&ssl=1 1.5x, https:\/\/i0.wp.com\/lasprimeras.com.do\/wp-content\/uploads\/2025\/03\/UNA.jpg?resize=700%2C400&ssl=1 2x"},"classes":[]},{"id":105395,"url":"https:\/\/lasprimeras.com.do\/index.php\/2025\/08\/03\/ejercito-detiene-a-18-haitianos-que-se-encontraban-ocultos-en-una-vivienda-en-mao\/","url_meta":{"origin":129181,"position":5},"title":"Ej\u00e9rcito detiene a 18 haitianos que se encontraban ocultos en una vivienda en Mao","author":"Nelson Feliz","date":"3 de agosto de 2025","format":false,"excerpt":"Una patrulla del Ej\u00e9rcito de Rep\u00fablica Dominicana, realiz\u00f3 un operativo en el municipio de Mao, provincia Valverde, durante el cual fueron detenidos dieciocho 18 nacionales haitianos en condici\u00f3n migratoria irregular. Los detenidos, 17 hombres y 1 mujer, se encontraban ocultos en una vivienda en el sector Piloto del referido municipio,\u2026","rel":"","context":"En \u00abMILITARES\u00bb","block_context":{"text":"MILITARES","link":"https:\/\/lasprimeras.com.do\/index.php\/category\/militares\/"},"img":{"alt_text":"","src":"https:\/\/i0.wp.com\/lasprimeras.com.do\/wp-content\/uploads\/2025\/08\/haitianos.jpg?resize=350%2C200&ssl=1","width":350,"height":200,"srcset":"https:\/\/i0.wp.com\/lasprimeras.com.do\/wp-content\/uploads\/2025\/08\/haitianos.jpg?resize=350%2C200&ssl=1 1x, https:\/\/i0.wp.com\/lasprimeras.com.do\/wp-content\/uploads\/2025\/08\/haitianos.jpg?resize=525%2C300&ssl=1 1.5x, https:\/\/i0.wp.com\/lasprimeras.com.do\/wp-content\/uploads\/2025\/08\/haitianos.jpg?resize=700%2C400&ssl=1 2x"},"classes":[]}],"jetpack_sharing_enabled":true,"_links":{"self":[{"href":"https:\/\/lasprimeras.com.do\/index.php\/wp-json\/wp\/v2\/posts\/129181","targetHints":{"allow":["GET"]}}],"collection":[{"href":"https:\/\/lasprimeras.com.do\/index.php\/wp-json\/wp\/v2\/posts"}],"about":[{"href":"https:\/\/lasprimeras.com.do\/index.php\/wp-json\/wp\/v2\/types\/post"}],"author":[{"embeddable":true,"href":"https:\/\/lasprimeras.com.do\/index.php\/wp-json\/wp\/v2\/users\/10"}],"replies":[{"embeddable":true,"href":"https:\/\/lasprimeras.com.do\/index.php\/wp-json\/wp\/v2\/comments?post=129181"}],"version-history":[{"count":1,"href":"https:\/\/lasprimeras.com.do\/index.php\/wp-json\/wp\/v2\/posts\/129181\/revisions"}],"predecessor-version":[{"id":129183,"href":"https:\/\/lasprimeras.com.do\/index.php\/wp-json\/wp\/v2\/posts\/129181\/revisions\/129183"}],"wp:featuredmedia":[{"embeddable":true,"href":"https:\/\/lasprimeras.com.do\/index.php\/wp-json\/wp\/v2\/media\/129182"}],"wp:attachment":[{"href":"https:\/\/lasprimeras.com.do\/index.php\/wp-json\/wp\/v2\/media?parent=129181"}],"wp:term":[{"taxonomy":"category","embeddable":true,"href":"https:\/\/lasprimeras.com.do\/index.php\/wp-json\/wp\/v2\/categories?post=129181"},{"taxonomy":"post_tag","embeddable":true,"href":"https:\/\/lasprimeras.com.do\/index.php\/wp-json\/wp\/v2\/tags?post=129181"}],"curies":[{"name":"wp","href":"https:\/\/api.w.org\/{rel}","templated":true}]}}