{"id":129184,"date":"2026-04-30T11:16:49","date_gmt":"2026-04-30T15:16:49","guid":{"rendered":"https:\/\/lasprimeras.com.do\/?p=129184"},"modified":"2026-04-30T11:16:50","modified_gmt":"2026-04-30T15:16:50","slug":"iglesia-de-jesucristo-entrega-kits-de-higiene-en-hospital-materno-infantil-de-los-mina","status":"publish","type":"post","link":"https:\/\/lasprimeras.com.do\/index.php\/2026\/04\/30\/iglesia-de-jesucristo-entrega-kits-de-higiene-en-hospital-materno-infantil-de-los-mina\/","title":{"rendered":"Iglesia de Jesucristo entrega kits de higiene en hospital materno infantil de Los Mina"},"content":{"rendered":"\n<p>La Iglesia de Jesucristo de los Santos de los \u00daltimos D\u00edas entreg\u00f3 un total de 200 kits de higiene personal a ni\u00f1os hospitalizados y sus familias en el Hospital Materno Infantil San Lorenzo de Los Mina, del municipio Santo Domingo Este.<\/p>\n\n\n\n<p>La iniciativa cont\u00f3 con la participaci\u00f3n de 13 hermanas, esposas de l\u00edderes de misi\u00f3n de distintos pa\u00edses del Caribe, junto a esposas de miembros de la presidencia de \u00e1rea, quienes unieron esfuerzos para llevar apoyo directo a familias de escasos recursos.<\/p>\n\n\n\n<p>Los kits incluyeron art\u00edculos esenciales como cepillos y pastas dentales, jab\u00f3n, desinfectante de manos, term\u00f3metro, crema y shampoo, con el objetivo de contribuir a la prevenci\u00f3n de infecciones, fomentar el cuidado personal y apoyar el bienestar de los pacientes y sus familiares.<\/p>\n\n\n\n<p>El Hospital Materno Infantil San Lorenzo de Los Mina es un centro especializado en salud materno infantil, que ofrece atenci\u00f3n cl\u00ednica y pedi\u00e1trica a una amplia poblaci\u00f3n en Santo Domingo Este.<\/p>\n\n\n\n<p>En representaci\u00f3n de las participantes, la hermana P\u00e9rez, de la Misi\u00f3n Caracas Venezuela, expres\u00f3: \u201cAgradecemos profundamente la labor que realiza el personal de salud en este centro. Su dedicaci\u00f3n y servicio inspiran este tipo de acciones, y para nosotras es una oportunidad de compartir amor y apoyo con quienes m\u00e1s lo necesitan en momentos dif\u00edciles\u201d.<\/p>\n\n\n\n<p>De su lado, la ginec\u00f3loga Estefany Garc\u00eda valor\u00f3 la iniciativa y se\u00f1al\u00f3: \u201cPara nosotros es un honor haber sido tomados en cuenta para esta donaci\u00f3n. Nuestros pacientes, en su mayor\u00eda de escasos recursos, realmente se beneficiar\u00e1n del uso de estos kits, que aportan al cuidado y bienestar durante su proceso de atenci\u00f3n\u201d.<\/p>\n\n\n\n<p>La jornada forma parte de las acciones de servicio comunitario que impulsa la Iglesia en la regi\u00f3n, orientadas a fortalecer el bienestar y la calidad de vida de las personas atendidas.<\/p>\n","protected":false},"excerpt":{"rendered":"<p>La Iglesia de Jesucristo de los Santos de los \u00daltimos D\u00edas entreg\u00f3 un total de 200 kits de higiene personal a ni\u00f1os hospitalizados y sus familias en el Hospital Materno&hellip;<\/p>\n","protected":false},"author":10,"featured_media":114850,"comment_status":"open","ping_status":"open","sticky":false,"template":"","format":"standard","meta":{"content-type":"","jetpack_post_was_ever_published":false,"_jetpack_newsletter_access":"","_jetpack_dont_email_post_to_subs":false,"_jetpack_newsletter_tier_id":0,"_jetpack_memberships_contains_paywalled_content":false,"_jetpack_memberships_contains_paid_content":false,"footnotes":""},"categories":[16558],"tags":[7088],"class_list":["post-129184","post","type-post","status-publish","format-standard","has-post-thumbnail","hentry","category-salud","tag-iglesia-de-jesucristo"],"jetpack_featured_media_url":"https:\/\/lasprimeras.com.do\/wp-content\/uploads\/2025\/11\/Maternidad-San-Lorenzo-de-Los-Mina.jpg","jetpack-related-posts":[{"id":61761,"url":"https:\/\/lasprimeras.com.do\/index.php\/2023\/09\/30\/la-iglesia-de-jesucristo-celebra-tercera-edicion-del-premio-de-valores-familiares-2023\/","url_meta":{"origin":129184,"position":0},"title":"La Iglesia de Jesucristo celebra tercera edici\u00f3n del Premio de Valores Familiares 2023","author":"Nelson Feliz","date":"30 de septiembre de 2023","format":false,"excerpt":"La Iglesia de Jesucristo de los Santos de los \u00daltimos D\u00edas en Rep\u00fablica Dominicana llev\u00f3 a cabo la tercera edici\u00f3n del Premio de Valores Familiares 2023. Un evento que honra a aquellos que, a trav\u00e9s de sus vidas y contribuciones, han desempe\u00f1ado un papel fundamental en la promoci\u00f3n de la\u2026","rel":"","context":"En \u00abENTRETENIMIENTO\u00bb","block_context":{"text":"ENTRETENIMIENTO","link":"https:\/\/lasprimeras.com.do\/index.php\/category\/entretenimiento\/"},"img":{"alt_text":"La Iglesia de Jesucristo de los Santos de los \u00daltimos D\u00edas","src":"https:\/\/i0.wp.com\/lasprimeras.com.do\/wp-content\/uploads\/2023\/09\/Iglesia.jpg?resize=350%2C200&ssl=1","width":350,"height":200,"srcset":"https:\/\/i0.wp.com\/lasprimeras.com.do\/wp-content\/uploads\/2023\/09\/Iglesia.jpg?resize=350%2C200&ssl=1 1x, https:\/\/i0.wp.com\/lasprimeras.com.do\/wp-content\/uploads\/2023\/09\/Iglesia.jpg?resize=525%2C300&ssl=1 1.5x, https:\/\/i0.wp.com\/lasprimeras.com.do\/wp-content\/uploads\/2023\/09\/Iglesia.jpg?resize=700%2C400&ssl=1 2x"},"classes":[]},{"id":61395,"url":"https:\/\/lasprimeras.com.do\/index.php\/2023\/09\/26\/edison-feliz-visita-el-materno-infantil-de-los-mina-en-acciones-lucha-contra-el-dengue\/","url_meta":{"origin":129184,"position":1},"title":"Edison F\u00e9liz visita el &#8220;Materno Infantil de Los Mina&#8221; en acciones lucha contra el dengue","author":"Nelson Feliz","date":"26 de septiembre de 2023","format":false,"excerpt":"El director general del Hospital Materno Infantil San Lorenzo de Los Mina, doctor Armando Camejo, recibi\u00f3 la visita del doctor Edison F\u00e9liz F\u00e9liz, director del Servicio Regional de Salud Metropolitano, en un encuentro para evaluar procesos y fortalecer al personal pedi\u00e1trico que batalla contra el dengue. Feliz alert\u00f3 a los\u2026","rel":"","context":"En \u00abSin categor\u00eda\u00bb","block_context":{"text":"Sin categor\u00eda","link":"https:\/\/lasprimeras.com.do\/index.php\/category\/sin-categoria\/"},"img":{"alt_text":"Edison F\u00e9liz","src":"https:\/\/i0.wp.com\/lasprimeras.com.do\/wp-content\/uploads\/2023\/09\/Edison-Feliz.jpg?resize=350%2C200&ssl=1","width":350,"height":200,"srcset":"https:\/\/i0.wp.com\/lasprimeras.com.do\/wp-content\/uploads\/2023\/09\/Edison-Feliz.jpg?resize=350%2C200&ssl=1 1x, https:\/\/i0.wp.com\/lasprimeras.com.do\/wp-content\/uploads\/2023\/09\/Edison-Feliz.jpg?resize=525%2C300&ssl=1 1.5x, https:\/\/i0.wp.com\/lasprimeras.com.do\/wp-content\/uploads\/2023\/09\/Edison-Feliz.jpg?resize=700%2C400&ssl=1 2x"},"classes":[]},{"id":95465,"url":"https:\/\/lasprimeras.com.do\/index.php\/2025\/03\/13\/propeep-entrega-kits-de-higiene-y-otros-insumos-al-centro-de-rehabilitacion-psicosocial-en-pedro-brand\/","url_meta":{"origin":129184,"position":2},"title":"Propeep entrega kits de higiene y otros insumos al Centro de Rehabilitaci\u00f3n Psicosocial en Pedro Brand","author":"Nelson Feliz","date":"13 de marzo de 2025","format":false,"excerpt":"Previo a la visita al centro de salud, el director general Robert Polanco encabez\u00f3 una jornada de inclusi\u00f3n social \"Primero T\u00fa\", en Cristo Rey, del Distrito Nacional. El director de los Programas Estrat\u00e9gicos y Especiales de la Presidencia (Propeep), Robert Polanco, encabez\u00f3 este mi\u00e9rcoles la entrega de kits de higiene\u2026","rel":"","context":"En \u00abNACIONALES\u00bb","block_context":{"text":"NACIONALES","link":"https:\/\/lasprimeras.com.do\/index.php\/category\/nacionales\/"},"img":{"alt_text":"","src":"https:\/\/i0.wp.com\/lasprimeras.com.do\/wp-content\/uploads\/2025\/03\/Robert-Polanco-1-1.jpg?resize=350%2C200&ssl=1","width":350,"height":200,"srcset":"https:\/\/i0.wp.com\/lasprimeras.com.do\/wp-content\/uploads\/2025\/03\/Robert-Polanco-1-1.jpg?resize=350%2C200&ssl=1 1x, https:\/\/i0.wp.com\/lasprimeras.com.do\/wp-content\/uploads\/2025\/03\/Robert-Polanco-1-1.jpg?resize=525%2C300&ssl=1 1.5x, https:\/\/i0.wp.com\/lasprimeras.com.do\/wp-content\/uploads\/2025\/03\/Robert-Polanco-1-1.jpg?resize=700%2C400&ssl=1 2x"},"classes":[]},{"id":85930,"url":"https:\/\/lasprimeras.com.do\/index.php\/2024\/07\/13\/ministerio-de-salud-entrega-al-sns-cunas-e-incubadoras-para-fortalecer-la-atencion-neonatal\/","url_meta":{"origin":129184,"position":3},"title":"Ministerio de Salud entrega al SNS cunas e incubadoras para fortalecer la atenci\u00f3n neonatal","author":"Nelson Feliz","date":"13 de julio de 2024","format":false,"excerpt":"Los equipos,\u00a0 donados\u00a0 por la Iglesia de Jesucristo de los Santos de los \u00daltimos D\u00edas, servir\u00e1n para beneficiar a reci\u00e9n nacidos y reducir la mortalidad neonatal. El Ministerio de Salud P\u00fablica y Asistencia Social entreg\u00f3 al Servicio Nacional de Salud 100 incubadoras y 80 cunas para neonatos, que ser\u00e1n utilizadas\u2026","rel":"","context":"En \u00abSin categor\u00eda\u00bb","block_context":{"text":"Sin categor\u00eda","link":"https:\/\/lasprimeras.com.do\/index.php\/category\/sin-categoria\/"},"img":{"alt_text":"","src":"https:\/\/i0.wp.com\/lasprimeras.com.do\/wp-content\/uploads\/2024\/07\/salud.jpg?resize=350%2C200&ssl=1","width":350,"height":200,"srcset":"https:\/\/i0.wp.com\/lasprimeras.com.do\/wp-content\/uploads\/2024\/07\/salud.jpg?resize=350%2C200&ssl=1 1x, https:\/\/i0.wp.com\/lasprimeras.com.do\/wp-content\/uploads\/2024\/07\/salud.jpg?resize=525%2C300&ssl=1 1.5x"},"classes":[]},{"id":118652,"url":"https:\/\/lasprimeras.com.do\/index.php\/2026\/01\/01\/cuatro-nacimientos-marcan-el-inicio-del-2026-en-hospitales-del-pais\/","url_meta":{"origin":129184,"position":4},"title":"Cuatro nacimientos marcan el inicio del 2026 en hospitales del pa\u00eds","author":"Nelson Feliz","date":"1 de enero de 2026","format":false,"excerpt":"Una de las madres tiene 16 a\u00f1os de edad Cuatro j\u00f3venes con edades de 16 , 19 y 32 a\u00f1os se convirtieron en padres en las primeras horas de este primero de enero en las maternidades de Los Mina, La Altagracia y hospital Materno Infantil doctor Reynaldo Alm\u00e1nzar. Rodolfo Marino\u2026","rel":"","context":"En \u00abSALUD\u00bb","block_context":{"text":"SALUD","link":"https:\/\/lasprimeras.com.do\/index.php\/category\/salud\/"},"img":{"alt_text":"","src":"https:\/\/i0.wp.com\/lasprimeras.com.do\/wp-content\/uploads\/2026\/01\/emerge.jpg?resize=350%2C200&ssl=1","width":350,"height":200},"classes":[]},{"id":89244,"url":"https:\/\/lasprimeras.com.do\/index.php\/2024\/09\/20\/premio-de-valores-familiares-2024-un-reconocimiento-a-la-familia-como-pilar-de-la-sociedad\/","url_meta":{"origin":129184,"position":5},"title":"Premio de Valores Familiares 2024: Un reconocimiento a la familia como pilar de la sociedad","author":"Paola Castillo","date":"20 de septiembre de 2024","format":false,"excerpt":"Santo Domingo, RD \u2013 Por cuarto a\u00f1o consecutivo, La Iglesia de Jesucristo de los Santos de los \u00daltimos D\u00edas llev\u00f3 a cabo el Premio de Valores Familiares, un reconocimiento que realiza la entidad religiosa con el objetivo de destacar el papel de la familia como el primer entorno donde se\u2026","rel":"","context":"En \u00abNACIONALES\u00bb","block_context":{"text":"NACIONALES","link":"https:\/\/lasprimeras.com.do\/index.php\/category\/nacionales\/"},"img":{"alt_text":"","src":"https:\/\/i0.wp.com\/lasprimeras.com.do\/wp-content\/uploads\/2024\/09\/WhatsApp-Image-2024-09-20-at-2.42.42-PM.jpeg?resize=350%2C200&ssl=1","width":350,"height":200,"srcset":"https:\/\/i0.wp.com\/lasprimeras.com.do\/wp-content\/uploads\/2024\/09\/WhatsApp-Image-2024-09-20-at-2.42.42-PM.jpeg?resize=350%2C200&ssl=1 1x, https:\/\/i0.wp.com\/lasprimeras.com.do\/wp-content\/uploads\/2024\/09\/WhatsApp-Image-2024-09-20-at-2.42.42-PM.jpeg?resize=525%2C300&ssl=1 1.5x, https:\/\/i0.wp.com\/lasprimeras.com.do\/wp-content\/uploads\/2024\/09\/WhatsApp-Image-2024-09-20-at-2.42.42-PM.jpeg?resize=700%2C400&ssl=1 2x, https:\/\/i0.wp.com\/lasprimeras.com.do\/wp-content\/uploads\/2024\/09\/WhatsApp-Image-2024-09-20-at-2.42.42-PM.jpeg?resize=1050%2C600&ssl=1 3x, https:\/\/i0.wp.com\/lasprimeras.com.do\/wp-content\/uploads\/2024\/09\/WhatsApp-Image-2024-09-20-at-2.42.42-PM.jpeg?resize=1400%2C800&ssl=1 4x"},"classes":[]}],"jetpack_sharing_enabled":true,"_links":{"self":[{"href":"https:\/\/lasprimeras.com.do\/index.php\/wp-json\/wp\/v2\/posts\/129184","targetHints":{"allow":["GET"]}}],"collection":[{"href":"https:\/\/lasprimeras.com.do\/index.php\/wp-json\/wp\/v2\/posts"}],"about":[{"href":"https:\/\/lasprimeras.com.do\/index.php\/wp-json\/wp\/v2\/types\/post"}],"author":[{"embeddable":true,"href":"https:\/\/lasprimeras.com.do\/index.php\/wp-json\/wp\/v2\/users\/10"}],"replies":[{"embeddable":true,"href":"https:\/\/lasprimeras.com.do\/index.php\/wp-json\/wp\/v2\/comments?post=129184"}],"version-history":[{"count":1,"href":"https:\/\/lasprimeras.com.do\/index.php\/wp-json\/wp\/v2\/posts\/129184\/revisions"}],"predecessor-version":[{"id":129185,"href":"https:\/\/lasprimeras.com.do\/index.php\/wp-json\/wp\/v2\/posts\/129184\/revisions\/129185"}],"wp:featuredmedia":[{"embeddable":true,"href":"https:\/\/lasprimeras.com.do\/index.php\/wp-json\/wp\/v2\/media\/114850"}],"wp:attachment":[{"href":"https:\/\/lasprimeras.com.do\/index.php\/wp-json\/wp\/v2\/media?parent=129184"}],"wp:term":[{"taxonomy":"category","embeddable":true,"href":"https:\/\/lasprimeras.com.do\/index.php\/wp-json\/wp\/v2\/categories?post=129184"},{"taxonomy":"post_tag","embeddable":true,"href":"https:\/\/lasprimeras.com.do\/index.php\/wp-json\/wp\/v2\/tags?post=129184"}],"curies":[{"name":"wp","href":"https:\/\/api.w.org\/{rel}","templated":true}]}}