{"id":129187,"date":"2026-04-30T11:39:10","date_gmt":"2026-04-30T15:39:10","guid":{"rendered":"https:\/\/lasprimeras.com.do\/?p=129187"},"modified":"2026-04-30T11:39:13","modified_gmt":"2026-04-30T15:39:13","slug":"conescyt-aprueba-reforma-educativa-y-nuevas-ofertas-academicas-en-rd","status":"publish","type":"post","link":"https:\/\/lasprimeras.com.do\/index.php\/2026\/04\/30\/conescyt-aprueba-reforma-educativa-y-nuevas-ofertas-academicas-en-rd\/","title":{"rendered":"CONESCyT aprueba reforma educativa y nuevas ofertas acad\u00e9micas en RD"},"content":{"rendered":"\n<p>El Consejo Nacional de Educaci\u00f3n Superior, Ciencia y Tecnolog\u00eda (CONESCyT) aprob\u00f3 por consenso y unanimidad los trabajos correspondientes a la reforma educativa impulsada por el Gobierno dominicano,durante su primera sesi\u00f3n ordinaria celebrada el 28 de abril de 2026.<\/p>\n\n\n\n<p>La actividad fue presidida por el ministro de Educaci\u00f3n Superior, Ciencia y Tecnolog\u00eda, Rafael Santos Bad\u00eda.<\/p>\n\n\n\n<p>Esta decisi\u00f3n constituye un paso estrat\u00e9gico para la transformaci\u00f3n del sistema de educaci\u00f3n superior nacional, alineado con la necesidad de responder de manera efectiva a los desaf\u00edos del contexto global, caracterizado por profundos cambios geopol\u00edticos, acelerados avances tecnol\u00f3gicos y nuevas din\u00e1micas econ\u00f3micas.<\/p>\n\n\n\n<p>En el marco de esta sesi\u00f3n, el CONESCyT tambi\u00e9n aprob\u00f3 la incorporaci\u00f3n de nuevas ofertas acad\u00e9micas, incluyendo programas t\u00e9cnicos superiores, licenciaturas y maestr\u00edas.<\/p>\n\n\n\n<p>Entre las propuestas aprobadas se destacan el T\u00e9cnico Superior en Animaci\u00f3n Digital, del Instituto Tecnol\u00f3gico de Las Am\u00e9ricas, y el T\u00e9cnico Superior en Agrimensura, de la Universidad Agroforestal Fernando Arturo de Meri\u00f1o (UAFAM).<\/p>\n\n\n\n<p>Asimismo, fueron autorizados programas acad\u00e9micos en Dise\u00f1o de Moda y Dise\u00f1o de Interiores, este \u00faltimo impulsado por el Instituto T\u00e9cnico Superior Mercy Jacquez (ITESUMJ).<\/p>\n\n\n\n<p>Durante su intervenci\u00f3n, el ministro Rafael Santos Bad\u00eda resalt\u00f3 la importancia de avanzar hacia la construcci\u00f3n de un modelo educativo propio, contextualizado a las realidades y necesidades del pa\u00eds, que fortalezca la generaci\u00f3n, el uso y la difusi\u00f3n del conocimiento.<\/p>\n\n\n\n<p>\u201cNosotros necesitamos construir un sistema educativo que ense\u00f1e conocimiento, que ense\u00f1e a la gente a utilizar el conocimiento y que ense\u00f1e a difundirlo\u201d, expres\u00f3.<\/p>\n\n\n\n<p>En ese sentido, se\u00f1al\u00f3 que el sistema educativo nacional debe responder de manera proactiva a las transformaciones que se producen en el \u00e1mbito internacional, promoviendo una formaci\u00f3n pertinente que garantice la preparaci\u00f3n integral del capital humano dominicano.<\/p>\n\n\n\n<p>Asimismo, destac\u00f3 la necesidad de una educaci\u00f3n orientada a la empleabilidad, la innovaci\u00f3n y el desarrollo de competencias relevantes, a fin de asegurar que los egresados del sistema de educaci\u00f3n superior cuenten con las capacidades necesarias para su inserci\u00f3n efectiva en el mercado laboral actual y futuro.<\/p>\n\n\n\n<p>El ministro subray\u00f3 que la reforma educativa aprobada tiene como ejes fundamentales el fortalecimiento de la investigaci\u00f3n, la ciencia y la tecnolog\u00eda, as\u00ed como la consolidaci\u00f3n de un sistema de educaci\u00f3n superior m\u00e1s articulado, eficiente y orientado al desarrollo sostenible de Rep\u00fablica Dominicana.<\/p>\n\n\n\n<p>La sesi\u00f3n del CONESCyT cont\u00f3 con la participaci\u00f3n de sus miembros, presididos por el ministro Santos Bad\u00eda, e integrados por el padre Isaac Garc\u00eda, Wendy Ram\u00edrez, Jos\u00e9 Ram\u00f3n Hongu\u00edn, el reverendo Cecilio Espinal, Jos\u00e9 Leandro Aibar, Jos\u00e9 Hazin, Radham\u00e9s Silverio, V\u00e1zquez Espinoza, Yahaira Rosa, Yolanda Salazar, C\u00e9sar Guzm\u00e1n, Minerva Emilia Pereira, Osmar Olivo, Edison Franco, Israel Contreras, Modesto Cruz, Eladio Arnaud, Odalis Guillermo, Radham\u00e9s Mej\u00eda, Ram\u00f3n S\u00e1nchez, Francisco Viloria, Carmen Molina, Paula Disla, Otto Vargas, Genaro Rodr\u00edguez, Carmen Evaristo y \u00d3scar Amarg\u00f3s.<\/p>\n\n\n\n<p>La aprobaci\u00f3n de la reforma educativa y de la nueva oferta acad\u00e9mica se realiz\u00f3 conforme a los principios y mecanismos democr\u00e1ticos establecidos en el seno del Consejo, consolidando un proceso orientado a sentar las bases de una transformaci\u00f3n estructural y sostenible del sistema de educaci\u00f3n superior dominicano.<\/p>\n","protected":false},"excerpt":{"rendered":"<p>El Consejo Nacional de Educaci\u00f3n Superior, Ciencia y Tecnolog\u00eda (CONESCyT) aprob\u00f3 por consenso y unanimidad los trabajos correspondientes a la reforma educativa impulsada por el Gobierno dominicano,durante su primera sesi\u00f3n&hellip;<\/p>\n","protected":false},"author":10,"featured_media":129188,"comment_status":"open","ping_status":"open","sticky":false,"template":"","format":"standard","meta":{"content-type":"","jetpack_post_was_ever_published":false,"_jetpack_newsletter_access":"","_jetpack_dont_email_post_to_subs":false,"_jetpack_newsletter_tier_id":0,"_jetpack_memberships_contains_paywalled_content":false,"_jetpack_memberships_contains_paid_content":false,"footnotes":""},"categories":[35],"tags":[32852],"class_list":["post-129187","post","type-post","status-publish","format-standard","has-post-thumbnail","hentry","category-nacionales","tag-conescyt"],"jetpack_featured_media_url":"https:\/\/lasprimeras.com.do\/wp-content\/uploads\/2026\/04\/IMG-20260430-WA0242-scaled.jpg","jetpack-related-posts":[{"id":56146,"url":"https:\/\/lasprimeras.com.do\/index.php\/2023\/07\/28\/mescyt-aprueba-a-unanimidad-ensenanza-de-la-constitucion-en-las-universidades-del-pais\/","url_meta":{"origin":129187,"position":0},"title":"MESCYT aprueba a unanimidad ense\u00f1anza de la Constituci\u00f3n en las universidades del pa\u00eds","author":"Nelson Feliz","date":"28 de julio de 2023","format":false,"excerpt":"El Ministerio de Educaci\u00f3n Superior, Ciencia y Tecnolog\u00eda (Mescyt), a trav\u00e9s del Consejo Nacional de Educaci\u00f3n Superior (Conescyt), aprob\u00f3 con unanimidad de votos la ense\u00f1anza de la Constituci\u00f3n en las Instituciones de Educaci\u00f3n Superior (IES) en presencia del presidente del Tribunal Constitucional de la Rep\u00fablica Dominicana, Milton Ray Guevara. Durante\u2026","rel":"","context":"En \u00abNACIONALES\u00bb","block_context":{"text":"NACIONALES","link":"https:\/\/lasprimeras.com.do\/index.php\/category\/nacionales\/"},"img":{"alt_text":"mescyt","src":"https:\/\/i0.wp.com\/lasprimeras.com.do\/wp-content\/uploads\/2023\/07\/mescyt-2.jpg?resize=350%2C200&ssl=1","width":350,"height":200,"srcset":"https:\/\/i0.wp.com\/lasprimeras.com.do\/wp-content\/uploads\/2023\/07\/mescyt-2.jpg?resize=350%2C200&ssl=1 1x, https:\/\/i0.wp.com\/lasprimeras.com.do\/wp-content\/uploads\/2023\/07\/mescyt-2.jpg?resize=525%2C300&ssl=1 1.5x, https:\/\/i0.wp.com\/lasprimeras.com.do\/wp-content\/uploads\/2023\/07\/mescyt-2.jpg?resize=700%2C400&ssl=1 2x"},"classes":[]},{"id":70459,"url":"https:\/\/lasprimeras.com.do\/index.php\/2023\/12\/11\/mescyt-aprueba-reclasificacion-de-la-unade-que-paso-de-instituto-a-universidad\/","url_meta":{"origin":129187,"position":1},"title":"MESCyT aprueba reclasificaci\u00f3n de la UNADE que pas\u00f3 de instituto a universidad","author":"Nelson Feliz","date":"11 de diciembre de 2023","format":false,"excerpt":"Por Martin Restituyo El titular del Ministerio de Educaci\u00f3n Superior, Ciencia y Tecnolog\u00eda, doctor Franklin Garc\u00eda Ferm\u00edn, dio lectura a la resoluci\u00f3n No. 31-2023, del Consejo Nacional de Educaci\u00f3n Superior Ciencias y Tecnolog\u00edas (CONESCyT), donde se aprueba la reclasificaci\u00f3n de la UNADE. Posteriormente se entreg\u00f3 a la vicepresidenta de la\u2026","rel":"","context":"En \u00abNACIONALES\u00bb","block_context":{"text":"NACIONALES","link":"https:\/\/lasprimeras.com.do\/index.php\/category\/nacionales\/"},"img":{"alt_text":"MESCyT","src":"https:\/\/i0.wp.com\/lasprimeras.com.do\/wp-content\/uploads\/2023\/12\/Raquel-Pena-1.jpg?resize=350%2C200&ssl=1","width":350,"height":200,"srcset":"https:\/\/i0.wp.com\/lasprimeras.com.do\/wp-content\/uploads\/2023\/12\/Raquel-Pena-1.jpg?resize=350%2C200&ssl=1 1x, https:\/\/i0.wp.com\/lasprimeras.com.do\/wp-content\/uploads\/2023\/12\/Raquel-Pena-1.jpg?resize=525%2C300&ssl=1 1.5x, https:\/\/i0.wp.com\/lasprimeras.com.do\/wp-content\/uploads\/2023\/12\/Raquel-Pena-1.jpg?resize=700%2C400&ssl=1 2x"},"classes":[]},{"id":86790,"url":"https:\/\/lasprimeras.com.do\/index.php\/2024\/08\/01\/jose-ramon-holguin-brito-asume-como-nuevo-rector-del-itsc\/","url_meta":{"origin":129187,"position":2},"title":"Jos\u00e9 Ram\u00f3n Holgu\u00edn Brito asume como nuevo rector del ITSC","author":"Nelson Feliz","date":"1 de agosto de 2024","format":false,"excerpt":"El doctor Jos\u00e9 Ram\u00f3n Holgu\u00edn Brito, tom\u00f3 posesi\u00f3n como nuevo rector del Instituto T\u00e9cnico Superior Comunitario (ITSC), sustituyendo al Lic. Pedro Antonio Quezada Cepeda, resultado del decreto n\u00famero 405-24, emitido por el presidente Luis Abinader. Durante el acto protocolar, realizado en el Sal\u00f3n de Juntas del primer y \u00fanico community\u2026","rel":"","context":"En \u00abNACIONALES\u00bb","block_context":{"text":"NACIONALES","link":"https:\/\/lasprimeras.com.do\/index.php\/category\/nacionales\/"},"img":{"alt_text":"Jos\u00e9 Ram\u00f3n Holgu\u00edn Brito","src":"https:\/\/i0.wp.com\/lasprimeras.com.do\/wp-content\/uploads\/2024\/08\/Jose-Ramon-Holguin-Brito-1.jpg?resize=350%2C200&ssl=1","width":350,"height":200,"srcset":"https:\/\/i0.wp.com\/lasprimeras.com.do\/wp-content\/uploads\/2024\/08\/Jose-Ramon-Holguin-Brito-1.jpg?resize=350%2C200&ssl=1 1x, https:\/\/i0.wp.com\/lasprimeras.com.do\/wp-content\/uploads\/2024\/08\/Jose-Ramon-Holguin-Brito-1.jpg?resize=525%2C300&ssl=1 1.5x"},"classes":[]},{"id":85266,"url":"https:\/\/lasprimeras.com.do\/index.php\/2024\/06\/26\/unicaribe-lanza-primer-programa-tecnico-superior-en-tecnologia-de-semiconductores-en-rd\/","url_meta":{"origin":129187,"position":3},"title":"UNICARIBE lanza primer programa T\u00e9cnico Superior en Tecnolog\u00eda de Semiconductores en RD","author":"Nelson Feliz","date":"26 de junio de 2024","format":false,"excerpt":"La iniciativa busca formar profesionales altamente capacitados en una industria crucial para la innovaci\u00f3n tecnol\u00f3gica global. Por Rose Mary Santana La Universidad del Caribe (UNICARIBE) present\u00f3 ante el\u00a0 Ministerio de Educaci\u00f3n Superior Ciencia y Tecnolog\u00eda MESCYT, el primer programa de T\u00e9cnico Superior en Tecnolog\u00eda de Semiconductores en la Rep\u00fablica Dominicana.\u2026","rel":"","context":"En \u00abNACIONALES\u00bb","block_context":{"text":"NACIONALES","link":"https:\/\/lasprimeras.com.do\/index.php\/category\/nacionales\/"},"img":{"alt_text":"UNICARIBE","src":"https:\/\/i0.wp.com\/lasprimeras.com.do\/wp-content\/uploads\/2024\/06\/UNICARIBE-1.jpg?resize=350%2C200&ssl=1","width":350,"height":200,"srcset":"https:\/\/i0.wp.com\/lasprimeras.com.do\/wp-content\/uploads\/2024\/06\/UNICARIBE-1.jpg?resize=350%2C200&ssl=1 1x, https:\/\/i0.wp.com\/lasprimeras.com.do\/wp-content\/uploads\/2024\/06\/UNICARIBE-1.jpg?resize=525%2C300&ssl=1 1.5x, https:\/\/i0.wp.com\/lasprimeras.com.do\/wp-content\/uploads\/2024\/06\/UNICARIBE-1.jpg?resize=700%2C400&ssl=1 2x"},"classes":[]},{"id":57760,"url":"https:\/\/lasprimeras.com.do\/index.php\/2023\/08\/15\/celebran-primera-junta-de-regentes-del-iespec-de-la-jce\/","url_meta":{"origin":129187,"position":4},"title":"Celebran primera Junta de Regentes del IESPEC de la JCE","author":"Nelson Feliz","date":"15 de agosto de 2023","format":false,"excerpt":"Designan a Felipe Carvajal de los Santos como rector interino del IESPEC. Qued\u00f3 instituida formalmente la primera Junta de Regentes del Instituto Especializado en Formaci\u00f3n Pol\u00edtica Electoral y del Estado Civil (IESPEC) de la Junta Central Electoral (JCE), seg\u00fan lo dispuesto en la resoluci\u00f3n 15-2023 de fecha 21 de abril\u2026","rel":"","context":"En \u00abNACIONALES\u00bb","block_context":{"text":"NACIONALES","link":"https:\/\/lasprimeras.com.do\/index.php\/category\/nacionales\/"},"img":{"alt_text":"Rom\u00e1n Andr\u00e9s J\u00e1quez Liranzo","src":"https:\/\/i0.wp.com\/lasprimeras.com.do\/wp-content\/uploads\/2023\/08\/JCE-1.jpg?resize=350%2C200&ssl=1","width":350,"height":200,"srcset":"https:\/\/i0.wp.com\/lasprimeras.com.do\/wp-content\/uploads\/2023\/08\/JCE-1.jpg?resize=350%2C200&ssl=1 1x, https:\/\/i0.wp.com\/lasprimeras.com.do\/wp-content\/uploads\/2023\/08\/JCE-1.jpg?resize=525%2C300&ssl=1 1.5x, https:\/\/i0.wp.com\/lasprimeras.com.do\/wp-content\/uploads\/2023\/08\/JCE-1.jpg?resize=700%2C400&ssl=1 2x"},"classes":[]},{"id":108414,"url":"https:\/\/lasprimeras.com.do\/index.php\/2025\/09\/07\/mescyt-eleva-a-2035-los-cientificos-de-la-carrera-nacional-de-investigadores-con-463-nuevos-ingresos\/","url_meta":{"origin":129187,"position":5},"title":"MESCyT eleva a 2,035 los cient\u00edficos de la Carrera Nacional de Investigadores con 463 nuevos ingresos","author":"Nelson Feliz","date":"7 de septiembre de 2025","format":false,"excerpt":"Garc\u00eda Ferm\u00edn dice con esta acci\u00f3n, gobierno desarrolla Rep\u00fablica Dominicana. El Ministerio de Educaci\u00f3n Superior, Ciencia y Tecnolog\u00eda (MESCyT), bajo la direcci\u00f3n del doctor Franklin Garc\u00eda Ferm\u00edn, anunci\u00f3 la incorporaci\u00f3n de 463 nuevos cient\u00edficos a la Carrera Nacional de Investigadores (CNI), lo que eleva a 2,035 el total de miembros\u2026","rel":"","context":"En \u00abNACIONALES\u00bb","block_context":{"text":"NACIONALES","link":"https:\/\/lasprimeras.com.do\/index.php\/category\/nacionales\/"},"img":{"alt_text":"","src":"https:\/\/i0.wp.com\/lasprimeras.com.do\/wp-content\/uploads\/2025\/09\/mescyt-eleva-a-2035-los-cientificos-de-la-carrera-nacional-de-investigadores-con-463-nuevos-ingresos.jpg?resize=350%2C200&ssl=1","width":350,"height":200,"srcset":"https:\/\/i0.wp.com\/lasprimeras.com.do\/wp-content\/uploads\/2025\/09\/mescyt-eleva-a-2035-los-cientificos-de-la-carrera-nacional-de-investigadores-con-463-nuevos-ingresos.jpg?resize=350%2C200&ssl=1 1x, https:\/\/i0.wp.com\/lasprimeras.com.do\/wp-content\/uploads\/2025\/09\/mescyt-eleva-a-2035-los-cientificos-de-la-carrera-nacional-de-investigadores-con-463-nuevos-ingresos.jpg?resize=525%2C300&ssl=1 1.5x, https:\/\/i0.wp.com\/lasprimeras.com.do\/wp-content\/uploads\/2025\/09\/mescyt-eleva-a-2035-los-cientificos-de-la-carrera-nacional-de-investigadores-con-463-nuevos-ingresos.jpg?resize=700%2C400&ssl=1 2x, https:\/\/i0.wp.com\/lasprimeras.com.do\/wp-content\/uploads\/2025\/09\/mescyt-eleva-a-2035-los-cientificos-de-la-carrera-nacional-de-investigadores-con-463-nuevos-ingresos.jpg?resize=1050%2C600&ssl=1 3x, https:\/\/i0.wp.com\/lasprimeras.com.do\/wp-content\/uploads\/2025\/09\/mescyt-eleva-a-2035-los-cientificos-de-la-carrera-nacional-de-investigadores-con-463-nuevos-ingresos.jpg?resize=1400%2C800&ssl=1 4x"},"classes":[]}],"jetpack_sharing_enabled":true,"_links":{"self":[{"href":"https:\/\/lasprimeras.com.do\/index.php\/wp-json\/wp\/v2\/posts\/129187","targetHints":{"allow":["GET"]}}],"collection":[{"href":"https:\/\/lasprimeras.com.do\/index.php\/wp-json\/wp\/v2\/posts"}],"about":[{"href":"https:\/\/lasprimeras.com.do\/index.php\/wp-json\/wp\/v2\/types\/post"}],"author":[{"embeddable":true,"href":"https:\/\/lasprimeras.com.do\/index.php\/wp-json\/wp\/v2\/users\/10"}],"replies":[{"embeddable":true,"href":"https:\/\/lasprimeras.com.do\/index.php\/wp-json\/wp\/v2\/comments?post=129187"}],"version-history":[{"count":1,"href":"https:\/\/lasprimeras.com.do\/index.php\/wp-json\/wp\/v2\/posts\/129187\/revisions"}],"predecessor-version":[{"id":129189,"href":"https:\/\/lasprimeras.com.do\/index.php\/wp-json\/wp\/v2\/posts\/129187\/revisions\/129189"}],"wp:featuredmedia":[{"embeddable":true,"href":"https:\/\/lasprimeras.com.do\/index.php\/wp-json\/wp\/v2\/media\/129188"}],"wp:attachment":[{"href":"https:\/\/lasprimeras.com.do\/index.php\/wp-json\/wp\/v2\/media?parent=129187"}],"wp:term":[{"taxonomy":"category","embeddable":true,"href":"https:\/\/lasprimeras.com.do\/index.php\/wp-json\/wp\/v2\/categories?post=129187"},{"taxonomy":"post_tag","embeddable":true,"href":"https:\/\/lasprimeras.com.do\/index.php\/wp-json\/wp\/v2\/tags?post=129187"}],"curies":[{"name":"wp","href":"https:\/\/api.w.org\/{rel}","templated":true}]}}