{"id":129190,"date":"2026-04-30T11:52:08","date_gmt":"2026-04-30T15:52:08","guid":{"rendered":"https:\/\/lasprimeras.com.do\/?p=129190"},"modified":"2026-04-30T11:52:11","modified_gmt":"2026-04-30T15:52:11","slug":"robert-polanco-se-perfila-favorito-para-presidir-el-prm-en-la-provincia-santo-domingo","status":"publish","type":"post","link":"https:\/\/lasprimeras.com.do\/index.php\/2026\/04\/30\/robert-polanco-se-perfila-favorito-para-presidir-el-prm-en-la-provincia-santo-domingo\/","title":{"rendered":"Robert Polanco se perfila favorito para presidir el PRM en la provincia Santo Domingo"},"content":{"rendered":"\n<p>Aunque el Partido Revolucionario Moderno (PRM) no ha oficializado la fecha para la renovaci\u00f3n de su dirigencia provincial, Robert Polanco se perfila como uno de los aspirantes mejor posicionados en la carrera por la presidencia de esa organizaci\u00f3n pol\u00edtica en la provincia Santo Domingo, al consolidar una amplia estructura de apoyo interno que abarca importantes organismos territoriales, dirigencia municipal, liderazgo legislativo y sectores estrat\u00e9gicos de la organizaci\u00f3n oficialista.<\/p>\n\n\n\n<p>Con un proceso interno que se proyecta para mediados o la segunda mitad de 2026, Polanco ha comenzado a marcar terreno frente a otros aspirantes como Rafael Burgos, Radham\u00e9s Gonz\u00e1lez, Alexis Jim\u00e9nez y Jos\u00e9 Antonio Trinidad, en una contienda donde el control de las estructuras partidarias locales ser\u00e1 determinante.<\/p>\n\n\n\n<p>Entre sus principales fortalezas figura el respaldo de alcaldes de municipios estrat\u00e9gicos como Pedro Brand, Boca Chica, Guerra y Los Alcarrizos, adem\u00e1s de directores municipales en Hato Viejo, La Caleta, La Gu\u00e1yiga, La Cuaba y La Victoria, ampliando as\u00ed su presencia territorial en puntos clave de la provincia.<\/p>\n\n\n\n<p>A esto se suma el apoyo de presidentes municipales del PRM en Santo Domingo Este, Pedro Brand, Pantoja, La Cuaba, Hato Viejo, San Luis y La Victoria, junto a una importante base de secretarios generales municipales y zonales, lo que fortalece su capacidad operativa dentro de la estructura partidaria.<\/p>\n\n\n\n<p>Polanco tambi\u00e9n ha logrado sumar sectores claves como la dirigencia juvenil provincial, encabezada por Leonel Garc\u00eda y Paola Diroch\u00e9, as\u00ed como el respaldo de la presidenta provincial de la mujer, Julia Grullad, ampliando su influencia en \u00e1reas estrat\u00e9gicas de movilizaci\u00f3n pol\u00edtica.<\/p>\n\n\n\n<p>En el \u00e1mbito legislativo, su proyecto cuenta con el respaldo de varios diputados de peso en la provincia, entre ellos Abelardo Rutinel, Mois\u00e9s Ortiz, Kimberling Taveras, Sandro S\u00e1nchez, Alex Lara, Adalgisa Abreu, Omar Rojas, Altagracia de los Santos y Anny Mambr\u00fa.<\/p>\n\n\n\n<p>Uno de los indicadores m\u00e1s relevantes de su posicionamiento es su presencia en los organismos internos del partido, donde concentra el apoyo de 70 de los 140 miembros del comit\u00e9 provincial, adem\u00e1s de 70 presidentes de zonas y cerca del 66 % de los secretarios generales zonales.<\/p>\n\n\n\n<p>Este nivel de respaldo convierte a Polanco en una de las figuras con mayor capacidad estructural dentro del PRM en la provincia Santo Domingo, en una competencia que no solo medir\u00e1 liderazgo pol\u00edtico, sino tambi\u00e9n capacidad de organizaci\u00f3n, movilizaci\u00f3n y control territorial.<\/p>\n\n\n\n<p>De mantenerse esta tendencia, la elecci\u00f3n de la nueva dirigencia provincial podr\u00eda consolidar a Robert Polanco como una de las principales fuerzas internas del PRM en Santo Domingo, una demarcaci\u00f3n considerada estrat\u00e9gica para el equilibrio pol\u00edtico del oficialismo a nivel nacional.<\/p>\n","protected":false},"excerpt":{"rendered":"<p>Aunque el Partido Revolucionario Moderno (PRM) no ha oficializado la fecha para la renovaci\u00f3n de su dirigencia provincial, Robert Polanco se perfila como uno de los aspirantes mejor posicionados en&hellip;<\/p>\n","protected":false},"author":10,"featured_media":129191,"comment_status":"open","ping_status":"open","sticky":false,"template":"","format":"standard","meta":{"content-type":"","jetpack_post_was_ever_published":false,"_jetpack_newsletter_access":"","_jetpack_dont_email_post_to_subs":false,"_jetpack_newsletter_tier_id":0,"_jetpack_memberships_contains_paywalled_content":false,"_jetpack_memberships_contains_paid_content":false,"footnotes":""},"categories":[16559],"tags":[4332,31,17326,806],"class_list":["post-129190","post","type-post","status-publish","format-standard","has-post-thumbnail","hentry","category-politica","tag-favorito","tag-prm","tag-robert-polanco","tag-santo-domingo"],"jetpack_featured_media_url":"https:\/\/lasprimeras.com.do\/wp-content\/uploads\/2026\/04\/IMG-20260430-WA0367.jpg","jetpack-related-posts":[{"id":105887,"url":"https:\/\/lasprimeras.com.do\/index.php\/2025\/08\/08\/adan-peguero-celebra-triunfo-del-prm-en-el-codia\/","url_meta":{"origin":129190,"position":0},"title":"Ad\u00e1n Peguero celebra triunfo del PRM en el CODIA","author":"Nelson Feliz","date":"8 de agosto de 2025","format":false,"excerpt":"Destaca papel clave de Robert Polanco y Dio Astacio en contundente triunfo del PRM en elecciones del CODIA en Santo Domingo. El presidente del Partido Revolucionario Moderno (PRM) en Santo Domingo Este, Ing. Ad\u00e1n Peguero, calific\u00f3 como \u201chist\u00f3rico y estrat\u00e9gico\u201d el triunfo de la Plancha No. 01 encabezada por el\u2026","rel":"","context":"En \u00abPOLITICA\u00bb","block_context":{"text":"POLITICA","link":"https:\/\/lasprimeras.com.do\/index.php\/category\/politica\/"},"img":{"alt_text":"","src":"https:\/\/i0.wp.com\/lasprimeras.com.do\/wp-content\/uploads\/2025\/08\/AdanPeguero5.04-PM.jpeg?resize=350%2C200&ssl=1","width":350,"height":200,"srcset":"https:\/\/i0.wp.com\/lasprimeras.com.do\/wp-content\/uploads\/2025\/08\/AdanPeguero5.04-PM.jpeg?resize=350%2C200&ssl=1 1x, https:\/\/i0.wp.com\/lasprimeras.com.do\/wp-content\/uploads\/2025\/08\/AdanPeguero5.04-PM.jpeg?resize=525%2C300&ssl=1 1.5x, https:\/\/i0.wp.com\/lasprimeras.com.do\/wp-content\/uploads\/2025\/08\/AdanPeguero5.04-PM.jpeg?resize=700%2C400&ssl=1 2x"},"classes":[]},{"id":124321,"url":"https:\/\/lasprimeras.com.do\/index.php\/2026\/03\/11\/senador-moises-ayala-anuncia-aspiraciones-a-presidir-el-prm-en-la-provincia-barahona\/","url_meta":{"origin":129190,"position":1},"title":"Senador Mois\u00e9s Ayala anuncia aspiraciones a presidir el PRM en la provincia Barahona","author":"Nelson Feliz","date":"11 de marzo de 2026","format":false,"excerpt":"El senador del Partido Revolucionario Moderno (PRM) por la provincia de Barahona, Mois\u00e9s Ayala, anunci\u00f3 oficialmente sus aspiraciones a presidir esa organizaci\u00f3n pol\u00edtica en la Perla del Sur, destacando la importancia de la unidad partidaria para continuar fortaleciendo el proyecto pol\u00edtico de la organizaci\u00f3n. Al hacer el anuncio, el legislador\u2026","rel":"","context":"En \u00abPOLITICA\u00bb","block_context":{"text":"POLITICA","link":"https:\/\/lasprimeras.com.do\/index.php\/category\/politica\/"},"img":{"alt_text":"Mois\u00e9s Ayala","src":"https:\/\/i0.wp.com\/lasprimeras.com.do\/wp-content\/uploads\/2026\/03\/Moises-Ayala.jpg?resize=350%2C200&ssl=1","width":350,"height":200,"srcset":"https:\/\/i0.wp.com\/lasprimeras.com.do\/wp-content\/uploads\/2026\/03\/Moises-Ayala.jpg?resize=350%2C200&ssl=1 1x, https:\/\/i0.wp.com\/lasprimeras.com.do\/wp-content\/uploads\/2026\/03\/Moises-Ayala.jpg?resize=525%2C300&ssl=1 1.5x"},"classes":[]},{"id":121158,"url":"https:\/\/lasprimeras.com.do\/index.php\/2026\/02\/01\/danilo-explica-reestructuracion-del-pld-y-avances-para-definir-el-perfil-aspirante-presidencial-video\/","url_meta":{"origin":129190,"position":2},"title":"Danilo explica reestructuraci\u00f3n del PLD y avances para definir el perfil aspirante presidencial | Video","author":"Nelson Feliz","date":"1 de febrero de 2026","format":false,"excerpt":"\u201cEstamos transformando la estructura del Partido para organizarlo desde las mesas y recintos electorales\u201d afirma Danilo Medina. \u201cel PRM va para fuera y ser\u00e1 el PLD que lo sacar\u00e1\u00bb, apunt\u00f3. El expresidente de la Rep\u00fablica y presidente del Partido de la Liberaci\u00f3n Dominicana (PLD), Danilo Medina, inform\u00f3 que la organizaci\u00f3n\u2026","rel":"","context":"En \u00abPOLITICA\u00bb","block_context":{"text":"POLITICA","link":"https:\/\/lasprimeras.com.do\/index.php\/category\/politica\/"},"img":{"alt_text":"","src":"https:\/\/i0.wp.com\/lasprimeras.com.do\/wp-content\/uploads\/2026\/02\/danilo-medina-1.jpeg?resize=350%2C200&ssl=1","width":350,"height":200,"srcset":"https:\/\/i0.wp.com\/lasprimeras.com.do\/wp-content\/uploads\/2026\/02\/danilo-medina-1.jpeg?resize=350%2C200&ssl=1 1x, https:\/\/i0.wp.com\/lasprimeras.com.do\/wp-content\/uploads\/2026\/02\/danilo-medina-1.jpeg?resize=525%2C300&ssl=1 1.5x, https:\/\/i0.wp.com\/lasprimeras.com.do\/wp-content\/uploads\/2026\/02\/danilo-medina-1.jpeg?resize=700%2C400&ssl=1 2x"},"classes":[]},{"id":126922,"url":"https:\/\/lasprimeras.com.do\/index.php\/2026\/04\/06\/prm-fija-limites-para-acuerdos-internos-en-renovacion-de-autoridades\/","url_meta":{"origin":129190,"position":3},"title":"PRM fija l\u00edmites para acuerdos internos en renovaci\u00f3n de autoridades","author":"Nelson Feliz","date":"6 de abril de 2026","format":false,"excerpt":"PRM contin\u00faa su reorganizaci\u00f3n y PLD se enfoca en elecci\u00f3n de candidato presidencial. Tras el asueto de Semana Santa, los principales partidos pol\u00edticos del pa\u00eds retomar\u00e1n de inmediato una agenda interna marcada por procesos de reorganizaci\u00f3n y definiciones de precandidaturas. De todos, el Partido Revolucionario Moderno (PRM) es el que\u2026","rel":"","context":"En \u00abPOLITICA\u00bb","block_context":{"text":"POLITICA","link":"https:\/\/lasprimeras.com.do\/index.php\/category\/politica\/"},"img":{"alt_text":"","src":"https:\/\/i0.wp.com\/lasprimeras.com.do\/wp-content\/uploads\/2026\/04\/prm.jpg?resize=350%2C200&ssl=1","width":350,"height":200,"srcset":"https:\/\/i0.wp.com\/lasprimeras.com.do\/wp-content\/uploads\/2026\/04\/prm.jpg?resize=350%2C200&ssl=1 1x, https:\/\/i0.wp.com\/lasprimeras.com.do\/wp-content\/uploads\/2026\/04\/prm.jpg?resize=525%2C300&ssl=1 1.5x, https:\/\/i0.wp.com\/lasprimeras.com.do\/wp-content\/uploads\/2026\/04\/prm.jpg?resize=700%2C400&ssl=1 2x"},"classes":[]},{"id":125863,"url":"https:\/\/lasprimeras.com.do\/index.php\/2026\/03\/26\/fp-se-fortalece-leonel-juramenta-exgobernador-y-dirigentes-del-prm-pld\/","url_meta":{"origin":129190,"position":4},"title":"FP se fortalece: Leonel juramenta exgobernador y dirigentes del PRM-PLD","author":"Nelson Feliz","date":"26 de marzo de 2026","format":false,"excerpt":"La incorporaci\u00f3n de l\u00edderes comunitarios, profesionales y dirigentes pol\u00edticos fortalece la estructura de la Fuerza del Pueblo en la provincia. El presidente del partido Fuerza del Pueblo (FP) y expresidente de la Rep\u00fablica, Leonel Fern\u00e1ndez, jurament\u00f3 en esa organizaci\u00f3n a decenas de nuevos miembros en la provincia Hermanas Mirabal, en\u2026","rel":"","context":"En \u00abPOLITICA\u00bb","block_context":{"text":"POLITICA","link":"https:\/\/lasprimeras.com.do\/index.php\/category\/politica\/"},"img":{"alt_text":"Leonel Fern\u00e1ndez","src":"https:\/\/i0.wp.com\/lasprimeras.com.do\/wp-content\/uploads\/2026\/03\/Leonel-Fernandez-3.jpg?resize=350%2C200&ssl=1","width":350,"height":200,"srcset":"https:\/\/i0.wp.com\/lasprimeras.com.do\/wp-content\/uploads\/2026\/03\/Leonel-Fernandez-3.jpg?resize=350%2C200&ssl=1 1x, https:\/\/i0.wp.com\/lasprimeras.com.do\/wp-content\/uploads\/2026\/03\/Leonel-Fernandez-3.jpg?resize=525%2C300&ssl=1 1.5x, https:\/\/i0.wp.com\/lasprimeras.com.do\/wp-content\/uploads\/2026\/03\/Leonel-Fernandez-3.jpg?resize=700%2C400&ssl=1 2x"},"classes":[]},{"id":126108,"url":"https:\/\/lasprimeras.com.do\/index.php\/2026\/03\/29\/alex-mordan-consolida-apoyo-de-la-dirigencia-perremeista\/","url_meta":{"origin":129190,"position":5},"title":"Alex Mordan consolida apoyo de la dirigencia perreme\u00edsta","author":"Nelson Feliz","date":"29 de marzo de 2026","format":false,"excerpt":"El aspirante a la presidencia del Partido Revolucionario Moderno en este municipio, Alex Mordan, encabez\u00f3 un multitudinario encuentro en el que recibi\u00f3 el respaldo de m\u00e1s de 150 candidatos a diversos organismos, zonas y regiones, consolidando una plataforma de unidad de cara a los pr\u00f3ximos procesos internos. Durante el acto,\u2026","rel":"","context":"En \u00abPOLITICA\u00bb","block_context":{"text":"POLITICA","link":"https:\/\/lasprimeras.com.do\/index.php\/category\/politica\/"},"img":{"alt_text":"","src":"https:\/\/i0.wp.com\/lasprimeras.com.do\/wp-content\/uploads\/2026\/03\/Alex-Mordan-consolida-fuerza-en-Santo-Domingo-Este-con-masivo-respaldo-de-dirigencia-perremeista-1.jpg?resize=350%2C200&ssl=1","width":350,"height":200,"srcset":"https:\/\/i0.wp.com\/lasprimeras.com.do\/wp-content\/uploads\/2026\/03\/Alex-Mordan-consolida-fuerza-en-Santo-Domingo-Este-con-masivo-respaldo-de-dirigencia-perremeista-1.jpg?resize=350%2C200&ssl=1 1x, https:\/\/i0.wp.com\/lasprimeras.com.do\/wp-content\/uploads\/2026\/03\/Alex-Mordan-consolida-fuerza-en-Santo-Domingo-Este-con-masivo-respaldo-de-dirigencia-perremeista-1.jpg?resize=525%2C300&ssl=1 1.5x, https:\/\/i0.wp.com\/lasprimeras.com.do\/wp-content\/uploads\/2026\/03\/Alex-Mordan-consolida-fuerza-en-Santo-Domingo-Este-con-masivo-respaldo-de-dirigencia-perremeista-1.jpg?resize=700%2C400&ssl=1 2x"},"classes":[]}],"jetpack_sharing_enabled":true,"_links":{"self":[{"href":"https:\/\/lasprimeras.com.do\/index.php\/wp-json\/wp\/v2\/posts\/129190","targetHints":{"allow":["GET"]}}],"collection":[{"href":"https:\/\/lasprimeras.com.do\/index.php\/wp-json\/wp\/v2\/posts"}],"about":[{"href":"https:\/\/lasprimeras.com.do\/index.php\/wp-json\/wp\/v2\/types\/post"}],"author":[{"embeddable":true,"href":"https:\/\/lasprimeras.com.do\/index.php\/wp-json\/wp\/v2\/users\/10"}],"replies":[{"embeddable":true,"href":"https:\/\/lasprimeras.com.do\/index.php\/wp-json\/wp\/v2\/comments?post=129190"}],"version-history":[{"count":1,"href":"https:\/\/lasprimeras.com.do\/index.php\/wp-json\/wp\/v2\/posts\/129190\/revisions"}],"predecessor-version":[{"id":129192,"href":"https:\/\/lasprimeras.com.do\/index.php\/wp-json\/wp\/v2\/posts\/129190\/revisions\/129192"}],"wp:featuredmedia":[{"embeddable":true,"href":"https:\/\/lasprimeras.com.do\/index.php\/wp-json\/wp\/v2\/media\/129191"}],"wp:attachment":[{"href":"https:\/\/lasprimeras.com.do\/index.php\/wp-json\/wp\/v2\/media?parent=129190"}],"wp:term":[{"taxonomy":"category","embeddable":true,"href":"https:\/\/lasprimeras.com.do\/index.php\/wp-json\/wp\/v2\/categories?post=129190"},{"taxonomy":"post_tag","embeddable":true,"href":"https:\/\/lasprimeras.com.do\/index.php\/wp-json\/wp\/v2\/tags?post=129190"}],"curies":[{"name":"wp","href":"https:\/\/api.w.org\/{rel}","templated":true}]}}