{"id":129193,"date":"2026-04-30T12:18:23","date_gmt":"2026-04-30T16:18:23","guid":{"rendered":"https:\/\/lasprimeras.com.do\/?p=129193"},"modified":"2026-04-30T12:18:26","modified_gmt":"2026-04-30T16:18:26","slug":"julio-brache-rd-tiene-condiciones-reales-para-posicionarse-en-hub-industrial-y-logistico-en-la-region","status":"publish","type":"post","link":"https:\/\/lasprimeras.com.do\/index.php\/2026\/04\/30\/julio-brache-rd-tiene-condiciones-reales-para-posicionarse-en-hub-industrial-y-logistico-en-la-region\/","title":{"rendered":"Julio Brache: RD tiene condiciones reales para posicionarse en hub industrial y log\u00edstico en la regi\u00f3n"},"content":{"rendered":"\n<p><em><strong>Asegura RD tiene estabilidad institucional, plataforma productiva en expansi\u00f3n y una trayectoria de crecimiento que genera confianza, adem\u00e1s de un crecimiento econ\u00f3mico de 5.1%, alza de exportaciones en m\u00e1s de 18% y el fortalecimiento industrial y agroindustrial<\/strong><\/em><\/p>\n\n\n\n<p>En un acto que cont\u00f3 con la participaci\u00f3n el mandatario Luis Abinader, presidente de la Asociaci\u00f3n de Industrias de la Rep\u00fablica Dominicana (AIRD), Julio Brache, destac\u00f3 el s\u00f3lido desempe\u00f1o econ\u00f3mico del pa\u00eds.<\/p>\n\n\n\n<p>Asegur\u00f3 que la combinaci\u00f3n de estabilidad institucional, expansi\u00f3n de la plataforma productiva y crecimiento sostenido coloca a Rep\u00fablica Dominicana en condiciones reales para consolidarse como un hub industrial y log\u00edstico regional.<\/p>\n\n\n\n<p>Respaldo por un crecimiento de 5.1%, un aumento de m\u00e1s de 18% en las exportaciones y el fortalecimiento de los sectores industrial y agroindustrial.<\/p>\n\n\n\n<p>El presidente de la AIRD afirm\u00f3 que la confianza en la industria dominicana est\u00e1 respaldada por datos y resultados concretos, destacando que la industria no es un sector m\u00e1s, sino uno de los pilares fundamentales que sostiene la estabilidad econ\u00f3mica, impulsa el crecimiento y permite construir un desarrollo sostenible en el tiempo.<\/p>\n\n\n\n<p>\u201cContamos con estabilidad institucional, cercan\u00eda estrat\u00e9gica a los principales mercados, una plataforma productiva en expansi\u00f3n y una trayectoria de crecimiento que genera confianza.<\/p>\n\n\n\n<p>Esas ventajas, hoy respaldadas por resultados concretos, son nuestra mayor credencial ante los inversionistas del mundo. No es casualidad.<\/p>\n\n\n\n<p>Es el resultado de decisiones. De una estrategia pa\u00eds que est\u00e1 dando frutos\u201d, asegur\u00f3 Brache.<\/p>\n\n\n\n<p>En ese sentido, resalt\u00f3 la trayectoria de la AIRD como instituci\u00f3n clave en el impulso del desarrollo industrial del pa\u00eds.<\/p>\n\n\n\n<p>Sostuvo que el sector industrial representa una forma de construir patria y contribuir al desarrollo de la naci\u00f3n desde la producci\u00f3n, la innovaci\u00f3n y la convicci\u00f3n de que, de alg\u00fan modo, todos forman parte de la industria.<\/p>\n\n\n\n<p>Brache explic\u00f3 que hablar de industria es hablar de empleo formal y digno, de valor agregado, de encadenamientos productivos que dinamizan m\u00faltiples sectores y de una estructura que permite que la econom\u00eda contin\u00fae funcionando incluso en escenarios adversos.<\/p>\n\n\n\n<p>Agreg\u00f3 que la industria transforma materia prima en oportunidades, inversi\u00f3n en bienestar y esfuerzo en progreso colectivo, por lo que cada vez que la industria avanza, el pa\u00eds tambi\u00e9n lo hace.<\/p>\n\n\n\n<p>Brache habl\u00f3 en estos t\u00e9rminos en el en el acto de celebraci\u00f3n del D\u00eda de la Industria Nacional y la conmemoraci\u00f3n del 64 de la Asociaci\u00f3n de Industriales de la Rep\u00fablica Dominicana (AIRD), donde el economista Roberto Despradel present\u00f3 los resultados del estudio: El tejido productivo de la industria dominicana: mapeo de encadenamientos productivos, efectos multiplicadores y relaciones interindustriales, elaborado por la firma DASA.<\/p>\n\n\n\n<p><em>Crecimiento interanual superior al 5.1% y cifras de doble d\u00edgito en recaudaciones fiscales<\/em><\/p>\n\n\n\n<p>Al referirse al desempe\u00f1o reciente de la econom\u00eda, cit\u00f3 cifras del Banco Central, se\u00f1alando que en marzo de 2024 el Indicador Mensual de Actividad Econ\u00f3mica registr\u00f3 un crecimiento interanual superior al 5.1 %, el ritmo de expansi\u00f3n m\u00e1s elevado de los \u00faltimos 11 meses.<\/p>\n\n\n\n<p>Detall\u00f3 que la manufactura local creci\u00f3 alrededor de un 4 %, mientras que las zonas francas avanzaron un 7 %, lo que llev\u00f3 a que el acumulado del primer trimestre superara el 4 %.<\/p>\n\n\n\n<p>Sostuvo que estos resultados no son titulares optimistas, sino datos corroborados tambi\u00e9n por las recaudaciones fiscales de la Direcci\u00f3n General de Impuestos Internos y la Direcci\u00f3n General de Aduanas, que registraron cifras de doble d\u00edgito en el mismo per\u00edodo.<\/p>\n\n\n\n<p>Asimismo, destac\u00f3 el desempe\u00f1o de la agroindustria y su v\u00ednculo con el campo, indicando que la Rep\u00fablica Dominicana alcanz\u00f3 en 2025 una producci\u00f3n r\u00e9cord de arroz de 14.38 millones de quintales, convirti\u00e9ndose en el mayor productor de este cereal en el Caribe y Centroam\u00e9rica.<\/p>\n\n\n\n<p>Asegur\u00f3 que el abastecimiento nacional est\u00e1 garantizado gracias a un inventario superior a los cinco millones de quintales.<\/p>\n\n\n\n<p>Brache tambi\u00e9n inform\u00f3 que entre enero y marzo de 2026 las exportaciones totales del pa\u00eds ascendieron a 3,736.9 millones de d\u00f3lares, lo que representa un crecimiento superior al 18 % en comparaci\u00f3n con el mismo per\u00edodo de 2025, lo que evidencia que la industria dominicana est\u00e1 vendiendo m\u00e1s al mundo.<\/p>\n\n\n\n<p>De igual forma, resalt\u00f3 que esta misma semana la Comisi\u00f3n Econ\u00f3mica para Am\u00e9rica Latina y el Caribe (CEPAL) revis\u00f3 al alza la proyecci\u00f3n de crecimiento de la Rep\u00fablica Dominicana para 2026, coloc\u00e1ndola en 4 %, muy por encima del promedio regional.<\/p>\n\n\n\n<p><em>Confianza internacional en la estabilidad, resiliencia y capacidad de crecimiento del pa\u00eds<\/em><\/p>\n\n\n\n<p>Seg\u00fan expres\u00f3, este reconocimiento reafirma la confianza internacional en la estabilidad, resiliencia y capacidad de crecimiento del pa\u00eds, consolid\u00e1ndolo como una de las econom\u00edas con mejores perspectivas de la regi\u00f3n y como un destino confiable para la inversi\u00f3n y el desarrollo productivo.<\/p>\n\n\n\n<p>El presidente de la AIRD se\u00f1al\u00f3 que esta conmemoraci\u00f3n se produce en un contexto global complejo, marcado por tensiones geopol\u00edticas, dificultades en las cadenas de suministro y presiones energ\u00e9ticas.<\/p>\n\n\n\n<p>Reconoci\u00f3 que, al ser una econom\u00eda abierta, el pa\u00eds se expone a estos riesgos, pero tambi\u00e9n se beneficia de oportunidades, asegurando que la industria dominicana est\u00e1 mejor preparada que nunca para aprovecharlas.<\/p>\n\n\n\n<p>Brache afirm\u00f3 que la Rep\u00fablica Dominicana tiene una oportunidad hist\u00f3rica debido a la reconfiguraci\u00f3n de las cadenas globales de valor, el nearshoring y la b\u00fasqueda de proveedores m\u00e1s cercanos y confiables, factores que est\u00e1n redefiniendo la organizaci\u00f3n de la producci\u00f3n mundial.<\/p>\n\n\n\n<p>Sostuvo que el desarrollo industrial no ocurre por inercia, sino que depende de la calidad del entorno en el que operan las empresas, la previsibilidad de las reglas, la eficiencia institucional y la capacidad de alinear pol\u00edticas p\u00fablicas con objetivos de producci\u00f3n, productividad y competitividad.<\/p>\n\n\n\n<p>Explic\u00f3 que la formalidad genera datos, confianza, acceso al financiamiento y fortalece la base fiscal que sostiene los servicios p\u00fablicos.<\/p>\n\n\n\n<p>Para construirla, indic\u00f3, se requiere reducir costos, simplificar procesos y hacerla atractiva, no solo obligatoria.<\/p>\n\n\n\n<p>El segundo desaf\u00edo identificado por Brache es el entorno regulatorio.<\/p>\n\n\n\n<p>Se\u00f1al\u00f3 que la industria cree en la regulaci\u00f3n como mecanismo para generar orden, transparencia y confianza, pero insisti\u00f3 en que esta debe ser clara, coherente y aplicada de manera homog\u00e9nea.<\/p>\n\n\n\n<figure class=\"wp-block-image size-large\"><img decoding=\"async\" width=\"1024\" height=\"683\" src=\"https:\/\/lasprimeras.com.do\/wp-content\/uploads\/2026\/04\/1004169643-1024x683.jpg\" alt=\"\" class=\"wp-image-129195\" srcset=\"https:\/\/lasprimeras.com.do\/wp-content\/uploads\/2026\/04\/1004169643-1024x683.jpg 1024w, https:\/\/lasprimeras.com.do\/wp-content\/uploads\/2026\/04\/1004169643-300x200.jpg 300w, https:\/\/lasprimeras.com.do\/wp-content\/uploads\/2026\/04\/1004169643-768x512.jpg 768w, https:\/\/lasprimeras.com.do\/wp-content\/uploads\/2026\/04\/1004169643-1536x1024.jpg 1536w, https:\/\/lasprimeras.com.do\/wp-content\/uploads\/2026\/04\/1004169643-2048x1366.jpg 2048w\" sizes=\"(max-width: 1024px) 100vw, 1024px\" \/><\/figure>\n\n\n\n<p><em>Capacidad de expansi\u00f3n, diversificaci\u00f3n y modernizaci\u00f3n del sector industrial dominicano<\/em><\/p>\n\n\n\n<p>Destac\u00f3 que existen se\u00f1ales positivas en el sector industrial dominicano, se\u00f1alando que ha mostrado capacidad de expansi\u00f3n, diversificaci\u00f3n y modernizaci\u00f3n.<\/p>\n\n\n\n<p>Mencion\u00f3 que existen empresas que incorporan tecnolog\u00edas, elevan est\u00e1ndares de calidad, apuestan por la sostenibilidad y ampl\u00edan su visi\u00f3n m\u00e1s all\u00e1 del mercado local.<\/p>\n\n\n\n<p>Brache expuso que ning\u00fan pa\u00eds logra una transformaci\u00f3n productiva significativa sin coordinaci\u00f3n, por lo que llam\u00f3 a alinear esfuerzos entre el sector p\u00fablico, el sector privado, la academia y la cooperaci\u00f3n internacional en torno a una visi\u00f3n com\u00fan.<\/p>\n\n\n\n<p>En ese sentido, indic\u00f3 que el pa\u00eds debe mantener espacios de di\u00e1logo que superen el diagn\u00f3stico y se traduzcan en soluciones concretas, con un compromiso nacional que priorice productividad, inversi\u00f3n, empleo formal y competitividad, pero con sentido de urgencia.<\/p>\n\n\n\n<p>Brache agradeci\u00f3 al Banco Popular Dominicano, Banco BHD y Scotiabank por su respaldo al estudio El tejido productivo de la industria dominicana, elaborado por la firma DASA y expres\u00f3 que este apoyo evidencia el compromiso del sector financiero con el fortalecimiento de la industria, el endeudamiento productivo, los encadenamientos productivos y la construcci\u00f3n de una econom\u00eda m\u00e1s integrada, competitiva y sostenible.<\/p>\n\n\n\n<p><em>Abogan por competencia justa y fortalecimiento del sector formal<\/em><\/p>\n\n\n\n<p>De su lado, el vicepresidente ejecutivo de la AIRD, Mario E. Pujols, subray\u00f3 la importancia de continuar fortaleciendo el marco regulatorio y las condiciones del mercado para garantizar una competencia justa.<\/p>\n\n\n\n<p>Destac\u00f3 que el cumplimiento de normativas como el etiquetado en espa\u00f1ol y los registros sanitarios contribuye a la protecci\u00f3n del consumidor y al orden del sector productivo.<\/p>\n\n\n\n<p>En ese contexto, abog\u00f3 por reforzar los mecanismos de defensa comercial y asegurar reglas claras para todos los actores, a fin de consolidar un entorno m\u00e1s competitivo y equilibrado y plante\u00f3 la necesidad de impulsar reformas laborales y de seguridad social con un enfoque gradual y sostenible, orientado a fomentar la formalidad, incentivar la creaci\u00f3n de empleos de calidad y fortalecer la estabilidad del sistema productivo.<\/p>\n\n\n\n<p>En el acto estuvieron presentes los ministros de Industria, Comercio y Mipymes, Eduardo Sanz Lovat\u00f3n; de Trabajo, Eddy Olivares; de Educaci\u00f3n, Luis Miguel De Camps; de Energ\u00eda y Minas, Joel Santos; y de Medio Ambiente, Pa\u00edno Henr\u00edquez.<\/p>\n\n\n\n<p>Tambi\u00e9n asistieron la directora de ProDominicana, Biviana Riveiro; la presidenta de ProCompetencia, Mar\u00eda Elena V\u00e1squez; el director de ProConsumidor, Eddy Alc\u00e1ntara, as\u00ed como representantes de distintos gremios.<\/p>\n","protected":false},"excerpt":{"rendered":"<p>Asegura RD tiene estabilidad institucional, plataforma productiva en expansi\u00f3n y una trayectoria de crecimiento que genera confianza, adem\u00e1s de un crecimiento econ\u00f3mico de 5.1%, alza de exportaciones en m\u00e1s de&hellip;<\/p>\n","protected":false},"author":10,"featured_media":129194,"comment_status":"open","ping_status":"open","sticky":false,"template":"","format":"standard","meta":{"content-type":"","jetpack_post_was_ever_published":false,"_jetpack_newsletter_access":"","_jetpack_dont_email_post_to_subs":false,"_jetpack_newsletter_tier_id":0,"_jetpack_memberships_contains_paywalled_content":false,"_jetpack_memberships_contains_paid_content":false,"footnotes":""},"categories":[39,25],"tags":[2838,2840,13544],"class_list":["post-129193","post","type-post","status-publish","format-standard","has-post-thumbnail","hentry","category-economia","category-portada","tag-aird","tag-crecimiento","tag-julio-brache"],"jetpack_featured_media_url":"https:\/\/lasprimeras.com.do\/wp-content\/uploads\/2026\/04\/IMG-20260430-WA0388.jpg","jetpack-related-posts":[{"id":121536,"url":"https:\/\/lasprimeras.com.do\/index.php\/2026\/02\/06\/abinader-se-reune-con-el-lider-global-de-dp-world-para-consolidar-a-rd-como-centro-logistico-y-de-inversion-regional\/","url_meta":{"origin":129193,"position":0},"title":"Abinader se re\u00fane con el l\u00edder global de DP World para consolidar a RD como centro log\u00edstico y de inversi\u00f3n regional","author":"Nelson Feliz","date":"6 de febrero de 2026","format":false,"excerpt":"*Dub\u00e1i, Emiratos \u00c1rabes Unidos. \u2013* El presidente Luis Abinader sostuvo una reuni\u00f3n con el chairman y CEO del grupo log\u00edstico global DP World, Sultan Ahmed bin Sulayem, en la sede de la empresa en Jebel Ali, uno de los complejos log\u00edsticos m\u00e1s avanzados del mundo, como parte de los esfuerzos\u2026","rel":"","context":"En \u00abECONOM\u00cdA\u00bb","block_context":{"text":"ECONOM\u00cdA","link":"https:\/\/lasprimeras.com.do\/index.php\/category\/economia\/"},"img":{"alt_text":"","src":"https:\/\/i0.wp.com\/lasprimeras.com.do\/wp-content\/uploads\/2026\/02\/IMG-20260205-WA0937.jpg?resize=350%2C200&ssl=1","width":350,"height":200,"srcset":"https:\/\/i0.wp.com\/lasprimeras.com.do\/wp-content\/uploads\/2026\/02\/IMG-20260205-WA0937.jpg?resize=350%2C200&ssl=1 1x, https:\/\/i0.wp.com\/lasprimeras.com.do\/wp-content\/uploads\/2026\/02\/IMG-20260205-WA0937.jpg?resize=525%2C300&ssl=1 1.5x, https:\/\/i0.wp.com\/lasprimeras.com.do\/wp-content\/uploads\/2026\/02\/IMG-20260205-WA0937.jpg?resize=700%2C400&ssl=1 2x, https:\/\/i0.wp.com\/lasprimeras.com.do\/wp-content\/uploads\/2026\/02\/IMG-20260205-WA0937.jpg?resize=1050%2C600&ssl=1 3x"},"classes":[]},{"id":110894,"url":"https:\/\/lasprimeras.com.do\/index.php\/2025\/10\/01\/sanz-lovaton-presenta-en-el-dialogo-interamericano-la-posicion-de-rd-como-hub-logistico-lider-en-las-americas\/","url_meta":{"origin":129193,"position":1},"title":"Sanz Lovat\u00f3n presenta en el Di\u00e1logo Interamericano la posici\u00f3n de RD como hub log\u00edstico l\u00edder en las Am\u00e9ricas","author":"Nelson Feliz","date":"1 de octubre de 2025","format":false,"excerpt":"En su participaci\u00f3n en el Di\u00e1logo Interamericano, uno de los foros m\u00e1s influyentes de pol\u00edticas p\u00fablicas del hemisferio, Sanz Lovat\u00f3n mostr\u00f3 c\u00f3mo la Rep\u00fablica Dominicana est\u00e1 combinando estabilidad, infraestructura de clase mundial y reformas profundas para convertirse en el centro log\u00edstico preferido de las grandes empresas globales. Washington D. C.\u2013\u2026","rel":"","context":"En \u00abECONOM\u00cdA\u00bb","block_context":{"text":"ECONOM\u00cdA","link":"https:\/\/lasprimeras.com.do\/index.php\/category\/economia\/"},"img":{"alt_text":"","src":"https:\/\/i0.wp.com\/lasprimeras.com.do\/wp-content\/uploads\/2025\/10\/Yayo-Sanz-Lovaton.jpg?resize=350%2C200&ssl=1","width":350,"height":200,"srcset":"https:\/\/i0.wp.com\/lasprimeras.com.do\/wp-content\/uploads\/2025\/10\/Yayo-Sanz-Lovaton.jpg?resize=350%2C200&ssl=1 1x, https:\/\/i0.wp.com\/lasprimeras.com.do\/wp-content\/uploads\/2025\/10\/Yayo-Sanz-Lovaton.jpg?resize=525%2C300&ssl=1 1.5x, https:\/\/i0.wp.com\/lasprimeras.com.do\/wp-content\/uploads\/2025\/10\/Yayo-Sanz-Lovaton.jpg?resize=700%2C400&ssl=1 2x"},"classes":[]},{"id":121480,"url":"https:\/\/lasprimeras.com.do\/index.php\/2026\/02\/04\/rd-se-consolida-como-nueva-capital-de-inversion-para-latam-destaca-sanz-lovaton-en-miami\/","url_meta":{"origin":129193,"position":2},"title":"RD se consolida como nueva capital de inversi\u00f3n para LATAM, destaca Sanz Lovat\u00f3n en Miami","author":"Nelson Feliz","date":"4 de febrero de 2026","format":false,"excerpt":"Miami, Florida .\u2013. El ministro de Industria, Comercio y Mipymes (MICM), Eduardo -Yayo- Sanz Lovat\u00f3n destac\u00f3 que la Rep\u00fablica Dominicana y Estados Unidos avanzan en la construcci\u00f3n de cadenas de suministro integradas, resilientes y competitivas. Durante su participaci\u00f3n en la conferencia \u201cPerspectivas de las Am\u00e9ricas 2026\u201d, Sanz Lovat\u00f3n, manifest\u00f3 que\u2026","rel":"","context":"En \u00abECONOM\u00cdA\u00bb","block_context":{"text":"ECONOM\u00cdA","link":"https:\/\/lasprimeras.com.do\/index.php\/category\/economia\/"},"img":{"alt_text":"Eduardo -Yayo- Sanz Lovat\u00f3n","src":"https:\/\/i0.wp.com\/lasprimeras.com.do\/wp-content\/uploads\/2026\/02\/Eduardo-Yayo-Sanz-Lovaton.jpg?resize=350%2C200&ssl=1","width":350,"height":200},"classes":[]},{"id":112017,"url":"https:\/\/lasprimeras.com.do\/index.php\/2025\/10\/16\/presidente-del-cnd-resalta-estabilidad-y-condiciones-favorables-del-pais\/","url_meta":{"origin":129193,"position":3},"title":"Presidente del CND resalta estabilidad y condiciones favorables del pa\u00eds","author":"Nelson Feliz","date":"16 de octubre de 2025","format":false,"excerpt":"Ministro de Industria y Comercio dice que en 2024 la inversi\u00f3n extranjera directa alcanz\u00f3 los US$4,523 millones, una cifra r\u00e9cord que se proyecta que podr\u00eda llegar a US$5,000 millones este a\u00f1o. El presidente de la Cervecer\u00eda Nacional Dominicana (CND), Fabi\u00e1n Su\u00e1rez, resalt\u00f3 que la compa\u00f1\u00eda ha ejecutado desde 2021 un\u2026","rel":"","context":"En \u00abECONOM\u00cdA\u00bb","block_context":{"text":"ECONOM\u00cdA","link":"https:\/\/lasprimeras.com.do\/index.php\/category\/economia\/"},"img":{"alt_text":"Luis Abinader","src":"https:\/\/i0.wp.com\/lasprimeras.com.do\/wp-content\/uploads\/2025\/10\/Luis-Abinader-1-2.jpg?resize=350%2C200&ssl=1","width":350,"height":200,"srcset":"https:\/\/i0.wp.com\/lasprimeras.com.do\/wp-content\/uploads\/2025\/10\/Luis-Abinader-1-2.jpg?resize=350%2C200&ssl=1 1x, https:\/\/i0.wp.com\/lasprimeras.com.do\/wp-content\/uploads\/2025\/10\/Luis-Abinader-1-2.jpg?resize=525%2C300&ssl=1 1.5x, https:\/\/i0.wp.com\/lasprimeras.com.do\/wp-content\/uploads\/2025\/10\/Luis-Abinader-1-2.jpg?resize=700%2C400&ssl=1 2x"},"classes":[]},{"id":125161,"url":"https:\/\/lasprimeras.com.do\/index.php\/2026\/03\/19\/gobierno-y-sector-productivo-pasan-balance-a-avances-de-meta-rd-2036-en-consejo-de-ministros\/","url_meta":{"origin":129193,"position":4},"title":"Gobierno y sector productivo pasan balance a avances de Meta RD 2036 en Consejo de Ministros","author":"Nelson Feliz","date":"19 de marzo de 2026","format":false,"excerpt":"Paliza: sectores p\u00fablico y privado alineamos esfuerzos para transformar la estructura productiva del pa\u00eds y acelerar el crecimiento econ\u00f3mico. Ministro de Hacienda abord\u00f3 la planificaci\u00f3n pa\u00eds ante los impactos econ\u00f3micos de los conflictos b\u00e9licos en el Medio Oriente. El presidente de la Rep\u00fablica, Luis Abinader, y la vicepresidenta Raquel Pe\u00f1a\u2026","rel":"","context":"En \u00abECONOM\u00cdA\u00bb","block_context":{"text":"ECONOM\u00cdA","link":"https:\/\/lasprimeras.com.do\/index.php\/category\/economia\/"},"img":{"alt_text":"Luis Abinader","src":"https:\/\/i0.wp.com\/lasprimeras.com.do\/wp-content\/uploads\/2026\/03\/Luis-Abinader-6-3.jpg?resize=350%2C200&ssl=1","width":350,"height":200,"srcset":"https:\/\/i0.wp.com\/lasprimeras.com.do\/wp-content\/uploads\/2026\/03\/Luis-Abinader-6-3.jpg?resize=350%2C200&ssl=1 1x, https:\/\/i0.wp.com\/lasprimeras.com.do\/wp-content\/uploads\/2026\/03\/Luis-Abinader-6-3.jpg?resize=525%2C300&ssl=1 1.5x, https:\/\/i0.wp.com\/lasprimeras.com.do\/wp-content\/uploads\/2026\/03\/Luis-Abinader-6-3.jpg?resize=700%2C400&ssl=1 2x"},"classes":[]},{"id":90549,"url":"https:\/\/lasprimeras.com.do\/index.php\/2024\/10\/23\/pedro-brache-afirma-abinader-ha-creado-un-clima-favorable-para-inversion-local-y-extranjera\/","url_meta":{"origin":129193,"position":5},"title":"Pedro Brache afirma Abinader ha creado un clima favorable para inversi\u00f3n local y extranjera","author":"Nelson Feliz","date":"23 de octubre de 2024","format":false,"excerpt":"Mandatario particip\u00f3 en inauguraci\u00f3n, ampliaci\u00f3n y modernizaci\u00f3n de planta procesamiento y almac\u00e9n log\u00edstico de Grupo Rica. El presidente de Grupo Rica, Pedro Brache, resalt\u00f3 este mi\u00e9rcoles que bajo el liderazgo del presidente Luis Abinader se ha creado un clima favorable para la inversi\u00f3n local y extranjera impulsado por las pol\u00edticas\u2026","rel":"","context":"En \u00abECONOM\u00cdA\u00bb","block_context":{"text":"ECONOM\u00cdA","link":"https:\/\/lasprimeras.com.do\/index.php\/category\/economia\/"},"img":{"alt_text":"","src":"https:\/\/i0.wp.com\/lasprimeras.com.do\/wp-content\/uploads\/2024\/10\/Luis-Abinader-18.jpg?resize=350%2C200&ssl=1","width":350,"height":200,"srcset":"https:\/\/i0.wp.com\/lasprimeras.com.do\/wp-content\/uploads\/2024\/10\/Luis-Abinader-18.jpg?resize=350%2C200&ssl=1 1x, https:\/\/i0.wp.com\/lasprimeras.com.do\/wp-content\/uploads\/2024\/10\/Luis-Abinader-18.jpg?resize=525%2C300&ssl=1 1.5x, https:\/\/i0.wp.com\/lasprimeras.com.do\/wp-content\/uploads\/2024\/10\/Luis-Abinader-18.jpg?resize=700%2C400&ssl=1 2x"},"classes":[]}],"jetpack_sharing_enabled":true,"_links":{"self":[{"href":"https:\/\/lasprimeras.com.do\/index.php\/wp-json\/wp\/v2\/posts\/129193","targetHints":{"allow":["GET"]}}],"collection":[{"href":"https:\/\/lasprimeras.com.do\/index.php\/wp-json\/wp\/v2\/posts"}],"about":[{"href":"https:\/\/lasprimeras.com.do\/index.php\/wp-json\/wp\/v2\/types\/post"}],"author":[{"embeddable":true,"href":"https:\/\/lasprimeras.com.do\/index.php\/wp-json\/wp\/v2\/users\/10"}],"replies":[{"embeddable":true,"href":"https:\/\/lasprimeras.com.do\/index.php\/wp-json\/wp\/v2\/comments?post=129193"}],"version-history":[{"count":1,"href":"https:\/\/lasprimeras.com.do\/index.php\/wp-json\/wp\/v2\/posts\/129193\/revisions"}],"predecessor-version":[{"id":129196,"href":"https:\/\/lasprimeras.com.do\/index.php\/wp-json\/wp\/v2\/posts\/129193\/revisions\/129196"}],"wp:featuredmedia":[{"embeddable":true,"href":"https:\/\/lasprimeras.com.do\/index.php\/wp-json\/wp\/v2\/media\/129194"}],"wp:attachment":[{"href":"https:\/\/lasprimeras.com.do\/index.php\/wp-json\/wp\/v2\/media?parent=129193"}],"wp:term":[{"taxonomy":"category","embeddable":true,"href":"https:\/\/lasprimeras.com.do\/index.php\/wp-json\/wp\/v2\/categories?post=129193"},{"taxonomy":"post_tag","embeddable":true,"href":"https:\/\/lasprimeras.com.do\/index.php\/wp-json\/wp\/v2\/tags?post=129193"}],"curies":[{"name":"wp","href":"https:\/\/api.w.org\/{rel}","templated":true}]}}