{"id":129198,"date":"2026-04-30T12:38:36","date_gmt":"2026-04-30T16:38:36","guid":{"rendered":"https:\/\/lasprimeras.com.do\/?p=129198"},"modified":"2026-04-30T12:38:39","modified_gmt":"2026-04-30T16:38:39","slug":"alberto-atallah-se-suma-al-proyecto-presidencial-de-david-collado","status":"publish","type":"post","link":"https:\/\/lasprimeras.com.do\/index.php\/2026\/04\/30\/alberto-atallah-se-suma-al-proyecto-presidencial-de-david-collado\/","title":{"rendered":"Alberto Atallah se suma al proyecto presidencial de David Collado"},"content":{"rendered":"\n<p>El dirigente pol\u00edtico Alberto Atallah se integr\u00f3 al proyecto presidencial del actual ministro de Turismo, David Collado, durante un encuentro reciente en el que su entrada al sal\u00f3n fue recibida con una ovaci\u00f3n.<\/p>\n\n\n\n<p>Atallah es vicepresidente ejecutivo del Partido Revolucionario Moderno.<\/p>\n\n\n\n<p>En su trayectoria ha sido diputado del Congreso Nacional por el Distrito Nacional en dos per\u00edodos (2006\u20132010 y 2010\u20132016), secretario administrativo de la Presidencia y superintendente de bancos, funci\u00f3n que desempe\u00f1\u00f3 a partir del a\u00f1o 2000 en el gobierno de Hip\u00f3lito Mej\u00eda.<\/p>\n\n\n\n<p>Antes de su paso por el Estado, desarroll\u00f3 carrera en el sector financiero como gerente general del Banco de Cambio Atallah y vicepresidente ejecutivo del Banco del Exterior Dominicano.<\/p>\n\n\n\n<p>En el \u00e1mbito legislativo, presidi\u00f3 la comisi\u00f3n permanente de industria y comercio y particip\u00f3 en comisiones de hacienda y econom\u00eda.<\/p>\n\n\n\n<p>En el plano electoral, fue candidato a senador por el Distrito Nacional en 2016, adem\u00e1s de desempe\u00f1arse como coordinador de campa\u00f1a en la capital en los procesos de 2020 y 2024.<\/p>\n\n\n\n<p>La incorporaci\u00f3n se produce en un momento en que dentro del oficialismo comienzan a definirse apoyos y equipos pol\u00edticos.<\/p>\n\n\n\n<p>En ese contexto, Collado busca estructurar su proyecto sumando dirigentes con experiencia en el partido y en funciones p\u00fablicas, mientras contin\u00faan las definiciones internas de cara a los pr\u00f3ximos procesos.<\/p>\n","protected":false},"excerpt":{"rendered":"<p>El dirigente pol\u00edtico Alberto Atallah se integr\u00f3 al proyecto presidencial del actual ministro de Turismo, David Collado, durante un encuentro reciente en el que su entrada al sal\u00f3n fue recibida&hellip;<\/p>\n","protected":false},"author":10,"featured_media":129199,"comment_status":"open","ping_status":"open","sticky":false,"template":"","format":"standard","meta":{"content-type":"","jetpack_post_was_ever_published":false,"_jetpack_newsletter_access":"","_jetpack_dont_email_post_to_subs":false,"_jetpack_newsletter_tier_id":0,"_jetpack_memberships_contains_paywalled_content":false,"_jetpack_memberships_contains_paid_content":false,"footnotes":""},"categories":[16559],"tags":[32853,2720,1498],"class_list":["post-129198","post","type-post","status-publish","format-standard","has-post-thumbnail","hentry","category-politica","tag-alberto-atallah","tag-apoyo","tag-david-collado"],"jetpack_featured_media_url":"https:\/\/lasprimeras.com.do\/wp-content\/uploads\/2026\/04\/IMG-20260430-WA0219.jpg","jetpack-related-posts":[{"id":106732,"url":"https:\/\/lasprimeras.com.do\/index.php\/2025\/08\/18\/victor-atallah-juramenta-a-edward-guzman-como-nuevo-director-ejecutivo-de-senasa\/","url_meta":{"origin":129198,"position":0},"title":"V\u00edctor Atallah juramenta a Edward Guzm\u00e1n como nuevo director ejecutivo de SeNaSa","author":"Nelson Feliz","date":"18 de agosto de 2025","format":false,"excerpt":"El ministro de Salud y presidente del Consejo Nacional del Seguro Nacional de Salud (CoSeNaSa), V\u00edctor Atallah, jurament\u00f3 este lunes al doctor Edward Rafael Guzm\u00e1n Padilla, designado por el presidente de la Rep\u00fablica, Luis Abinader, mediante el decreto 461-25, como nuevo director ejecutivo del Seguro Nacional de Salud (SeNaSa). El\u2026","rel":"","context":"En \u00abSALUD\u00bb","block_context":{"text":"SALUD","link":"https:\/\/lasprimeras.com.do\/index.php\/category\/salud\/"},"img":{"alt_text":"","src":"https:\/\/i0.wp.com\/lasprimeras.com.do\/wp-content\/uploads\/2025\/08\/senasa-1.jpg?resize=350%2C200&ssl=1","width":350,"height":200,"srcset":"https:\/\/i0.wp.com\/lasprimeras.com.do\/wp-content\/uploads\/2025\/08\/senasa-1.jpg?resize=350%2C200&ssl=1 1x, https:\/\/i0.wp.com\/lasprimeras.com.do\/wp-content\/uploads\/2025\/08\/senasa-1.jpg?resize=525%2C300&ssl=1 1.5x, https:\/\/i0.wp.com\/lasprimeras.com.do\/wp-content\/uploads\/2025\/08\/senasa-1.jpg?resize=700%2C400&ssl=1 2x"},"classes":[]},{"id":83111,"url":"https:\/\/lasprimeras.com.do\/index.php\/2024\/05\/10\/roberto-angel-encabeza-recorrido-junto-a-guillermo-moreno-por-barrios-de-la-capital\/","url_meta":{"origin":129198,"position":1},"title":"Roberto \u00c1ngel encabeza recorrido junto a Guillermo Moreno por barrios de la capital","author":"Nelson Feliz","date":"10 de mayo de 2024","format":false,"excerpt":"Estuvieron acompa\u00f1ados de Alberto Atallah, coordinador y enlace de campa\u00f1a del PRM en el Distrito Nacional, y de Starling Alc\u00e1ntara, presidente de esta organizaci\u00f3n en la Circunscripci\u00f3n Uno, entre otros dirigentes. El miembro de la Direcci\u00f3n Ejecutiva del Partido Revolucionario Moderno (PRM), Roberto \u00c1ngel Salcedo, dio un espaldarazo al candidato\u2026","rel":"","context":"En \u00abPORTADA\u00bb","block_context":{"text":"PORTADA","link":"https:\/\/lasprimeras.com.do\/index.php\/category\/portada\/"},"img":{"alt_text":"Roberto \u00c1ngel Salcedo y Guillermo Moreno","src":"https:\/\/i0.wp.com\/lasprimeras.com.do\/wp-content\/uploads\/2024\/05\/Roberto-Angel-Salcedo-y-Guillermo-Moreno-1.jpg?resize=350%2C200&ssl=1","width":350,"height":200,"srcset":"https:\/\/i0.wp.com\/lasprimeras.com.do\/wp-content\/uploads\/2024\/05\/Roberto-Angel-Salcedo-y-Guillermo-Moreno-1.jpg?resize=350%2C200&ssl=1 1x, https:\/\/i0.wp.com\/lasprimeras.com.do\/wp-content\/uploads\/2024\/05\/Roberto-Angel-Salcedo-y-Guillermo-Moreno-1.jpg?resize=525%2C300&ssl=1 1.5x"},"classes":[]},{"id":113906,"url":"https:\/\/lasprimeras.com.do\/index.php\/2025\/11\/07\/banreservas-y-ars-reserva-renuevan-acuerdo-con-ministerio-de-salud-y-hemocentro-nacional-para-motivar-la-donacion-de-sangre\/","url_meta":{"origin":129198,"position":2},"title":"Banreservas y ARS Reserva renuevan acuerdo con Ministerio de Salud y Hemocentro Nacional para motivar la donaci\u00f3n de sangre","author":"Nelson Feliz","date":"7 de noviembre de 2025","format":false,"excerpt":"El convenio establece el fortalecimiento de la red nacional de donantes y campa\u00f1as educativas. El Banco de Reservas y la Administradora de Riesgos de Salud ARS Reservas renovaron un acuerdo de colaboraci\u00f3n con el Ministerio de Salud P\u00fablica y el Hemocentro Nacional, para promover la donaci\u00f3n voluntaria de sangre en\u2026","rel":"","context":"En \u00abPORTADA\u00bb","block_context":{"text":"PORTADA","link":"https:\/\/lasprimeras.com.do\/index.php\/category\/portada\/"},"img":{"alt_text":"Pedro Jos\u00e9 Sing Ure\u00f1a, director del Hemocentro; V\u00edctor El\u00edas Atallah, ministro de Salud P\u00fablica y Asistencia Social; Leonardo Aguilera Batista, presidente ejecutivo de Banreservas; y Jos\u00e9 Rivera Gabirondo, vicepresidente ejecutivo de ARS Reservas, firman el acuerdo interinstitucional para fomentar la donaci\u00f3n y demanda de sangre en el pa\u00eds.","src":"https:\/\/i0.wp.com\/lasprimeras.com.do\/wp-content\/uploads\/2025\/11\/acuerdo-1.jpg?resize=350%2C200&ssl=1","width":350,"height":200,"srcset":"https:\/\/i0.wp.com\/lasprimeras.com.do\/wp-content\/uploads\/2025\/11\/acuerdo-1.jpg?resize=350%2C200&ssl=1 1x, https:\/\/i0.wp.com\/lasprimeras.com.do\/wp-content\/uploads\/2025\/11\/acuerdo-1.jpg?resize=525%2C300&ssl=1 1.5x, https:\/\/i0.wp.com\/lasprimeras.com.do\/wp-content\/uploads\/2025\/11\/acuerdo-1.jpg?resize=700%2C400&ssl=1 2x"},"classes":[]},{"id":101801,"url":"https:\/\/lasprimeras.com.do\/index.php\/2025\/06\/26\/ministerio-de-salud-impulsa-transformacion-del-sistema-de-salud-dominicano-con-respaldo-del-banco-mundial\/","url_meta":{"origin":129198,"position":3},"title":"Ministerio de Salud impulsa transformaci\u00f3n del sistema de salud dominicano con respaldo del Banco Mundial","author":"Nelson Feliz","date":"26 de junio de 2025","format":false,"excerpt":"Realiza taller de lanzamiento del Proyecto de Apoyo al Fortalecimiento del Sistema Nacional de Salud El Ministerio de Salud, a trav\u00e9s del Viceministerio de Fortalecimiento y Desarrollo del Sector Salud y la Direcci\u00f3n de Conducci\u00f3n Sectorial - Unidad Ejecutora de Proyectos, realiz\u00f3 el taller de lanzamiento del \"Proyecto de Apoyo\u2026","rel":"","context":"En \u00abSALUD\u00bb","block_context":{"text":"SALUD","link":"https:\/\/lasprimeras.com.do\/index.php\/category\/salud\/"},"img":{"alt_text":"","src":"https:\/\/i0.wp.com\/lasprimeras.com.do\/wp-content\/uploads\/2025\/06\/victor-atallah.jpg?resize=350%2C200&ssl=1","width":350,"height":200,"srcset":"https:\/\/i0.wp.com\/lasprimeras.com.do\/wp-content\/uploads\/2025\/06\/victor-atallah.jpg?resize=350%2C200&ssl=1 1x, https:\/\/i0.wp.com\/lasprimeras.com.do\/wp-content\/uploads\/2025\/06\/victor-atallah.jpg?resize=525%2C300&ssl=1 1.5x, https:\/\/i0.wp.com\/lasprimeras.com.do\/wp-content\/uploads\/2025\/06\/victor-atallah.jpg?resize=700%2C400&ssl=1 2x"},"classes":[]},{"id":101840,"url":"https:\/\/lasprimeras.com.do\/index.php\/2025\/06\/27\/ministerio-de-salud-y-el-banco-mundial-impulsa-transformacion-del-sistema-de-salud-dominicano\/","url_meta":{"origin":129198,"position":4},"title":"Ministerio de Salud y el Banco Mundial impulsa transformaci\u00f3n del sistema de salud dominicano","author":"Nelson Feliz","date":"27 de junio de 2025","format":false,"excerpt":"Realiza taller de lanzamiento del Proyecto de Apoyo al Fortalecimiento del Sistema Nacional de Salud. El Ministerio de Salud, a trav\u00e9s del Viceministerio de Fortalecimiento y Desarrollo del Sector Salud y la Direcci\u00f3n de Conducci\u00f3n Sectorial - Unidad Ejecutora de Proyectos, realiz\u00f3 el taller de lanzamiento del \"Proyecto de Apoyo\u2026","rel":"","context":"En \u00abSALUD\u00bb","block_context":{"text":"SALUD","link":"https:\/\/lasprimeras.com.do\/index.php\/category\/salud\/"},"img":{"alt_text":"","src":"https:\/\/i0.wp.com\/lasprimeras.com.do\/wp-content\/uploads\/2025\/06\/taller-2.jpg?resize=350%2C200&ssl=1","width":350,"height":200,"srcset":"https:\/\/i0.wp.com\/lasprimeras.com.do\/wp-content\/uploads\/2025\/06\/taller-2.jpg?resize=350%2C200&ssl=1 1x, https:\/\/i0.wp.com\/lasprimeras.com.do\/wp-content\/uploads\/2025\/06\/taller-2.jpg?resize=525%2C300&ssl=1 1.5x, https:\/\/i0.wp.com\/lasprimeras.com.do\/wp-content\/uploads\/2025\/06\/taller-2.jpg?resize=700%2C400&ssl=1 2x"},"classes":[]},{"id":120069,"url":"https:\/\/lasprimeras.com.do\/index.php\/2026\/01\/20\/bhd-reconoce-en-fitur-labor-de-ministro-david-collado-en-favor-del-turismo\/","url_meta":{"origin":129198,"position":5},"title":"BHD reconoce en FITUR labor de ministro David Collado en favor del turismo","author":"Nelson Feliz","date":"20 de enero de 2026","format":false,"excerpt":"BHD reconoce en FITUR labor de ministro David Collado en favor del turismo","rel":"","context":"En \u00abPORTADA\u00bb","block_context":{"text":"PORTADA","link":"https:\/\/lasprimeras.com.do\/index.php\/category\/portada\/"},"img":{"alt_text":"David Collado","src":"https:\/\/i0.wp.com\/lasprimeras.com.do\/wp-content\/uploads\/2026\/01\/David-Collado.jpg?resize=350%2C200&ssl=1","width":350,"height":200,"srcset":"https:\/\/i0.wp.com\/lasprimeras.com.do\/wp-content\/uploads\/2026\/01\/David-Collado.jpg?resize=350%2C200&ssl=1 1x, https:\/\/i0.wp.com\/lasprimeras.com.do\/wp-content\/uploads\/2026\/01\/David-Collado.jpg?resize=525%2C300&ssl=1 1.5x, https:\/\/i0.wp.com\/lasprimeras.com.do\/wp-content\/uploads\/2026\/01\/David-Collado.jpg?resize=700%2C400&ssl=1 2x"},"classes":[]}],"jetpack_sharing_enabled":true,"_links":{"self":[{"href":"https:\/\/lasprimeras.com.do\/index.php\/wp-json\/wp\/v2\/posts\/129198","targetHints":{"allow":["GET"]}}],"collection":[{"href":"https:\/\/lasprimeras.com.do\/index.php\/wp-json\/wp\/v2\/posts"}],"about":[{"href":"https:\/\/lasprimeras.com.do\/index.php\/wp-json\/wp\/v2\/types\/post"}],"author":[{"embeddable":true,"href":"https:\/\/lasprimeras.com.do\/index.php\/wp-json\/wp\/v2\/users\/10"}],"replies":[{"embeddable":true,"href":"https:\/\/lasprimeras.com.do\/index.php\/wp-json\/wp\/v2\/comments?post=129198"}],"version-history":[{"count":1,"href":"https:\/\/lasprimeras.com.do\/index.php\/wp-json\/wp\/v2\/posts\/129198\/revisions"}],"predecessor-version":[{"id":129200,"href":"https:\/\/lasprimeras.com.do\/index.php\/wp-json\/wp\/v2\/posts\/129198\/revisions\/129200"}],"wp:featuredmedia":[{"embeddable":true,"href":"https:\/\/lasprimeras.com.do\/index.php\/wp-json\/wp\/v2\/media\/129199"}],"wp:attachment":[{"href":"https:\/\/lasprimeras.com.do\/index.php\/wp-json\/wp\/v2\/media?parent=129198"}],"wp:term":[{"taxonomy":"category","embeddable":true,"href":"https:\/\/lasprimeras.com.do\/index.php\/wp-json\/wp\/v2\/categories?post=129198"},{"taxonomy":"post_tag","embeddable":true,"href":"https:\/\/lasprimeras.com.do\/index.php\/wp-json\/wp\/v2\/tags?post=129198"}],"curies":[{"name":"wp","href":"https:\/\/api.w.org\/{rel}","templated":true}]}}