{"id":129206,"date":"2026-04-30T15:56:36","date_gmt":"2026-04-30T19:56:36","guid":{"rendered":"https:\/\/lasprimeras.com.do\/?p=129206"},"modified":"2026-04-30T15:56:39","modified_gmt":"2026-04-30T19:56:39","slug":"hipolito-mejia-favorece-realizacion-de-estudios-tecnicos-del-proyecto-minero-romero","status":"publish","type":"post","link":"https:\/\/lasprimeras.com.do\/index.php\/2026\/04\/30\/hipolito-mejia-favorece-realizacion-de-estudios-tecnicos-del-proyecto-minero-romero\/","title":{"rendered":"Hip\u00f3lito Mej\u00eda favorece realizaci\u00f3n de estudios t\u00e9cnicos del proyecto minero Romero"},"content":{"rendered":"\n<p>El expresidente de la Rep\u00fablica, Hip\u00f3lito Mej\u00eda, abog\u00f3 este jueves por que la discusi\u00f3n en torno al desarrollo del proyecto minero Romero en la provincia de San Juan se realice con base en estudios t\u00e9cnicos, al tiempo que sostuvo que la miner\u00eda puede ser compatible con otras actividades productivas.<\/p>\n\n\n\n<p>Durante una visita a esta demarcaci\u00f3n, el exmandatario fue enf\u00e1tico al se\u00f1alar que este tipo de decisiones no puede estar marcado por prejuicios ni posiciones pol\u00edticas.<\/p>\n\n\n\n<p>\u201cHay posibilidades de desarrollar todos los sectores de la vida nacional. Y eso no tiene que preocuparle a nadie. Ahora, politiquer\u00eda y demagogia barata no debe existir en una zona pobre\u201d, expres\u00f3 Mej\u00eda, al referirse a la discusi\u00f3n sobre la actividad minera en una zona agr\u00edcola.<\/p>\n\n\n\n<p>El expresidente Hip\u00f3lito Mej\u00eda tambi\u00e9n confront\u00f3 directamente al dirigente senador F\u00e9lix Bautista en medio del debate, cuestionando su autoridad para opinar sobre el tema.<\/p>\n\n\n\n<p>\u201cEntonces, en ese caso yo voy a la mina. Adem\u00e1s, en una cosa que est\u00e9 F\u00e9lix Bautista, yo tengo que enfrentarla, porque ese no tiene calidad moral para hablar de honestidad y prospectiva de lo que hay que hacer en el pa\u00eds. Por eso, por principios. Pero permitan que se hagan los estudios\u201d, expres\u00f3.<\/p>\n\n\n\n<p>El tambi\u00e9n dirigente pol\u00edtico cuestion\u00f3 que se plantee una incompatibilidad entre la miner\u00eda y otras actividades productivas, al afirmar que \u201ceso es una desviaci\u00f3n\u201d y que \u201ctodo es compatible\u201d, en referencia a la posibilidad de desarrollar distintos sectores econ\u00f3micos de manera simult\u00e1nea.<\/p>\n\n\n\n<p>Asimismo, Mej\u00eda vincul\u00f3 el debate con la realidad econ\u00f3mica de la provincia, indicando que se trata de una zona pobre con necesidades de empleo y desarrollo, por lo que llam\u00f3 a abordar el tema con una visi\u00f3n de largo plazo.<\/p>\n\n\n\n<p>\u201cHay que ver esas cosas con realismo, con seriedad. No con demagogia barata y queriendo ser simp\u00e1ticos. As\u00ed no estamos para desarrollar el pa\u00eds. Hay que ser serios en este tipo de cosas y de consideraci\u00f3n de lo que conviene a largo plazo a la provincia de San Juan de Maguana\u201d, expres\u00f3.<\/p>\n\n\n\n<p>El expresidente hizo un llamado a que la propia comunidad de San Juan asuma un rol activo en la definici\u00f3n del futuro que desea para esa provincia.<\/p>\n\n\n\n<p>\u201cPorque la fuerza viva de aqu\u00ed tiene que integrarse y saber lo que quieran\u201d, dijo.<\/p>\n\n\n\n<p>Las declaraciones de Mej\u00eda se producen en medio de un creciente debate sobre el desarrollo de proyectos mineros en San Juan, en el que distintos sectores han planteado la necesidad de profundizar los estudios t\u00e9cnicos antes de tomar decisiones.<\/p>\n","protected":false},"excerpt":{"rendered":"<p>Hip\u00f3lito Mej\u00eda <\/p>\n","protected":false},"author":10,"featured_media":129207,"comment_status":"open","ping_status":"open","sticky":false,"template":"","format":"standard","meta":{"content-type":"","jetpack_post_was_ever_published":false,"_jetpack_newsletter_access":"","_jetpack_dont_email_post_to_subs":false,"_jetpack_newsletter_tier_id":0,"_jetpack_memberships_contains_paywalled_content":false,"_jetpack_memberships_contains_paid_content":false,"footnotes":""},"categories":[16559,25],"tags":[918,1073,32854],"class_list":["post-129206","post","type-post","status-publish","format-standard","has-post-thumbnail","hentry","category-politica","category-portada","tag-estudios","tag-hipolito-mejia","tag-proyecto-minero-romero"],"jetpack_featured_media_url":"https:\/\/lasprimeras.com.do\/wp-content\/uploads\/2026\/04\/IMG-20260430-WA0627.jpg","jetpack-related-posts":[{"id":124388,"url":"https:\/\/lasprimeras.com.do\/index.php\/2026\/03\/11\/hipolito-mejia-preocupado-por-la-falta-de-cumplimiento-contrato-minero\/","url_meta":{"origin":129206,"position":0},"title":"Hip\u00f3lito Mej\u00eda preocupado por la falta de cumplimiento contrato minero","author":"Nelson Feliz","date":"11 de marzo de 2026","format":false,"excerpt":"El expresidente Hip\u00f3lito Mej\u00eda (2000-2004) envi\u00f3 una carta al presidente Luis Abinader en la que le expresa preocupaci\u00f3n porque supuestamente el Estado dej\u00f3 de percibir en ocho a\u00f1os US$1,113 millones por concepto del Impuesto M\u00ednimo Anual (IMA) contemplado en el Contrato Especial de Arrendamiento Minero (CEAM) que suscribi\u00f3 el 25\u2026","rel":"","context":"En \u00abPOLITICA\u00bb","block_context":{"text":"POLITICA","link":"https:\/\/lasprimeras.com.do\/index.php\/category\/politica\/"},"img":{"alt_text":"Hip\u00f3lito Mej\u00eda","src":"https:\/\/i0.wp.com\/lasprimeras.com.do\/wp-content\/uploads\/2026\/02\/Hipolito-Mejia.jpg?resize=350%2C200&ssl=1","width":350,"height":200,"srcset":"https:\/\/i0.wp.com\/lasprimeras.com.do\/wp-content\/uploads\/2026\/02\/Hipolito-Mejia.jpg?resize=350%2C200&ssl=1 1x, https:\/\/i0.wp.com\/lasprimeras.com.do\/wp-content\/uploads\/2026\/02\/Hipolito-Mejia.jpg?resize=525%2C300&ssl=1 1.5x, https:\/\/i0.wp.com\/lasprimeras.com.do\/wp-content\/uploads\/2026\/02\/Hipolito-Mejia.jpg?resize=700%2C400&ssl=1 2x"},"classes":[]},{"id":111674,"url":"https:\/\/lasprimeras.com.do\/index.php\/2025\/10\/12\/intabaco-inaugura-escuela-tabacalera-hipolito-mejia\/","url_meta":{"origin":129206,"position":1},"title":"Intabaco inaugura Escuela Tabacalera Hip\u00f3lito Mej\u00eda","author":"Nelson Feliz","date":"12 de octubre de 2025","format":false,"excerpt":"Dicho centro ha formado a m\u00e1s de 600 j\u00f3venes y el 95% de los mismos est\u00e1n trabajando en la industria del tabaco. El Instituto del Tabaco de la Rep\u00fablica Dominicana (INTABACO) reinaugur\u00f3 su Escuela Tabacalera coloc\u00e1ndole el nombre de Hip\u00f3lito Mej\u00eda en honor al expresidente de la Rep\u00fablica por sus\u2026","rel":"","context":"En \u00abNACIONALES\u00bb","block_context":{"text":"NACIONALES","link":"https:\/\/lasprimeras.com.do\/index.php\/category\/nacionales\/"},"img":{"alt_text":"","src":"https:\/\/i0.wp.com\/lasprimeras.com.do\/wp-content\/uploads\/2025\/10\/hipo-1.jpg?resize=350%2C200&ssl=1","width":350,"height":200,"srcset":"https:\/\/i0.wp.com\/lasprimeras.com.do\/wp-content\/uploads\/2025\/10\/hipo-1.jpg?resize=350%2C200&ssl=1 1x, https:\/\/i0.wp.com\/lasprimeras.com.do\/wp-content\/uploads\/2025\/10\/hipo-1.jpg?resize=525%2C300&ssl=1 1.5x, https:\/\/i0.wp.com\/lasprimeras.com.do\/wp-content\/uploads\/2025\/10\/hipo-1.jpg?resize=700%2C400&ssl=1 2x"},"classes":[]},{"id":128262,"url":"https:\/\/lasprimeras.com.do\/index.php\/2026\/04\/21\/hipolito-mejia-apoya-proceso-de-transformacion-y-mecanizacion-iniciado-en-agricultura\/","url_meta":{"origin":129206,"position":2},"title":"Hip\u00f3lito Mej\u00eda apoya proceso de transformaci\u00f3n y mecanizaci\u00f3n iniciado en Agricultura","author":"Nelson Feliz","date":"21 de abril de 2026","format":false,"excerpt":"El expresidente realiza visita de cortes\u00eda al ministro Oliverio Espaillat El expresidente de la Rep\u00fablica, Hip\u00f3lito Mej\u00eda, dio su apoyo al proceso de transformaci\u00f3n y mecanizaci\u00f3n iniciado por el ministro de Agricultura, Francisco Oliverio Espaillat, a quien visit\u00f3 en su despacho para intercambiar impresiones y conocer los avances del sector.\u2026","rel":"","context":"En \u00abPOLITICA\u00bb","block_context":{"text":"POLITICA","link":"https:\/\/lasprimeras.com.do\/index.php\/category\/politica\/"},"img":{"alt_text":"Hip\u00f3lito Mej\u00eda","src":"https:\/\/i0.wp.com\/lasprimeras.com.do\/wp-content\/uploads\/2026\/04\/Hipolito-Mejia-1.jpg?resize=350%2C200&ssl=1","width":350,"height":200,"srcset":"https:\/\/i0.wp.com\/lasprimeras.com.do\/wp-content\/uploads\/2026\/04\/Hipolito-Mejia-1.jpg?resize=350%2C200&ssl=1 1x, https:\/\/i0.wp.com\/lasprimeras.com.do\/wp-content\/uploads\/2026\/04\/Hipolito-Mejia-1.jpg?resize=525%2C300&ssl=1 1.5x, https:\/\/i0.wp.com\/lasprimeras.com.do\/wp-content\/uploads\/2026\/04\/Hipolito-Mejia-1.jpg?resize=700%2C400&ssl=1 2x"},"classes":[]},{"id":108576,"url":"https:\/\/lasprimeras.com.do\/index.php\/2025\/09\/08\/hipolito-mejia-a-leonel-fernandez-usted-no-conoce-ni-un-pollo-ni-un-huevo-callese-azaroso\/","url_meta":{"origin":129206,"position":3},"title":"Hip\u00f3lito Mej\u00eda a Leonel Fern\u00e1ndez: \u00abUsted no conoce ni un pollo ni un huevo, c\u00e1llese azaroso\u00bb","author":"Nelson Feliz","date":"8 de septiembre de 2025","format":false,"excerpt":"En una arremetida que ya circula por las redes sociales, el expresidente Hip\u00f3lito Mej\u00eda lanz\u00f3 su cl\u00e1sico sarcasmo directo a Leonel Fern\u00e1ndez, tras un comentario del tambi\u00e9n exmandatario sobre los precios del pollo. Con tono ir\u00f3nico Mej\u00eda exclamo \u201cSe\u00f1or, usted no conoce ni el pichiris\u2026 usted no conoce un pollo\u2026","rel":"","context":"En \u00abPOLITICA\u00bb","block_context":{"text":"POLITICA","link":"https:\/\/lasprimeras.com.do\/index.php\/category\/politica\/"},"img":{"alt_text":"","src":"https:\/\/i0.wp.com\/lasprimeras.com.do\/wp-content\/uploads\/2025\/09\/Hipolito-Mejia.jpg?resize=350%2C200&ssl=1","width":350,"height":200,"srcset":"https:\/\/i0.wp.com\/lasprimeras.com.do\/wp-content\/uploads\/2025\/09\/Hipolito-Mejia.jpg?resize=350%2C200&ssl=1 1x, https:\/\/i0.wp.com\/lasprimeras.com.do\/wp-content\/uploads\/2025\/09\/Hipolito-Mejia.jpg?resize=525%2C300&ssl=1 1.5x, https:\/\/i0.wp.com\/lasprimeras.com.do\/wp-content\/uploads\/2025\/09\/Hipolito-Mejia.jpg?resize=700%2C400&ssl=1 2x"},"classes":[]},{"id":106707,"url":"https:\/\/lasprimeras.com.do\/index.php\/2025\/08\/18\/hipolito-mejia-agradece-la-dedicatoria-del-ix-congreso-nacional-de-la-anpa\/","url_meta":{"origin":129206,"position":4},"title":"Hip\u00f3lito Mej\u00eda agradece la dedicatoria del IX Congreso Nacional de la ANPA","author":"Nelson Feliz","date":"18 de agosto de 2025","format":false,"excerpt":"El expresidente de la Rep\u00fablica Dominicana, agr\u00f3nomo Hip\u00f3lito Mej\u00eda, expres\u00f3 su gratitud a la Asociaci\u00f3n Nacional de Profesionales Agropecuarios (ANPA) por dedicarle el IX Congreso Nacional, el cual se realizar\u00e1 los d\u00edas 23, 24 y 25 de septiembre del presente a\u00f1o. Con una mezcla de nostalgia y orgullo, Mej\u00eda expres\u00f3\u2026","rel":"","context":"En \u00abPOLITICA\u00bb","block_context":{"text":"POLITICA","link":"https:\/\/lasprimeras.com.do\/index.php\/category\/politica\/"},"img":{"alt_text":"","src":"https:\/\/i0.wp.com\/lasprimeras.com.do\/wp-content\/uploads\/2025\/08\/Hipolito-Mejia.jpg?resize=350%2C200&ssl=1","width":350,"height":200,"srcset":"https:\/\/i0.wp.com\/lasprimeras.com.do\/wp-content\/uploads\/2025\/08\/Hipolito-Mejia.jpg?resize=350%2C200&ssl=1 1x, https:\/\/i0.wp.com\/lasprimeras.com.do\/wp-content\/uploads\/2025\/08\/Hipolito-Mejia.jpg?resize=525%2C300&ssl=1 1.5x, https:\/\/i0.wp.com\/lasprimeras.com.do\/wp-content\/uploads\/2025\/08\/Hipolito-Mejia.jpg?resize=700%2C400&ssl=1 2x"},"classes":[]},{"id":103649,"url":"https:\/\/lasprimeras.com.do\/index.php\/2025\/07\/17\/anpa-dedicara-su-9no-congreso-al-expresidente-hipolito-mejia\/","url_meta":{"origin":129206,"position":5},"title":"ANPA dedicar\u00e1 su 9no Congreso al expresidente Hip\u00f3lito Mej\u00eda","author":"Nelson Feliz","date":"17 de julio de 2025","format":false,"excerpt":"La Asamblea Nacional de Dirigentes de la Asociaci\u00f3n Nacional de Profesionales Agropecuarios, dedicar\u00e1n 9no Congreso Nacional de la ANPA al expresidente Rep\u00fablica Hip\u00f3lito Mej\u00eda, en reconocimiento a su trayectoria como fundador del gremio y exministro de Agricultura. El presidente de la ANPA, Tito Hern\u00e1ndez, expres\u00f3 que la vida acrisolada de\u2026","rel":"","context":"En \u00abNACIONALES\u00bb","block_context":{"text":"NACIONALES","link":"https:\/\/lasprimeras.com.do\/index.php\/category\/nacionales\/"},"img":{"alt_text":"Tito Hern\u00e1ndez","src":"https:\/\/i0.wp.com\/lasprimeras.com.do\/wp-content\/uploads\/2025\/07\/Tito-Hernandez.jpg?resize=350%2C200&ssl=1","width":350,"height":200,"srcset":"https:\/\/i0.wp.com\/lasprimeras.com.do\/wp-content\/uploads\/2025\/07\/Tito-Hernandez.jpg?resize=350%2C200&ssl=1 1x, https:\/\/i0.wp.com\/lasprimeras.com.do\/wp-content\/uploads\/2025\/07\/Tito-Hernandez.jpg?resize=525%2C300&ssl=1 1.5x, https:\/\/i0.wp.com\/lasprimeras.com.do\/wp-content\/uploads\/2025\/07\/Tito-Hernandez.jpg?resize=700%2C400&ssl=1 2x"},"classes":[]}],"jetpack_sharing_enabled":true,"_links":{"self":[{"href":"https:\/\/lasprimeras.com.do\/index.php\/wp-json\/wp\/v2\/posts\/129206","targetHints":{"allow":["GET"]}}],"collection":[{"href":"https:\/\/lasprimeras.com.do\/index.php\/wp-json\/wp\/v2\/posts"}],"about":[{"href":"https:\/\/lasprimeras.com.do\/index.php\/wp-json\/wp\/v2\/types\/post"}],"author":[{"embeddable":true,"href":"https:\/\/lasprimeras.com.do\/index.php\/wp-json\/wp\/v2\/users\/10"}],"replies":[{"embeddable":true,"href":"https:\/\/lasprimeras.com.do\/index.php\/wp-json\/wp\/v2\/comments?post=129206"}],"version-history":[{"count":1,"href":"https:\/\/lasprimeras.com.do\/index.php\/wp-json\/wp\/v2\/posts\/129206\/revisions"}],"predecessor-version":[{"id":129208,"href":"https:\/\/lasprimeras.com.do\/index.php\/wp-json\/wp\/v2\/posts\/129206\/revisions\/129208"}],"wp:featuredmedia":[{"embeddable":true,"href":"https:\/\/lasprimeras.com.do\/index.php\/wp-json\/wp\/v2\/media\/129207"}],"wp:attachment":[{"href":"https:\/\/lasprimeras.com.do\/index.php\/wp-json\/wp\/v2\/media?parent=129206"}],"wp:term":[{"taxonomy":"category","embeddable":true,"href":"https:\/\/lasprimeras.com.do\/index.php\/wp-json\/wp\/v2\/categories?post=129206"},{"taxonomy":"post_tag","embeddable":true,"href":"https:\/\/lasprimeras.com.do\/index.php\/wp-json\/wp\/v2\/tags?post=129206"}],"curies":[{"name":"wp","href":"https:\/\/api.w.org\/{rel}","templated":true}]}}