{"id":129215,"date":"2026-04-30T18:01:11","date_gmt":"2026-04-30T22:01:11","guid":{"rendered":"https:\/\/lasprimeras.com.do\/?p=129215"},"modified":"2026-04-30T18:01:14","modified_gmt":"2026-04-30T22:01:14","slug":"primer-vuelo-directo-entre-eeuu-y-venezuela-aterriza-en-caracas-tras-suspension-de-siete-anos","status":"publish","type":"post","link":"https:\/\/lasprimeras.com.do\/index.php\/2026\/04\/30\/primer-vuelo-directo-entre-eeuu-y-venezuela-aterriza-en-caracas-tras-suspension-de-siete-anos\/","title":{"rendered":"Primer vuelo directo entre EEUU y Venezuela aterriza en Caracas tras suspensi\u00f3n de siete a\u00f1os"},"content":{"rendered":"\n<p>POR JUAN PABLO ARR\u00c1EZ and JORGE RUEDA<\/p>\n\n\n\n<p>CARACAS (AP) \u2014 Con un arco decorado con globos blancos, rojos y azules fueron recibidos el jueves los pasajeros procedentes de Miami en la terminal del aeropuerto internacional de Venezuela, luego de reanudarse los vuelos comerciales directos entre Estados Unidos y el pa\u00eds sudamericano tras una suspensi\u00f3n de siete a\u00f1os por razones de seguridad.<\/p>\n\n\n\n<p>American Airlines se convirti\u00f3 en la primera aerol\u00ednea estadounidense en reactivar esa operaci\u00f3n, casi dos meses despu\u00e9s del restablecimiento de las relaciones diplom\u00e1ticas entre Caracas y Washington que sigui\u00f3 a la operaci\u00f3n militar estadounidense que captur\u00f3 al entonces presidente Nicol\u00e1s Maduro a inicios de enero.<\/p>\n\n\n\n<p>Mientras que con globos amarillo, azul y rojo, de la bandera de Venezuela, los pasajeros fueron recibidos al ingresar al avi\u00f3n en Miami, con las azafatas portando banderitas de la naci\u00f3n sudamericana.<\/p>\n\n\n\n<p>\u201cEs una cosa maravillosa porque s\u00e9 que estoy saliendo ahorita a la ma\u00f1ana y si Dios quiere\u2026 esta noche estar\u00e9 durmiendo en mi casa\u201d en Houston, dijo \u00d3scar Fuentes al hacer su chequeo en la terminal del aeropuerto Sim\u00f3n Bol\u00edvar de Caracas para ese vuelo de regreso. Destac\u00f3 que con la reanudaci\u00f3n de los vuelos directos \u201cme estoy ahorrando mucho estr\u00e9s y cansancio\u201d.<\/p>\n\n\n\n<p>El avi\u00f3n procedente de Miami lleg\u00f3 al aeropuerto internacional Sim\u00f3n Bol\u00edvar, a unos 20 kil\u00f3metros al norte de Caracas, a las 13.24 local (17.24 GMT).<\/p>\n\n\n\n<p>La aerol\u00ednea hab\u00eda anunciado su intenci\u00f3n de restablecer el servicio a Venezuela en enero, justo el mismo d\u00eda en que el presidente Donald Trump orden\u00f3 al Departamento de Transporte que abriera el espacio a\u00e9reo comercial sobre el pa\u00eds sudamericano.<\/p>\n\n\n\n<p>El director del Consejo Nacional de Dominio Energ\u00e9tico de Estados Unidos, Jarrod Agen, fue uno de los pasajeros del vuelo.<\/p>\n\n\n\n<p>Agen tiene previsto reunirse con funcionarios venezolanos y ejecutivos de los sectores de energ\u00eda y minas como parte de los esfuerzos del gobierno de Donald Trump para facilitar que empresas estadounidenses inicien operaciones en el pa\u00eds sudamericano, inform\u00f3 el gobierno venezolano.<\/p>\n\n\n\n<p>Las autoridades venezolanas y trabajadores de American Airlines dieron la bienvenida a los pasajeros con decorados que incluyeron un arco formado con globos rojos, blancos y azules, los colores de la bandera estadounidense, ubicados a la entrada del mostrador de chequeo de boletos y equipaje. El avi\u00f3n estaba programado para partir de regreso a Miami a las 18.40 GMT.<\/p>\n\n\n\n<p>Estados Unidos y Venezuela acordaron en marzo reanudar las relaciones diplom\u00e1ticas tras el acercamiento que sigui\u00f3 a la operaci\u00f3n militar estadounidense en Caracas el 3 de enero en la que fue capturado el entonces presidente Nicol\u00e1s Maduro, trasladado junto a su esposa a Nueva York para enfrentar cargos federales por tr\u00e1fico de drogas.<\/p>\n\n\n\n<p>Dos d\u00edas despu\u00e9s Delcy Rodr\u00edguez, vicepresidenta y cercana colaboradora de Maduro, fue juramentada como presidenta encargada y se restableci\u00f3 el contacto con Washington.<\/p>\n\n\n\n<p>Pese a que el Departamento de Estado sigue advirtiendo a los estadounidenses que eviten viajar a Venezuela, el gobierno autoriz\u00f3 a American Airlines comenzar a programar vuelos a este pa\u00eds.<\/p>\n\n\n\n<p>La odisea de viajar a Estados Unidos<\/p>\n\n\n\n<p>Tras la suspensi\u00f3n de los vuelos directos, los viajeros se vieron obligados a realizar una o m\u00e1s escalas para llegar a Estados Unidos, lo que generaba un incremento sustancial en los costos y el tiempo de viaje, que en ocasiones superaba las 12 horas.<\/p>\n\n\n\n<p>Nuevamente Miami, uno de los destinos favoritos de los venezolanos, est\u00e1 para a unas cuatro horas de vuelo.<\/p>\n\n\n\n<p>El pasajero Fuentes estaba feliz porque ser\u00eda uno de los beneficiados. En los \u00faltimos a\u00f1os en sus frecuentes viajes por motivos familiares a la ciudad estadounidense de Houston, numerosas veces le toc\u00f3 hacer escalas en Rep\u00fablica Dominicana. \u201cEsa es una complicaci\u00f3n de verdad\u201d, insisti\u00f3.<\/p>\n\n\n\n<p>Lilibeth Torres, por su parte, expres\u00f3 que estaba \u201cmuy emocionada porque anteriormente me ha tocado viajar por C\u00facuta (Colombia) y agarrar siempre vuelos con escala\u201d. \u201cEstoy muy agradecida de que se est\u00e9n abriendo nuevas puertas otra vez aqu\u00ed en Venezuela\u201d, a\u00f1adi\u00f3 en la zona de chequeo.<\/p>\n\n\n\n<p>V\u00ednculos afectivos de los venezolanos con Estados Unidos<\/p>\n\n\n\n<p>En los tiempos de bonanza petrolera, la clase media hizo de Miami su destino tur\u00edstico favorito. Entre los atractivos estaba la cercan\u00eda en vuelos directos y la posibilidad de hacer compras, una pasi\u00f3n entonces en este pa\u00eds, otrora pr\u00f3spero. <\/p>\n\n\n\n<p>Muchos aprovechaban los fines de semana \u2014 dos o tres d\u00edas \u2014 para viajar a esa ciudad estadounidense como si se tratase de un lugar de paseo a las afueras de Caracas.<\/p>\n\n\n\n<p>De modo que no fue una sorpresa que en Miami y en el \u00e1rea de lo que ahora es el Doral se instalar\u00e1n con los a\u00f1os, sobre todo a finales de la d\u00e9cada de los 70 y los 80, empresarios venezolanos dedicados a exportar bienes hacia Venezuela.<\/p>\n\n\n\n<p>Tampoco fue extra\u00f1o que muchos venezolanos de clase media hicieron de Miami su hogar, aunque con la llegada de Hugo Ch\u00e1vez en 1999, empe\u00f1ado en convertir a Venezuela en un Estado socialista, sembr\u00f3 el temor que la cercan\u00eda del gobierno del teniente coronel retirado con el entonces gobierno de Fidel Castro finalmente minaran la democracia venezolana.<\/p>\n\n\n\n<p>Entre las medidas adoptadas por Ch\u00e1vez, fallecido en 2013, que ahuyent\u00f3 a millones de venezolanos se incluyeron los controles de cambio, las expropiaciones masivas de empresas y luego la debacle de su econom\u00eda.<\/p>\n\n\n\n<p>Caracas y Washington rompieron relaciones en febrero de 2019 por decisi\u00f3n de Maduro y cerraron sus embajadas luego de que Trump, en su primer mandato, apoy\u00f3 al l\u00edder opositor Juan Guaid\u00f3, quien se hab\u00eda declarado presidente interino de Venezuela.<\/p>\n\n\n\n<p>En mayo de 2019, Estados Unidos orden\u00f3 la suspensi\u00f3n de todos los vuelos comerciales y de carga hacia Venezuela por considerar que la agitaci\u00f3n social y la tensi\u00f3n pol\u00edtica en el pa\u00eds sudamericano representaban un riesgo.<\/p>\n\n\n\n<p>Sin embargo, s\u00f3lo result\u00f3 afectado un peque\u00f1o n\u00famero de vuelos entre ambas naciones debido a que las aerol\u00edneas estadounidenses, incluida American Airlines, ya no viajaban a Venezuela.<\/p>\n\n\n\n<p>Delta y United Airlines se hab\u00edan retirado en 2017 en medio de la crisis pol\u00edtica venezolana y las masivas protestas antigubernamentales en las que murieron 120 personas.<\/p>\n","protected":false},"excerpt":{"rendered":"<p>POR JUAN PABLO ARR\u00c1EZ and JORGE RUEDA CARACAS (AP) \u2014 Con un arco decorado con globos blancos, rojos y azules fueron recibidos el jueves los pasajeros procedentes de Miami en&hellip;<\/p>\n","protected":false},"author":10,"featured_media":129216,"comment_status":"open","ping_status":"open","sticky":false,"template":"","format":"standard","meta":{"content-type":"","jetpack_post_was_ever_published":false,"_jetpack_newsletter_access":"","_jetpack_dont_email_post_to_subs":false,"_jetpack_newsletter_tier_id":0,"_jetpack_memberships_contains_paywalled_content":false,"_jetpack_memberships_contains_paid_content":false,"footnotes":""},"categories":[16289],"tags":[6328,14392,32860,25474,2189],"class_list":["post-129215","post","type-post","status-publish","format-standard","has-post-thumbnail","hentry","category-internacionales","tag-aterriza","tag-caracas","tag-primer-vuelo-directo-entre-eeuu-y-venezuela","tag-siete-anos","tag-suspension"],"jetpack_featured_media_url":"https:\/\/lasprimeras.com.do\/wp-content\/uploads\/2026\/04\/vuelo-directo.jpg","jetpack-related-posts":[{"id":116453,"url":"https:\/\/lasprimeras.com.do\/index.php\/2025\/12\/01\/aerolineas-espanolas-cancelan-sus-vuelos-a-venezuela-tras-aviso-de-agencia-de-ee-uu\/","url_meta":{"origin":129215,"position":0},"title":"Aerol\u00edneas espa\u00f1olas cancelan sus vuelos a Venezuela tras aviso de agencia de EE. UU.","author":"Nelson Feliz","date":"1 de diciembre de 2025","format":false,"excerpt":"Las compa\u00f1\u00edas Iberia, Air Europa y Plus Ultra destacan que su intenci\u00f3n es retomar los vuelos a Venezuela \"en cuanto se recuperen las plenas garant\u00edas de seguridad\" Madrid - Las aerol\u00edneas espa\u00f1olas Iberia, Air Europa y Plus Ultra extendieron la cancelaci\u00f3n de sus vuelos hacia Venezuela tras el aviso de\u2026","rel":"","context":"En \u00abINTERNACIONALES\u00bb","block_context":{"text":"INTERNACIONALES","link":"https:\/\/lasprimeras.com.do\/index.php\/category\/sin-categoria\/internacionales\/"},"img":{"alt_text":"Iberia y Air Europa","src":"https:\/\/i0.wp.com\/lasprimeras.com.do\/wp-content\/uploads\/2025\/12\/Iberia-y-Air-Europa.jpg?resize=350%2C200&ssl=1","width":350,"height":200,"srcset":"https:\/\/i0.wp.com\/lasprimeras.com.do\/wp-content\/uploads\/2025\/12\/Iberia-y-Air-Europa.jpg?resize=350%2C200&ssl=1 1x, https:\/\/i0.wp.com\/lasprimeras.com.do\/wp-content\/uploads\/2025\/12\/Iberia-y-Air-Europa.jpg?resize=525%2C300&ssl=1 1.5x, https:\/\/i0.wp.com\/lasprimeras.com.do\/wp-content\/uploads\/2025\/12\/Iberia-y-Air-Europa.jpg?resize=700%2C400&ssl=1 2x"},"classes":[]},{"id":118858,"url":"https:\/\/lasprimeras.com.do\/index.php\/2026\/01\/04\/maduro-llega-a-eeuu-tras-captura-en-operacion-que-trump-dice-permitira-a-eeuu-controlar-venezuela\/","url_meta":{"origin":129215,"position":1},"title":"Maduro llega a EEUU tras captura en operaci\u00f3n que Trump dice permitir\u00e1 a EEUU \u201ccontrolar\u201d Venezuela","author":"Nelson Feliz","date":"4 de enero de 2026","format":false,"excerpt":"POR REGINA GARCIA CANO, KONSTANTIN TOROPINand ERIC TUCKER CARACAS, Venezuela (AP) \u2014 El depuesto l\u00edder venezolano Nicol\u00e1s Maduro lleg\u00f3 a Estados Unidos para enfrentar cargos criminales tras ser capturado en una audaz operaci\u00f3n militar nocturna que el presidente Donald Trump dijo que preparar\u00eda a Estados Unidos para \u201cdirigir\u201d al pa\u00eds\u2026","rel":"","context":"En \u00abINTERNACIONALES\u00bb","block_context":{"text":"INTERNACIONALES","link":"https:\/\/lasprimeras.com.do\/index.php\/category\/sin-categoria\/internacionales\/"},"img":{"alt_text":"","src":"https:\/\/i0.wp.com\/lasprimeras.com.do\/wp-content\/uploads\/2026\/01\/trump.jpg?resize=350%2C200&ssl=1","width":350,"height":200,"srcset":"https:\/\/i0.wp.com\/lasprimeras.com.do\/wp-content\/uploads\/2026\/01\/trump.jpg?resize=350%2C200&ssl=1 1x, https:\/\/i0.wp.com\/lasprimeras.com.do\/wp-content\/uploads\/2026\/01\/trump.jpg?resize=525%2C300&ssl=1 1.5x, https:\/\/i0.wp.com\/lasprimeras.com.do\/wp-content\/uploads\/2026\/01\/trump.jpg?resize=700%2C400&ssl=1 2x"},"classes":[]},{"id":119753,"url":"https:\/\/lasprimeras.com.do\/index.php\/2026\/01\/16\/director-de-la-cia-se-reune-con-la-presidenta-interina-de-venezuela-en-caracas\/","url_meta":{"origin":129215,"position":2},"title":"Director de la CIA se re\u00fane con la presidenta interina de Venezuela en Caracas","author":"Nelson Feliz","date":"16 de enero de 2026","format":false,"excerpt":"POR DAVID KLEPPER WASHINGTON (AP) \u2014 El director de la CIA, John Ratcliffe, viaj\u00f3 a Venezuela para reunirse con la presidenta interina Delcy Rodr\u00edguez, convirti\u00e9ndose en el funcionario de m\u00e1s alto rango del gobierno del presidente Donald Trump en visitar el pa\u00eds sudamericano tras la incursi\u00f3n estadounidense que captur\u00f3 al\u2026","rel":"","context":"En \u00abINTERNACIONALES\u00bb","block_context":{"text":"INTERNACIONALES","link":"https:\/\/lasprimeras.com.do\/index.php\/category\/sin-categoria\/internacionales\/"},"img":{"alt_text":"John Ratcliffe","src":"https:\/\/i0.wp.com\/lasprimeras.com.do\/wp-content\/uploads\/2026\/01\/John-Ratcliffe.jpg?resize=350%2C200&ssl=1","width":350,"height":200,"srcset":"https:\/\/i0.wp.com\/lasprimeras.com.do\/wp-content\/uploads\/2026\/01\/John-Ratcliffe.jpg?resize=350%2C200&ssl=1 1x, https:\/\/i0.wp.com\/lasprimeras.com.do\/wp-content\/uploads\/2026\/01\/John-Ratcliffe.jpg?resize=525%2C300&ssl=1 1.5x, https:\/\/i0.wp.com\/lasprimeras.com.do\/wp-content\/uploads\/2026\/01\/John-Ratcliffe.jpg?resize=700%2C400&ssl=1 2x"},"classes":[]},{"id":112246,"url":"https:\/\/lasprimeras.com.do\/index.php\/2025\/10\/20\/el-papa-da-a-venezuela-motivos-para-celebrar-al-canonizar-a-su-amado-medico-de-los-pobres-como-primer-santo\/","url_meta":{"origin":129215,"position":3},"title":"El Papa da a Venezuela motivos para celebrar al canonizar a su amado &#8216;m\u00e9dico de los pobres&#8217; como primer santo","author":"Nelson Feliz","date":"20 de octubre de 2025","format":false,"excerpt":"Por NICOLE WINFIELD y JORGE RUEDA CIUDAD DEL VATICANO (AP) \u2014 El papa Le\u00f3n XIV canoniz\u00f3 el domingo al querido \u201cm\u00e9dico de los pobres\u201d de Venezuela ante decenas de miles de personas, ofreciendo a la naci\u00f3n sudamericana su primer santo y un motivo para celebrar en medio de una crisis\u2026","rel":"","context":"En \u00abINTERNACIONALES\u00bb","block_context":{"text":"INTERNACIONALES","link":"https:\/\/lasprimeras.com.do\/index.php\/category\/sin-categoria\/internacionales\/"},"img":{"alt_text":"","src":"https:\/\/i0.wp.com\/lasprimeras.com.do\/wp-content\/uploads\/2025\/10\/El-Papa.jpg?resize=350%2C200&ssl=1","width":350,"height":200,"srcset":"https:\/\/i0.wp.com\/lasprimeras.com.do\/wp-content\/uploads\/2025\/10\/El-Papa.jpg?resize=350%2C200&ssl=1 1x, https:\/\/i0.wp.com\/lasprimeras.com.do\/wp-content\/uploads\/2025\/10\/El-Papa.jpg?resize=525%2C300&ssl=1 1.5x, https:\/\/i0.wp.com\/lasprimeras.com.do\/wp-content\/uploads\/2025\/10\/El-Papa.jpg?resize=700%2C400&ssl=1 2x"},"classes":[]},{"id":120740,"url":"https:\/\/lasprimeras.com.do\/index.php\/2026\/01\/27\/eeuu-dice-que-esta-dando-primeros-pasos-para-reabrir-embajada-en-venezuela-tras-salida-de-maduro\/","url_meta":{"origin":129215,"position":4},"title":"EEUU dice que est\u00e1 dando primeros pasos para reabrir embajada en Venezuela tras salida de Maduro","author":"Nelson Feliz","date":"27 de enero de 2026","format":false,"excerpt":"POR MATTHEW LEE WASHINGTON (AP) \u2014 El gobierno de Estados Unidos ha notificado al Congreso que est\u00e1 dando los primeros pasos para posiblemente reabrir su embajada en Venezuela, mientras explora restablecer relaciones con el pa\u00eds sudamericano tras la incursi\u00f3n militar estadounidense que derroc\u00f3 al entonces presidente Nicol\u00e1s Maduro. En un\u2026","rel":"","context":"En \u00abINTERNACIONALES\u00bb","block_context":{"text":"INTERNACIONALES","link":"https:\/\/lasprimeras.com.do\/index.php\/category\/sin-categoria\/internacionales\/"},"img":{"alt_text":"","src":"https:\/\/i0.wp.com\/lasprimeras.com.do\/wp-content\/uploads\/2024\/06\/casa-blanca.jpg?resize=350%2C200&ssl=1","width":350,"height":200,"srcset":"https:\/\/i0.wp.com\/lasprimeras.com.do\/wp-content\/uploads\/2024\/06\/casa-blanca.jpg?resize=350%2C200&ssl=1 1x, https:\/\/i0.wp.com\/lasprimeras.com.do\/wp-content\/uploads\/2024\/06\/casa-blanca.jpg?resize=525%2C300&ssl=1 1.5x, https:\/\/i0.wp.com\/lasprimeras.com.do\/wp-content\/uploads\/2024\/06\/casa-blanca.jpg?resize=700%2C400&ssl=1 2x"},"classes":[]},{"id":117816,"url":"https:\/\/lasprimeras.com.do\/index.php\/2025\/12\/16\/serie-del-caribe-2026-en-incertidumbre-mexico-dominicana-y-puerto-rico-no-iran-a-venezuela\/","url_meta":{"origin":129215,"position":5},"title":"Serie del Caribe 2026 en incertidumbre: M\u00e9xico, Dominicana y Puerto Rico no ir\u00e1n a Venezuela","author":"Nelson Feliz","date":"16 de diciembre de 2025","format":false,"excerpt":"Una mujer cuelga ropa en el techo de su residencia en Caracas, Venezuela, el 12 de diciembre de 2025. (AP Foto\/Ariana Cubillos)","rel":"","context":"En \u00abDEPORTES\u00bb","block_context":{"text":"DEPORTES","link":"https:\/\/lasprimeras.com.do\/index.php\/category\/deportes\/"},"img":{"alt_text":"Serie del Caribe 2026","src":"https:\/\/i0.wp.com\/lasprimeras.com.do\/wp-content\/uploads\/2025\/12\/Serie-del-Caribe-2026.jpg?resize=350%2C200&ssl=1","width":350,"height":200,"srcset":"https:\/\/i0.wp.com\/lasprimeras.com.do\/wp-content\/uploads\/2025\/12\/Serie-del-Caribe-2026.jpg?resize=350%2C200&ssl=1 1x, https:\/\/i0.wp.com\/lasprimeras.com.do\/wp-content\/uploads\/2025\/12\/Serie-del-Caribe-2026.jpg?resize=525%2C300&ssl=1 1.5x, https:\/\/i0.wp.com\/lasprimeras.com.do\/wp-content\/uploads\/2025\/12\/Serie-del-Caribe-2026.jpg?resize=700%2C400&ssl=1 2x"},"classes":[]}],"jetpack_sharing_enabled":true,"_links":{"self":[{"href":"https:\/\/lasprimeras.com.do\/index.php\/wp-json\/wp\/v2\/posts\/129215","targetHints":{"allow":["GET"]}}],"collection":[{"href":"https:\/\/lasprimeras.com.do\/index.php\/wp-json\/wp\/v2\/posts"}],"about":[{"href":"https:\/\/lasprimeras.com.do\/index.php\/wp-json\/wp\/v2\/types\/post"}],"author":[{"embeddable":true,"href":"https:\/\/lasprimeras.com.do\/index.php\/wp-json\/wp\/v2\/users\/10"}],"replies":[{"embeddable":true,"href":"https:\/\/lasprimeras.com.do\/index.php\/wp-json\/wp\/v2\/comments?post=129215"}],"version-history":[{"count":1,"href":"https:\/\/lasprimeras.com.do\/index.php\/wp-json\/wp\/v2\/posts\/129215\/revisions"}],"predecessor-version":[{"id":129217,"href":"https:\/\/lasprimeras.com.do\/index.php\/wp-json\/wp\/v2\/posts\/129215\/revisions\/129217"}],"wp:featuredmedia":[{"embeddable":true,"href":"https:\/\/lasprimeras.com.do\/index.php\/wp-json\/wp\/v2\/media\/129216"}],"wp:attachment":[{"href":"https:\/\/lasprimeras.com.do\/index.php\/wp-json\/wp\/v2\/media?parent=129215"}],"wp:term":[{"taxonomy":"category","embeddable":true,"href":"https:\/\/lasprimeras.com.do\/index.php\/wp-json\/wp\/v2\/categories?post=129215"},{"taxonomy":"post_tag","embeddable":true,"href":"https:\/\/lasprimeras.com.do\/index.php\/wp-json\/wp\/v2\/tags?post=129215"}],"curies":[{"name":"wp","href":"https:\/\/api.w.org\/{rel}","templated":true}]}}