{"id":129218,"date":"2026-04-30T18:10:10","date_gmt":"2026-04-30T22:10:10","guid":{"rendered":"https:\/\/lasprimeras.com.do\/?p=129218"},"modified":"2026-04-30T18:10:12","modified_gmt":"2026-04-30T22:10:12","slug":"lider-supremo-irani-dice-que-teheran-protegera-sus-capacidades-nucleares-y-de-misiles","status":"publish","type":"post","link":"https:\/\/lasprimeras.com.do\/index.php\/2026\/04\/30\/lider-supremo-irani-dice-que-teheran-protegera-sus-capacidades-nucleares-y-de-misiles\/","title":{"rendered":"L\u00edder supremo iran\u00ed dice que Teher\u00e1n proteger\u00e1 sus \u201ccapacidades nucleares y de misiles\u201d"},"content":{"rendered":"\n<p>POR JON GAMBRELL and AAMER MADHANI<\/p>\n\n\n\n<p>DUB\u00c1I, Emiratos \u00c1rabes Unidos (AP) \u2014 El l\u00edder supremo de Ir\u00e1n afirm\u00f3 el jueves, en un tono desafiante, que la Rep\u00fablica Isl\u00e1mica proteger\u00e1 sus \u201ccapacidades nucleares y de misiles\u201d, que el presidente de Estados Unidos, Donald Trump, ha tratado de reducir mediante ataques a\u00e9reos y como parte de un acuerdo m\u00e1s amplio para afianzar el fr\u00e1gil alto el fuego en la guerra.<\/p>\n\n\n\n<p>En una declaraci\u00f3n le\u00edda por un presentador de la televisora estatal iran\u00ed, el ayatol\u00e1 Moytab\u00e1 Jamenei dijo que el \u00fanico lugar al que pertenecen los estadounidenses en el golfo P\u00e9rsico es \u201cen el fondo de sus aguas\u201d y que se est\u00e1 escribiendo un \u201cnuevo cap\u00edtulo\u201d en la historia de la regi\u00f3n.<\/p>\n\n\n\n<p>Jamenei no ha sido visto en p\u00fablico desde que asumi\u00f3 el poder tras la muerte de su padre en los primeros ataques de la guerra.<\/p>\n\n\n\n<p>Sus declaraciones llegan en un momento en que la econom\u00eda iran\u00ed se tambalea y su industria petrolera ha comenzado a verse asfixiada por un bloqueo de la Marina estadounidense que impide que sus buques petroleros salgan al mar.<\/p>\n\n\n\n<p>La econom\u00eda mundial tambi\u00e9n est\u00e1 bajo presi\u00f3n mientras Teher\u00e1n mantiene su asfixiante control sobre el estrecho de Ormuz, por el que se transporta una quinta parte de todo el crudo comercializado a nivel mundial. El jueves, el crudo Brent de referencia internacional alcanz\u00f3 los 126 d\u00f3lares por barril.<\/p>\n\n\n\n<p>Ese impacto en los suministros y los precios del petr\u00f3leo acumulan la presi\u00f3n sobre Trump, quien plantea un nuevo plan para reabrir el estrecho, por el que aliados de Estados Unidos en el golfo exportan su petr\u00f3leo y gas.<\/p>\n\n\n\n<p>Seg\u00fan el plan, Estados Unidos mantendr\u00eda su bloqueo de los puertos iran\u00edes, mientras coordina con sus aliados para imponer mayores costos a los intentos de Ir\u00e1n de socavar el libre flujo de energ\u00eda, de acuerdo con un alto funcionario del gobierno estadounidense.<\/p>\n\n\n\n<p>Trump eval\u00faa m\u00faltiples opciones diplom\u00e1ticas y pol\u00edticas para presionar a Ir\u00e1n a poner fin a su asfixiante control, dijo el funcionario, que habl\u00f3 bajo condici\u00f3n de anonimato porque no estaba autorizado a comentar p\u00fablicamente.<\/p>\n\n\n\n<p>La nueva propuesta, reportada primero por The Wall Street Journal, es el m\u00e1s reciente esfuerzo de Trump por persuadir a otras naciones a que le brinden asistencia para reabrir el estrecho.<\/p>\n\n\n\n<p>Bloqueo de Ormuz hace tambalear el alto el fuego<\/p>\n\n\n\n<p>El bloqueo estadounidense est\u00e1 dise\u00f1ado para impedir que Ir\u00e1n venda su petr\u00f3leo, privando a la Rep\u00fablica Isl\u00e1mica de ingresos cruciales y creando un escenario en el que Teher\u00e1n podr\u00eda tener que suspender su producci\u00f3n porque no tiene d\u00f3nde almacenar el crudo.<\/p>\n\n\n\n<p>Una reciente propuesta iran\u00ed pospondr\u00eda las negociaciones sobre el programa nuclear del pa\u00eds para m\u00e1s adelante. Trump se\u00f1al\u00f3 que una de las principales razones por las que fue a la guerra era negarle a Ir\u00e1n la capacidad de desarrollar armas nucleares.<\/p>\n\n\n\n<p>Teher\u00e1n ha defendido durante mucho tiempo que su programa tiene fines pac\u00edficos, aunque enriqueci\u00f3 uranio a niveles cercanos a los de grado armament\u00edstico del 60%.<\/p>\n\n\n\n<p>Pakist\u00e1n dijo el jueves que a\u00fan facilita conversaciones indirectas entre Estados Unidos e Ir\u00e1n con el fin de aliviar las tensiones, pero Islamabad tambi\u00e9n recibir\u00eda con benepl\u00e1cito una comunicaci\u00f3n directa entre ambas partes, incluso por tel\u00e9fono.<\/p>\n\n\n\n<p>\u201cSi ambas partes pueden entablar conversaciones en tiempo real, eso podr\u00eda aliviar los puntos de fricci\u00f3n\u201d, dijo el portavoz del Ministerio de Relaciones Exteriores, Tahir Andrabi, en una rueda de prensa semanal. Se neg\u00f3 a compartir detalles de cualquier propuesta iran\u00ed o estadounidense.<\/p>\n\n\n\n<p>En su discurso con motivo del D\u00eda del Golfo P\u00e9rsico en Ir\u00e1n, Jamenei se\u00f1al\u00f3 que las cuestiones nucleares y el programa de misiles bal\u00edsticos de Ir\u00e1n no se negociar\u00edan.<\/p>\n\n\n\n<p>\u201cNoventa millones de iran\u00edes orgullosos y honorables, tanto dentro como fuera del pa\u00eds, consideran todas las capacidades identitarias, espirituales, humanas, cient\u00edficas, industriales y tecnol\u00f3gicas de Ir\u00e1n, \u2014desde la nanotecnolog\u00eda y la biotecnolog\u00eda hasta las capacidades nucleares y de misiles\u2014 como activos nacionales, y las proteger\u00e1n tal como protegen las aguas, la tierra y el espacio a\u00e9reo del pa\u00eds\u201d, manifest\u00f3 Jamenei.<\/p>\n\n\n\n<p>Jamenei se refiri\u00f3 a Estados Unidos como el \u201cGran Sat\u00e1n\u201d, un insulto que el liderazgo iran\u00ed emplea para Estados Unidos desde la Revoluci\u00f3n Isl\u00e1mica de 1979. Dijo que los estadounidenses no deber\u00edan tener nada que hacer en el golfo P\u00e9rsico.<\/p>\n\n\n\n<p>\u201cLos extranjeros que vienen desde miles de kil\u00f3metros de distancia para actuar con codicia y malicia no tienen cabida en \u00e9l, excepto en el fondo de sus aguas\u201d, dijo el cl\u00e9rigo quien, seg\u00fan informes, result\u00f3 herido en el ataque del 28 de febrero que mat\u00f3 a su padre, el l\u00edder supremo de 86 a\u00f1os, el ayatol\u00e1 Ali Jamenei.<\/p>\n\n\n\n<p>Jamenei se\u00f1ala que el estrecho permanecer\u00e1 cerrado<\/p>\n\n\n\n<p>En sus declaraciones, Jamenei pareci\u00f3 indicar que Ir\u00e1n mantendr\u00e1 su control sobre el paso, que se encuentra en aguas territoriales de Ir\u00e1n y Om\u00e1n. Seg\u00fan se inform\u00f3, Teher\u00e1n habr\u00eda estado cobrando 2 millones de d\u00f3lares a algunos barcos para transitar por el estrecho.<\/p>\n\n\n\n<p>Se\u00f1al\u00f3 que el control de Ir\u00e1n sobre el estrecho de Ormuz har\u00e1 que el golfo sea m\u00e1s seguro, y que las \u201cnormas legales y la nueva gesti\u00f3n\u201d del estrecho por parte de Teher\u00e1n beneficiar\u00e1n a todas las naciones de la regi\u00f3n.<\/p>\n\n\n\n<p>Sin embargo, el mundo consideraba el estrecho una v\u00eda internacional, abierta a todos sin necesidad de peajes. Las naciones \u00e1rabes del golfo, encabezadas por Emiratos \u00c1rabes Unidos, han denunciado el control de Ir\u00e1n sobre el estrecho calific\u00e1ndolo como similar a la pirater\u00eda.<\/p>\n\n\n\n<p>Se intensifica la represi\u00f3n<\/p>\n\n\n\n<p>Ir\u00e1n anunci\u00f3 el jueves que ejecut\u00f3 a un hombre de 21 a\u00f1os por cargos derivados de las protestas nacionales de enero pasado, inform\u00f3 la agencia noticiosa Mizan.<\/p>\n\n\n\n<p>La agencia identific\u00f3 al hombre como Sasan Azadvar. Indic\u00f3 que fue colgado por el delito de \u201ccooperar con el enemigo al atacar a agentes de polic\u00eda\u201d durante las protestas.<\/p>\n\n\n\n<p>Activistas y grupos defensores de los derechos humanos dicen que la represi\u00f3n contra la disidencia \u2014incluida una ola de ejecuciones\u2014 se ha intensificado desde el inicio de la guerra.<\/p>\n\n\n\n<p>El director de la oficina de derechos humanos de la ONU, Volker Turk, dijo el mi\u00e9rcoles que al menos 21 personas han sido ejecutadas desde el inicio de la guerra, incluidas nueve en relaci\u00f3n con las protestas y 10 por presuntamente pertenenecer a grupos de oposici\u00f3n. Al menos otras dos fueron colgadas por cargos de espionaje.<\/p>\n\n\n\n<p>La Agencia de Noticias de Activistas de Derechos Humanos dijo que Azadvar fue arrestado en Isfah\u00e1n el 1 de enero y condenado a muerte en marzo.<\/p>\n\n\n\n<p>Ir\u00e1n realiza rutinariamente juicios a puerta cerrada en los que los sospechosos no pueden impugnar los cargos en su contra, dicen grupos defensores de los derechos humanos, los cuales advierten que varias otras personas a\u00fan corren riesgo de ser ejecutadas.<\/p>\n","protected":false},"excerpt":{"rendered":"<p>POR JON GAMBRELL and AAMER MADHANI DUB\u00c1I, Emiratos \u00c1rabes Unidos (AP) \u2014 El l\u00edder supremo de Ir\u00e1n afirm\u00f3 el jueves, en un tono desafiante, que la Rep\u00fablica Isl\u00e1mica proteger\u00e1 sus&hellip;<\/p>\n","protected":false},"author":10,"featured_media":129219,"comment_status":"open","ping_status":"open","sticky":false,"template":"","format":"standard","meta":{"content-type":"","jetpack_post_was_ever_published":false,"_jetpack_newsletter_access":"","_jetpack_dont_email_post_to_subs":false,"_jetpack_newsletter_tier_id":0,"_jetpack_memberships_contains_paywalled_content":false,"_jetpack_memberships_contains_paid_content":false,"footnotes":""},"categories":[16289],"tags":[32861,32862],"class_list":["post-129218","post","type-post","status-publish","format-standard","has-post-thumbnail","hentry","category-internacionales","tag-lider-supremo-irani","tag-teheran-protegera-sus-capacidades-nucleares-y-de-misiles"],"jetpack_featured_media_url":"https:\/\/lasprimeras.com.do\/wp-content\/uploads\/2026\/04\/iran-1.jpg","jetpack-related-posts":[{"id":101828,"url":"https:\/\/lasprimeras.com.do\/index.php\/2025\/06\/27\/jefe-de-la-diplomacia-irani-dice-que-ataque-de-eeuu-a-sitios-nucleares-complica-las-conversaciones\/","url_meta":{"origin":129218,"position":0},"title":"Jefe de la diplomacia iran\u00ed dice que ataque de EEUU a sitios nucleares complica las conversaciones","author":"Nelson Feliz","date":"27 de junio de 2025","format":false,"excerpt":"POR DAVID RISING DUB\u00c1I, Emiratos \u00c1rabes Unidos (AP) \u2014 El jefe de la diplomacia de Ir\u00e1n afirm\u00f3 que la posibilidad de celebrar nuevas negociaciones con Estados Unidos sobre el programa nuclear de Teher\u00e1n se ha \u201ccomplicado\u201d debido al ataque de Washington a tres de sus instalaciones, lo que caus\u00f3 \u201cda\u00f1os\u2026","rel":"","context":"En \u00abINTERNACIONALES\u00bb","block_context":{"text":"INTERNACIONALES","link":"https:\/\/lasprimeras.com.do\/index.php\/category\/sin-categoria\/internacionales\/"},"img":{"alt_text":"","src":"https:\/\/i0.wp.com\/lasprimeras.com.do\/wp-content\/uploads\/2025\/06\/Abbas-Araghchi.jpg?resize=350%2C200&ssl=1","width":350,"height":200,"srcset":"https:\/\/i0.wp.com\/lasprimeras.com.do\/wp-content\/uploads\/2025\/06\/Abbas-Araghchi.jpg?resize=350%2C200&ssl=1 1x, https:\/\/i0.wp.com\/lasprimeras.com.do\/wp-content\/uploads\/2025\/06\/Abbas-Araghchi.jpg?resize=525%2C300&ssl=1 1.5x, https:\/\/i0.wp.com\/lasprimeras.com.do\/wp-content\/uploads\/2025\/06\/Abbas-Araghchi.jpg?resize=700%2C400&ssl=1 2x"},"classes":[]},{"id":123435,"url":"https:\/\/lasprimeras.com.do\/index.php\/2026\/03\/01\/el-lider-supremo-de-iran-el-ayatola-ali-jamenei-en-el-poder-desde-1989-muere-a-los-86-anos\/","url_meta":{"origin":129218,"position":1},"title":"El l\u00edder supremo de Ir\u00e1n, el ayatol\u00e1 Al\u00ed Jamenei, en el poder desde 1989, muere a los 86 a\u00f1os","author":"Nelson Feliz","date":"1 de marzo de 2026","format":false,"excerpt":"POR JON GAMBRELL DUB\u00c1I, Emiratos \u00c1rabes Unidos (AP) \u2014 El ayatol\u00e1 Al\u00ed Jamenei, quien durante d\u00e9cadas concentr\u00f3 el poder teocr\u00e1tico en Ir\u00e1n como su l\u00edder supremo y busc\u00f3 convertir al pa\u00eds en una potencia regional, llev\u00e1ndolo a la confrontaci\u00f3n con Israel y Estados Unidos por su programa nuclear mientras aplastaba\u2026","rel":"","context":"En \u00abINTERNACIONALES\u00bb","block_context":{"text":"INTERNACIONALES","link":"https:\/\/lasprimeras.com.do\/index.php\/category\/sin-categoria\/internacionales\/"},"img":{"alt_text":"","src":"https:\/\/i0.wp.com\/lasprimeras.com.do\/wp-content\/uploads\/2026\/03\/El-ayatola-Ali-Jamenei.jpg?resize=350%2C200&ssl=1","width":350,"height":200,"srcset":"https:\/\/i0.wp.com\/lasprimeras.com.do\/wp-content\/uploads\/2026\/03\/El-ayatola-Ali-Jamenei.jpg?resize=350%2C200&ssl=1 1x, https:\/\/i0.wp.com\/lasprimeras.com.do\/wp-content\/uploads\/2026\/03\/El-ayatola-Ali-Jamenei.jpg?resize=525%2C300&ssl=1 1.5x, https:\/\/i0.wp.com\/lasprimeras.com.do\/wp-content\/uploads\/2026\/03\/El-ayatola-Ali-Jamenei.jpg?resize=700%2C400&ssl=1 2x"},"classes":[]},{"id":101262,"url":"https:\/\/lasprimeras.com.do\/index.php\/2025\/06\/18\/lider-irani-rechaza-llamado-a-rendirse-y-dice-que-intervencion-de-eeuu-causaria-danos-irreparables\/","url_meta":{"origin":129218,"position":2},"title":"L\u00edder iran\u00ed rechaza llamado a rendirse y dice que intervenci\u00f3n de EEUU causar\u00eda \u201cda\u00f1os irreparables\u201d","author":"Nelson Feliz","date":"18 de junio de 2025","format":false,"excerpt":"L\u00edder iran\u00ed rechaza llamado a rendirse y dice que intervenci\u00f3n de EEUU causar\u00eda \u201cda\u00f1os irreparables\u201d POR JOSEPH KRAUSS, JON GAMBRELL and JULIA FRANKEL DUB\u00c1I, Emiratos \u00c1rabes Unidos (AP) \u2014 Aviones de combate israel\u00edes bombardearon Teher\u00e1n durante la noche y la madrugada del mi\u00e9rcoles, mientras Ir\u00e1n lanz\u00f3 una peque\u00f1a andanada de\u2026","rel":"","context":"En \u00abINTERNACIONALES\u00bb","block_context":{"text":"INTERNACIONALES","link":"https:\/\/lasprimeras.com.do\/index.php\/category\/sin-categoria\/internacionales\/"},"img":{"alt_text":"","src":"https:\/\/i0.wp.com\/lasprimeras.com.do\/wp-content\/uploads\/2025\/06\/ataques-2.jpg?resize=350%2C200&ssl=1","width":350,"height":200,"srcset":"https:\/\/i0.wp.com\/lasprimeras.com.do\/wp-content\/uploads\/2025\/06\/ataques-2.jpg?resize=350%2C200&ssl=1 1x, https:\/\/i0.wp.com\/lasprimeras.com.do\/wp-content\/uploads\/2025\/06\/ataques-2.jpg?resize=525%2C300&ssl=1 1.5x, https:\/\/i0.wp.com\/lasprimeras.com.do\/wp-content\/uploads\/2025\/06\/ataques-2.jpg?resize=700%2C400&ssl=1 2x"},"classes":[]},{"id":100898,"url":"https:\/\/lasprimeras.com.do\/index.php\/2025\/06\/13\/israel-ataca-instalaciones-nucleares-y-de-misiles-de-iran-que-responde-con-lanzamiento-de-drones\/","url_meta":{"origin":129218,"position":3},"title":"Israel ataca instalaciones nucleares y de misiles de Ir\u00e1n, que responde con lanzamiento de drones","author":"Nelson Feliz","date":"13 de junio de 2025","format":false,"excerpt":"POR JON GAMBRELL, JOSEF FEDERMAN and JULIA FRANKEL DUB\u00c1I, Emiratos \u00c1rabes Unidos (AP) \u2014 Israel atac\u00f3 Ir\u00e1n a primera hora del viernes con operaciones que eliminaron a altos cargos militares y alcanzaron sitios nucleares y de misiles, aumentando la posibilidad de una guerra total entre los dos adversarios ac\u00e9rrimos en\u2026","rel":"","context":"En \u00abINTERNACIONALES\u00bb","block_context":{"text":"INTERNACIONALES","link":"https:\/\/lasprimeras.com.do\/index.php\/category\/sin-categoria\/internacionales\/"},"img":{"alt_text":"","src":"https:\/\/i0.wp.com\/lasprimeras.com.do\/wp-content\/uploads\/2025\/06\/guerra-total.jpg?resize=350%2C200&ssl=1","width":350,"height":200,"srcset":"https:\/\/i0.wp.com\/lasprimeras.com.do\/wp-content\/uploads\/2025\/06\/guerra-total.jpg?resize=350%2C200&ssl=1 1x, https:\/\/i0.wp.com\/lasprimeras.com.do\/wp-content\/uploads\/2025\/06\/guerra-total.jpg?resize=525%2C300&ssl=1 1.5x, https:\/\/i0.wp.com\/lasprimeras.com.do\/wp-content\/uploads\/2025\/06\/guerra-total.jpg?resize=700%2C400&ssl=1 2x"},"classes":[]},{"id":123438,"url":"https:\/\/lasprimeras.com.do\/index.php\/2026\/03\/01\/lideres-mundiales-instan-a-volver-a-dialogo-tras-ataques-de-eeuu-e-israel-que-mataron-al-lider-irani\/","url_meta":{"origin":129218,"position":4},"title":"L\u00edderes mundiales instan a volver a di\u00e1logo tras ataques de EEUU e Israel que mataron al l\u00edder iran\u00ed","author":"Nelson Feliz","date":"1 de marzo de 2026","format":false,"excerpt":"POR CLAUDIA CIOBANU, SAM McNEIL and SAM METZ BRUSELAS (AP) \u2014 Los l\u00edderes mundiales instaron a la paz y a un regreso a las conversaciones mientras los bombardeos de Estados Unidos e Israel contra Ir\u00e1n generaban preocupaciones sobre si la violencia podr\u00eda extenderse por toda la regi\u00f3n, en un clima\u2026","rel":"","context":"En \u00abINTERNACIONALES\u00bb","block_context":{"text":"INTERNACIONALES","link":"https:\/\/lasprimeras.com.do\/index.php\/category\/sin-categoria\/internacionales\/"},"img":{"alt_text":"","src":"https:\/\/i0.wp.com\/lasprimeras.com.do\/wp-content\/uploads\/2026\/03\/keir-starmer.jpg?resize=350%2C200&ssl=1","width":350,"height":200,"srcset":"https:\/\/i0.wp.com\/lasprimeras.com.do\/wp-content\/uploads\/2026\/03\/keir-starmer.jpg?resize=350%2C200&ssl=1 1x, https:\/\/i0.wp.com\/lasprimeras.com.do\/wp-content\/uploads\/2026\/03\/keir-starmer.jpg?resize=525%2C300&ssl=1 1.5x, https:\/\/i0.wp.com\/lasprimeras.com.do\/wp-content\/uploads\/2026\/03\/keir-starmer.jpg?resize=700%2C400&ssl=1 2x"},"classes":[]},{"id":123704,"url":"https:\/\/lasprimeras.com.do\/index.php\/2026\/03\/04\/un-hijo-del-difunto-lider-supremo-de-iran-candidato-a-reemplazarlo-mientras-arrecia-la-guerra\/","url_meta":{"origin":129218,"position":5},"title":"Un hijo del difunto l\u00edder supremo de Ir\u00e1n, candidato a reemplazarlo mientras arrecia la guerra","author":"Nelson Feliz","date":"4 de marzo de 2026","format":false,"excerpt":"POR JON GAMBRELL DUB\u00c1I, Emiratos \u00c1rabes Unidos (AP) \u2014 Mojtaba Jamenei, hijo del fallecido l\u00edder supremo de Ir\u00e1n, el ayatol\u00e1 Ali Jamenei, ha sido considerado durante mucho tiempo un aspirante al cargo, antes incluso de que un ataque israel\u00ed mat\u00f3 a su padre al inicio de la guerra la semana\u2026","rel":"","context":"En \u00abINTERNACIONALES\u00bb","block_context":{"text":"INTERNACIONALES","link":"https:\/\/lasprimeras.com.do\/index.php\/category\/sin-categoria\/internacionales\/"},"img":{"alt_text":"Mojtaba Jamenei, hijo del difunto ayatol\u00e1 de Ir\u00e1n Ali Jamenei (centro), durante la celebraci\u00f3n anual del Quds, o D\u00eda de Jerusal\u00e9n, en Teher\u00e1n, Ir\u00e1n, el 31 de mayo de 2019. (AP Foto\/Vahid Salemi, archivo)","src":"https:\/\/i0.wp.com\/lasprimeras.com.do\/wp-content\/uploads\/2026\/03\/Mojtaba-Jamenei.jpg?resize=350%2C200&ssl=1","width":350,"height":200,"srcset":"https:\/\/i0.wp.com\/lasprimeras.com.do\/wp-content\/uploads\/2026\/03\/Mojtaba-Jamenei.jpg?resize=350%2C200&ssl=1 1x, https:\/\/i0.wp.com\/lasprimeras.com.do\/wp-content\/uploads\/2026\/03\/Mojtaba-Jamenei.jpg?resize=525%2C300&ssl=1 1.5x, https:\/\/i0.wp.com\/lasprimeras.com.do\/wp-content\/uploads\/2026\/03\/Mojtaba-Jamenei.jpg?resize=700%2C400&ssl=1 2x"},"classes":[]}],"jetpack_sharing_enabled":true,"_links":{"self":[{"href":"https:\/\/lasprimeras.com.do\/index.php\/wp-json\/wp\/v2\/posts\/129218","targetHints":{"allow":["GET"]}}],"collection":[{"href":"https:\/\/lasprimeras.com.do\/index.php\/wp-json\/wp\/v2\/posts"}],"about":[{"href":"https:\/\/lasprimeras.com.do\/index.php\/wp-json\/wp\/v2\/types\/post"}],"author":[{"embeddable":true,"href":"https:\/\/lasprimeras.com.do\/index.php\/wp-json\/wp\/v2\/users\/10"}],"replies":[{"embeddable":true,"href":"https:\/\/lasprimeras.com.do\/index.php\/wp-json\/wp\/v2\/comments?post=129218"}],"version-history":[{"count":1,"href":"https:\/\/lasprimeras.com.do\/index.php\/wp-json\/wp\/v2\/posts\/129218\/revisions"}],"predecessor-version":[{"id":129220,"href":"https:\/\/lasprimeras.com.do\/index.php\/wp-json\/wp\/v2\/posts\/129218\/revisions\/129220"}],"wp:featuredmedia":[{"embeddable":true,"href":"https:\/\/lasprimeras.com.do\/index.php\/wp-json\/wp\/v2\/media\/129219"}],"wp:attachment":[{"href":"https:\/\/lasprimeras.com.do\/index.php\/wp-json\/wp\/v2\/media?parent=129218"}],"wp:term":[{"taxonomy":"category","embeddable":true,"href":"https:\/\/lasprimeras.com.do\/index.php\/wp-json\/wp\/v2\/categories?post=129218"},{"taxonomy":"post_tag","embeddable":true,"href":"https:\/\/lasprimeras.com.do\/index.php\/wp-json\/wp\/v2\/tags?post=129218"}],"curies":[{"name":"wp","href":"https:\/\/api.w.org\/{rel}","templated":true}]}}