{"id":129221,"date":"2026-04-30T18:15:39","date_gmt":"2026-04-30T22:15:39","guid":{"rendered":"https:\/\/lasprimeras.com.do\/?p=129221"},"modified":"2026-04-30T18:15:41","modified_gmt":"2026-04-30T22:15:41","slug":"el-congreso-de-brasil-reduce-la-condena-de-27-anos-de-prision-de-jair-bolsonaro","status":"publish","type":"post","link":"https:\/\/lasprimeras.com.do\/index.php\/2026\/04\/30\/el-congreso-de-brasil-reduce-la-condena-de-27-anos-de-prision-de-jair-bolsonaro\/","title":{"rendered":"El Congreso de Brasil reduce la condena de 27 a\u00f1os de prisi\u00f3n de Jair Bolsonaro"},"content":{"rendered":"\n<p>Por MAURICIO SAVARESE<\/p>\n\n\n\n<p>SAO PAULO (AP) \u2014 El Congreso de Brasil vot\u00f3 el jueves a favor de reducir la condena de 27 a\u00f1os de prisi\u00f3n del expresidente Jair Bolsonaro , una decisi\u00f3n que probablemente ser\u00e1 apelada ante la Corte Suprema y que podr\u00eda alterar las elecciones presidenciales de octubre en el pa\u00eds.<\/p>\n\n\n\n<p>No est\u00e1 claro cu\u00e1nto tiempo cumplir\u00e1 Bolsonaro por su condena por liderar el intento de golpe de Estado, pero los analistas dicen que la medida podr\u00eda reducir su sentencia en 20 a\u00f1os.<\/p>\n\n\n\n<p>El expresidente, que comenz\u00f3 su mandato en noviembre, se encuentra actualmente bajo arresto domiciliario .<\/p>\n\n\n\n<p>La oposici\u00f3n al presidente Luiz In\u00e1cio Lula da Silva logr\u00f3 la victoria al conseguir que senadores y diputados federales de centro anularan con facilidad su veto a un proyecto de ley de sentencias aprobado el a\u00f1o pasado.<\/p>\n\n\n\n<p>Los partidarios de Bolsonaro confiaban en su victoria incluso antes de que comenzara la votaci\u00f3n.<\/p>\n\n\n\n<p>\u201cEste es un primer paso, muy esperado, por los afectados. La siguiente etapa es la amnist\u00eda total\u201d, declar\u00f3 el senador Espiridi\u00e3o Amin, aliado de Bolsonaro.<\/p>\n\n\n\n<p>El proyecto de ley aprobado por el Congreso el a\u00f1o pasado reduce las penas de prisi\u00f3n para varios delitos, incluidos los que atentan contra el estado de derecho democr\u00e1tico y los relacionados con el intento de golpe de Estado, cuando una persona es condenada por ambos.<\/p>\n\n\n\n<p>La nueva legislaci\u00f3n establece que solo se tendr\u00e1 en cuenta el delito que conlleva la pena m\u00e1s severa.<\/p>\n\n\n\n<p>El senador Davi Alcolumbre, presidente del Senado brasile\u00f1o, argument\u00f3 anteriormente que el alcance de la decisi\u00f3n excluye los cr\u00edmenes atroces, una afirmaci\u00f3n que, seg\u00fan los expertos legales, ser\u00e1 cuestionada en los tribunales.<\/p>\n\n\n\n<p>Los aliados de Bolsonaro en el Congreso afirmaron que la medida beneficia no solo al expresidente, sino tambi\u00e9n a sus partidarios, quienes fueron condenados por destruir edificios gubernamentales en la capital, Brasilia, el 8 de enero de 2023 , en un disturbio que reflej\u00f3 el ataque al Capitolio estadounidense dos a\u00f1os antes.<\/p>\n\n\n\n<p>La votaci\u00f3n supone otra importante derrota para Lula en el Congreso, meses antes de su intento por conseguir un cuarto mandato no consecutivo. El mi\u00e9rcoles por la noche, el Senado rechaz\u00f3 a su candidato para un puesto en la Corte Suprema , algo que no ocurr\u00eda desde hace 132 a\u00f1os.<\/p>\n\n\n\n<p>\u201cQuieren liberar a Bolsonaro y a sus generales encarcelados, y detener las investigaciones de la polic\u00eda federal que los implican\u201d, declar\u00f3 el diputado Lindberg Farias, aliado de Lula. \u201cEste es un d\u00eda infame\u201d.<\/p>\n\n\n\n<p>Varios legisladores que votaron el jueves hablaron desde la tribuna sobre las elecciones de octubre. Hace cuatro a\u00f1os, Lula derrot\u00f3 a Jair Bolsonaro por un estrecho margen para regresar a la presidencia. El rival del presidente en su intento por la reelecci\u00f3n ser\u00e1 el senador Fl\u00e1vio Bolsonaro , uno de los hijos del expresidente.<\/p>\n\n\n\n<p>\u00abSi Dios quiere, yo gobernar\u00e9 este pa\u00eds\u00bb, dijo Fl\u00e1vio Bolsonaro durante la votaci\u00f3n. \u00abLos abrazar\u00e9 y los cuidar\u00e9, sin importar cu\u00e1l sea su postura pol\u00edtica\u00bb.<\/p>\n\n\n\n<p>Lula a\u00fan no ha hecho declaraciones p\u00fablicas sobre sus derrotas en el Congreso.<\/p>\n","protected":false},"excerpt":{"rendered":"<p>Por MAURICIO SAVARESE SAO PAULO (AP) \u2014 El Congreso de Brasil vot\u00f3 el jueves a favor de reducir la condena de 27 a\u00f1os de prisi\u00f3n del expresidente Jair Bolsonaro ,&hellip;<\/p>\n","protected":false},"author":10,"featured_media":129222,"comment_status":"open","ping_status":"open","sticky":false,"template":"","format":"standard","meta":{"content-type":"","jetpack_post_was_ever_published":false,"_jetpack_newsletter_access":"","_jetpack_dont_email_post_to_subs":false,"_jetpack_newsletter_tier_id":0,"_jetpack_memberships_contains_paywalled_content":false,"_jetpack_memberships_contains_paid_content":false,"footnotes":""},"categories":[16289],"tags":[32863],"class_list":["post-129221","post","type-post","status-publish","format-standard","has-post-thumbnail","hentry","category-internacionales","tag-el-congreso-de-brasil-reduce-la-condena-de-27-anos-de-prision-de-jair-bolsonaro"],"jetpack_featured_media_url":"https:\/\/lasprimeras.com.do\/wp-content\/uploads\/2026\/04\/jair-bolsonaro.jpg","jetpack-related-posts":[{"id":112471,"url":"https:\/\/lasprimeras.com.do\/index.php\/2025\/10\/22\/brasil-publica-condena-de-bolsonaro-por-intento-de-golpe-iniciando-el-reloj-de-apelaciones\/","url_meta":{"origin":129221,"position":0},"title":"Brasil publica condena de Bolsonaro por intento de golpe, iniciando el reloj de apelaciones","author":"Nelson Feliz","date":"22 de octubre de 2025","format":false,"excerpt":"Por EL\u00c9ONORE HUGHES R\u00cdO DE JANEIRO (AP) \u2014 La Corte Suprema de Brasil public\u00f3 el mi\u00e9rcoles el fallo que condena al expresidente Jair Bolsonaro por intento de golpe de Estado, iniciando el plazo para presentar apelaciones. En septiembre, los jueces condenaron a Bolsonaro por intentar derrocar la democracia y lo\u2026","rel":"","context":"En \u00abINTERNACIONALES\u00bb","block_context":{"text":"INTERNACIONALES","link":"https:\/\/lasprimeras.com.do\/index.php\/category\/sin-categoria\/internacionales\/"},"img":{"alt_text":"","src":"https:\/\/i0.wp.com\/lasprimeras.com.do\/wp-content\/uploads\/2025\/10\/jair.jpg?resize=350%2C200&ssl=1","width":350,"height":200,"srcset":"https:\/\/i0.wp.com\/lasprimeras.com.do\/wp-content\/uploads\/2025\/10\/jair.jpg?resize=350%2C200&ssl=1 1x, https:\/\/i0.wp.com\/lasprimeras.com.do\/wp-content\/uploads\/2025\/10\/jair.jpg?resize=525%2C300&ssl=1 1.5x, https:\/\/i0.wp.com\/lasprimeras.com.do\/wp-content\/uploads\/2025\/10\/jair.jpg?resize=700%2C400&ssl=1 2x"},"classes":[]},{"id":118396,"url":"https:\/\/lasprimeras.com.do\/index.php\/2025\/12\/28\/juez-brasileno-ordena-arresto-domiciliario-para-10-personas-por-complot-de-bolsonaro\/","url_meta":{"origin":129221,"position":1},"title":"Juez brasile\u00f1o ordena arresto domiciliario para 10 personas por complot de Bolsonaro","author":"Nelson Feliz","date":"28 de diciembre de 2025","format":false,"excerpt":"POR GABRIELA S\u00c1 PESSOA and MANUEL RUEDA SAO PAULO (AP) \u2014 Un juez brasile\u00f1o emiti\u00f3 el s\u00e1bado \u00f3rdenes de arresto domiciliario para diez personas halladas culpables de participar en un complot para mantener al expresidente Jair Bolsonaro en el poder despu\u00e9s de que perdi\u00f3 las elecciones de 2022. La decisi\u00f3n\u2026","rel":"","context":"En \u00abINTERNACIONALES\u00bb","block_context":{"text":"INTERNACIONALES","link":"https:\/\/lasprimeras.com.do\/index.php\/category\/sin-categoria\/internacionales\/"},"img":{"alt_text":"Jair Bolsonaro","src":"https:\/\/i0.wp.com\/lasprimeras.com.do\/wp-content\/uploads\/2025\/12\/Jair-Bolsonaro-1.jpg?resize=350%2C200&ssl=1","width":350,"height":200,"srcset":"https:\/\/i0.wp.com\/lasprimeras.com.do\/wp-content\/uploads\/2025\/12\/Jair-Bolsonaro-1.jpg?resize=350%2C200&ssl=1 1x, https:\/\/i0.wp.com\/lasprimeras.com.do\/wp-content\/uploads\/2025\/12\/Jair-Bolsonaro-1.jpg?resize=525%2C300&ssl=1 1.5x, https:\/\/i0.wp.com\/lasprimeras.com.do\/wp-content\/uploads\/2025\/12\/Jair-Bolsonaro-1.jpg?resize=700%2C400&ssl=1 2x"},"classes":[]},{"id":108922,"url":"https:\/\/lasprimeras.com.do\/index.php\/2025\/09\/11\/bolsonaro-condenado-a-27-anos-de-carcel-por-golpismo-contra-lula-en-brasil\/","url_meta":{"origin":129221,"position":2},"title":"Bolsonaro, condenado a 27 a\u00f1os de c\u00e1rcel por golpismo contra Lula en Brasil","author":"Nelson Feliz","date":"11 de septiembre de 2025","format":false,"excerpt":"Es la primera vez que un exjefe de Estado brasile\u00f1o es condenado por golpismo Brasil, AFP- El expresidente brasile\u00f1o Jair Bolsonaro fue condenado este jueves a 27 a\u00f1os y 3 meses de c\u00e1rcel por haber intentado un golpe de Estado contra el izquierdista Luiz In\u00e1cio Lula da Silva. \"En resumen,\u2026","rel":"","context":"En \u00abINTERNACIONALES\u00bb","block_context":{"text":"INTERNACIONALES","link":"https:\/\/lasprimeras.com.do\/index.php\/category\/sin-categoria\/internacionales\/"},"img":{"alt_text":"","src":"https:\/\/i0.wp.com\/lasprimeras.com.do\/wp-content\/uploads\/2025\/09\/Jair-Bolsonaro.jpg?resize=350%2C200&ssl=1","width":350,"height":200,"srcset":"https:\/\/i0.wp.com\/lasprimeras.com.do\/wp-content\/uploads\/2025\/09\/Jair-Bolsonaro.jpg?resize=350%2C200&ssl=1 1x, https:\/\/i0.wp.com\/lasprimeras.com.do\/wp-content\/uploads\/2025\/09\/Jair-Bolsonaro.jpg?resize=525%2C300&ssl=1 1.5x, https:\/\/i0.wp.com\/lasprimeras.com.do\/wp-content\/uploads\/2025\/09\/Jair-Bolsonaro.jpg?resize=700%2C400&ssl=1 2x"},"classes":[]},{"id":115856,"url":"https:\/\/lasprimeras.com.do\/index.php\/2025\/11\/25\/brasil-el-expresidente-bolsonaro-inicia-su-condena-de-27-anos-de-prision-por-plan-golpista\/","url_meta":{"origin":129221,"position":3},"title":"Brasil: El expresidente Bolsonaro inicia su condena de 27 a\u00f1os de prisi\u00f3n por plan golpista","author":"Nelson Feliz","date":"25 de noviembre de 2025","format":false,"excerpt":"POR MAURICIO SAVARESE BRASILIA, Brasil (AP) \u2014 El expresidente brasile\u00f1o Jair Bolsonaro comenz\u00f3 el martes a cumplir su condena de 27 a\u00f1os de prisi\u00f3n por liderar un intento de golpe de Estado, para sorpresa de muchos en la naci\u00f3n sudamericana que dudaban que alguna vez terminar\u00eda tras las rejas. El\u2026","rel":"","context":"En \u00abINTERNACIONALES\u00bb","block_context":{"text":"INTERNACIONALES","link":"https:\/\/lasprimeras.com.do\/index.php\/category\/sin-categoria\/internacionales\/"},"img":{"alt_text":"","src":"https:\/\/i0.wp.com\/lasprimeras.com.do\/wp-content\/uploads\/2025\/11\/Jair-Bolsonaro.jpg?resize=350%2C200&ssl=1","width":350,"height":200,"srcset":"https:\/\/i0.wp.com\/lasprimeras.com.do\/wp-content\/uploads\/2025\/11\/Jair-Bolsonaro.jpg?resize=350%2C200&ssl=1 1x, https:\/\/i0.wp.com\/lasprimeras.com.do\/wp-content\/uploads\/2025\/11\/Jair-Bolsonaro.jpg?resize=525%2C300&ssl=1 1.5x, https:\/\/i0.wp.com\/lasprimeras.com.do\/wp-content\/uploads\/2025\/11\/Jair-Bolsonaro.jpg?resize=700%2C400&ssl=1 2x"},"classes":[]},{"id":118264,"url":"https:\/\/lasprimeras.com.do\/index.php\/2025\/12\/25\/el-expresidente-brasileno-jair-bolsonaro-se-somete-a-una-doble-cirugia-de-hernia\/","url_meta":{"origin":129221,"position":4},"title":"El expresidente brasile\u00f1o Jair Bolsonaro se somete a una doble cirug\u00eda de hernia","author":"Nelson Feliz","date":"25 de diciembre de 2025","format":false,"excerpt":"Por GABRIELA S\u00c1 PESSOA SAO PAULO (AP) \u2014 El expresidente brasile\u00f1o Jair Bolsonaro se someti\u00f3 el jueves a una doble cirug\u00eda de hernia en un hospital de la capital nacional, Brasilia, informaron sus m\u00e9dicos. El procedimiento dur\u00f3 aproximadamente tres horas y media y se complet\u00f3 sin complicaciones, seg\u00fan el equipo\u2026","rel":"","context":"En \u00abINTERNACIONALES\u00bb","block_context":{"text":"INTERNACIONALES","link":"https:\/\/lasprimeras.com.do\/index.php\/category\/sin-categoria\/internacionales\/"},"img":{"alt_text":"Jair Bolsonaro","src":"https:\/\/i0.wp.com\/lasprimeras.com.do\/wp-content\/uploads\/2025\/12\/Jair-Bolsonaro.jpg?resize=350%2C200&ssl=1","width":350,"height":200,"srcset":"https:\/\/i0.wp.com\/lasprimeras.com.do\/wp-content\/uploads\/2025\/12\/Jair-Bolsonaro.jpg?resize=350%2C200&ssl=1 1x, https:\/\/i0.wp.com\/lasprimeras.com.do\/wp-content\/uploads\/2025\/12\/Jair-Bolsonaro.jpg?resize=525%2C300&ssl=1 1.5x, https:\/\/i0.wp.com\/lasprimeras.com.do\/wp-content\/uploads\/2025\/12\/Jair-Bolsonaro.jpg?resize=700%2C400&ssl=1 2x"},"classes":[]},{"id":120556,"url":"https:\/\/lasprimeras.com.do\/index.php\/2026\/01\/25\/ocho-personas-en-condiciones-inestables-por-rayo-que-cayo-cerca-de-seguidores-de-bolsonaro-en-brasil\/","url_meta":{"origin":129221,"position":5},"title":"Ocho personas en condiciones inestables por rayo que cay\u00f3 cerca de seguidores de Bolsonaro en Brasil","author":"Nelson Feliz","date":"25 de enero de 2026","format":false,"excerpt":"Miles de manifestantes se hab\u00edan concentrado bajo una fuerte lluvia en los alrededores de una plaza en apoyo a Bolsonaro Brasilia,AFP-Al menos 30 personas resultaron heridas, ocho de ellas en \"condiciones inestables\", por un rayo que cay\u00f3 cerca de seguidores del expresidente ultraderechista Jair Bolsonaro cuando hac\u00edan una protesta en\u2026","rel":"","context":"En \u00abINTERNACIONALES\u00bb","block_context":{"text":"INTERNACIONALES","link":"https:\/\/lasprimeras.com.do\/index.php\/category\/sin-categoria\/internacionales\/"},"img":{"alt_text":"","src":"https:\/\/i0.wp.com\/lasprimeras.com.do\/wp-content\/uploads\/2026\/01\/miles.jpg?resize=350%2C200&ssl=1","width":350,"height":200,"srcset":"https:\/\/i0.wp.com\/lasprimeras.com.do\/wp-content\/uploads\/2026\/01\/miles.jpg?resize=350%2C200&ssl=1 1x, https:\/\/i0.wp.com\/lasprimeras.com.do\/wp-content\/uploads\/2026\/01\/miles.jpg?resize=525%2C300&ssl=1 1.5x, https:\/\/i0.wp.com\/lasprimeras.com.do\/wp-content\/uploads\/2026\/01\/miles.jpg?resize=700%2C400&ssl=1 2x"},"classes":[]}],"jetpack_sharing_enabled":true,"_links":{"self":[{"href":"https:\/\/lasprimeras.com.do\/index.php\/wp-json\/wp\/v2\/posts\/129221","targetHints":{"allow":["GET"]}}],"collection":[{"href":"https:\/\/lasprimeras.com.do\/index.php\/wp-json\/wp\/v2\/posts"}],"about":[{"href":"https:\/\/lasprimeras.com.do\/index.php\/wp-json\/wp\/v2\/types\/post"}],"author":[{"embeddable":true,"href":"https:\/\/lasprimeras.com.do\/index.php\/wp-json\/wp\/v2\/users\/10"}],"replies":[{"embeddable":true,"href":"https:\/\/lasprimeras.com.do\/index.php\/wp-json\/wp\/v2\/comments?post=129221"}],"version-history":[{"count":1,"href":"https:\/\/lasprimeras.com.do\/index.php\/wp-json\/wp\/v2\/posts\/129221\/revisions"}],"predecessor-version":[{"id":129223,"href":"https:\/\/lasprimeras.com.do\/index.php\/wp-json\/wp\/v2\/posts\/129221\/revisions\/129223"}],"wp:featuredmedia":[{"embeddable":true,"href":"https:\/\/lasprimeras.com.do\/index.php\/wp-json\/wp\/v2\/media\/129222"}],"wp:attachment":[{"href":"https:\/\/lasprimeras.com.do\/index.php\/wp-json\/wp\/v2\/media?parent=129221"}],"wp:term":[{"taxonomy":"category","embeddable":true,"href":"https:\/\/lasprimeras.com.do\/index.php\/wp-json\/wp\/v2\/categories?post=129221"},{"taxonomy":"post_tag","embeddable":true,"href":"https:\/\/lasprimeras.com.do\/index.php\/wp-json\/wp\/v2\/tags?post=129221"}],"curies":[{"name":"wp","href":"https:\/\/api.w.org\/{rel}","templated":true}]}}