{"id":129224,"date":"2026-04-30T18:21:05","date_gmt":"2026-04-30T22:21:05","guid":{"rendered":"https:\/\/lasprimeras.com.do\/?p=129224"},"modified":"2026-04-30T18:21:06","modified_gmt":"2026-04-30T22:21:06","slug":"los-trabajadores-argentinos-conmemoran-el-primero-de-mayo-con-protestas-contra-la-reforma-laboral-impulsada-por-milei","status":"publish","type":"post","link":"https:\/\/lasprimeras.com.do\/index.php\/2026\/04\/30\/los-trabajadores-argentinos-conmemoran-el-primero-de-mayo-con-protestas-contra-la-reforma-laboral-impulsada-por-milei\/","title":{"rendered":"Los trabajadores argentinos conmemoran el Primero de Mayo con protestas contra la reforma laboral impulsada por Milei"},"content":{"rendered":"\n<p>Por ISABEL DEBRE<\/p>\n\n\n\n<p>BUENOS AIRES, Argentina (AP) \u2014 Los trabajadores argentinos protestaron el jueves en la capital, Buenos Aires, en unas manifestaciones anuales del Primero de Mayo que coincidieron con el creciente descontento por la reciente reforma de las s\u00f3lidas protecciones laborales llevada a cabo por el presidente Javier Milei.<\/p>\n\n\n\n<p>Un d\u00eda antes del D\u00eda Internacional de los Trabajadores , la Confederaci\u00f3n General del Trabajo (CGT), el mayor grupo sindical de Argentina, march\u00f3 hacia la sede del gobierno en el centro de la ciudad para &#8220;defender el empleo digno&#8221; contra los cambios introducidos por Milei en el c\u00f3digo laboral, que desde 1974 hab\u00eda garantizado generosas protecciones y derechos para los trabajadores argentinos, pero que tambi\u00e9n hab\u00eda elevado los costos empresariales, lo que ahuyent\u00f3 a los inversionistas extranjeros.<\/p>\n\n\n\n<p>\u201cQueremos decirle a este gobierno: \u00a1Basta ya!\u201d, exclam\u00f3 Octavio Arg\u00fcello, dirigente de la CGT, ante la multitud de trabajadores que tocaban tambores, ondeaban pancartas y coreaban consignas contra Milei. \u201cNuestra paciencia se ha agotado, se\u00f1or presidente\u201d.<\/p>\n\n\n\n<p>Durante d\u00e9cadas, presidentes anteriores intentaron liberalizar el mercado laboral, pero fracasaron ante la feroz resistencia de los poderosos sindicatos argentinos. A pesar de semanas de protestas y una huelga nacional , Milei logr\u00f3 aprobar el paquete de reformas laborales en febrero, lo que represent\u00f3 una importante victoria para su agenda de libre mercado .<\/p>\n\n\n\n<p>Los opositores de Milei se aferran a un proceso de apelaci\u00f3n que cuestiona la constitucionalidad de la ley. Los l\u00edderes sindicales planean presentar una nueva petici\u00f3n luego de que un tribunal revocara la semana pasada una orden judicial que hab\u00eda suspendido la implementaci\u00f3n de la ley a petici\u00f3n suya. Se espera que el caso llegue a la Corte Suprema.<\/p>\n\n\n\n<p>La reforma laboral ha tocado una fibra sensible en un pa\u00eds donde los sindicatos contribuyeron a fundar el movimiento peronista de izquierda que domin\u00f3 la pol\u00edtica desde la d\u00e9cada de 1940. El tema es particularmente delicado, ya que la iniciativa estrella de Milei para eliminar la inflaci\u00f3n se ha estancado , los salarios no siguen el ritmo de los precios y el desempleo va en aumento.<\/p>\n\n\n\n<p>\u201cLa econom\u00eda no est\u00e1 creciendo tan fuerte como el gobierno esperaba\u201d, afirm\u00f3 Marcelo J. Garc\u00eda, director para las Am\u00e9ricas de la consultora de riesgo geopol\u00edtico Horizon Engage. \u201cLa mayor\u00eda de los argentinos podr\u00eda sentir que no est\u00e1 viendo los beneficios del programa econ\u00f3mico de Milei. Y ese es el mayor riesgo pol\u00edtico que enfrenta Milei en este momento\u201d.<\/p>\n\n\n\n<p>La nueva ley, cuyo objetivo es ayudar a las empresas a contratar y despedir a nuevos trabajadores con mayor facilidad, permite a las compa\u00f1\u00edas aumentar la jornada laboral de ocho a doce horas, ampliar los per\u00edodos de prueba durante los cuales los empleados pueden ser despedidos sin prestaciones y sustituir las horas extras por tiempo libre en lugar de un pago adicional.<\/p>\n\n\n\n<p>\u201cEste es un gobierno al que no le importa la gente\u201d, dijo Sergio Aguirre, de 51 a\u00f1os, conductor de autob\u00fas que participaba en la marcha. \u201cLos costos siguen subiendo y nuestros salarios se mantienen igual. Sobrevivimos gracias a las horas extras. Ahora quieren quit\u00e1rnoslas junto con el resto de nuestros beneficios\u201d.<\/p>\n\n\n\n<p>La legislaci\u00f3n tambi\u00e9n restringe el derecho de los trabajadores a la huelga, disminuye el poder de los sindicatos nacionales para determinar los salarios en sectores enteros y limita la discreci\u00f3n de los tribunales en materia de indemnizaciones por despido, lo que, seg\u00fan los cr\u00edticos, durante mucho tiempo ha involucrado a los empleadores en costosos litigios y ha desalentado la contrataci\u00f3n formal. Casi la mitad de los argentinos trabajan en la econom\u00eda informal .<\/p>\n\n\n\n<p>En los \u00faltimos meses, los sectores de la construcci\u00f3n y la industria manufacturera de Argentina han mostrado signos de recesi\u00f3n .<\/p>\n\n\n\n<p>Fundaci\u00f3n Pro Tejer, una organizaci\u00f3n sin fines de lucro que representa a los fabricantes textiles, inform\u00f3 esta semana que la producci\u00f3n textil de Argentina registr\u00f3 una ca\u00edda de casi el 30% interanual durante los dos primeros meses del a\u00f1o. Seg\u00fan la organizaci\u00f3n, siete de cada diez m\u00e1quinas de coser permanecen inactivas en las f\u00e1bricas del pa\u00eds.<\/p>\n\n\n\n<p>Los avisos de despido se acumulan. El mercado laboral formal de Argentina ha perdido aproximadamente 200.000 empleos desde que Milei asumi\u00f3 el cargo, seg\u00fan el Ministerio de Capital Humano, y el desempleo en el \u00faltimo trimestre de 2025 aument\u00f3 m\u00e1s de un punto porcentual en comparaci\u00f3n con el mismo per\u00edodo del a\u00f1o anterior, llegando al 7,5%, una tasa que a\u00fan es relativamente baja debido a la enorme proporci\u00f3n de trabajadores informales en Argentina.<\/p>\n\n\n\n<p>Milei, que lleg\u00f3 al poder a finales de 2023 impulsado por una ola de desencanto p\u00fablico con el populismo derrochador de sus predecesores peronistas , ha desestimado los informes sobre problemas econ\u00f3micos como &#8220;absurdos difundidos por los medios de comunicaci\u00f3n&#8221;.<\/p>\n\n\n\n<p>\u201cRecibimos reconocimiento internacional por nuestros logros\u201d, declar\u00f3 en una conferencia econ\u00f3mica el mi\u00e9rcoles por la noche. \u201cPero como dice el refr\u00e1n: \u2018Nadie es profeta en su tierra\u2019\u201d.<\/p>\n\n\n\n<p>La marcha del jueves ofreci\u00f3 un indicio de lo que podr\u00eda suceder a medida que las promesas de cambio radical del presidente chocan con la miseria econ\u00f3mica.<\/p>\n\n\n\n<p>\u201cNos quedaremos en la calle hasta que el gobierno cambie o d\u00e9 marcha atr\u00e1s\u201d, dijo Manuel Correa, de 47 a\u00f1os, quien trabaja en una f\u00e1brica textil en las afueras de Buenos Aires que redujo su plantilla en los \u00faltimos dos a\u00f1os en un 58%, es decir, 350 empleados. \u201cNo tenemos otra alternativa\u201d.<\/p>\n","protected":false},"excerpt":{"rendered":"<p>Por ISABEL DEBRE BUENOS AIRES, Argentina (AP) \u2014 Los trabajadores argentinos protestaron el jueves en la capital, Buenos Aires, en unas manifestaciones anuales del Primero de Mayo que coincidieron con&hellip;<\/p>\n","protected":false},"author":10,"featured_media":129225,"comment_status":"open","ping_status":"open","sticky":false,"template":"","format":"standard","meta":{"content-type":"","jetpack_post_was_ever_published":false,"_jetpack_newsletter_access":"","_jetpack_dont_email_post_to_subs":false,"_jetpack_newsletter_tier_id":0,"_jetpack_memberships_contains_paywalled_content":false,"_jetpack_memberships_contains_paid_content":false,"footnotes":""},"categories":[16289],"tags":[1051,6261,19173,3767,15903,32864],"class_list":["post-129224","post","type-post","status-publish","format-standard","has-post-thumbnail","hentry","category-internacionales","tag-conmemoran","tag-javier-milei","tag-primero-de-mayo","tag-protestas","tag-reforma-laboral","tag-trabajadores-argentinos"],"jetpack_featured_media_url":"https:\/\/lasprimeras.com.do\/wp-content\/uploads\/2026\/04\/trabajadores.jpg","jetpack-related-posts":[{"id":74625,"url":"https:\/\/lasprimeras.com.do\/index.php\/2024\/01\/25\/argentina-sindicatos-prometen-lucha-contra-el-ajuste-de-milei\/","url_meta":{"origin":129224,"position":0},"title":"ARGENTINA: Sindicatos prometen \u00ablucha\u00bb contra el ajuste de Milei","author":"BIMARY DE JES\u00daS Matos","date":"25 de enero de 2024","format":false,"excerpt":"BUENOS AIRES.- Argentina concluy\u00f3 la media jornada de huelga general, convocada por la Confederaci\u00f3n General del Trabajo (CGT) y secundada por partidos pol\u00edticos y organizaciones sociales y de derechos humanos, entre otras, despu\u00e9s de una marcha en la que participaron decenas de miles de personas en Buenos Aires. El primer\u2026","rel":"","context":"En \u00abSin categor\u00eda\u00bb","block_context":{"text":"Sin categor\u00eda","link":"https:\/\/lasprimeras.com.do\/index.php\/category\/sin-categoria\/"},"img":{"alt_text":"","src":"https:\/\/i0.wp.com\/lasprimeras.com.do\/wp-content\/uploads\/2024\/01\/WhatsApp-Image-2024-01-24-at-2.40.58-PM-2.jpeg?resize=350%2C200&ssl=1","width":350,"height":200,"srcset":"https:\/\/i0.wp.com\/lasprimeras.com.do\/wp-content\/uploads\/2024\/01\/WhatsApp-Image-2024-01-24-at-2.40.58-PM-2.jpeg?resize=350%2C200&ssl=1 1x, https:\/\/i0.wp.com\/lasprimeras.com.do\/wp-content\/uploads\/2024\/01\/WhatsApp-Image-2024-01-24-at-2.40.58-PM-2.jpeg?resize=525%2C300&ssl=1 1.5x"},"classes":[]},{"id":69748,"url":"https:\/\/lasprimeras.com.do\/index.php\/2023\/12\/05\/javier-milei-y-elon-musk-en-sintonia-a-cinco-dias-de-la-investidura-en-argentina\/","url_meta":{"origin":129224,"position":1},"title":"Javier Milei y Elon Musk &#8220;en sinton\u00eda&#8221; a cinco d\u00edas de la investidura en Argentina","author":"Nelson Feliz","date":"5 de diciembre de 2023","format":false,"excerpt":"La buena relaci\u00f3n entre Milei y Musk no es nueva, ya que el fundador y directivo de SpaceX y Tesla hab\u00eda manifestado su apoyo al ultraliberal el pasado 19 de noviembre. El presidente electo de Argentina, Javier Milei, y el magnate y empresario sudafricano Elon Musk intercambiaron este martes varios\u2026","rel":"","context":"En \u00abSin categor\u00eda\u00bb","block_context":{"text":"Sin categor\u00eda","link":"https:\/\/lasprimeras.com.do\/index.php\/category\/sin-categoria\/"},"img":{"alt_text":"Magnate Elon Musk y el presidente electo de Argentina, Javier Milei","src":"https:\/\/i0.wp.com\/lasprimeras.com.do\/wp-content\/uploads\/2023\/12\/Elon-Musk-y-Javier-Milei.jpeg?resize=350%2C200&ssl=1","width":350,"height":200,"srcset":"https:\/\/i0.wp.com\/lasprimeras.com.do\/wp-content\/uploads\/2023\/12\/Elon-Musk-y-Javier-Milei.jpeg?resize=350%2C200&ssl=1 1x, https:\/\/i0.wp.com\/lasprimeras.com.do\/wp-content\/uploads\/2023\/12\/Elon-Musk-y-Javier-Milei.jpeg?resize=525%2C300&ssl=1 1.5x, https:\/\/i0.wp.com\/lasprimeras.com.do\/wp-content\/uploads\/2023\/12\/Elon-Musk-y-Javier-Milei.jpeg?resize=700%2C400&ssl=1 2x"},"classes":[]},{"id":81709,"url":"https:\/\/lasprimeras.com.do\/index.php\/2024\/04\/24\/miles-participan-en-manifestaciones-contra-j-milei\/","url_meta":{"origin":129224,"position":2},"title":"Miles participan en manifestaciones contra J. Milei","author":"BIMARY DE JES\u00daS Matos","date":"24 de abril de 2024","format":false,"excerpt":"Buenos Aires (EFE).- Decenas de miles de estudiantes, docentes, personal universitario y representantes de la pol\u00edtica, el sindicalismo y la sociedad civil se manifiestan este martes en las calles de toda Argentina en defensa de la educaci\u00f3n superior p\u00fablica y contra las pol\u00edticas del Gobierno de Javier Milei en este\u2026","rel":"","context":"En \u00abSin categor\u00eda\u00bb","block_context":{"text":"Sin categor\u00eda","link":"https:\/\/lasprimeras.com.do\/index.php\/category\/sin-categoria\/"},"img":{"alt_text":"","src":"https:\/\/i0.wp.com\/lasprimeras.com.do\/wp-content\/uploads\/2024\/04\/WhatsApp-Image-2024-04-23-at-10.32.54-AM-3.jpeg?resize=350%2C200&ssl=1","width":350,"height":200,"srcset":"https:\/\/i0.wp.com\/lasprimeras.com.do\/wp-content\/uploads\/2024\/04\/WhatsApp-Image-2024-04-23-at-10.32.54-AM-3.jpeg?resize=350%2C200&ssl=1 1x, https:\/\/i0.wp.com\/lasprimeras.com.do\/wp-content\/uploads\/2024\/04\/WhatsApp-Image-2024-04-23-at-10.32.54-AM-3.jpeg?resize=525%2C300&ssl=1 1.5x, https:\/\/i0.wp.com\/lasprimeras.com.do\/wp-content\/uploads\/2024\/04\/WhatsApp-Image-2024-04-23-at-10.32.54-AM-3.jpeg?resize=700%2C400&ssl=1 2x"},"classes":[]},{"id":85329,"url":"https:\/\/lasprimeras.com.do\/index.php\/2024\/06\/28\/tras-seis-meses-de-trabas-milei-logra-la-aprobacion-de-sus-primeras-leyes-en-la-camara-de-diputados\/","url_meta":{"origin":129224,"position":3},"title":"Tras seis meses de trabas, Milei logra la aprobaci\u00f3n de sus primeras leyes en la C\u00e1mara de Diputados","author":"Nelson Feliz","date":"28 de junio de 2024","format":false,"excerpt":"BY ALMUDENA CALATRAVA BUENOS AIRES (AP) \u2014 Luego de seis meses de m\u00faltiples trabas y arduas negociaciones pol\u00edticas, el presidente argentino Javier Milei logr\u00f3 el viernes la aprobaci\u00f3n en la C\u00e1mara de Diputados de sendas leyes de reformas econ\u00f3micas, estatales y tributarias con las que busca relanzar su gesti\u00f3n y\u2026","rel":"","context":"En \u00abSin categor\u00eda\u00bb","block_context":{"text":"Sin categor\u00eda","link":"https:\/\/lasprimeras.com.do\/index.php\/category\/sin-categoria\/"},"img":{"alt_text":"","src":"https:\/\/i0.wp.com\/lasprimeras.com.do\/wp-content\/uploads\/2024\/06\/congreso-argenyino.jpg?resize=350%2C200&ssl=1","width":350,"height":200,"srcset":"https:\/\/i0.wp.com\/lasprimeras.com.do\/wp-content\/uploads\/2024\/06\/congreso-argenyino.jpg?resize=350%2C200&ssl=1 1x, https:\/\/i0.wp.com\/lasprimeras.com.do\/wp-content\/uploads\/2024\/06\/congreso-argenyino.jpg?resize=525%2C300&ssl=1 1.5x, https:\/\/i0.wp.com\/lasprimeras.com.do\/wp-content\/uploads\/2024\/06\/congreso-argenyino.jpg?resize=700%2C400&ssl=1 2x"},"classes":[]},{"id":72195,"url":"https:\/\/lasprimeras.com.do\/index.php\/2023\/12\/27\/argentina-el-congreso-tratara-11-proyectos-de-javier-milei\/","url_meta":{"origin":129224,"position":4},"title":"ARGENTINA: El Congreso tratar\u00e1 11 proyectos de Javier Milei","author":"BIMARY DE JES\u00daS Matos","date":"27 de diciembre de 2023","format":false,"excerpt":"BUENOS AIRES.- Desde este martes 26 de diciembre hasta el 31 de enero de 2024, el Congreso de Argentina tiene tiempo para tratar 11 proyectos que fueron enviados por el presidente Javier Milei, en el marco de sus planes de reformas estatales y desregulaci\u00f3n de la econom\u00eda. Mediante el Decreto\u2026","rel":"","context":"En \u00abSin categor\u00eda\u00bb","block_context":{"text":"Sin categor\u00eda","link":"https:\/\/lasprimeras.com.do\/index.php\/category\/sin-categoria\/"},"img":{"alt_text":"","src":"https:\/\/i0.wp.com\/lasprimeras.com.do\/wp-content\/uploads\/2023\/12\/Noticias-de-energia-58-8.jpg?resize=350%2C200&ssl=1","width":350,"height":200,"srcset":"https:\/\/i0.wp.com\/lasprimeras.com.do\/wp-content\/uploads\/2023\/12\/Noticias-de-energia-58-8.jpg?resize=350%2C200&ssl=1 1x, https:\/\/i0.wp.com\/lasprimeras.com.do\/wp-content\/uploads\/2023\/12\/Noticias-de-energia-58-8.jpg?resize=525%2C300&ssl=1 1.5x"},"classes":[]},{"id":68076,"url":"https:\/\/lasprimeras.com.do\/index.php\/2023\/11\/21\/transicion-en-argentina-empieza-sin-encuentro-previsto-entre-alberto-fernandez-y-milei\/","url_meta":{"origin":129224,"position":5},"title":"Transici\u00f3n en Argentina empieza sin encuentro previsto entre Alberto Fern\u00e1ndez y Milei","author":"Nelson Feliz","date":"21 de noviembre de 2023","format":false,"excerpt":"Argentina, EFE.-. El excandidato oficialista a la Presidencia, Sergio Massa, seguir\u00e1 como ministro de Econom\u00eda y dispuso un equipo de transici\u00f3n que apoye a Fern\u00e1ndez en sus contactos con Milei. La transici\u00f3n en Argentina hacia el nuevo Ejecutivo que tomar\u00e1 posesi\u00f3n el 10 de diciembre comienza sin el previsto encuentro\u2026","rel":"","context":"En \u00abSin categor\u00eda\u00bb","block_context":{"text":"Sin categor\u00eda","link":"https:\/\/lasprimeras.com.do\/index.php\/category\/sin-categoria\/"},"img":{"alt_text":"Alberto Fern\u00e1ndez","src":"https:\/\/i0.wp.com\/lasprimeras.com.do\/wp-content\/uploads\/2023\/11\/Alberto-Fernandez.jpeg?resize=350%2C200&ssl=1","width":350,"height":200,"srcset":"https:\/\/i0.wp.com\/lasprimeras.com.do\/wp-content\/uploads\/2023\/11\/Alberto-Fernandez.jpeg?resize=350%2C200&ssl=1 1x, https:\/\/i0.wp.com\/lasprimeras.com.do\/wp-content\/uploads\/2023\/11\/Alberto-Fernandez.jpeg?resize=525%2C300&ssl=1 1.5x, https:\/\/i0.wp.com\/lasprimeras.com.do\/wp-content\/uploads\/2023\/11\/Alberto-Fernandez.jpeg?resize=700%2C400&ssl=1 2x"},"classes":[]}],"jetpack_sharing_enabled":true,"_links":{"self":[{"href":"https:\/\/lasprimeras.com.do\/index.php\/wp-json\/wp\/v2\/posts\/129224","targetHints":{"allow":["GET"]}}],"collection":[{"href":"https:\/\/lasprimeras.com.do\/index.php\/wp-json\/wp\/v2\/posts"}],"about":[{"href":"https:\/\/lasprimeras.com.do\/index.php\/wp-json\/wp\/v2\/types\/post"}],"author":[{"embeddable":true,"href":"https:\/\/lasprimeras.com.do\/index.php\/wp-json\/wp\/v2\/users\/10"}],"replies":[{"embeddable":true,"href":"https:\/\/lasprimeras.com.do\/index.php\/wp-json\/wp\/v2\/comments?post=129224"}],"version-history":[{"count":1,"href":"https:\/\/lasprimeras.com.do\/index.php\/wp-json\/wp\/v2\/posts\/129224\/revisions"}],"predecessor-version":[{"id":129226,"href":"https:\/\/lasprimeras.com.do\/index.php\/wp-json\/wp\/v2\/posts\/129224\/revisions\/129226"}],"wp:featuredmedia":[{"embeddable":true,"href":"https:\/\/lasprimeras.com.do\/index.php\/wp-json\/wp\/v2\/media\/129225"}],"wp:attachment":[{"href":"https:\/\/lasprimeras.com.do\/index.php\/wp-json\/wp\/v2\/media?parent=129224"}],"wp:term":[{"taxonomy":"category","embeddable":true,"href":"https:\/\/lasprimeras.com.do\/index.php\/wp-json\/wp\/v2\/categories?post=129224"},{"taxonomy":"post_tag","embeddable":true,"href":"https:\/\/lasprimeras.com.do\/index.php\/wp-json\/wp\/v2\/tags?post=129224"}],"curies":[{"name":"wp","href":"https:\/\/api.w.org\/{rel}","templated":true}]}}