{"id":129227,"date":"2026-04-30T21:39:42","date_gmt":"2026-05-01T01:39:42","guid":{"rendered":"https:\/\/lasprimeras.com.do\/?p=129227"},"modified":"2026-04-30T21:57:40","modified_gmt":"2026-05-01T01:57:40","slug":"gobierno-anuncia-medidas-por-crisis-en-medio-oriente","status":"publish","type":"post","link":"https:\/\/lasprimeras.com.do\/index.php\/2026\/04\/30\/gobierno-anuncia-medidas-por-crisis-en-medio-oriente\/","title":{"rendered":"Gobierno anuncia medidas por crisis en Medio Oriente"},"content":{"rendered":"\n<p><strong>-Presidente Abinader busca con estas medidas generar una disponibilidad cercana a RD$40,000 millones.<\/strong><\/p>\n\n\n\n<p><strong>-Reducir\u00e1n gastos operativos, adquisici\u00f3n de veh\u00edculos, servicios y contrataciones, eventos, vi\u00e1ticos, pasajes, combustibles, publicidad, entre otros.<\/strong><\/p>\n\n\n\n<p><strong>-Proponen la reducci\u00f3n del 50% del presupuesto de los partidos pol\u00edticos.<\/strong><\/p>\n\n\n\n<p>El presidente de la Rep\u00fablica, Luis Abinader, y la vicepresidenta Raquel Pe\u00f1a, encabezaron este jueves el quincuag\u00e9simo s\u00e9ptimo Consejo de Ministros, celebrado en el Palacio Nacional, con el objetivo de dar seguimiento al plan gubernamental para enfrentar el impacto sobre la econom\u00eda dominicana de la crisis en Medio Oriente.<\/p>\n\n\n\n<p>El director general de Presupuesto, Jos\u00e9 Rijo Presbot, explic\u00f3 que el Gobierno ha dispuesto una serie de medidas de contenci\u00f3n y eficientizaci\u00f3n del gasto p\u00fablico para generar una disponibilidad cercana a RD$40,000 millones, partiendo del principio de respetar todos los compromisos ya formalizados bajo contrato, mientras que aquellas apropiaciones presupuestarias a\u00fan no comprometidas ser\u00e1n sometidas a revisi\u00f3n, ajuste o reducci\u00f3n seg\u00fan las prioridades nacionales.<\/p>\n\n\n\n<p>Detall\u00f3 que estas acciones incluyen la reducci\u00f3n de gastos operativos, la contenci\u00f3n en la adquisici\u00f3n de veh\u00edculos, con excepci\u00f3n de \u00e1reas prioritarias como asistencia social y seguridad alimentaria, disminuci\u00f3n de reparaciones y mantenimientos menores, racionalizaci\u00f3n de servicios y contrataciones, limitaci\u00f3n de eventos a costos m\u00ednimos, ajustes en textiles, vestuario, vi\u00e1ticos, pasajes, racionalizaci\u00f3n de combustible y publicidad, la reducci\u00f3n de un 50% del presupuesto a los partidos pol\u00edtico, entre otros.<\/p>\n\n\n\n<p>Adem\u00e1s, una reducci\u00f3n verificable de transferencias corrientes a organismos aut\u00f3nomos, descentralizados y empresas p\u00fablicas con capacidad de generar sus propios recursos.<\/p>\n\n\n\n<p>Presbot subray\u00f3 que estas decisiones responden a la necesidad de posponer temporalmente todo gasto no prioritario, con el prop\u00f3sito de fortalecer la capacidad de respuesta del Estado ante el contexto internacional, preservar la estabilidad econ\u00f3mica y asegurar que los recursos p\u00fablicos se concentren en proteger a los sectores m\u00e1s vulnerables y sostener el dinamismo del pa\u00eds.<\/p>\n\n\n\n<figure class=\"wp-block-image size-full\"><img decoding=\"async\" width=\"1000\" height=\"666\" src=\"https:\/\/lasprimeras.com.do\/wp-content\/uploads\/2026\/04\/Abinader-Consejo-2.jpg\" alt=\"\" class=\"wp-image-129230\" srcset=\"https:\/\/lasprimeras.com.do\/wp-content\/uploads\/2026\/04\/Abinader-Consejo-2.jpg 1000w, https:\/\/lasprimeras.com.do\/wp-content\/uploads\/2026\/04\/Abinader-Consejo-2-300x200.jpg 300w, https:\/\/lasprimeras.com.do\/wp-content\/uploads\/2026\/04\/Abinader-Consejo-2-768x511.jpg 768w\" sizes=\"(max-width: 1000px) 100vw, 1000px\" \/><\/figure>\n\n\n\n<p>Por otro lado, el ministro de la Presidencia, Jos\u00e9 Ignacio Paliza, explic\u00f3 que el pa\u00eds enfrenta un choque externo, cuyo principal canal de transmisi\u00f3n para econom\u00edas como la dominicana es el aumento en los precios internacionales del petr\u00f3leo, lo que genera presiones directas sobre la inflaci\u00f3n y el costo de vida.<\/p>\n\n\n\n<p>En ese sentido, destac\u00f3 que cada aumento sostenido de US$10 por barril implica alrededor de US$763 millones adicionales en la factura petrolera anual de la Rep\u00fablica Dominicana, lo que incrementa las presiones fiscales y los costos asociados a los subsidios.<\/p>\n\n\n\n<p>Asimismo, resalt\u00f3 que, pese al contexto internacional, la Rep\u00fablica Dominicana ha logrado contener el impacto mejor que la mayor\u00eda de pa\u00edses de la regi\u00f3n, gracias a las medidas adoptadas para proteger a las familias dominicanas. No obstante, advirti\u00f3 que estos esfuerzos implican un costo fiscal significativo, por lo que deben manejarse con prudencia y sostenibilidad.<\/p>\n\n\n\n<figure class=\"wp-block-embed is-type-video is-provider-youtube wp-block-embed-youtube wp-embed-aspect-16-9 wp-has-aspect-ratio\"><div class=\"wp-block-embed__wrapper\">\n<iframe title=\"Gobierno anuncia medidas por crisis en Medio Oriente\" width=\"500\" height=\"281\" src=\"https:\/\/www.youtube.com\/embed\/8-glYbmYoPU?feature=oembed\" frameborder=\"0\" allow=\"accelerometer; autoplay; clipboard-write; encrypted-media; gyroscope; picture-in-picture; web-share\" referrerpolicy=\"strict-origin-when-cross-origin\" allowfullscreen><\/iframe>\n<\/div><\/figure>\n\n\n\n<p>Mientras que el ministro de Hacienda y Econom\u00eda, Mag\u00edn D\u00edaz, afirm\u00f3 que Rep\u00fablica Dominicana enfrenta uno de los mayores choques de precios de su historia reciente, provocado por el alza de m\u00e1s de un 80 % en el precio del petr\u00f3leo, pero asegur\u00f3 que el Gobierno ha centrado su estrategia en tres objetivos esenciales: preservar la estabilidad macroecon\u00f3mica, fiscal y social; mitigar el impacto sobre los alimentos, la canasta b\u00e1sica y los insumos agropecuarios; y sostener la inversi\u00f3n p\u00fablica, apoyado en reservas internacionales superiores a US$16,000 millones, estabilidad cambiaria, crecimiento econ\u00f3mico, fortalecimiento de los programas sociales y una pol\u00edtica de austeridad orientada a proteger a la poblaci\u00f3n m\u00e1s vulnerable.<\/p>\n","protected":false},"excerpt":{"rendered":"<p>-Presidente Abinader busca con estas medidas generar una disponibilidad cercana a RD$40,000 millones. -Reducir\u00e1n gastos operativos, adquisici\u00f3n de veh\u00edculos, servicios y contrataciones, eventos, vi\u00e1ticos, pasajes, combustibles, publicidad, entre otros. -Proponen&hellip;<\/p>\n","protected":false},"author":10,"featured_media":129229,"comment_status":"open","ping_status":"open","sticky":false,"template":"","format":"standard","meta":{"content-type":"","jetpack_post_was_ever_published":false,"_jetpack_newsletter_access":"","_jetpack_dont_email_post_to_subs":false,"_jetpack_newsletter_tier_id":0,"_jetpack_memberships_contains_paywalled_content":false,"_jetpack_memberships_contains_paid_content":false,"footnotes":""},"categories":[39,25],"tags":[216,549,514,1185,171,3510,8320,17713],"class_list":["post-129227","post","type-post","status-publish","format-standard","has-post-thumbnail","hentry","category-economia","category-portada","tag-crisis","tag-dominicana","tag-economia-2","tag-enfrentar","tag-gobierno","tag-impacto","tag-medio-oriente","tag-nuevas-medidas"],"jetpack_featured_media_url":"https:\/\/lasprimeras.com.do\/wp-content\/uploads\/2026\/04\/Abinader-Consejo-1.jpg","jetpack-related-posts":[{"id":125647,"url":"https:\/\/lasprimeras.com.do\/index.php\/2026\/03\/25\/presidente-del-senado-llama-a-la-unidad-nacional-para-enfrentar-crisis-por-guerra-medio-oriente\/","url_meta":{"origin":129227,"position":0},"title":"Presidente del Senado llama a la unidad nacional para enfrentar crisis por guerra Medio Oriente","author":"Nelson Feliz","date":"25 de marzo de 2026","format":false,"excerpt":"El presidente del Senado, Ricardo de los Santos, llam\u00f3 a todos los sectores sociales del pa\u00eds a mantener la unidad ante la crisis internacional, generada por el conflicto armado qu\u00e9 se desarrolla en el Medio Oriente, y que actualmente afecta al pa\u00eds con el alza en el precio del petr\u00f3leo.\u2026","rel":"","context":"En \u00abECONOM\u00cdA\u00bb","block_context":{"text":"ECONOM\u00cdA","link":"https:\/\/lasprimeras.com.do\/index.php\/category\/economia\/"},"img":{"alt_text":"","src":"https:\/\/i0.wp.com\/lasprimeras.com.do\/wp-content\/uploads\/2026\/03\/Ricardo-de-los-Santos-1-3.jpg?resize=350%2C200&ssl=1","width":350,"height":200,"srcset":"https:\/\/i0.wp.com\/lasprimeras.com.do\/wp-content\/uploads\/2026\/03\/Ricardo-de-los-Santos-1-3.jpg?resize=350%2C200&ssl=1 1x, https:\/\/i0.wp.com\/lasprimeras.com.do\/wp-content\/uploads\/2026\/03\/Ricardo-de-los-Santos-1-3.jpg?resize=525%2C300&ssl=1 1.5x, https:\/\/i0.wp.com\/lasprimeras.com.do\/wp-content\/uploads\/2026\/03\/Ricardo-de-los-Santos-1-3.jpg?resize=700%2C400&ssl=1 2x, https:\/\/i0.wp.com\/lasprimeras.com.do\/wp-content\/uploads\/2026\/03\/Ricardo-de-los-Santos-1-3.jpg?resize=1050%2C600&ssl=1 3x"},"classes":[]},{"id":125447,"url":"https:\/\/lasprimeras.com.do\/index.php\/2026\/03\/23\/martinez-reacciona-ante-el-mensaje-del-presidente-abinader-sobre-el-conflicto-de-medio-oriente\/","url_meta":{"origin":129227,"position":1},"title":"Mart\u00ednez reacciona ante el mensaje del presidente Abinader sobre el conflicto de Medio Oriente","author":"Nelson Feliz","date":"23 de marzo de 2026","format":false,"excerpt":"El miembro del Comit\u00e9 Pol\u00edtico del Partido de la Liberaci\u00f3n Dominicana, Abel Mart\u00ednez, reaccion\u00f3 a la alocuci\u00f3n del presidente Luis Abinader en torno a la crisis de Medio Oriente. Mart\u00ednez, considero que las palabras del presidente Luis Abinader, lejos de tranquilizar a la poblaci\u00f3n, causaron m\u00e1s preocupaci\u00f3n, confusi\u00f3n y alarma\u2026","rel":"","context":"En \u00abPOLITICA\u00bb","block_context":{"text":"POLITICA","link":"https:\/\/lasprimeras.com.do\/index.php\/category\/politica\/"},"img":{"alt_text":"Abel Mart\u00ednez","src":"https:\/\/i0.wp.com\/lasprimeras.com.do\/wp-content\/uploads\/2025\/12\/Abel-Martinez-1.jpg?resize=350%2C200&ssl=1","width":350,"height":200,"srcset":"https:\/\/i0.wp.com\/lasprimeras.com.do\/wp-content\/uploads\/2025\/12\/Abel-Martinez-1.jpg?resize=350%2C200&ssl=1 1x, https:\/\/i0.wp.com\/lasprimeras.com.do\/wp-content\/uploads\/2025\/12\/Abel-Martinez-1.jpg?resize=525%2C300&ssl=1 1.5x, https:\/\/i0.wp.com\/lasprimeras.com.do\/wp-content\/uploads\/2025\/12\/Abel-Martinez-1.jpg?resize=700%2C400&ssl=1 2x"},"classes":[]},{"id":126801,"url":"https:\/\/lasprimeras.com.do\/index.php\/2026\/04\/05\/abinader-convoca-acuerdo-nacional-ante-crisis-global\/","url_meta":{"origin":129227,"position":2},"title":"Abinader convoca acuerdo nacional ante crisis global","author":"Nelson Feliz","date":"5 de abril de 2026","format":false,"excerpt":"Anuncia medidas ante nueva realidad en Hait\u00ed tras encabezar reuni\u00f3n del Consejo de Seguridad y Defensa Nacional. El presidente Luis Abinader instruy\u00f3 a los ministros de la presidencia; Hacienda y Econom\u00eda; Industria, Comercio y MiPymes, a realizar consultas con los diversos sectores, productivos, pol\u00edticos y sociales nacionales para alcanzar un\u2026","rel":"","context":"En \u00abECONOM\u00cdA\u00bb","block_context":{"text":"ECONOM\u00cdA","link":"https:\/\/lasprimeras.com.do\/index.php\/category\/economia\/"},"img":{"alt_text":"","src":"https:\/\/i0.wp.com\/lasprimeras.com.do\/wp-content\/uploads\/2026\/04\/Luis-1.jpg?resize=350%2C200&ssl=1","width":350,"height":200,"srcset":"https:\/\/i0.wp.com\/lasprimeras.com.do\/wp-content\/uploads\/2026\/04\/Luis-1.jpg?resize=350%2C200&ssl=1 1x, https:\/\/i0.wp.com\/lasprimeras.com.do\/wp-content\/uploads\/2026\/04\/Luis-1.jpg?resize=525%2C300&ssl=1 1.5x, https:\/\/i0.wp.com\/lasprimeras.com.do\/wp-content\/uploads\/2026\/04\/Luis-1.jpg?resize=700%2C400&ssl=1 2x, https:\/\/i0.wp.com\/lasprimeras.com.do\/wp-content\/uploads\/2026\/04\/Luis-1.jpg?resize=1050%2C600&ssl=1 3x"},"classes":[]},{"id":127372,"url":"https:\/\/lasprimeras.com.do\/index.php\/2026\/04\/10\/gobierno-requiere-legitimarse-previo-a-tomar-medidas-para-enfrentar-crisis\/","url_meta":{"origin":129227,"position":3},"title":"Gobierno requiere legitimarse previo a tomar medidas para enfrentar crisis","author":"Nelson Feliz","date":"10 de abril de 2026","format":false,"excerpt":"Gobierno NO ha tomado las medidas necesarias para mitigar impacto del conflicto de Medio Oriente en la Rep\u00fablica Dominicana, explica Luis Reyes. El titular de la Secretar\u00eda de Asuntos Econ\u00f3micos del Partido de la Liberaci\u00f3n Dominicana (PLD), Luis Reyes, asegur\u00f3 que el gobierno no ha tomado las medidas necesarias a\u2026","rel":"","context":"En \u00abECONOM\u00cdA\u00bb","block_context":{"text":"ECONOM\u00cdA","link":"https:\/\/lasprimeras.com.do\/index.php\/category\/economia\/"},"img":{"alt_text":"","src":"https:\/\/i0.wp.com\/lasprimeras.com.do\/wp-content\/uploads\/2026\/04\/Luis-Reyes.jpg?resize=350%2C200&ssl=1","width":350,"height":200,"srcset":"https:\/\/i0.wp.com\/lasprimeras.com.do\/wp-content\/uploads\/2026\/04\/Luis-Reyes.jpg?resize=350%2C200&ssl=1 1x, https:\/\/i0.wp.com\/lasprimeras.com.do\/wp-content\/uploads\/2026\/04\/Luis-Reyes.jpg?resize=525%2C300&ssl=1 1.5x, https:\/\/i0.wp.com\/lasprimeras.com.do\/wp-content\/uploads\/2026\/04\/Luis-Reyes.jpg?resize=700%2C400&ssl=1 2x"},"classes":[]},{"id":127609,"url":"https:\/\/lasprimeras.com.do\/index.php\/2026\/04\/13\/llama-a-convocar-consejo-de-gobierno-en-rd-ante-advertencia-del-expresidente-medina\/","url_meta":{"origin":129227,"position":4},"title":"Llama a convocar Consejo de Gobierno en RD ante advertencia del expresidente Medina","author":"Nelson Feliz","date":"13 de abril de 2026","format":false,"excerpt":"Por Ram\u00f3n Mercedes NUEVA YORK.- El presidente de la seccional del Partido de la Liberaci\u00f3n Dominicana (PLD) en este estado, Luis Lithgow, llam\u00f3 al Gobierno del presidente Luis Abinader a convocar de manera urgente un \u201cConsejo de Gobierno\u201d ante la advertencia del expresidente Danilo Medina. Se\u00f1ala que el Gobierno del\u2026","rel":"","context":"En \u00abINTERNACIONALES\u00bb","block_context":{"text":"INTERNACIONALES","link":"https:\/\/lasprimeras.com.do\/index.php\/category\/sin-categoria\/internacionales\/"},"img":{"alt_text":"","src":"https:\/\/i0.wp.com\/lasprimeras.com.do\/wp-content\/uploads\/2026\/04\/Llama-a-convocar-Consejo-de-Gobierno-en-RD-ante-advertencia-del-expresidente-Medina.jpg?resize=350%2C200&ssl=1","width":350,"height":200,"srcset":"https:\/\/i0.wp.com\/lasprimeras.com.do\/wp-content\/uploads\/2026\/04\/Llama-a-convocar-Consejo-de-Gobierno-en-RD-ante-advertencia-del-expresidente-Medina.jpg?resize=350%2C200&ssl=1 1x, https:\/\/i0.wp.com\/lasprimeras.com.do\/wp-content\/uploads\/2026\/04\/Llama-a-convocar-Consejo-de-Gobierno-en-RD-ante-advertencia-del-expresidente-Medina.jpg?resize=525%2C300&ssl=1 1.5x"},"classes":[]},{"id":76243,"url":"https:\/\/lasprimeras.com.do\/index.php\/2024\/02\/08\/udc-respalda-medidas-de-abinader-para-evitar-que-la-crisis-haitiana-se-extienda-a-rd\/","url_meta":{"origin":129227,"position":5},"title":"UDC respalda m\u00e9didas de Abinader para evitar que la crisis haitiana se extienda a RD","author":"Nelson Feliz","date":"8 de febrero de 2024","format":false,"excerpt":"La Uni\u00f3n Dem\u00f3crata Cristiana -UDC- respald\u00f3 hoy todas las medidas que est\u00e1 tomando el presidente Luis Abinader en el pa\u00eds, y en especial en la la zona fronteriza, para evitar que la crisis haitiana ocasione problemas en el territorio nacional. Luis Acosta Moreta, Luis \u201cEl Gallo\u201d, presidente de la UDC,\u2026","rel":"","context":"En \u00abPORTADA\u00bb","block_context":{"text":"PORTADA","link":"https:\/\/lasprimeras.com.do\/index.php\/category\/portada\/"},"img":{"alt_text":"militares frontera","src":"https:\/\/i0.wp.com\/lasprimeras.com.do\/wp-content\/uploads\/2023\/08\/militares-frontera.jpg?resize=350%2C200&ssl=1","width":350,"height":200,"srcset":"https:\/\/i0.wp.com\/lasprimeras.com.do\/wp-content\/uploads\/2023\/08\/militares-frontera.jpg?resize=350%2C200&ssl=1 1x, https:\/\/i0.wp.com\/lasprimeras.com.do\/wp-content\/uploads\/2023\/08\/militares-frontera.jpg?resize=525%2C300&ssl=1 1.5x"},"classes":[]}],"jetpack_sharing_enabled":true,"_links":{"self":[{"href":"https:\/\/lasprimeras.com.do\/index.php\/wp-json\/wp\/v2\/posts\/129227","targetHints":{"allow":["GET"]}}],"collection":[{"href":"https:\/\/lasprimeras.com.do\/index.php\/wp-json\/wp\/v2\/posts"}],"about":[{"href":"https:\/\/lasprimeras.com.do\/index.php\/wp-json\/wp\/v2\/types\/post"}],"author":[{"embeddable":true,"href":"https:\/\/lasprimeras.com.do\/index.php\/wp-json\/wp\/v2\/users\/10"}],"replies":[{"embeddable":true,"href":"https:\/\/lasprimeras.com.do\/index.php\/wp-json\/wp\/v2\/comments?post=129227"}],"version-history":[{"count":2,"href":"https:\/\/lasprimeras.com.do\/index.php\/wp-json\/wp\/v2\/posts\/129227\/revisions"}],"predecessor-version":[{"id":129232,"href":"https:\/\/lasprimeras.com.do\/index.php\/wp-json\/wp\/v2\/posts\/129227\/revisions\/129232"}],"wp:featuredmedia":[{"embeddable":true,"href":"https:\/\/lasprimeras.com.do\/index.php\/wp-json\/wp\/v2\/media\/129229"}],"wp:attachment":[{"href":"https:\/\/lasprimeras.com.do\/index.php\/wp-json\/wp\/v2\/media?parent=129227"}],"wp:term":[{"taxonomy":"category","embeddable":true,"href":"https:\/\/lasprimeras.com.do\/index.php\/wp-json\/wp\/v2\/categories?post=129227"},{"taxonomy":"post_tag","embeddable":true,"href":"https:\/\/lasprimeras.com.do\/index.php\/wp-json\/wp\/v2\/tags?post=129227"}],"curies":[{"name":"wp","href":"https:\/\/api.w.org\/{rel}","templated":true}]}}