{"id":129233,"date":"2026-04-30T22:10:37","date_gmt":"2026-05-01T02:10:37","guid":{"rendered":"https:\/\/lasprimeras.com.do\/?p=129233"},"modified":"2026-04-30T22:10:39","modified_gmt":"2026-05-01T02:10:39","slug":"opcion-democratica-respalda-movilizacion-en-sjm-en-defensa-del-agua-frente-a-proyecto-minero","status":"publish","type":"post","link":"https:\/\/lasprimeras.com.do\/index.php\/2026\/04\/30\/opcion-democratica-respalda-movilizacion-en-sjm-en-defensa-del-agua-frente-a-proyecto-minero\/","title":{"rendered":"Opci\u00f3n Democr\u00e1tica respalda movilizaci\u00f3n en SJM en defensa del agua frente a proyecto minero"},"content":{"rendered":"\n<p><strong>El partido anunci\u00f3 que participar\u00e1 en la marcha convocada para este domingo en la provincia en defensa del agua y los recursos naturales de la zona<\/strong><\/p>\n\n\n\n<p>El partido Opci\u00f3n Democr\u00e1tica (OD), a trav\u00e9s de su dirigente, la excandidata presidencial, Virginia Antares; expres\u00f3 este jueves su respaldo a las luchas sociales que buscan proteger los recursos naturales, el agua y la comunidad, frente a la explotaci\u00f3n minera en San Juan.<\/p>\n\n\n\n<p>Antares inform\u00f3 que la organizaci\u00f3n pol\u00edtica se integrar\u00e1 a la marcha convocada para este domingo, al tiempo que hizo un llamado a la ciudadan\u00eda a sumarse de manera activa.<\/p>\n\n\n\n<p>\u201cDesde Opci\u00f3n Democr\u00e1tica nos unimos a la lucha del pueblo de San Juan y del pueblo dominicano en defensa del agua, de la producci\u00f3n agr\u00edcola y de la presa de Sabaneta\u201d, manifest\u00f3.<\/p>\n\n\n\n<p>La dirigente advirti\u00f3 sobre los riesgos que representa la actividad minera en el pa\u00eds, se\u00f1alando que la experiencia hist\u00f3rica ha dejado consecuencias negativas para las comunidades.<\/p>\n\n\n\n<p>\u201cLa trayectoria de la miner\u00eda en Rep\u00fablica Dominicana muestra los efectos devastadores que puede tener para las familias, la agricultura y las fuentes de agua. La explotaci\u00f3n ocurrida en Cotu\u00ed no debe repetirse jam\u00e1s.\u201d, dijo.<\/p>\n\n\n\n<p>En ese sentido, cit\u00f3 como ejemplo lo ocurrido en zonas como Hatillo y Pueblo Viejo, donde, seg\u00fan indic\u00f3, las promesas de sostenibilidad ambiental no han impedido impactos ambientales y sociales.<\/p>\n\n\n\n<p>Antares denunci\u00f3 que en estas comunidades se han registrado casos de contaminaci\u00f3n, incluyendo la presencia de cianuro y metales pesados, as\u00ed como afectaciones directas a productores agr\u00edcolas.<\/p>\n\n\n\n<p>Asimismo, asegur\u00f3 que familias han sido desplazadas de sus tierras o han visto reducida su producci\u00f3n debido a la degradaci\u00f3n de sus fuentes de agua y la muerte de animales.<\/p>\n\n\n\n<p>Finalmente, reiter\u00f3 el compromiso de Opci\u00f3n Democr\u00e1tica de acompa\u00f1ar las demandas ciudadanas en defensa del medio ambiente y los recursos naturales, insistiendo en la necesidad de priorizar el bienestar de las comunidades sobre intereses particulares.<\/p>\n","protected":false},"excerpt":{"rendered":"<p>El partido anunci\u00f3 que participar\u00e1 en la marcha convocada para este domingo en la provincia en defensa del agua y los recursos naturales de la zona El partido Opci\u00f3n Democr\u00e1tica&hellip;<\/p>\n","protected":false},"author":10,"featured_media":129234,"comment_status":"open","ping_status":"open","sticky":false,"template":"","format":"standard","meta":{"content-type":"","jetpack_post_was_ever_published":false,"_jetpack_newsletter_access":"","_jetpack_dont_email_post_to_subs":false,"_jetpack_newsletter_tier_id":0,"_jetpack_memberships_contains_paywalled_content":false,"_jetpack_memberships_contains_paid_content":false,"footnotes":""},"categories":[16559],"tags":[537,353,2432,7685,3495,32865,11799],"class_list":["post-129233","post","type-post","status-publish","format-standard","has-post-thumbnail","hentry","category-politica","tag-agua","tag-defensa","tag-frente","tag-movilizacion","tag-opcion-democratica","tag-proyecto-minero","tag-sjm"],"jetpack_featured_media_url":"https:\/\/lasprimeras.com.do\/wp-content\/uploads\/2026\/04\/Virginia-Antares.jpg","jetpack-related-posts":[{"id":122657,"url":"https:\/\/lasprimeras.com.do\/index.php\/2026\/02\/20\/virginia-antares-llama-a-dar-prioridad-a-situacion-de-la-presa-de-hatillo\/","url_meta":{"origin":129233,"position":0},"title":"Virginia Antares llama a dar prioridad a situaci\u00f3n de la presa de Hatillo","author":"Nelson Feliz","date":"20 de febrero de 2026","format":false,"excerpt":"La excandidata presidencial exhort\u00f3 a las autoridades decir la verdad sobre qu\u00e9 hay detr\u00e1s de la contaminaci\u00f3n de la presa La excandidata presidencial del partido Opci\u00f3n Democr\u00e1tica (OD), Virginia Antares, manifest\u00f3 este jueves su preocupaci\u00f3n por los niveles de contaminaci\u00f3n que afectan a la presa de Hatillo, y llam\u00f3 a\u2026","rel":"","context":"En \u00abPOLITICA\u00bb","block_context":{"text":"POLITICA","link":"https:\/\/lasprimeras.com.do\/index.php\/category\/politica\/"},"img":{"alt_text":"Virginia Antares","src":"https:\/\/i0.wp.com\/lasprimeras.com.do\/wp-content\/uploads\/2026\/02\/Virginia-Antares.jpg?resize=350%2C200&ssl=1","width":350,"height":200,"srcset":"https:\/\/i0.wp.com\/lasprimeras.com.do\/wp-content\/uploads\/2026\/02\/Virginia-Antares.jpg?resize=350%2C200&ssl=1 1x, https:\/\/i0.wp.com\/lasprimeras.com.do\/wp-content\/uploads\/2026\/02\/Virginia-Antares.jpg?resize=525%2C300&ssl=1 1.5x, https:\/\/i0.wp.com\/lasprimeras.com.do\/wp-content\/uploads\/2026\/02\/Virginia-Antares.jpg?resize=700%2C400&ssl=1 2x"},"classes":[]},{"id":119564,"url":"https:\/\/lasprimeras.com.do\/index.php\/2026\/01\/14\/pld-en-santiago-participa-en-jornada-comunitaria-de-proteccion-a-la-cordillera-septentrional\/","url_meta":{"origin":129233,"position":1},"title":"PLD en Santiago participa en jornada comunitaria de protecci\u00f3n a la Cordillera Septentrional","author":"Nelson Feliz","date":"14 de enero de 2026","format":false,"excerpt":"Dirigentes y miembros del Partido de la Liberaci\u00f3n Dominicana participaron en una jornada comunitaria en rechazo a la nueva explotaci\u00f3n minera proyectada en la Cordillera Septentrional, por el impacto ambiental y social que representa para varias comunidades de la provincia de Santiago. En la protesta participaron el diputado Mayobanex Mart\u00ednez,\u2026","rel":"","context":"En \u00abPOLITICA\u00bb","block_context":{"text":"POLITICA","link":"https:\/\/lasprimeras.com.do\/index.php\/category\/politica\/"},"img":{"alt_text":"","src":"https:\/\/i0.wp.com\/lasprimeras.com.do\/wp-content\/uploads\/2026\/01\/7e9ceb4b-a004-42b3-ae06-c92cd40669f2.jpeg?resize=350%2C200&ssl=1","width":350,"height":200,"srcset":"https:\/\/i0.wp.com\/lasprimeras.com.do\/wp-content\/uploads\/2026\/01\/7e9ceb4b-a004-42b3-ae06-c92cd40669f2.jpeg?resize=350%2C200&ssl=1 1x, https:\/\/i0.wp.com\/lasprimeras.com.do\/wp-content\/uploads\/2026\/01\/7e9ceb4b-a004-42b3-ae06-c92cd40669f2.jpeg?resize=525%2C300&ssl=1 1.5x, https:\/\/i0.wp.com\/lasprimeras.com.do\/wp-content\/uploads\/2026\/01\/7e9ceb4b-a004-42b3-ae06-c92cd40669f2.jpeg?resize=700%2C400&ssl=1 2x, https:\/\/i0.wp.com\/lasprimeras.com.do\/wp-content\/uploads\/2026\/01\/7e9ceb4b-a004-42b3-ae06-c92cd40669f2.jpeg?resize=1050%2C600&ssl=1 3x, https:\/\/i0.wp.com\/lasprimeras.com.do\/wp-content\/uploads\/2026\/01\/7e9ceb4b-a004-42b3-ae06-c92cd40669f2.jpeg?resize=1400%2C800&ssl=1 4x"},"classes":[]},{"id":54812,"url":"https:\/\/lasprimeras.com.do\/index.php\/2023\/07\/14\/opcion-democratica-respalda-medida-contra-contaminacion-visual-en-sde\/","url_meta":{"origin":129233,"position":2},"title":"Opci\u00f3n Democr\u00e1tica respalda medida contra contaminaci\u00f3n visual en SDE","author":"Nelson Feliz","date":"14 de julio de 2023","format":false,"excerpt":"Opci\u00f3n Democr\u00e1tica mostr\u00f3 su apoyo a la medida adoptada por el Ayuntamiento de Santo Domingo Este (SDE) y diversos partidos pol\u00edticos para prevenir la colocaci\u00f3n de propaganda pol\u00edtica en lugares prohibidos por la ley. Aunque no fueron convocados a la firma de este acuerdo, la organizaci\u00f3n expres\u00f3 su respaldo a\u2026","rel":"","context":"En \u00abPORTADA\u00bb","block_context":{"text":"PORTADA","link":"https:\/\/lasprimeras.com.do\/index.php\/category\/portada\/"},"img":{"alt_text":"Milcom Olivo","src":"https:\/\/i0.wp.com\/lasprimeras.com.do\/wp-content\/uploads\/2023\/07\/Milcom-Olivo-Coordinador-de-OD-SDE.jpg?resize=350%2C200&ssl=1","width":350,"height":200,"srcset":"https:\/\/i0.wp.com\/lasprimeras.com.do\/wp-content\/uploads\/2023\/07\/Milcom-Olivo-Coordinador-de-OD-SDE.jpg?resize=350%2C200&ssl=1 1x, https:\/\/i0.wp.com\/lasprimeras.com.do\/wp-content\/uploads\/2023\/07\/Milcom-Olivo-Coordinador-de-OD-SDE.jpg?resize=525%2C300&ssl=1 1.5x, https:\/\/i0.wp.com\/lasprimeras.com.do\/wp-content\/uploads\/2023\/07\/Milcom-Olivo-Coordinador-de-OD-SDE.jpg?resize=700%2C400&ssl=1 2x"},"classes":[]},{"id":128701,"url":"https:\/\/lasprimeras.com.do\/index.php\/2026\/04\/25\/mauro-pina-valor-innegociable-de-los-recursos-naturales\/","url_meta":{"origin":129233,"position":3},"title":"Mauro Pi\u00f1a: Valor innegociable de los recursos naturales","author":"Nelson Feliz","date":"25 de abril de 2026","format":false,"excerpt":"Mauro Pi\u00f1a, Presidente del PLD en San Juan, reiter\u00f3 que esa organizaci\u00f3n ha sido consistente en defender un modelo de desarrollo basado en la sostenibilidad. El Partido de la Liberaci\u00f3n Dominicana (PLD) en San Juan reafirm\u00f3 su posici\u00f3n de defensa absoluta de los recursos naturales estrat\u00e9gicos, respeto irrestricto al marco\u2026","rel":"","context":"En \u00abPOLITICA\u00bb","block_context":{"text":"POLITICA","link":"https:\/\/lasprimeras.com.do\/index.php\/category\/politica\/"},"img":{"alt_text":"Mauro Pi\u00f1a","src":"https:\/\/i0.wp.com\/lasprimeras.com.do\/wp-content\/uploads\/2026\/04\/mauro-pina.jpg?resize=350%2C200&ssl=1","width":350,"height":200,"srcset":"https:\/\/i0.wp.com\/lasprimeras.com.do\/wp-content\/uploads\/2026\/04\/mauro-pina.jpg?resize=350%2C200&ssl=1 1x, https:\/\/i0.wp.com\/lasprimeras.com.do\/wp-content\/uploads\/2026\/04\/mauro-pina.jpg?resize=525%2C300&ssl=1 1.5x, https:\/\/i0.wp.com\/lasprimeras.com.do\/wp-content\/uploads\/2026\/04\/mauro-pina.jpg?resize=700%2C400&ssl=1 2x"},"classes":[]},{"id":74565,"url":"https:\/\/lasprimeras.com.do\/index.php\/2024\/01\/24\/virginia-antares-plantea-mejorar-educacion-medio-ambiente-salud-y-salarios\/","url_meta":{"origin":129233,"position":4},"title":"Virginia Antares plantea mejorar educaci\u00f3n, medio ambiente, salud y salarios","author":"Nelson Feliz","date":"24 de enero de 2024","format":false,"excerpt":"La candidata presidencial del partido Opci\u00f3n Democr\u00e1tica, Virginia Antares, dijo anoche que sus aspiraciones buscan convertir en realidad las cinco grandes necesidades del pueblo dominicano que sintetiza en mejor educaci\u00f3n, medio ambiente, salarios y seguridad. Se\u00f1al\u00f3 que el movimiento del 4% del PIB para la educaci\u00f3n fue un ejemplo de\u2026","rel":"","context":"En \u00abPORTADA\u00bb","block_context":{"text":"PORTADA","link":"https:\/\/lasprimeras.com.do\/index.php\/category\/portada\/"},"img":{"alt_text":"Virginia Antares Rodr\u00edguez","src":"https:\/\/i0.wp.com\/lasprimeras.com.do\/wp-content\/uploads\/2024\/01\/Virginia-Antares-Rodriguez.jpg?resize=350%2C200&ssl=1","width":350,"height":200,"srcset":"https:\/\/i0.wp.com\/lasprimeras.com.do\/wp-content\/uploads\/2024\/01\/Virginia-Antares-Rodriguez.jpg?resize=350%2C200&ssl=1 1x, https:\/\/i0.wp.com\/lasprimeras.com.do\/wp-content\/uploads\/2024\/01\/Virginia-Antares-Rodriguez.jpg?resize=525%2C300&ssl=1 1.5x"},"classes":[]},{"id":85013,"url":"https:\/\/lasprimeras.com.do\/index.php\/2024\/06\/21\/convocan-a-marcha-para-el-lunes-24-contra-instalacion-de-grancera-en-barahona\/","url_meta":{"origin":129233,"position":5},"title":"Convocan a marcha para el lunes 24 contra instalaci\u00f3n de grancera en Barahona","author":"Nelson Feliz","date":"21 de junio de 2024","format":false,"excerpt":"Un grupo de organizaciones comunitarias de Barahona anunci\u00f3 una marcha para el pr\u00f3ximo lunes 24 de junio en contra de la instalaci\u00f3n de una grancera en el distrito municipal de El Cach\u00f3n y en defensa de los recursos naturales. Geisel Jos\u00e9 Medina F\u00e9liz, quien organiza la marcha, puntualiz\u00f3 que la\u2026","rel":"","context":"En \u00abNACIONALES\u00bb","block_context":{"text":"NACIONALES","link":"https:\/\/lasprimeras.com.do\/index.php\/category\/nacionales\/"},"img":{"alt_text":"Grancera","src":"https:\/\/i0.wp.com\/lasprimeras.com.do\/wp-content\/uploads\/2024\/06\/Grancera.jpg?resize=350%2C200&ssl=1","width":350,"height":200,"srcset":"https:\/\/i0.wp.com\/lasprimeras.com.do\/wp-content\/uploads\/2024\/06\/Grancera.jpg?resize=350%2C200&ssl=1 1x, https:\/\/i0.wp.com\/lasprimeras.com.do\/wp-content\/uploads\/2024\/06\/Grancera.jpg?resize=525%2C300&ssl=1 1.5x, https:\/\/i0.wp.com\/lasprimeras.com.do\/wp-content\/uploads\/2024\/06\/Grancera.jpg?resize=700%2C400&ssl=1 2x"},"classes":[]}],"jetpack_sharing_enabled":true,"_links":{"self":[{"href":"https:\/\/lasprimeras.com.do\/index.php\/wp-json\/wp\/v2\/posts\/129233","targetHints":{"allow":["GET"]}}],"collection":[{"href":"https:\/\/lasprimeras.com.do\/index.php\/wp-json\/wp\/v2\/posts"}],"about":[{"href":"https:\/\/lasprimeras.com.do\/index.php\/wp-json\/wp\/v2\/types\/post"}],"author":[{"embeddable":true,"href":"https:\/\/lasprimeras.com.do\/index.php\/wp-json\/wp\/v2\/users\/10"}],"replies":[{"embeddable":true,"href":"https:\/\/lasprimeras.com.do\/index.php\/wp-json\/wp\/v2\/comments?post=129233"}],"version-history":[{"count":1,"href":"https:\/\/lasprimeras.com.do\/index.php\/wp-json\/wp\/v2\/posts\/129233\/revisions"}],"predecessor-version":[{"id":129235,"href":"https:\/\/lasprimeras.com.do\/index.php\/wp-json\/wp\/v2\/posts\/129233\/revisions\/129235"}],"wp:featuredmedia":[{"embeddable":true,"href":"https:\/\/lasprimeras.com.do\/index.php\/wp-json\/wp\/v2\/media\/129234"}],"wp:attachment":[{"href":"https:\/\/lasprimeras.com.do\/index.php\/wp-json\/wp\/v2\/media?parent=129233"}],"wp:term":[{"taxonomy":"category","embeddable":true,"href":"https:\/\/lasprimeras.com.do\/index.php\/wp-json\/wp\/v2\/categories?post=129233"},{"taxonomy":"post_tag","embeddable":true,"href":"https:\/\/lasprimeras.com.do\/index.php\/wp-json\/wp\/v2\/tags?post=129233"}],"curies":[{"name":"wp","href":"https:\/\/api.w.org\/{rel}","templated":true}]}}