{"id":129236,"date":"2026-04-30T22:54:31","date_gmt":"2026-05-01T02:54:31","guid":{"rendered":"https:\/\/lasprimeras.com.do\/?p=129236"},"modified":"2026-04-30T22:54:32","modified_gmt":"2026-05-01T02:54:32","slug":"zoraima-cuello-denuncia-la-creacion-de-comisiones-disfuncionales","status":"publish","type":"post","link":"https:\/\/lasprimeras.com.do\/index.php\/2026\/04\/30\/zoraima-cuello-denuncia-la-creacion-de-comisiones-disfuncionales\/","title":{"rendered":"Zoraima Cuello denuncia la creaci\u00f3n de comisiones disfuncionales"},"content":{"rendered":"\n<p>La vicepresidenta del Partido de la Liberaci\u00f3n Dominicana,Zoraima Cuello, denuncia que han pasado casi seis a\u00f1os y al d\u00eda de hoy tenemos m\u00e1s de 50 nuevas comisiones, gabinetes, instituciones, dos nuevos ministerios, m\u00e1s de 100 mil nuevos empleados en la n\u00f3mina p\u00fablica, pero las comunidades contin\u00faan con los mismos problemas.<\/p>\n\n\n\n<p>Cuello, a\u00f1adi\u00f3 que en las comunidades se sigue con la misma problem\u00e1tica de falta de agua potable, electricidad, y oportunidades de empleo.<\/p>\n\n\n\n<p>\u201cLo que vemos es la creaci\u00f3n de una nueva comisi\u00f3n adicional que viene a duplicar una que ya exist\u00eda pues en el 2022 se hab\u00eda creado el plan de desarrollo de San Juan de la Maguana con la finalidad de mejorar esa comunidad\u201d, explic\u00f3 Cuello en un audiovisual en sus cuentas de redes sociales.<\/p>\n\n\n\n<p>Explic\u00f3 en su testimonio que cuatro a\u00f1os despu\u00e9s, el resultado no se ve, s\u00ed un nuevo decreto que crea una comisi\u00f3n con un director ejecutivo pero que ya tambi\u00e9n se hab\u00eda creado en el 2022.<\/p>\n\n\n\n<p>Y la pregunta es \u00bfy las dem\u00e1s comunidades? El\u00edas Pi\u00f1a, San Crist\u00f3bal, La Romana, San Francisco de Macor\u00eds y todo el territorio nacional \u00bfd\u00f3nde est\u00e1n sus planes? \u00bfCu\u00e1les son los resultados? Quiero preguntarte \u00bfc\u00f3mo est\u00e1 tu comunidad? \u00bfha mejorado? \u00bfha empeorado? \u00bfo sigue igual?\u201d, pregunt\u00f3 Zoraima Cuello.<\/p>\n","protected":false},"excerpt":{"rendered":"<p>La vicepresidenta del Partido de la Liberaci\u00f3n Dominicana,Zoraima Cuello, denuncia que han pasado casi seis a\u00f1os y al d\u00eda de hoy tenemos m\u00e1s de 50 nuevas comisiones, gabinetes, instituciones, dos&hellip;<\/p>\n","protected":false},"author":10,"featured_media":120657,"comment_status":"open","ping_status":"open","sticky":false,"template":"","format":"standard","meta":{"content-type":"","jetpack_post_was_ever_published":false,"_jetpack_newsletter_access":"","_jetpack_dont_email_post_to_subs":false,"_jetpack_newsletter_tier_id":0,"_jetpack_memberships_contains_paywalled_content":false,"_jetpack_memberships_contains_paid_content":false,"footnotes":""},"categories":[16559],"tags":[15143,32866,1013,32867,1053,5667,32868,1121,12713],"class_list":["post-129236","post","type-post","status-publish","format-standard","has-post-thumbnail","hentry","category-politica","tag-comisiones","tag-comisiones-disfuncionales","tag-comunitarios","tag-gabinetes","tag-instituciones","tag-ministerios","tag-prevaleciendo","tag-problemas","tag-zoraima-cuello"],"jetpack_featured_media_url":"https:\/\/lasprimeras.com.do\/wp-content\/uploads\/2026\/01\/Zoraima-Cuello.jpg","jetpack-related-posts":[{"id":82598,"url":"https:\/\/lasprimeras.com.do\/index.php\/2024\/05\/05\/zoraima-cuello-acompana-mujeres-de-la-vega-en-su-reclamo-por-el-alto-costo-de-la-vida\/","url_meta":{"origin":129236,"position":0},"title":"Zoraima Cuello acompa\u00f1a mujeres de La Vega en su reclamo por el alto costo de la vida","author":"Esteffany Vargas","date":"5 de mayo de 2024","format":false,"excerpt":"La candidata a la vicepresidencia de la Rep\u00fablica por el Partido de la Liberaci\u00f3n Dominicana (PLD), Zoraima Cuello, march\u00f3 junto a cientos de mujeres en La Vega, uni\u00e9ndose al llamado de la comunidad por el alto costo de la canasta b\u00e1sica familiar, la inseguridad ciudadana, el desempleo, entre otros problemas\u2026","rel":"","context":"En \u00abPORTADA\u00bb","block_context":{"text":"PORTADA","link":"https:\/\/lasprimeras.com.do\/index.php\/category\/portada\/"},"img":{"alt_text":"Zoraima Cuello","src":"https:\/\/i0.wp.com\/lasprimeras.com.do\/wp-content\/uploads\/2024\/05\/Zoraima-Cuello-2.jpg?resize=350%2C200&ssl=1","width":350,"height":200,"srcset":"https:\/\/i0.wp.com\/lasprimeras.com.do\/wp-content\/uploads\/2024\/05\/Zoraima-Cuello-2.jpg?resize=350%2C200&ssl=1 1x, https:\/\/i0.wp.com\/lasprimeras.com.do\/wp-content\/uploads\/2024\/05\/Zoraima-Cuello-2.jpg?resize=525%2C300&ssl=1 1.5x, https:\/\/i0.wp.com\/lasprimeras.com.do\/wp-content\/uploads\/2024\/05\/Zoraima-Cuello-2.jpg?resize=700%2C400&ssl=1 2x"},"classes":[]},{"id":83524,"url":"https:\/\/lasprimeras.com.do\/index.php\/2024\/05\/18\/zoraima-cuello-y-comision-pld-se-reune-con-observadores-de-la-oea\/","url_meta":{"origin":129236,"position":1},"title":"Zoraima Cuello y comisi\u00f3n PLD se re\u00fane con observadores de la OEA","author":"Nelson Feliz","date":"18 de mayo de 2024","format":false,"excerpt":"Una comisi\u00f3n del Partido de la Liberaci\u00f3n Dominicana (PLD), encabezada por la candidata vicepresidencial, Zoraima Cuello, se reuni\u00f3 con la Misi\u00f3n de Observadores de la Organizaci\u00f3n de Estados Americanos (OEA), que lidera el expresidente chileno, Eduardo Frei. Durante la reuni\u00f3n, la delegaci\u00f3n del PLD extern\u00f3 su preocupaci\u00f3n ante ese organismo\u2026","rel":"","context":"En \u00abPORTADA\u00bb","block_context":{"text":"PORTADA","link":"https:\/\/lasprimeras.com.do\/index.php\/category\/portada\/"},"img":{"alt_text":"Zoraima Cuello y comisi\u00f3n PLD","src":"https:\/\/i0.wp.com\/lasprimeras.com.do\/wp-content\/uploads\/2024\/05\/Zoraima-Cuello-y-comision-PLD-1.jpeg?resize=350%2C200&ssl=1","width":350,"height":200,"srcset":"https:\/\/i0.wp.com\/lasprimeras.com.do\/wp-content\/uploads\/2024\/05\/Zoraima-Cuello-y-comision-PLD-1.jpeg?resize=350%2C200&ssl=1 1x, https:\/\/i0.wp.com\/lasprimeras.com.do\/wp-content\/uploads\/2024\/05\/Zoraima-Cuello-y-comision-PLD-1.jpeg?resize=525%2C300&ssl=1 1.5x"},"classes":[]},{"id":103463,"url":"https:\/\/lasprimeras.com.do\/index.php\/2025\/07\/15\/zoraima-cuello-reafirma-que-el-gobierno-abandono-ciudad-juan-bosch-y-acusa-falta-de-continuidad\/","url_meta":{"origin":129236,"position":2},"title":"Zoraima Cuello reafirma que el gobierno abandon\u00f3 Ciudad Juan Bosch y acusa falta de continuidad","author":"Nelson Feliz","date":"15 de julio de 2025","format":false,"excerpt":"La vicepresidenta del Partido de la Liberaci\u00f3n Dominicana (PLD), Zoraima Cuello, reiter\u00f3 este lunes su denuncia sobre el abandono del proyecto habitacional Ciudad Juan Bosch por parte del gobierno de Luis Abinader. Esta obra, concebida durante la gesti\u00f3n del expresidente Danilo Medina, fue planteada como un modelo de desarrollo urban\u00edstico\u2026","rel":"","context":"En \u00abPOLITICA\u00bb","block_context":{"text":"POLITICA","link":"https:\/\/lasprimeras.com.do\/index.php\/category\/politica\/"},"img":{"alt_text":"Zoraima Cuello","src":"https:\/\/i0.wp.com\/lasprimeras.com.do\/wp-content\/uploads\/2024\/10\/Zoraima-Cuello.jpg?resize=350%2C200&ssl=1","width":350,"height":200,"srcset":"https:\/\/i0.wp.com\/lasprimeras.com.do\/wp-content\/uploads\/2024\/10\/Zoraima-Cuello.jpg?resize=350%2C200&ssl=1 1x, https:\/\/i0.wp.com\/lasprimeras.com.do\/wp-content\/uploads\/2024\/10\/Zoraima-Cuello.jpg?resize=525%2C300&ssl=1 1.5x"},"classes":[]},{"id":123961,"url":"https:\/\/lasprimeras.com.do\/index.php\/2026\/03\/06\/zoraima-cuello-es-meritorio-el-aporte-de-la-diaspora-con-las-remesas\/","url_meta":{"origin":129236,"position":3},"title":"Zoraima Cuello: Es meritorio el aporte de la di\u00e1spora con las remesas","author":"Nelson Feliz","date":"6 de marzo de 2026","format":false,"excerpt":"\u201cHacer sostenible e irreversible la reducci\u00f3n de la pobreza es un verdadero desaf\u00edo nacional\u201d La vicepresidenta del Partido de la Liberaci\u00f3n Dominicana (PLD), Zoraima Cuello, aclar\u00f3 este d\u00eda que el desaf\u00edo esencial del Estado en sus metas de reducir la pobreza \u201ces fortalecer las bases internas del progreso para que\u2026","rel":"","context":"En \u00abPOLITICA\u00bb","block_context":{"text":"POLITICA","link":"https:\/\/lasprimeras.com.do\/index.php\/category\/politica\/"},"img":{"alt_text":"Zoraima Cuello","src":"https:\/\/i0.wp.com\/lasprimeras.com.do\/wp-content\/uploads\/2026\/03\/Zoraima-Cuello.jpg?resize=350%2C200&ssl=1","width":350,"height":200,"srcset":"https:\/\/i0.wp.com\/lasprimeras.com.do\/wp-content\/uploads\/2026\/03\/Zoraima-Cuello.jpg?resize=350%2C200&ssl=1 1x, https:\/\/i0.wp.com\/lasprimeras.com.do\/wp-content\/uploads\/2026\/03\/Zoraima-Cuello.jpg?resize=525%2C300&ssl=1 1.5x, https:\/\/i0.wp.com\/lasprimeras.com.do\/wp-content\/uploads\/2026\/03\/Zoraima-Cuello.jpg?resize=700%2C400&ssl=1 2x"},"classes":[]},{"id":83285,"url":"https:\/\/lasprimeras.com.do\/index.php\/2024\/05\/14\/zoraima-cuello-presenta-propuestas-y-soluciones-en-educacion-salud-y-empleos-en-entrevista-con-r-cavada\/","url_meta":{"origin":129236,"position":4},"title":"Zoraima Cuello presenta propuestas y soluciones en educaci\u00f3n, salud y empleos en entrevista con R. Cavada","author":"Nelson Feliz","date":"14 de mayo de 2024","format":false,"excerpt":"La candidata vicepresidencial por el Partido de la Liberaci\u00f3n Dominicana (PLD), Zoraima Cuello, asegur\u00f3 que transformar la educaci\u00f3n es uno de los principales planes de Gobierno que piensa implementar a partir del 16 de agosto de este a\u00f1o. Cuello habl\u00f3 durante una entrevista que le realiz\u00f3 el reconocido comunicador, Roberto\u2026","rel":"","context":"En \u00abPORTADA\u00bb","block_context":{"text":"PORTADA","link":"https:\/\/lasprimeras.com.do\/index.php\/category\/portada\/"},"img":{"alt_text":"Zoraima Cuello","src":"https:\/\/i0.wp.com\/lasprimeras.com.do\/wp-content\/uploads\/2024\/05\/Zoraima-Cuello-4.jpg?resize=350%2C200&ssl=1","width":350,"height":200,"srcset":"https:\/\/i0.wp.com\/lasprimeras.com.do\/wp-content\/uploads\/2024\/05\/Zoraima-Cuello-4.jpg?resize=350%2C200&ssl=1 1x, https:\/\/i0.wp.com\/lasprimeras.com.do\/wp-content\/uploads\/2024\/05\/Zoraima-Cuello-4.jpg?resize=525%2C300&ssl=1 1.5x"},"classes":[]},{"id":98100,"url":"https:\/\/lasprimeras.com.do\/index.php\/2025\/05\/01\/zoraima-cuello-politica-migratoria-no-debe-ser-solo-deportaciones\/","url_meta":{"origin":129236,"position":5},"title":"Zoraima Cuello: Pol\u00edtica migratoria no debe ser solo deportaciones","author":"Nelson Feliz","date":"1 de mayo de 2025","format":false,"excerpt":"El tema migratorio siempre ha estado en la agenda del Partido de la Liberaci\u00f3n Dominicana, explica Zoraima Cuello. La vicepresidenta del Partido de la Liberaci\u00f3n Dominicana, Zoraima Cuello, considera que el tema migratorio es sumamente importante para el pa\u00eds y la soberan\u00eda nacional, y que en esa organizaci\u00f3n pol\u00edtica siempre\u2026","rel":"","context":"En \u00abPOLITICA\u00bb","block_context":{"text":"POLITICA","link":"https:\/\/lasprimeras.com.do\/index.php\/category\/politica\/"},"img":{"alt_text":"","src":"https:\/\/i0.wp.com\/lasprimeras.com.do\/wp-content\/uploads\/2025\/05\/Zoraima-Cuello.jpg?resize=350%2C200&ssl=1","width":350,"height":200,"srcset":"https:\/\/i0.wp.com\/lasprimeras.com.do\/wp-content\/uploads\/2025\/05\/Zoraima-Cuello.jpg?resize=350%2C200&ssl=1 1x, https:\/\/i0.wp.com\/lasprimeras.com.do\/wp-content\/uploads\/2025\/05\/Zoraima-Cuello.jpg?resize=525%2C300&ssl=1 1.5x"},"classes":[]}],"jetpack_sharing_enabled":true,"_links":{"self":[{"href":"https:\/\/lasprimeras.com.do\/index.php\/wp-json\/wp\/v2\/posts\/129236","targetHints":{"allow":["GET"]}}],"collection":[{"href":"https:\/\/lasprimeras.com.do\/index.php\/wp-json\/wp\/v2\/posts"}],"about":[{"href":"https:\/\/lasprimeras.com.do\/index.php\/wp-json\/wp\/v2\/types\/post"}],"author":[{"embeddable":true,"href":"https:\/\/lasprimeras.com.do\/index.php\/wp-json\/wp\/v2\/users\/10"}],"replies":[{"embeddable":true,"href":"https:\/\/lasprimeras.com.do\/index.php\/wp-json\/wp\/v2\/comments?post=129236"}],"version-history":[{"count":1,"href":"https:\/\/lasprimeras.com.do\/index.php\/wp-json\/wp\/v2\/posts\/129236\/revisions"}],"predecessor-version":[{"id":129237,"href":"https:\/\/lasprimeras.com.do\/index.php\/wp-json\/wp\/v2\/posts\/129236\/revisions\/129237"}],"wp:featuredmedia":[{"embeddable":true,"href":"https:\/\/lasprimeras.com.do\/index.php\/wp-json\/wp\/v2\/media\/120657"}],"wp:attachment":[{"href":"https:\/\/lasprimeras.com.do\/index.php\/wp-json\/wp\/v2\/media?parent=129236"}],"wp:term":[{"taxonomy":"category","embeddable":true,"href":"https:\/\/lasprimeras.com.do\/index.php\/wp-json\/wp\/v2\/categories?post=129236"},{"taxonomy":"post_tag","embeddable":true,"href":"https:\/\/lasprimeras.com.do\/index.php\/wp-json\/wp\/v2\/tags?post=129236"}],"curies":[{"name":"wp","href":"https:\/\/api.w.org\/{rel}","templated":true}]}}