{"id":129238,"date":"2026-04-30T23:01:13","date_gmt":"2026-05-01T03:01:13","guid":{"rendered":"https:\/\/lasprimeras.com.do\/?p=129238"},"modified":"2026-04-30T23:01:14","modified_gmt":"2026-05-01T03:01:14","slug":"la-jce-abrira-locales-este-20-de-mayo-en-el-exterior-para-renovar-la-nueva-cedula","status":"publish","type":"post","link":"https:\/\/lasprimeras.com.do\/index.php\/2026\/04\/30\/la-jce-abrira-locales-este-20-de-mayo-en-el-exterior-para-renovar-la-nueva-cedula\/","title":{"rendered":"La JCE abrir\u00e1 locales este 20 de mayo en el exterior para renovar la nueva c\u00e9dula"},"content":{"rendered":"\n<p>Por Ram\u00f3n Mercedes<\/p>\n\n\n\n<p>NUEVA YORK.- La Junta Central Electoral (JCE) abrir\u00e1, a partir del pr\u00f3ximo d\u00eda 20 de este mes, m\u00faltiples locales en el exterior donde los dominicanos residentes en diferentes pa\u00edses podr\u00e1n obtener y renovar la nueva C\u00e9dula de Identidad y Electoral.<\/p>\n\n\n\n<p>Los connacionales podr\u00e1n hacer su cita a trav\u00e9s del portal https:\/\/nuevacedula.jce.gob.do\/ y luego asistir, sin importar el mes de su cumplea\u00f1os, para adquirir el documento.<\/p>\n\n\n\n<p>Los centros de cedulaci\u00f3n en el exterior estar\u00e1n ubicados en las sedes consulares de la Rep\u00fablica Dominicana en Estados Unidos: En Nueva York y Long Island, Nueva Jersey, Filadelfia y Allentown (Pensilvania), Boston (Massachusetts), Washington D.C., Los \u00c1ngeles (California), Miami, Houston (Texas) y Chicago (Illinois).<\/p>\n\n\n\n<p>Asimismo, habr\u00e1 centros en Canad\u00e1 (Toronto, Montreal y Ottawa); Puerto Rico; Panam\u00e1; M\u00e9xico (Ciudad de M\u00e9xico); las islas de Curazao, Aruba y San Mart\u00edn; adem\u00e1s de Chile, Holanda y Suiza. En Espa\u00f1a estar\u00e1n en Madrid, Barcelona, Valencia y Sevilla; y en Italia, en Mil\u00e1n y G\u00e9nova.<\/p>\n\n\n\n<p>Para hacer la cita, los interesados deber\u00e1n: Indicar que es en una oficina en el exterior, seleccionando su demarcaci\u00f3n.<\/p>\n\n\n\n<p>1- Ingresar sus datos en las opciones de identificaci\u00f3n y completar los campos requeridos.<\/p>\n\n\n\n<p>2- Elegir el centro de su preferencia para renovar el documento de identidad.<\/p>\n\n\n\n<p>3- Seleccionar la fecha y el horario.<\/p>\n\n\n\n<p>4- Colocar una v\u00eda de contacto (correo electr\u00f3nico y tel\u00e9fono principal son obligatorios).<\/p>\n\n\n\n<p>5- Revisar todos los datos y verificar que la cita haya sido agendada con \u00e9xito.<\/p>\n","protected":false},"excerpt":{"rendered":"<p>Por Ram\u00f3n Mercedes NUEVA YORK.- La Junta Central Electoral (JCE) abrir\u00e1, a partir del pr\u00f3ximo d\u00eda 20 de este mes, m\u00faltiples locales en el exterior donde los dominicanos residentes en&hellip;<\/p>\n","protected":false},"author":10,"featured_media":116106,"comment_status":"open","ping_status":"open","sticky":false,"template":"","format":"standard","meta":{"content-type":"","jetpack_post_was_ever_published":false,"_jetpack_newsletter_access":"","_jetpack_dont_email_post_to_subs":false,"_jetpack_newsletter_tier_id":0,"_jetpack_memberships_contains_paywalled_content":false,"_jetpack_memberships_contains_paid_content":false,"footnotes":""},"categories":[25580],"tags":[711,183,17174,20752],"class_list":["post-129238","post","type-post","status-publish","format-standard","has-post-thumbnail","hentry","category-la-voz-de-la-diaspora","tag-exterior","tag-jce","tag-nueva-cedula","tag-renovar"],"jetpack_featured_media_url":"https:\/\/lasprimeras.com.do\/wp-content\/uploads\/2025\/11\/JCE.jpg","jetpack-related-posts":[{"id":122547,"url":"https:\/\/lasprimeras.com.do\/index.php\/2026\/02\/19\/valoran-jce-capacite-su-personal-en-el-exterior-para-nuevo-formato-de-cedula\/","url_meta":{"origin":129238,"position":0},"title":"Valoran JCE capacite su personal en el exterior para nuevo formato de c\u00e9dula","author":"Nelson Feliz","date":"19 de febrero de 2026","format":false,"excerpt":"Por Ram\u00f3n Mercedes NUEVA YORK.- Organizaciones y dominicanos comunes en esta ciudad valoran de positivo que la Junta Central Electoral (JCE) capacite su personal en el exterior para la implementaci\u00f3n del proceso de renovaci\u00f3n de la nueva C\u00e9dula de Identidad y Electoral. El apoyo al organismo electoral fue concedido por\u2026","rel":"","context":"En \u00abNACIONALES\u00bb","block_context":{"text":"NACIONALES","link":"https:\/\/lasprimeras.com.do\/index.php\/category\/nacionales\/"},"img":{"alt_text":"","src":"https:\/\/i0.wp.com\/lasprimeras.com.do\/wp-content\/uploads\/2025\/11\/JCE.jpg?resize=350%2C200&ssl=1","width":350,"height":200,"srcset":"https:\/\/i0.wp.com\/lasprimeras.com.do\/wp-content\/uploads\/2025\/11\/JCE.jpg?resize=350%2C200&ssl=1 1x, https:\/\/i0.wp.com\/lasprimeras.com.do\/wp-content\/uploads\/2025\/11\/JCE.jpg?resize=525%2C300&ssl=1 1.5x, https:\/\/i0.wp.com\/lasprimeras.com.do\/wp-content\/uploads\/2025\/11\/JCE.jpg?resize=700%2C400&ssl=1 2x"},"classes":[]},{"id":112949,"url":"https:\/\/lasprimeras.com.do\/index.php\/2025\/10\/28\/jce-se-opone-radicalmente-a-uso-de-documento-diferente-a-la-cedula-para-ejercer-el-voto\/","url_meta":{"origin":129238,"position":1},"title":"JCE se opone radicalmente a uso de documento diferente a la c\u00e9dula para ejercer el voto","author":"Nelson Feliz","date":"28 de octubre de 2025","format":false,"excerpt":"Nueva York. El presidente de la Junta Central Electoral (JCE), Rom\u00e1n Andr\u00e9s J\u00e1quez Liranzo, afirm\u00f3 ayer que el Pleno de esa instituci\u00f3n \u201cse opone radicalmente\u201d al uso de otro documento que no sea la c\u00e9dula de identidad y electoral para ejercer el derecho al voto. J\u00e1quez Liranzo manifest\u00f3 que la\u2026","rel":"","context":"En \u00abNACIONALES\u00bb","block_context":{"text":"NACIONALES","link":"https:\/\/lasprimeras.com.do\/index.php\/category\/nacionales\/"},"img":{"alt_text":"Rom\u00e1n Andr\u00e9s J\u00e1quez Liranzo","src":"https:\/\/i0.wp.com\/lasprimeras.com.do\/wp-content\/uploads\/2025\/10\/Roman-Andres-Jaquez-Liranzo-2.jpg?resize=350%2C200&ssl=1","width":350,"height":200,"srcset":"https:\/\/i0.wp.com\/lasprimeras.com.do\/wp-content\/uploads\/2025\/10\/Roman-Andres-Jaquez-Liranzo-2.jpg?resize=350%2C200&ssl=1 1x, https:\/\/i0.wp.com\/lasprimeras.com.do\/wp-content\/uploads\/2025\/10\/Roman-Andres-Jaquez-Liranzo-2.jpg?resize=525%2C300&ssl=1 1.5x, https:\/\/i0.wp.com\/lasprimeras.com.do\/wp-content\/uploads\/2025\/10\/Roman-Andres-Jaquez-Liranzo-2.jpg?resize=700%2C400&ssl=1 2x"},"classes":[]},{"id":91513,"url":"https:\/\/lasprimeras.com.do\/index.php\/2024\/11\/25\/jce-avanza-trabajos-para-renovacion-cedula-de-identidad-y-de-identidad-electoral\/","url_meta":{"origin":129238,"position":2},"title":"JCE avanza trabajos para renovaci\u00f3n C\u00e9dula de Identidad y de Identidad Electoral","author":"Nelson Feliz","date":"25 de noviembre de 2024","format":false,"excerpt":"La Junta Central Electoral (JCE) se reuni\u00f3 este lunes con delegados y representantes de partidos, movimientos y agrupaciones pol\u00edticas, dando continuidad a lo que ser\u00e1 el proceso de renovaci\u00f3n de la C\u00e9dula de Identidad y C\u00e9dula de Identidad y Electoral. El encuentro fue encabezado por los directores Am\u00e9rico Rodr\u00edguez, de\u2026","rel":"","context":"En \u00abNACIONALES\u00bb","block_context":{"text":"NACIONALES","link":"https:\/\/lasprimeras.com.do\/index.php\/category\/nacionales\/"},"img":{"alt_text":"","src":"https:\/\/i0.wp.com\/lasprimeras.com.do\/wp-content\/uploads\/2024\/11\/jce-cedula.jpg?resize=350%2C200&ssl=1","width":350,"height":200,"srcset":"https:\/\/i0.wp.com\/lasprimeras.com.do\/wp-content\/uploads\/2024\/11\/jce-cedula.jpg?resize=350%2C200&ssl=1 1x, https:\/\/i0.wp.com\/lasprimeras.com.do\/wp-content\/uploads\/2024\/11\/jce-cedula.jpg?resize=525%2C300&ssl=1 1.5x"},"classes":[]},{"id":121811,"url":"https:\/\/lasprimeras.com.do\/index.php\/2026\/02\/10\/danilo-medina-renovara-este-miercoles-su-cedula-de-identidad-y-electoral\/","url_meta":{"origin":129238,"position":3},"title":"Danilo Medina renovar\u00e1 este mi\u00e9rcoles su c\u00e9dula de identidad y electoral","author":"Nelson Feliz","date":"10 de febrero de 2026","format":false,"excerpt":"El ex presidente de la Rep\u00fablica, Danilo Medina, presidente del Partido de la Liberaci\u00f3n Dominicana (PLD), asistir\u00e1 este mi\u00e9rcoles (11 febrero) a la sede nacional de la Junta Central Electoral (JCE), para agotar el proceso de renovaci\u00f3n de su c\u00e9dula de identidad y electoral. El secretario general del PLD, Johnny\u2026","rel":"","context":"En \u00abPOLITICA\u00bb","block_context":{"text":"POLITICA","link":"https:\/\/lasprimeras.com.do\/index.php\/category\/politica\/"},"img":{"alt_text":"Danilo Medina renovar\u00e1 este mi\u00e9rcoles su c\u00e9dula de identidad y electoral","src":"https:\/\/i0.wp.com\/lasprimeras.com.do\/wp-content\/uploads\/2026\/02\/Danilo-Medina-1.jpg?resize=350%2C200&ssl=1","width":350,"height":200,"srcset":"https:\/\/i0.wp.com\/lasprimeras.com.do\/wp-content\/uploads\/2026\/02\/Danilo-Medina-1.jpg?resize=350%2C200&ssl=1 1x, https:\/\/i0.wp.com\/lasprimeras.com.do\/wp-content\/uploads\/2026\/02\/Danilo-Medina-1.jpg?resize=525%2C300&ssl=1 1.5x, https:\/\/i0.wp.com\/lasprimeras.com.do\/wp-content\/uploads\/2026\/02\/Danilo-Medina-1.jpg?resize=700%2C400&ssl=1 2x"},"classes":[]},{"id":90054,"url":"https:\/\/lasprimeras.com.do\/index.php\/2024\/10\/09\/jce-presenta-estatus-del-proyecto-para-renovar-la-cedula-de-identidad-y-electoral\/","url_meta":{"origin":129238,"position":4},"title":"JCE presenta estatus del proyecto para renovar la c\u00e9dula de identidad y electoral","author":"Nelson Feliz","date":"9 de octubre de 2024","format":false,"excerpt":"La Junta Central Electoral (JCE), a trav\u00e9s de una comisi\u00f3n t\u00e9cnica integrada por directores de la instituci\u00f3n, realiz\u00f3 este martes un encuentro con delegados de las organizaciones pol\u00edticas reconocidas para presentar los avances del Proyecto para la Renovaci\u00f3n de la C\u00e9dula de Identidad y la C\u00e9dula de Identidad y Electoral.\u2026","rel":"","context":"En \u00abNACIONALES\u00bb","block_context":{"text":"NACIONALES","link":"https:\/\/lasprimeras.com.do\/index.php\/category\/nacionales\/"},"img":{"alt_text":"","src":"https:\/\/i0.wp.com\/lasprimeras.com.do\/wp-content\/uploads\/2024\/10\/JCE-2.jpg?resize=350%2C200&ssl=1","width":350,"height":200,"srcset":"https:\/\/i0.wp.com\/lasprimeras.com.do\/wp-content\/uploads\/2024\/10\/JCE-2.jpg?resize=350%2C200&ssl=1 1x, https:\/\/i0.wp.com\/lasprimeras.com.do\/wp-content\/uploads\/2024\/10\/JCE-2.jpg?resize=525%2C300&ssl=1 1.5x, https:\/\/i0.wp.com\/lasprimeras.com.do\/wp-content\/uploads\/2024\/10\/JCE-2.jpg?resize=700%2C400&ssl=1 2x"},"classes":[]},{"id":120360,"url":"https:\/\/lasprimeras.com.do\/index.php\/2026\/01\/22\/jce-presenta-avances-del-cambio-de-la-nueva-cedula-a-organizaciones-politicas\/","url_meta":{"origin":129238,"position":5},"title":"JCE presenta avances del cambio de la nueva c\u00e9dula a organizaciones pol\u00edticas","author":"Nelson Feliz","date":"22 de enero de 2026","format":false,"excerpt":"La Junta Central Electoral (JCE) realiz\u00f3 este jueves una sesi\u00f3n informativa y operativa dirigida a delegados de las organizaciones pol\u00edticas, con el objetivo de presentar los avances en el flujo del proceso de cambio de la c\u00e9dula de identidad y c\u00e9dula de identidad y electoral. La reuni\u00f3n fue encabezada por\u2026","rel":"","context":"En \u00abSin categor\u00eda\u00bb","block_context":{"text":"Sin categor\u00eda","link":"https:\/\/lasprimeras.com.do\/index.php\/category\/sin-categoria\/"},"img":{"alt_text":"","src":"https:\/\/i0.wp.com\/lasprimeras.com.do\/wp-content\/uploads\/2026\/01\/Avances-1.jpg?resize=350%2C200&ssl=1","width":350,"height":200,"srcset":"https:\/\/i0.wp.com\/lasprimeras.com.do\/wp-content\/uploads\/2026\/01\/Avances-1.jpg?resize=350%2C200&ssl=1 1x, https:\/\/i0.wp.com\/lasprimeras.com.do\/wp-content\/uploads\/2026\/01\/Avances-1.jpg?resize=525%2C300&ssl=1 1.5x, https:\/\/i0.wp.com\/lasprimeras.com.do\/wp-content\/uploads\/2026\/01\/Avances-1.jpg?resize=700%2C400&ssl=1 2x"},"classes":[]}],"jetpack_sharing_enabled":true,"_links":{"self":[{"href":"https:\/\/lasprimeras.com.do\/index.php\/wp-json\/wp\/v2\/posts\/129238","targetHints":{"allow":["GET"]}}],"collection":[{"href":"https:\/\/lasprimeras.com.do\/index.php\/wp-json\/wp\/v2\/posts"}],"about":[{"href":"https:\/\/lasprimeras.com.do\/index.php\/wp-json\/wp\/v2\/types\/post"}],"author":[{"embeddable":true,"href":"https:\/\/lasprimeras.com.do\/index.php\/wp-json\/wp\/v2\/users\/10"}],"replies":[{"embeddable":true,"href":"https:\/\/lasprimeras.com.do\/index.php\/wp-json\/wp\/v2\/comments?post=129238"}],"version-history":[{"count":1,"href":"https:\/\/lasprimeras.com.do\/index.php\/wp-json\/wp\/v2\/posts\/129238\/revisions"}],"predecessor-version":[{"id":129239,"href":"https:\/\/lasprimeras.com.do\/index.php\/wp-json\/wp\/v2\/posts\/129238\/revisions\/129239"}],"wp:featuredmedia":[{"embeddable":true,"href":"https:\/\/lasprimeras.com.do\/index.php\/wp-json\/wp\/v2\/media\/116106"}],"wp:attachment":[{"href":"https:\/\/lasprimeras.com.do\/index.php\/wp-json\/wp\/v2\/media?parent=129238"}],"wp:term":[{"taxonomy":"category","embeddable":true,"href":"https:\/\/lasprimeras.com.do\/index.php\/wp-json\/wp\/v2\/categories?post=129238"},{"taxonomy":"post_tag","embeddable":true,"href":"https:\/\/lasprimeras.com.do\/index.php\/wp-json\/wp\/v2\/tags?post=129238"}],"curies":[{"name":"wp","href":"https:\/\/api.w.org\/{rel}","templated":true}]}}