{"id":129240,"date":"2026-04-30T23:03:49","date_gmt":"2026-05-01T03:03:49","guid":{"rendered":"https:\/\/lasprimeras.com.do\/?p=129240"},"modified":"2026-04-30T23:03:52","modified_gmt":"2026-05-01T03:03:52","slug":"tribunal-federal-eua-rechaza-detencion-de-inmigrantes-sin-derecho-a-fianza","status":"publish","type":"post","link":"https:\/\/lasprimeras.com.do\/index.php\/2026\/04\/30\/tribunal-federal-eua-rechaza-detencion-de-inmigrantes-sin-derecho-a-fianza\/","title":{"rendered":"Tribunal federal EUA rechaza detenci\u00f3n de inmigrantes sin derecho a fianza"},"content":{"rendered":"\n<p>Por Ram\u00f3n Mercedes<\/p>\n\n\n\n<p>NUEVA YORK.- El Tribunal Federal de Apelaciones del 2do Circuito en esta ciudad dictamin\u00f3 este martes que el gobierno del presidente Donald Trump no puede encarcelar a inmigrantes, incluyendo a cientos de dominicanos, sin otorgarles el derecho a fianza, citando &#8220;serias cuestiones constitucionales&#8221;.<\/p>\n\n\n\n<p>El Departamento de Seguridad Nacional (DHS) ha negado audiencias de fianza a inmigrantes arrestados en todo el pa\u00eds, incluso aquellos que han vivido en Estados Unidos durante a\u00f1os sin antecedentes penales.<\/p>\n\n\n\n<p>Abogados del gobierno sostienen que la pol\u00edtica de detenci\u00f3n obligatoria es legal en virtud de la Ley de Reforma de la Inmigraci\u00f3n Ilegal y Responsabilidad del Inmigrante, aprobada en 1996.<\/p>\n\n\n\n<p>Mientras, el panel de los tres jueces determinaron que la interpretaci\u00f3n del gobierno de la ley de 1996 contradice el texto claro de la norma, su prop\u00f3sito y su historia, y se\u00f1al\u00f3 que el Congreso hab\u00eda establecido un sistema escalonado para los casos de inmigraci\u00f3n basado, en parte, en cu\u00e1nto tiempo llevaba un inmigrante en el pa\u00eds.<\/p>\n\n\n\n<p>Hasta ahora, m\u00e1s de 370 jueces federales -o alrededor del 90%- que han considerado esos casos de h\u00e1beas corpus tambi\u00e9n han rechazado el nuevo enfoque del gobierno.<\/p>\n\n\n\n<p>Actualmente, hay m\u00e1s de 30.000 demandas de inmigrantes, entre ellos m\u00faltiples dominicanos, que, al no tener manera de solicitar fianza en el tribunal de inmigraci\u00f3n, muchos han recurrido a los tribunales federales, pidiendo fianza mediante un proceso conocido como petici\u00f3n de h\u00e1beas corpus.<\/p>\n\n\n\n<p>&#8220;Este fallo confirma, con raz\u00f3n, que la pol\u00edtica del gobierno de detener a inmigrantes sin ning\u00fan proceso es ilegal y no puede sostenerse&#8221;, afirm\u00f3 Amy Belsher, directora de Litigio por los Derechos de los Inmigrantes de la Uni\u00f3n de Libertades Civiles de NYC.<\/p>\n\n\n\n<p>&#8220;El gobierno no puede detener obligatoriamente a millones de no ciudadanos, muchos de los cuales han vivido aqu\u00ed durante d\u00e9cadas, sin una oportunidad de solicitar su liberaci\u00f3n. Contraviene la Constituci\u00f3n, la Ley de Inmigraci\u00f3n y Nacionalidad y la decencia humana b\u00e1sica&#8221;, a\u00f1adi\u00f3.<\/p>\n","protected":false},"excerpt":{"rendered":"<p>Por Ram\u00f3n Mercedes NUEVA YORK.- El Tribunal Federal de Apelaciones del 2do Circuito en esta ciudad dictamin\u00f3 este martes que el gobierno del presidente Donald Trump no puede encarcelar a&hellip;<\/p>\n","protected":false},"author":10,"featured_media":129241,"comment_status":"open","ping_status":"open","sticky":false,"template":"","format":"standard","meta":{"content-type":"","jetpack_post_was_ever_published":false,"_jetpack_newsletter_access":"","_jetpack_dont_email_post_to_subs":false,"_jetpack_newsletter_tier_id":0,"_jetpack_memberships_contains_paywalled_content":false,"_jetpack_memberships_contains_paid_content":false,"footnotes":""},"categories":[25580],"tags":[1964,17738,4546,102,32869,1757],"class_list":["post-129240","post","type-post","status-publish","format-standard","has-post-thumbnail","hentry","category-la-voz-de-la-diaspora","tag-detencion","tag-eua","tag-federal","tag-inmigrantes","tag-sin-derecho-a-fianza","tag-tribunal"],"jetpack_featured_media_url":"https:\/\/lasprimeras.com.do\/wp-content\/uploads\/2026\/04\/Tribunal-federal-EUA-rechaza-detencion-de-inmigrantes-sin-derecho-a-fianza.jpg","jetpack-related-posts":[{"id":97293,"url":"https:\/\/lasprimeras.com.do\/index.php\/2025\/04\/18\/gobierno-de-trump-busca-expandir-significativamente-el-sistema-de-detencion-de-inmigrantes\/","url_meta":{"origin":129240,"position":0},"title":"Gobierno de Trump busca expandir significativamente el sistema de detenci\u00f3n de inmigrantes","author":"Nelson Feliz","date":"18 de abril de 2025","format":false,"excerpt":"POR SARA CLINE and KATE BRUMBACK JENA, Luisiana, EE.UU. (AP) \u2014 En medio de las granjas de cangrejos de r\u00edo, los imponentes pinos y las cafeter\u00edas que sirven po\u2019boys en la zona rural de Luisiana, alrededor de 7.000 personas se encuentran encerradas en centros de detenci\u00f3n de inmigrantes a la\u2026","rel":"","context":"En \u00abINTERNACIONALES\u00bb","block_context":{"text":"INTERNACIONALES","link":"https:\/\/lasprimeras.com.do\/index.php\/category\/sin-categoria\/internacionales\/"},"img":{"alt_text":"","src":"https:\/\/i0.wp.com\/lasprimeras.com.do\/wp-content\/uploads\/2025\/04\/Luisiana.jpg?resize=350%2C200&ssl=1","width":350,"height":200,"srcset":"https:\/\/i0.wp.com\/lasprimeras.com.do\/wp-content\/uploads\/2025\/04\/Luisiana.jpg?resize=350%2C200&ssl=1 1x, https:\/\/i0.wp.com\/lasprimeras.com.do\/wp-content\/uploads\/2025\/04\/Luisiana.jpg?resize=525%2C300&ssl=1 1.5x, https:\/\/i0.wp.com\/lasprimeras.com.do\/wp-content\/uploads\/2025\/04\/Luisiana.jpg?resize=700%2C400&ssl=1 2x"},"classes":[]},{"id":96054,"url":"https:\/\/lasprimeras.com.do\/index.php\/2025\/03\/25\/gobierno-de-trump-invoca-privilegio-de-secretos-de-estado-en-caso-de-deportaciones\/","url_meta":{"origin":129240,"position":1},"title":"Gobierno de Trump invoca privilegio de secretos de Estado en caso de deportaciones","author":"Nelson Feliz","date":"25 de marzo de 2025","format":false,"excerpt":"POR MICHAEL KUNZELMAN and LINDSAY WHITEHURST WASHINGTON (AP) \u2014 El gobierno del presidente estadounidense Donald Trump invoc\u00f3 el lunes un \u201cprivilegio de secretos de Estado\u201d y se neg\u00f3 a proporcionarle a un juez federal informaci\u00f3n adicional sobre la deportaci\u00f3n de migrantes venezolanos a El Salvador bajo una ley de guerra\u2026","rel":"","context":"En \u00abINTERNACIONALES\u00bb","block_context":{"text":"INTERNACIONALES","link":"https:\/\/lasprimeras.com.do\/index.php\/category\/sin-categoria\/internacionales\/"},"img":{"alt_text":"","src":"https:\/\/i0.wp.com\/lasprimeras.com.do\/wp-content\/uploads\/2025\/03\/carcel-1.jpg?resize=350%2C200&ssl=1","width":350,"height":200,"srcset":"https:\/\/i0.wp.com\/lasprimeras.com.do\/wp-content\/uploads\/2025\/03\/carcel-1.jpg?resize=350%2C200&ssl=1 1x, https:\/\/i0.wp.com\/lasprimeras.com.do\/wp-content\/uploads\/2025\/03\/carcel-1.jpg?resize=525%2C300&ssl=1 1.5x, https:\/\/i0.wp.com\/lasprimeras.com.do\/wp-content\/uploads\/2025\/03\/carcel-1.jpg?resize=700%2C400&ssl=1 2x"},"classes":[]},{"id":97655,"url":"https:\/\/lasprimeras.com.do\/index.php\/2025\/04\/25\/aumentan-las-denuncias-de-abusos-en-centro-de-detencion-migratorio-de-eeuu\/","url_meta":{"origin":129240,"position":2},"title":"Aumentan las denuncias de abusos en centro de detenci\u00f3n migratorio de EEUU","author":"Nelson Feliz","date":"25 de abril de 2025","format":false,"excerpt":"POR JOSHUA GOODMAN and GISELA SALOMON MIAMI (AP) \u2014 Cuando cientos de inmigrantes abarrotaron el Centro de Detenci\u00f3n Krome de Miami, en las afueras de los humedales del Parque Nacional Everglades de Florida, el temor de una revuelta se apoder\u00f3 del personal. Mientras el presidente Donald J. Trump buscaba cumplir\u2026","rel":"","context":"En \u00abINTERNACIONALES\u00bb","block_context":{"text":"INTERNACIONALES","link":"https:\/\/lasprimeras.com.do\/index.php\/category\/sin-categoria\/internacionales\/"},"img":{"alt_text":"","src":"https:\/\/i0.wp.com\/lasprimeras.com.do\/wp-content\/uploads\/2025\/04\/Centro-de-Detencion.jpg?resize=350%2C200&ssl=1","width":350,"height":200,"srcset":"https:\/\/i0.wp.com\/lasprimeras.com.do\/wp-content\/uploads\/2025\/04\/Centro-de-Detencion.jpg?resize=350%2C200&ssl=1 1x, https:\/\/i0.wp.com\/lasprimeras.com.do\/wp-content\/uploads\/2025\/04\/Centro-de-Detencion.jpg?resize=525%2C300&ssl=1 1.5x, https:\/\/i0.wp.com\/lasprimeras.com.do\/wp-content\/uploads\/2025\/04\/Centro-de-Detencion.jpg?resize=700%2C400&ssl=1 2x"},"classes":[]},{"id":78071,"url":"https:\/\/lasprimeras.com.do\/index.php\/2024\/02\/27\/alcalde-de-ny-pide-mayor-cooperacion-entre-la-policia-y-las-autoridades-de-inmigracion\/","url_meta":{"origin":129240,"position":3},"title":"Alcalde de NY pide mayor cooperaci\u00f3n entre la polic\u00eda y las autoridades de inmigraci\u00f3n","author":"Nelson Feliz","date":"27 de febrero de 2024","format":false,"excerpt":"POR JAKE OFFENHARTZ NUEVA YORK (AP) \u2014 El alcalde de la ciudad de Nueva York, Eric Adams, pidi\u00f3 el martes una mayor cooperaci\u00f3n entre la polic\u00eda local y las autoridades federales de inmigraci\u00f3n, atacando las pol\u00edticas actuales de la ciudad que limitan dicha comunicaci\u00f3n como perjudiciales para la seguridad p\u00fablica.\u2026","rel":"","context":"En \u00abSin categor\u00eda\u00bb","block_context":{"text":"Sin categor\u00eda","link":"https:\/\/lasprimeras.com.do\/index.php\/category\/sin-categoria\/"},"img":{"alt_text":"Eric Adams","src":"https:\/\/i0.wp.com\/lasprimeras.com.do\/wp-content\/uploads\/2024\/02\/Eric-Adams.jpg?resize=350%2C200&ssl=1","width":350,"height":200,"srcset":"https:\/\/i0.wp.com\/lasprimeras.com.do\/wp-content\/uploads\/2024\/02\/Eric-Adams.jpg?resize=350%2C200&ssl=1 1x, https:\/\/i0.wp.com\/lasprimeras.com.do\/wp-content\/uploads\/2024\/02\/Eric-Adams.jpg?resize=525%2C300&ssl=1 1.5x, https:\/\/i0.wp.com\/lasprimeras.com.do\/wp-content\/uploads\/2024\/02\/Eric-Adams.jpg?resize=700%2C400&ssl=1 2x"},"classes":[]},{"id":62947,"url":"https:\/\/lasprimeras.com.do\/index.php\/2023\/10\/09\/el-alcalde-de-ny-concluye-su-viaje-a-america-latina-con-un-llamado-al-derecho-al-trabajo-para-los-inmigrantes-en-ee-uu\/","url_meta":{"origin":129240,"position":4},"title":"El alcalde de NY concluye su viaje a Am\u00e9rica Latina con un llamado al &#8220;derecho al trabajo&#8221; para los inmigrantes en EE.UU.","author":"Nelson Feliz","date":"9 de octubre de 2023","format":false,"excerpt":"POR ASTRID SUAREZ Y MANUEL RUEDA NECOCLI, Colombia (AP) \u2014 El alcalde de la ciudad de Nueva York, Eric Adams, culmin\u00f3 el s\u00e1bado un viaje de cuatro d\u00edas a Am\u00e9rica Latina pidiendo el \u201cderecho al trabajo\u201d para los inmigrantes en Estados Unidos. Habl\u00f3 durante una visita a Necocl\u00ed, la ciudad\u2026","rel":"","context":"En \u00abSin categor\u00eda\u00bb","block_context":{"text":"Sin categor\u00eda","link":"https:\/\/lasprimeras.com.do\/index.php\/category\/sin-categoria\/"},"img":{"alt_text":"Eric Adams","src":"https:\/\/i0.wp.com\/lasprimeras.com.do\/wp-content\/uploads\/2023\/10\/Eric-Adams-1.jpg?resize=350%2C200&ssl=1","width":350,"height":200,"srcset":"https:\/\/i0.wp.com\/lasprimeras.com.do\/wp-content\/uploads\/2023\/10\/Eric-Adams-1.jpg?resize=350%2C200&ssl=1 1x, https:\/\/i0.wp.com\/lasprimeras.com.do\/wp-content\/uploads\/2023\/10\/Eric-Adams-1.jpg?resize=525%2C300&ssl=1 1.5x, https:\/\/i0.wp.com\/lasprimeras.com.do\/wp-content\/uploads\/2023\/10\/Eric-Adams-1.jpg?resize=700%2C400&ssl=1 2x"},"classes":[]},{"id":93239,"url":"https:\/\/lasprimeras.com.do\/index.php\/2025\/01\/29\/diputada-de-ultramar-alza-su-voz-en-apoyo-a-la-comunidad-inmigrante\/","url_meta":{"origin":129240,"position":5},"title":"Diputada de ultramar alza su voz en apoyo a la comunidad inmigrante","author":"Nelson Feliz","date":"29 de enero de 2025","format":false,"excerpt":"La diputada de ultramar de la circunscripci\u00f3n 2 por el Partido Revolucionario Moderno (PRM), Adelis Olivares, alz\u00f3 su voz en solidaridad con todas las comunidades inmigrantes afectadas por medidas que generan miedo, incertidumbre y discriminaci\u00f3n. La representante de la di\u00e1spora dominicana en el exterior se\u00f1al\u00f3 que las redadas y pol\u00edticas\u2026","rel":"","context":"En \u00abPOLITICA\u00bb","block_context":{"text":"POLITICA","link":"https:\/\/lasprimeras.com.do\/index.php\/category\/politica\/"},"img":{"alt_text":"","src":"","width":0,"height":0},"classes":[]}],"jetpack_sharing_enabled":true,"_links":{"self":[{"href":"https:\/\/lasprimeras.com.do\/index.php\/wp-json\/wp\/v2\/posts\/129240","targetHints":{"allow":["GET"]}}],"collection":[{"href":"https:\/\/lasprimeras.com.do\/index.php\/wp-json\/wp\/v2\/posts"}],"about":[{"href":"https:\/\/lasprimeras.com.do\/index.php\/wp-json\/wp\/v2\/types\/post"}],"author":[{"embeddable":true,"href":"https:\/\/lasprimeras.com.do\/index.php\/wp-json\/wp\/v2\/users\/10"}],"replies":[{"embeddable":true,"href":"https:\/\/lasprimeras.com.do\/index.php\/wp-json\/wp\/v2\/comments?post=129240"}],"version-history":[{"count":1,"href":"https:\/\/lasprimeras.com.do\/index.php\/wp-json\/wp\/v2\/posts\/129240\/revisions"}],"predecessor-version":[{"id":129242,"href":"https:\/\/lasprimeras.com.do\/index.php\/wp-json\/wp\/v2\/posts\/129240\/revisions\/129242"}],"wp:featuredmedia":[{"embeddable":true,"href":"https:\/\/lasprimeras.com.do\/index.php\/wp-json\/wp\/v2\/media\/129241"}],"wp:attachment":[{"href":"https:\/\/lasprimeras.com.do\/index.php\/wp-json\/wp\/v2\/media?parent=129240"}],"wp:term":[{"taxonomy":"category","embeddable":true,"href":"https:\/\/lasprimeras.com.do\/index.php\/wp-json\/wp\/v2\/categories?post=129240"},{"taxonomy":"post_tag","embeddable":true,"href":"https:\/\/lasprimeras.com.do\/index.php\/wp-json\/wp\/v2\/tags?post=129240"}],"curies":[{"name":"wp","href":"https:\/\/api.w.org\/{rel}","templated":true}]}}