{"id":129243,"date":"2026-04-30T23:16:39","date_gmt":"2026-05-01T03:16:39","guid":{"rendered":"https:\/\/lasprimeras.com.do\/?p=129243"},"modified":"2026-04-30T23:16:40","modified_gmt":"2026-05-01T03:16:40","slug":"jean-todt-e-ydanis-rodriguez-impulsaran-seguridad-vial-en-america-latina-y-global","status":"publish","type":"post","link":"https:\/\/lasprimeras.com.do\/index.php\/2026\/04\/30\/jean-todt-e-ydanis-rodriguez-impulsaran-seguridad-vial-en-america-latina-y-global\/","title":{"rendered":"Jean Todt e Ydanis Rodr\u00edguez impulsaran seguridad vial en Am\u00e9rica Latina y global"},"content":{"rendered":"\n<p>Por Ram\u00f3n Mercedes<\/p>\n\n\n\n<p>NUEVA YORK.- El enviado especial de la Organizaci\u00f3n de las Naciones Unidas (ONU) para la Seguridad Vial, Jean Todt, y el ex comisionado del Departamento de Transporte de NYC (DOT-NY), el dominicano Ydanis Rodr\u00edguez, se proponen fortalecer la seguridad vial en Am\u00e9rica Latina y a nivel global.<\/p>\n\n\n\n<p>Durante un reciente encuentro, ambos l\u00edderes en materia de transporte y pol\u00edticas p\u00fablicas intercambiaron perspectivas sobre la situaci\u00f3n actual de la seguridad vial, destacando los desaf\u00edos persistentes que enfrentan los pa\u00edses para reducir las muertes y lesiones causadas en el tr\u00e1nsito.<\/p>\n\n\n\n<p>Coincidieron en que la falta de implementaci\u00f3n de estrategias eficaces contin\u00faa generando un alto costo humano, en lo que muchos expertos consideran una epidemia global de fatalidades en las v\u00edas.<\/p>\n\n\n\n<p>\u201cNos comprometemos a impulsar soluciones innovadoras, fortalecer los sistemas de transporte y promover pol\u00edticas p\u00fablicas m\u00e1s efectivas en distintos pa\u00edses, con especial atenci\u00f3n a la regi\u00f3n latinoamericana\u201d, precisan.<\/p>\n\n\n\n<p>En el caso de la Rep\u00fablica Dominicana, se\u00f1alaron que el pa\u00eds registra una de las tasas m\u00e1s altas de mortalidad por accidentes de tr\u00e1nsito en la regi\u00f3n, con estimaciones recientes que superan las 30 muertes por cada 100,000 habitantes, muy por encima de la media mundial.<\/p>\n\n\n\n<p>Se estima que m\u00e1s del 60% de las v\u00edctimas fatales est\u00e1n vinculadas a motocicletas, y que cada a\u00f1o se pierden miles de vidas, e igual cantidad resultan lesionadas, muchas con consecuencias permanentes.<\/p>\n\n\n\n<p>Estas cifras reflejan la urgencia de implementar medidas m\u00e1s efectivas en prevenci\u00f3n, fiscalizaci\u00f3n y educaci\u00f3n vial, as\u00ed como el uso de tecnolog\u00eda para salvar vidas, sostienen Todt y Rodr\u00edguez.<\/p>\n\n\n\n<p>En ese contexto, Rodr\u00edguez destac\u00f3 que durante su gesti\u00f3n en DOT-NYC se alcanzaron los niveles m\u00e1s bajos de muertes de peatones en la historia de NYC, resultado de una combinaci\u00f3n de pol\u00edticas p\u00fablicas, intervenciones de infraestructura, campa\u00f1as de concienciaci\u00f3n y uso estrat\u00e9gico de datos.<\/p>\n\n\n\n<p>Se\u00f1al\u00f3 su inter\u00e9s en compartir estas experiencias y lecciones aprendidas con pa\u00edses de Am\u00e9rica Latina, como parte de un esfuerzo m\u00e1s amplio para adaptar soluciones efectivas a contextos locales y salvar vidas.<\/p>\n\n\n\n<p>El encuentro, de car\u00e1cter estrat\u00e9gico y constructivo, sirvi\u00f3 como espacio para identificar posibles iniciativas conjuntas que permitan contribuir al desarrollo de acciones que mejoren la seguridad vial, reduzcan los riesgos en las carreteras y protejan la vida de millones de personas.<\/p>\n\n\n\n<p>Este acercamiento refleja la creciente importancia de la cooperaci\u00f3n internacional en la construcci\u00f3n de sistemas de movilidad m\u00e1s seguros, sostenibles y equitativos, afirmaron Todt y Rodr\u00edguez.<\/p>\n","protected":false},"excerpt":{"rendered":"<p>Por Ram\u00f3n Mercedes NUEVA YORK.- El enviado especial de la Organizaci\u00f3n de las Naciones Unidas (ONU) para la Seguridad Vial, Jean Todt, y el ex comisionado del Departamento de Transporte&hellip;<\/p>\n","protected":false},"author":10,"featured_media":129244,"comment_status":"open","ping_status":"open","sticky":false,"template":"","format":"standard","meta":{"content-type":"","jetpack_post_was_ever_published":false,"_jetpack_newsletter_access":"","_jetpack_dont_email_post_to_subs":false,"_jetpack_newsletter_tier_id":0,"_jetpack_memberships_contains_paywalled_content":false,"_jetpack_memberships_contains_paid_content":false,"footnotes":""},"categories":[25580],"tags":[875,4334,32870,3446,17440],"class_list":["post-129243","post","type-post","status-publish","format-standard","has-post-thumbnail","hentry","category-la-voz-de-la-diaspora","tag-america-latina","tag-global","tag-jean-todt","tag-seguridad-vial","tag-ydanis-rodriguez"],"jetpack_featured_media_url":"https:\/\/lasprimeras.com.do\/wp-content\/uploads\/2026\/04\/Jean-Todt-e-Ydanis-Rodriguez-se-proponen-impulsar-seguridad-vial-en-America-Latina-y-global.jpg","jetpack-related-posts":[{"id":101187,"url":"https:\/\/lasprimeras.com.do\/index.php\/2025\/06\/16\/comisionado-transporte-nyc-dictara-conferencia-en-congreso-seguridad-vial-y-movilidad-sostenible-en-rd\/","url_meta":{"origin":129243,"position":0},"title":"Comisionado Transporte NYC dictar\u00e1 conferencia en congreso \u00abSeguridad Vial y Movilidad Sostenible\u00bb en RD","author":"Nelson Feliz","date":"16 de junio de 2025","format":false,"excerpt":"Por Ram\u00f3n Mercedes NUEVA YORK.- El comisionado del Departamento de Transporte en esta ciudad (DOT), Ydanis Rodr\u00edguez, ser\u00e1 uno de los oradores invitados al congreso internacional \u00abSeguridad Vial y Movilidad Sostenible para el Bienestar de la Gente\u00bb que con la participaci\u00f3n de varios l\u00edderes mundiales del transporte inicia este lunes\u2026","rel":"","context":"En \u00abINTERNACIONALES\u00bb","block_context":{"text":"INTERNACIONALES","link":"https:\/\/lasprimeras.com.do\/index.php\/category\/sin-categoria\/internacionales\/"},"img":{"alt_text":"","src":"https:\/\/i0.wp.com\/lasprimeras.com.do\/wp-content\/uploads\/2025\/06\/WhatsApp-Image-2025-06-16-at-5.37.37-AM-2.jpeg?resize=350%2C200&ssl=1","width":350,"height":200},"classes":[]},{"id":101487,"url":"https:\/\/lasprimeras.com.do\/index.php\/2025\/06\/22\/ydanis-rodriguez-y-deligne-ascencion-exhortan-a-no-caer-en-el-pesimismo-ante-anuncios-de-transformacion-vial\/","url_meta":{"origin":129243,"position":1},"title":"Ydanis Rodr\u00edguez y Deligne Ascenci\u00f3n exhortan a no caer en el pesimismo ante anuncios de transformaci\u00f3n vial","author":"Nelson Feliz","date":"22 de junio de 2025","format":false,"excerpt":"Nueva York. El Comisionado del Departamento de Transporte de la ciudad de Nueva York (NYDOT), Ydanis Rodr\u00edguez, y Deligne Ascenci\u00f3n hicieron un llamado firme a la ciudadan\u00eda a abrazar con optimismo y compromiso las nuevas medidas que buscan transformar el tr\u00e1nsito en el Gran Santo Domingo, ante las cr\u00edticas y\u2026","rel":"","context":"En \u00abINTERNACIONALES\u00bb","block_context":{"text":"INTERNACIONALES","link":"https:\/\/lasprimeras.com.do\/index.php\/category\/sin-categoria\/internacionales\/"},"img":{"alt_text":"","src":"https:\/\/i0.wp.com\/lasprimeras.com.do\/wp-content\/uploads\/2025\/06\/ny.jpg?resize=350%2C200&ssl=1","width":350,"height":200,"srcset":"https:\/\/i0.wp.com\/lasprimeras.com.do\/wp-content\/uploads\/2025\/06\/ny.jpg?resize=350%2C200&ssl=1 1x, https:\/\/i0.wp.com\/lasprimeras.com.do\/wp-content\/uploads\/2025\/06\/ny.jpg?resize=525%2C300&ssl=1 1.5x, https:\/\/i0.wp.com\/lasprimeras.com.do\/wp-content\/uploads\/2025\/06\/ny.jpg?resize=700%2C400&ssl=1 2x"},"classes":[]},{"id":116849,"url":"https:\/\/lasprimeras.com.do\/index.php\/2025\/12\/04\/tecnicos-del-intrant-recibiran-asesoria-y-formacion-especializada-del-centro-de-control-de-trafico-de-nueva-york\/","url_meta":{"origin":129243,"position":2},"title":"T\u00e9cnicos del INTRANT recibir\u00e1n asesor\u00eda y formaci\u00f3n especializada del Centro de Control de Tr\u00e1fico de Nueva York","author":"Nelson Feliz","date":"4 de diciembre de 2025","format":false,"excerpt":"El comisionado Ydanis Rodr\u00edguez y el director ejecutivo del INTRANT, Milton Morrison, realizaron una visita oficial al Centro de Control de Tr\u00e1fico en Queens como parte del fortalecimiento de la cooperaci\u00f3n t\u00e9cnica entre la Rep\u00fablica Dominicana y la Ciudad de Nueva York. Nueva York. \u2013 T\u00e9cnicos del Instituto Nacional de\u2026","rel":"","context":"En \u00abNACIONALES\u00bb","block_context":{"text":"NACIONALES","link":"https:\/\/lasprimeras.com.do\/index.php\/category\/nacionales\/"},"img":{"alt_text":"","src":"https:\/\/i0.wp.com\/lasprimeras.com.do\/wp-content\/uploads\/2025\/12\/INTRANT.jpg?resize=350%2C200&ssl=1","width":350,"height":200,"srcset":"https:\/\/i0.wp.com\/lasprimeras.com.do\/wp-content\/uploads\/2025\/12\/INTRANT.jpg?resize=350%2C200&ssl=1 1x, https:\/\/i0.wp.com\/lasprimeras.com.do\/wp-content\/uploads\/2025\/12\/INTRANT.jpg?resize=525%2C300&ssl=1 1.5x, https:\/\/i0.wp.com\/lasprimeras.com.do\/wp-content\/uploads\/2025\/12\/INTRANT.jpg?resize=700%2C400&ssl=1 2x"},"classes":[]},{"id":101216,"url":"https:\/\/lasprimeras.com.do\/index.php\/2025\/06\/17\/municipalidad-se-integra-al-pacto-nacional-de-seguridad-vial\/","url_meta":{"origin":129243,"position":3},"title":"Municipalidad se integra al Pacto Nacional de Seguridad Vial","author":"Nelson Feliz","date":"17 de junio de 2025","format":false,"excerpt":"En el marco de la celebraci\u00f3n del Congreso internacional \u201cTr\u00e1nsito, Movilidad y Seguridad Vial\u201d, la Liga Municipal Dominicana (LMD), el Instituto Nacional de Tr\u00e1nsito y Transporte Terrestre (INTRANT), el Instituto de Formaci\u00f3n T\u00e9cnico Profesional (INFOTEP) y la Federaci\u00f3n Dominicana de Municipios (FEDOMU), suscribieron un Compromiso por la Seguridad Vial en\u2026","rel":"","context":"En \u00abNACIONALES\u00bb","block_context":{"text":"NACIONALES","link":"https:\/\/lasprimeras.com.do\/index.php\/category\/nacionales\/"},"img":{"alt_text":"","src":"https:\/\/i0.wp.com\/lasprimeras.com.do\/wp-content\/uploads\/2025\/06\/Pacto-Nacional-de-Seguridad-Vial-1.jpg?resize=350%2C200&ssl=1","width":350,"height":200,"srcset":"https:\/\/i0.wp.com\/lasprimeras.com.do\/wp-content\/uploads\/2025\/06\/Pacto-Nacional-de-Seguridad-Vial-1.jpg?resize=350%2C200&ssl=1 1x, https:\/\/i0.wp.com\/lasprimeras.com.do\/wp-content\/uploads\/2025\/06\/Pacto-Nacional-de-Seguridad-Vial-1.jpg?resize=525%2C300&ssl=1 1.5x, https:\/\/i0.wp.com\/lasprimeras.com.do\/wp-content\/uploads\/2025\/06\/Pacto-Nacional-de-Seguridad-Vial-1.jpg?resize=700%2C400&ssl=1 2x"},"classes":[]},{"id":114387,"url":"https:\/\/lasprimeras.com.do\/index.php\/2025\/11\/13\/comisionado-del-dot-exhorta-conductores-nyc-precaucion-al-oscurecer-mas-temprano\/","url_meta":{"origin":129243,"position":4},"title":"Comisionado del DOT exhorta conductores NYC precauci\u00f3n al oscurecer m\u00e1s temprano","author":"Nelson Feliz","date":"13 de noviembre de 2025","format":false,"excerpt":"Por Ram\u00f3n Mercedes NUEVA YORK.- El comisionado de Transporte (DOT) en esta ciudad, Ydanis Rodr\u00edguez, exhorta a los conductores neoyorkinos tomar mayor precauci\u00f3n al conducir por las diferentes v\u00edas de la Gran Manzana debido a que \u00aboscurece\u00bb m\u00e1s temprano que lo habitual y la visibilidad se acorta. El DOT ha\u2026","rel":"","context":"En \u00abLA VOZ DE LA DIASPORA\u00bb","block_context":{"text":"LA VOZ DE LA DIASPORA","link":"https:\/\/lasprimeras.com.do\/index.php\/category\/la-voz-de-la-diaspora\/"},"img":{"alt_text":"","src":"https:\/\/i0.wp.com\/lasprimeras.com.do\/wp-content\/uploads\/2025\/11\/Comisionado-DOT-exhorta-conductores-NYC-precaucion-al-oscurecer-mas-temprano.jpg?resize=350%2C200&ssl=1","width":350,"height":200},"classes":[]},{"id":114512,"url":"https:\/\/lasprimeras.com.do\/index.php\/2025\/11\/15\/comisionado-del-dot-exhorta-conductores-nyc-precaucion-al-oscurecer-mas-temprano-2\/","url_meta":{"origin":129243,"position":5},"title":"Comisionado del DOT exhorta conductores NYC precauci\u00f3n al oscurecer m\u00e1s temprano","author":"Nelson Feliz","date":"15 de noviembre de 2025","format":false,"excerpt":"Por Ram\u00f3n Mercedes NUEVA YORK.- El comisionado de Transporte (DOT) en esta ciudad, Ydanis Rodr\u00edguez, exhorta a los conductores neoyorkinos tomar mayor precauci\u00f3n al conducir por las diferentes v\u00edas de la Gran Manzana debido a que \u00aboscurece\u00bb m\u00e1s temprano que lo habitual y la visibilidad se acorta. El DOT ha\u2026","rel":"","context":"En \u00abLA VOZ DE LA DIASPORA\u00bb","block_context":{"text":"LA VOZ DE LA DIASPORA","link":"https:\/\/lasprimeras.com.do\/index.php\/category\/la-voz-de-la-diaspora\/"},"img":{"alt_text":"","src":"https:\/\/i0.wp.com\/lasprimeras.com.do\/wp-content\/uploads\/2025\/11\/WhatsApp-Image-2025-11-13-at-7.34.57-AM.jpeg?resize=350%2C200&ssl=1","width":350,"height":200},"classes":[]}],"jetpack_sharing_enabled":true,"_links":{"self":[{"href":"https:\/\/lasprimeras.com.do\/index.php\/wp-json\/wp\/v2\/posts\/129243","targetHints":{"allow":["GET"]}}],"collection":[{"href":"https:\/\/lasprimeras.com.do\/index.php\/wp-json\/wp\/v2\/posts"}],"about":[{"href":"https:\/\/lasprimeras.com.do\/index.php\/wp-json\/wp\/v2\/types\/post"}],"author":[{"embeddable":true,"href":"https:\/\/lasprimeras.com.do\/index.php\/wp-json\/wp\/v2\/users\/10"}],"replies":[{"embeddable":true,"href":"https:\/\/lasprimeras.com.do\/index.php\/wp-json\/wp\/v2\/comments?post=129243"}],"version-history":[{"count":1,"href":"https:\/\/lasprimeras.com.do\/index.php\/wp-json\/wp\/v2\/posts\/129243\/revisions"}],"predecessor-version":[{"id":129245,"href":"https:\/\/lasprimeras.com.do\/index.php\/wp-json\/wp\/v2\/posts\/129243\/revisions\/129245"}],"wp:featuredmedia":[{"embeddable":true,"href":"https:\/\/lasprimeras.com.do\/index.php\/wp-json\/wp\/v2\/media\/129244"}],"wp:attachment":[{"href":"https:\/\/lasprimeras.com.do\/index.php\/wp-json\/wp\/v2\/media?parent=129243"}],"wp:term":[{"taxonomy":"category","embeddable":true,"href":"https:\/\/lasprimeras.com.do\/index.php\/wp-json\/wp\/v2\/categories?post=129243"},{"taxonomy":"post_tag","embeddable":true,"href":"https:\/\/lasprimeras.com.do\/index.php\/wp-json\/wp\/v2\/tags?post=129243"}],"curies":[{"name":"wp","href":"https:\/\/api.w.org\/{rel}","templated":true}]}}