{"id":129246,"date":"2026-05-01T01:18:00","date_gmt":"2026-05-01T05:18:00","guid":{"rendered":"https:\/\/lasprimeras.com.do\/?p=129246"},"modified":"2026-04-30T23:22:51","modified_gmt":"2026-05-01T03:22:51","slug":"villarivenses-en-ny-critican-situacion-que-atraviesa-el-centro-educativo-luis-molina","status":"publish","type":"post","link":"https:\/\/lasprimeras.com.do\/index.php\/2026\/05\/01\/villarivenses-en-ny-critican-situacion-que-atraviesa-el-centro-educativo-luis-molina\/","title":{"rendered":"Villarivenses en NY cr\u00edtican situaci\u00f3n que atraviesa el centro educativo Luis Molina"},"content":{"rendered":"\n<p>Por Ram\u00f3n Mercedes<\/p>\n\n\n\n<p>NUEVA YORK.- Decenas de dominicanos del municipio de Villa Riva, provincia Duarte, residentes en esta ciudad, condenan que los fondos descentralizados no se le hayan desembolsado a la escuela Luis Molina en la comarca desde noviembre de 2025.<\/p>\n\n\n\n<p>La denuncia la hizo la Asociaci\u00f3n de Padres, Madres y Amigos de la Escuela (APMAE) de Villa Riva afirmando que la cr\u00edtica situaci\u00f3n que atraviesa el centro educativo, debido a la falta de entrega de los fondos descentralizados, podr\u00eda llevar a que la escuela colapse en la recta final del a\u00f1o escolar.<\/p>\n\n\n\n<p>El ingeniero Tom\u00e1s Bautista Evangelista, en representaci\u00f3n de los padres, expres\u00f3 su preocupaci\u00f3n ante el impacto que esta situaci\u00f3n est\u00e1 generando, se\u00f1alando que algunos suplidores han suspendido el cr\u00e9dito al plantel, lo que agrava a\u00fan m\u00e1s el panorama.<\/p>\n\n\n\n<p>De acuerdo con su denuncia, \u201cno hay agua para el consumo humano\u201d, \u201cescasean los materiales gastables\u201d y hay \u201cfalta de insumos de limpieza\u201d, carencias que afectan directamente el desarrollo de la docencia y el bienestar de estudiantes y del personal, precis\u00f3 Bautista Evangelista.<\/p>\n\n\n\n<p>La Asociaci\u00f3n de Padres indica que representantes de la direcci\u00f3n regional y local del Ministerio de Educaci\u00f3n de la Rep\u00fablica Dominicana, Luis Miguel De Camps, asumieron compromisos personales con los suplidores, quienes otorgaron un plazo de dos semanas para regularizar la situaci\u00f3n, pero nada han hecho, sostienen.<\/p>\n\n\n\n<p>Entre los firmantes se encuentran Jos\u00e9 Sierra, Manuel Carrasco, Luisa Mansueta, Miguel Zambrano, Orqu\u00eddea Rivera, Miguelina de los Santos, Antonio Cordero, Ram\u00f3n Rojas, Clemente Marmolejos, Luisa de Rivas, Ernesto de Jes\u00fas, Claudio de Le\u00f3n, Porfirio Adames, Josefa Ruiz, Josefina L\u00f3pez, Henry Morales, y Bol\u00edvar Mena, entre otros.<\/p>\n","protected":false},"excerpt":{"rendered":"<p>Por Ram\u00f3n Mercedes NUEVA YORK.- Decenas de dominicanos del municipio de Villa Riva, provincia Duarte, residentes en esta ciudad, condenan que los fondos descentralizados no se le hayan desembolsado a&hellip;<\/p>\n","protected":false},"author":10,"featured_media":129247,"comment_status":"open","ping_status":"open","sticky":false,"template":"","format":"standard","meta":{"content-type":"","jetpack_post_was_ever_published":false,"_jetpack_newsletter_access":"","_jetpack_dont_email_post_to_subs":false,"_jetpack_newsletter_tier_id":0,"_jetpack_memberships_contains_paywalled_content":false,"_jetpack_memberships_contains_paid_content":false,"footnotes":""},"categories":[25580],"tags":[32874,1572,32873,32872,211,32871],"class_list":["post-129246","post","type-post","status-publish","format-standard","has-post-thumbnail","hentry","category-la-voz-de-la-diaspora","tag-centro-educativo-luis-molina","tag-condenan","tag-desembolsen","tag-escuela-de-villa-riva","tag-fondos","tag-noviembre-de-2025"],"jetpack_featured_media_url":"https:\/\/lasprimeras.com.do\/wp-content\/uploads\/2026\/04\/Villarivenses-en-NY-condenan-que-a-la-escuela-de-Villa-Riva-no-se-le-desembolsen-fondos-desde-noviembre-de-2025.jpg","jetpack-related-posts":[{"id":88389,"url":"https:\/\/lasprimeras.com.do\/index.php\/2024\/08\/27\/miguel-cardona-llama-a-descentralizar-y-despolitizar-la-educacion-en-puerto-rico\/","url_meta":{"origin":129246,"position":0},"title":"Miguel Cardona llama a descentralizar y despolitizar la educaci\u00f3n en Puerto Rico","author":"Nelson Feliz","date":"27 de agosto de 2024","format":false,"excerpt":"San Juan (EFE).- El secretario de Educaci\u00f3n de Estados Unidos, Miguel Cardona, llam\u00f3 este martes a \"descentralizar y despolitizar\" el sistema educativo en Puerto Rico, durante una visita a la isla para tratar un proyecto que busca transformar su gobernanza escolar. Cardona particip\u00f3 en la Cumbre de la Iniciativa de\u2026","rel":"","context":"En \u00abSin categor\u00eda\u00bb","block_context":{"text":"Sin categor\u00eda","link":"https:\/\/lasprimeras.com.do\/index.php\/category\/sin-categoria\/"},"img":{"alt_text":"Miguel Cardona","src":"https:\/\/i0.wp.com\/lasprimeras.com.do\/wp-content\/uploads\/2024\/08\/Miguel-Cardona.jpg?resize=350%2C200&ssl=1","width":350,"height":200,"srcset":"https:\/\/i0.wp.com\/lasprimeras.com.do\/wp-content\/uploads\/2024\/08\/Miguel-Cardona.jpg?resize=350%2C200&ssl=1 1x, https:\/\/i0.wp.com\/lasprimeras.com.do\/wp-content\/uploads\/2024\/08\/Miguel-Cardona.jpg?resize=525%2C300&ssl=1 1.5x, https:\/\/i0.wp.com\/lasprimeras.com.do\/wp-content\/uploads\/2024\/08\/Miguel-Cardona.jpg?resize=700%2C400&ssl=1 2x"},"classes":[]},{"id":119673,"url":"https:\/\/lasprimeras.com.do\/index.php\/2026\/01\/15\/fiscal-del-distrito-imparte-charla-a-padres-de-estudiantes-de-la-escuela-palacio-escolar-espana\/","url_meta":{"origin":129246,"position":1},"title":"Fiscal del Distrito imparte charla a padres de estudiantes de la escuela Palacio Escolar Espa\u00f1a","author":"Nelson Feliz","date":"15 de enero de 2026","format":false,"excerpt":"La fiscal titular del Distrito Nacional llam\u00f3 a padres, madres y tutores de los estudiantes de la escuela Palacio Escolar Espa\u00f1a a reconocer, enfrentar y denunciar cualquier manifestaci\u00f3n de violencia, especialmente la que ocurre en el entorno familiar. Rosalba Ramos record\u00f3 que las conductas violentas afectan de manera directa el\u2026","rel":"","context":"En \u00abJUSTICIA\u00bb","block_context":{"text":"JUSTICIA","link":"https:\/\/lasprimeras.com.do\/index.php\/category\/justicia\/"},"img":{"alt_text":"Rosalba Ramos","src":"https:\/\/i0.wp.com\/lasprimeras.com.do\/wp-content\/uploads\/2026\/01\/Rosalba-Ramos.jpg?resize=350%2C200&ssl=1","width":350,"height":200,"srcset":"https:\/\/i0.wp.com\/lasprimeras.com.do\/wp-content\/uploads\/2026\/01\/Rosalba-Ramos.jpg?resize=350%2C200&ssl=1 1x, https:\/\/i0.wp.com\/lasprimeras.com.do\/wp-content\/uploads\/2026\/01\/Rosalba-Ramos.jpg?resize=525%2C300&ssl=1 1.5x, https:\/\/i0.wp.com\/lasprimeras.com.do\/wp-content\/uploads\/2026\/01\/Rosalba-Ramos.jpg?resize=700%2C400&ssl=1 2x"},"classes":[]},{"id":88983,"url":"https:\/\/lasprimeras.com.do\/index.php\/2024\/09\/11\/diputados-del-prm-rechazan-interpelacion-del-ministro-de-educacion-presentada-por-los-de-fp\/","url_meta":{"origin":129246,"position":2},"title":"Diputados del PRM rechazan interpelaci\u00f3n del ministro de Educaci\u00f3n presentada por los de FP","author":"Nelson Feliz","date":"11 de septiembre de 2024","format":false,"excerpt":"El bloque de diputados de la Fuerza del Pueblo solicit\u00f3 en la sesi\u00f3n de este mi\u00e9rcoles la aprobaci\u00f3n de la resoluci\u00f3n de interpelaci\u00f3n al ministro de educaci\u00f3n \u00c1ngel Hern\u00e1ndez depositada por la diputada de la bancada Selin\u00e9e M\u00e9ndez, la cual recibi\u00f3 el rechazo de los diputados del Partido Revolucionario Moderno.\u2026","rel":"","context":"En \u00abPORTADA\u00bb","block_context":{"text":"PORTADA","link":"https:\/\/lasprimeras.com.do\/index.php\/category\/portada\/"},"img":{"alt_text":"","src":"https:\/\/i0.wp.com\/lasprimeras.com.do\/wp-content\/uploads\/2024\/09\/Rafael-Castillo.jpg?resize=350%2C200&ssl=1","width":350,"height":200,"srcset":"https:\/\/i0.wp.com\/lasprimeras.com.do\/wp-content\/uploads\/2024\/09\/Rafael-Castillo.jpg?resize=350%2C200&ssl=1 1x, https:\/\/i0.wp.com\/lasprimeras.com.do\/wp-content\/uploads\/2024\/09\/Rafael-Castillo.jpg?resize=525%2C300&ssl=1 1.5x, https:\/\/i0.wp.com\/lasprimeras.com.do\/wp-content\/uploads\/2024\/09\/Rafael-Castillo.jpg?resize=700%2C400&ssl=1 2x"},"classes":[]},{"id":78588,"url":"https:\/\/lasprimeras.com.do\/index.php\/2024\/03\/18\/ministro-de-educacion-aclara-caid-se-manejara-de-forma-descentralizada\/","url_meta":{"origin":129246,"position":3},"title":"Ministro de Educaci\u00f3n aclara CAID se manejar\u00e1 de forma descentralizada","author":"BIMARY DE JES\u00daS Matos","date":"18 de marzo de 2024","format":false,"excerpt":"Santo Domingo.-El traspaso de los Centros de Atenci\u00f3n Integral para la Discapacidad (CAID) al Ministerio de Educaci\u00f3n favorecer\u00e1 a ese segmento de la poblaci\u00f3n, dado que la entidad contar\u00e1 con los fondos suficientes y una divisi\u00f3n para educaci\u00f3n especial. Ante las cr\u00edticas surgidas a prop\u00f3sito del tema, el titular del\u2026","rel":"","context":"En \u00abPORTADA\u00bb","block_context":{"text":"PORTADA","link":"https:\/\/lasprimeras.com.do\/index.php\/category\/portada\/"},"img":{"alt_text":"","src":"https:\/\/i0.wp.com\/lasprimeras.com.do\/wp-content\/uploads\/2024\/03\/CANDIDATO-A-REGIDOR-Justicia-Social-JOSUE-MENDEZ-APOYARA-A-DIO-ASTACIO-DEL-PRM.jpg?resize=350%2C200&ssl=1","width":350,"height":200},"classes":[]},{"id":124727,"url":"https:\/\/lasprimeras.com.do\/index.php\/2026\/03\/16\/condenan-desaprensivos-en-villa-riva-usen-carretera-inaugurada-por-abinader-para-carreras-clandestinas-de-motores\/","url_meta":{"origin":129246,"position":4},"title":"Condenan desaprensivos en Villa Riva usen carretera inaugurada por Abinader para carreras clandestinas de motores","author":"Nelson Feliz","date":"16 de marzo de 2026","format":false,"excerpt":"https:\/\/www.youtube.com\/watch?v=KWJrEEq3mhE Por Ram\u00f3n Mercedes NUEVA YORK.- Dominicanos residentes en esta ciudad, procedentes del municipio de Villa Riva, provincia Duarte, condenan que desaprensivos hayan convertido la reci\u00e9n inaugurada carretera por el presidente Luis Abinader, que une esta localidad con la autopista del Nordeste, en una pista de carreras clandestinas de motores\u2026","rel":"","context":"En \u00abINTERNACIONALES\u00bb","block_context":{"text":"INTERNACIONALES","link":"https:\/\/lasprimeras.com.do\/index.php\/category\/sin-categoria\/internacionales\/"},"img":{"alt_text":"","src":"https:\/\/i0.wp.com\/lasprimeras.com.do\/wp-content\/uploads\/2026\/03\/IMG-20260316-WA0045.jpg?resize=350%2C200&ssl=1","width":350,"height":200,"srcset":"https:\/\/i0.wp.com\/lasprimeras.com.do\/wp-content\/uploads\/2026\/03\/IMG-20260316-WA0045.jpg?resize=350%2C200&ssl=1 1x, https:\/\/i0.wp.com\/lasprimeras.com.do\/wp-content\/uploads\/2026\/03\/IMG-20260316-WA0045.jpg?resize=525%2C300&ssl=1 1.5x"},"classes":[]},{"id":122744,"url":"https:\/\/lasprimeras.com.do\/index.php\/2026\/02\/20\/inabie-pone-en-funcionamiento-modulo-de-salud-bucal-en-villa-vasquez\/","url_meta":{"origin":129246,"position":5},"title":"INABIE pone en funcionamiento m\u00f3dulo de salud bucal en Villa V\u00e1squez","author":"Nelson Feliz","date":"20 de febrero de 2026","format":false,"excerpt":"Con esta nueva unidad odontol\u00f3gica, la instituci\u00f3n suma 60 m\u00f3dulos instalados en centros educativos del pa\u00eds. El Instituto Nacional de Bienestar Estudiantil (INABIE) puso en funcionamiento un nuevo m\u00f3dulo de salud bucal en el Centro Educativo Leopoldo Miguel Navarro, de Villa V\u00e1squez, para beneficiar a 6,152 estudiantes del Distrito Educativo\u2026","rel":"","context":"En \u00abSALUD\u00bb","block_context":{"text":"SALUD","link":"https:\/\/lasprimeras.com.do\/index.php\/category\/salud\/"},"img":{"alt_text":"","src":"https:\/\/i0.wp.com\/lasprimeras.com.do\/wp-content\/uploads\/2026\/02\/INABIE-pone-en-funcionamiento-modulo-de-salud-bucal-2.jpg?resize=350%2C200&ssl=1","width":350,"height":200,"srcset":"https:\/\/i0.wp.com\/lasprimeras.com.do\/wp-content\/uploads\/2026\/02\/INABIE-pone-en-funcionamiento-modulo-de-salud-bucal-2.jpg?resize=350%2C200&ssl=1 1x, https:\/\/i0.wp.com\/lasprimeras.com.do\/wp-content\/uploads\/2026\/02\/INABIE-pone-en-funcionamiento-modulo-de-salud-bucal-2.jpg?resize=525%2C300&ssl=1 1.5x, https:\/\/i0.wp.com\/lasprimeras.com.do\/wp-content\/uploads\/2026\/02\/INABIE-pone-en-funcionamiento-modulo-de-salud-bucal-2.jpg?resize=700%2C400&ssl=1 2x"},"classes":[]}],"jetpack_sharing_enabled":true,"_links":{"self":[{"href":"https:\/\/lasprimeras.com.do\/index.php\/wp-json\/wp\/v2\/posts\/129246","targetHints":{"allow":["GET"]}}],"collection":[{"href":"https:\/\/lasprimeras.com.do\/index.php\/wp-json\/wp\/v2\/posts"}],"about":[{"href":"https:\/\/lasprimeras.com.do\/index.php\/wp-json\/wp\/v2\/types\/post"}],"author":[{"embeddable":true,"href":"https:\/\/lasprimeras.com.do\/index.php\/wp-json\/wp\/v2\/users\/10"}],"replies":[{"embeddable":true,"href":"https:\/\/lasprimeras.com.do\/index.php\/wp-json\/wp\/v2\/comments?post=129246"}],"version-history":[{"count":1,"href":"https:\/\/lasprimeras.com.do\/index.php\/wp-json\/wp\/v2\/posts\/129246\/revisions"}],"predecessor-version":[{"id":129248,"href":"https:\/\/lasprimeras.com.do\/index.php\/wp-json\/wp\/v2\/posts\/129246\/revisions\/129248"}],"wp:featuredmedia":[{"embeddable":true,"href":"https:\/\/lasprimeras.com.do\/index.php\/wp-json\/wp\/v2\/media\/129247"}],"wp:attachment":[{"href":"https:\/\/lasprimeras.com.do\/index.php\/wp-json\/wp\/v2\/media?parent=129246"}],"wp:term":[{"taxonomy":"category","embeddable":true,"href":"https:\/\/lasprimeras.com.do\/index.php\/wp-json\/wp\/v2\/categories?post=129246"},{"taxonomy":"post_tag","embeddable":true,"href":"https:\/\/lasprimeras.com.do\/index.php\/wp-json\/wp\/v2\/tags?post=129246"}],"curies":[{"name":"wp","href":"https:\/\/api.w.org\/{rel}","templated":true}]}}