{"id":129249,"date":"2026-05-01T02:24:00","date_gmt":"2026-05-01T06:24:00","guid":{"rendered":"https:\/\/lasprimeras.com.do\/?p=129249"},"modified":"2026-04-30T23:27:02","modified_gmt":"2026-05-01T03:27:02","slug":"hieren-y-disparan-a-dominicano-durante-intento-de-asalto-en-alto-manhattan","status":"publish","type":"post","link":"https:\/\/lasprimeras.com.do\/index.php\/2026\/05\/01\/hieren-y-disparan-a-dominicano-durante-intento-de-asalto-en-alto-manhattan\/","title":{"rendered":"Hieren y disparan a dominicano durante intento de asalto en Alto Manhattan"},"content":{"rendered":"\n<p>Por Ram\u00f3n Mercedes<\/p>\n\n\n\n<p>NUEVA YORK.- En los \u00faltimos tiempos, en los vecindarios de Washington Heights e Inwood, en Alto Manhattan, delincuentes han agredido, herido y asesinado a dominicanos para despojarlos de las prendas que exhiben.<\/p>\n\n\n\n<p>El \u00faltimo incidente ocurri\u00f3 este mi\u00e9rcoles en Broadway con la calle 2027, cuando dos sospechosos en una motocicleta sorprendieron a un dominicano de 50 a\u00f1os para despojarlo de un &#8220;gruesa cadena&#8221; que portaba, aunque se resisti\u00f3.<\/p>\n\n\n\n<p>Durante el intento, la v\u00edctima, no identificada por las autoridades, fue golpeada en la cabeza con una pistola &#8220;varios cachazos&#8221; y le hicieron algunos disparos, aunque no logr\u00f3 ser alcanzado.<\/p>\n\n\n\n<p>Los asaltantes frustrados, descritos por la polic\u00eda como hispanos y vestidos de negro, huyeron, y la v\u00edctima fue trasladada al hospital.<\/p>\n\n\n\n<p>La polic\u00eda investiga y solicita a cualquier persona con informaci\u00f3n del incidente que llame a Crime Stoppers del NYPD al 1-800-577-8477 o al 1-888-577-4782.<\/p>\n\n\n\n<p>El p\u00fablico tambi\u00e9n puede enviar informaci\u00f3n a https:\/\/crimestoppers.nypdonline.org\/ o a la cuenta @NYPDTips. Todas las llamadas son estrictamente confidenciales.<\/p>\n\n\n\n<p>El Alto Manhattan en el pasado reciente ha sido escenario de otros hechos violentos similares: En la misma esquina, un dominicano de 39 a\u00f1os fue asaltado a punta de pistola y le robaron su collar, pulsera y billetera. Los asaltantes le dispararon en el pie izquierdo. Los sospechosos huyeron en un Honda Accord plateado.<\/p>\n\n\n\n<p>Otro hombre, presuntamente dominicano, fue asaltado a punta de pistola en un paso de peatones en la calle 207. Se efectu\u00f3 un solo disparo que impact\u00f3 en un autom\u00f3vil, pero no se reportaron heridos.<\/p>\n\n\n\n<p>Dos hombres hispanos fueron baleados; uno de 34 a\u00f1os falleci\u00f3 por los disparos, y otro, de 42, result\u00f3 gravemente herido. Los desconocidos se apoderaron de un brazalete de oro y otras prendas. Este incidente ocurri\u00f3 frente al 421 W de la calle 202. Los pistoleros huyeron en un Jeep rojo.<\/p>\n\n\n\n<p>Desconocidos encapuchados asaltaron a un hombre, presuntamente dominicano, para despojarlo de un costoso reloj y una cadena de oro. El hecho ocurri\u00f3 en presencia del p\u00fablico, frente al 500 West de la calle 207.<\/p>\n\n\n\n<p>El dominicano Joel V\u00e1squez estaba parado afuera de su autom\u00f3vil en la avenida Sherman con la calle 204, en horas de la ma\u00f1ana. Dos personas se acercaron a \u00e9l, mostraron un arma y trataron de quitarle las joyas, pero \u00e9l se resisti\u00f3. En ese momento, los desconocidos le dispararon, falleciendo luego en el hospital.<\/p>\n\n\n\n<p>Frente al 565 West de la calle 207, cuatro personas corrieron hacia un hombre de 23 a\u00f1os, lo agarraron e intentaron quitarle sus joyas. Tras resistirse, uno de los atacantes dispar\u00f3 y lo hiri\u00f3 en el pecho, luego, le robaron sus prendas, inform\u00f3 la polic\u00eda.<\/p>\n\n\n\n<p>Las denuncias de asaltos, por parte de residentes en los vecindarios de Inwood y Washington Heights, habitados mayormente por dominicanos, ascienden a decenas.<\/p>\n","protected":false},"excerpt":{"rendered":"<p>Por Ram\u00f3n Mercedes NUEVA YORK.- En los \u00faltimos tiempos, en los vecindarios de Washington Heights e Inwood, en Alto Manhattan, delincuentes han agredido, herido y asesinado a dominicanos para despojarlos&hellip;<\/p>\n","protected":false},"author":10,"featured_media":57635,"comment_status":"open","ping_status":"open","sticky":false,"template":"","format":"standard","meta":{"content-type":"","jetpack_post_was_ever_published":false,"_jetpack_newsletter_access":"","_jetpack_dont_email_post_to_subs":false,"_jetpack_newsletter_tier_id":0,"_jetpack_memberships_contains_paywalled_content":false,"_jetpack_memberships_contains_paid_content":false,"footnotes":""},"categories":[16289,25580],"tags":[7883,4928,27762,364,3096,418],"class_list":["post-129249","post","type-post","status-publish","format-standard","has-post-thumbnail","hentry","category-internacionales","category-la-voz-de-la-diaspora","tag-alto-manhattan","tag-asalto","tag-disparan","tag-dominicano","tag-hieren","tag-intento"],"jetpack_featured_media_url":"https:\/\/lasprimeras.com.do\/wp-content\/uploads\/2023\/08\/disparo.jpg","jetpack-related-posts":[{"id":110996,"url":"https:\/\/lasprimeras.com.do\/index.php\/2025\/10\/03\/atracan-e-hieren-dominicano-en-el-alto-manhattan-para-despojarlo-de-prendas\/","url_meta":{"origin":129249,"position":0},"title":"Atracan e hieren dominicano en el Alto Manhattan para despojarlo de prendas","author":"Nelson Feliz","date":"3 de octubre de 2025","format":false,"excerpt":"Por Ram\u00f3n Mercedes NUEVA YORK.- Un hombre, de 39 a\u00f1os y presuntamente dominicano, caminaba normalmente por la calle 207 cerca de la avenida Post, en el sector de Inwood en el Alto Manhattan, a principio de esta semana alrededor de las 4:00 a.m. con varias prendas visibles (cadena, reloj, guillo,\u2026","rel":"","context":"En \u00abINTERNACIONALES\u00bb","block_context":{"text":"INTERNACIONALES","link":"https:\/\/lasprimeras.com.do\/index.php\/category\/sin-categoria\/internacionales\/"},"img":{"alt_text":"","src":"https:\/\/i0.wp.com\/lasprimeras.com.do\/wp-content\/uploads\/2025\/10\/Atracan-e-hieren-dominicano-en-el-Alto-Manhattan-para-despojarlo-de-prendas.jpg?resize=350%2C200&ssl=1","width":350,"height":200},"classes":[]},{"id":98925,"url":"https:\/\/lasprimeras.com.do\/index.php\/2025\/05\/14\/conmociona-en-alto-manhattan-asesinato-dominicano-en-plena-via-publica-paterson-nj\/","url_meta":{"origin":129249,"position":1},"title":"Conmociona en Alto Manhattan asesinato dominicano en plena v\u00eda p\u00fablica Paterson-NJ","author":"Nelson Feliz","date":"14 de mayo de 2025","format":false,"excerpt":"Por Ram\u00f3n Mercedes NUEVA YORK.- Conmoci\u00f3n ha causado entre dominicanos residentes en el Alto Manhattan el asesinato del quisqueyano Rulsi Mata Sosa cuando tres desconocidos enmascarados y con pistolas en manos atracaron a varios connacionales mientras jugaban domino el pasado domingo en una calle de la ciudad de Paterson en\u2026","rel":"","context":"En \u00abINTERNACIONALES\u00bb","block_context":{"text":"INTERNACIONALES","link":"https:\/\/lasprimeras.com.do\/index.php\/category\/sin-categoria\/internacionales\/"},"img":{"alt_text":"","src":"https:\/\/i0.wp.com\/lasprimeras.com.do\/wp-content\/uploads\/2025\/05\/WhatsApp-Image-2025-05-14-at-5.56.51-AM-1.jpeg?resize=350%2C200&ssl=1","width":350,"height":200,"srcset":"https:\/\/i0.wp.com\/lasprimeras.com.do\/wp-content\/uploads\/2025\/05\/WhatsApp-Image-2025-05-14-at-5.56.51-AM-1.jpeg?resize=350%2C200&ssl=1 1x, https:\/\/i0.wp.com\/lasprimeras.com.do\/wp-content\/uploads\/2025\/05\/WhatsApp-Image-2025-05-14-at-5.56.51-AM-1.jpeg?resize=525%2C300&ssl=1 1.5x, https:\/\/i0.wp.com\/lasprimeras.com.do\/wp-content\/uploads\/2025\/05\/WhatsApp-Image-2025-05-14-at-5.56.51-AM-1.jpeg?resize=700%2C400&ssl=1 2x"},"classes":[]},{"id":122851,"url":"https:\/\/lasprimeras.com.do\/index.php\/2026\/02\/23\/grupo-de-desconocidos-asalta-presunto-dominicano-en-el-alto-manhattan-en-presencia-transeuntes\/","url_meta":{"origin":129249,"position":2},"title":"Grupo de desconocidos asalta presunto dominicano en el Alto Manhattan en presencia trans\u00e9untes","author":"Nelson Feliz","date":"23 de febrero de 2026","format":false,"excerpt":"Por Ram\u00f3n Mercedes NUEVA YORK.- Un grupo de siete jovenes desconocidos asaltaron la semana pasada un hombre, de 20 a\u00f1os, presuntamente dominicano, frente al 1386 de la avenida Saint Nicholas, entre las calles 179 y 180 en el Alto Manhattan. El acto delictivo ocurri\u00f3 a eso de las 8:30 de\u2026","rel":"","context":"En \u00abINTERNACIONALES\u00bb","block_context":{"text":"INTERNACIONALES","link":"https:\/\/lasprimeras.com.do\/index.php\/category\/sin-categoria\/internacionales\/"},"img":{"alt_text":"","src":"https:\/\/i0.wp.com\/lasprimeras.com.do\/wp-content\/uploads\/2026\/02\/IMG-20260223-WA0057.jpg?resize=350%2C200&ssl=1","width":350,"height":200},"classes":[]},{"id":100844,"url":"https:\/\/lasprimeras.com.do\/index.php\/2025\/06\/12\/desconocidos-golpean-y-desprenden-violentamente-prenda-a-envejecientes-en-el-alto-manhattan\/","url_meta":{"origin":129249,"position":3},"title":"Desconocidos golpean y desprenden violentamente prenda a envejecientes en el Alto Manhattan","author":"Nelson Feliz","date":"12 de junio de 2025","format":false,"excerpt":"Por Ram\u00f3n Mercedes NUEVA YORK.- Tres j\u00f3venes desconocidos arrancaron violentamente en el Alto Manhattan una cadena valorada en US$5,000 mil d\u00f3lares (equivalente a unos RD$300 mil pesos dominicanos), a un envejeciente de 62. La polic\u00eda no identific\u00f3 la nacionalidad ni dio a conocer el nombre de la v\u00edctima. Por el\u2026","rel":"","context":"En \u00abINTERNACIONALES\u00bb","block_context":{"text":"INTERNACIONALES","link":"https:\/\/lasprimeras.com.do\/index.php\/category\/sin-categoria\/internacionales\/"},"img":{"alt_text":"","src":"https:\/\/i0.wp.com\/lasprimeras.com.do\/wp-content\/uploads\/2025\/06\/WhatsApp-Image-2025-06-12-at-5.10.49-AM-3.jpeg?resize=350%2C200&ssl=1","width":350,"height":200,"srcset":"https:\/\/i0.wp.com\/lasprimeras.com.do\/wp-content\/uploads\/2025\/06\/WhatsApp-Image-2025-06-12-at-5.10.49-AM-3.jpeg?resize=350%2C200&ssl=1 1x, https:\/\/i0.wp.com\/lasprimeras.com.do\/wp-content\/uploads\/2025\/06\/WhatsApp-Image-2025-06-12-at-5.10.49-AM-3.jpeg?resize=525%2C300&ssl=1 1.5x, https:\/\/i0.wp.com\/lasprimeras.com.do\/wp-content\/uploads\/2025\/06\/WhatsApp-Image-2025-06-12-at-5.10.49-AM-3.jpeg?resize=700%2C400&ssl=1 2x"},"classes":[]},{"id":79918,"url":"https:\/\/lasprimeras.com.do\/index.php\/2024\/04\/01\/nueva-york-asociacion-de-vendedores-comunitarios-dominicanos-logra-su-plaza-en-alto-manhattan\/","url_meta":{"origin":129249,"position":4},"title":"NUEVA YORK : \u201cAsociaci\u00f3n de Vendedores Comunitarios Dominicanos logra su plaza en Alto Manhattan","author":"BIMARY DE JES\u00daS Matos","date":"1 de abril de 2024","format":false,"excerpt":"Por: Aquiles Rojas NUEVA YORK. - La Asociaci\u00f3n de Vendedores Comunitarios de la calle 207 St establecida en esta ciudad logr\u00f3 recientemente que se le reconociera legitimar su espacio p\u00fablico para poder realizar sus actividades comerciales. Se recuerda que la organizaci\u00f3n sin fines de lucro hace unos meses convocaron a\u2026","rel":"","context":"En \u00abSin categor\u00eda\u00bb","block_context":{"text":"Sin categor\u00eda","link":"https:\/\/lasprimeras.com.do\/index.php\/category\/sin-categoria\/"},"img":{"alt_text":"","src":"https:\/\/i0.wp.com\/lasprimeras.com.do\/wp-content\/uploads\/2024\/04\/IMG-20240401-WA0019.jpg?resize=350%2C200&ssl=1","width":350,"height":200,"srcset":"https:\/\/i0.wp.com\/lasprimeras.com.do\/wp-content\/uploads\/2024\/04\/IMG-20240401-WA0019.jpg?resize=350%2C200&ssl=1 1x, https:\/\/i0.wp.com\/lasprimeras.com.do\/wp-content\/uploads\/2024\/04\/IMG-20240401-WA0019.jpg?resize=525%2C300&ssl=1 1.5x, https:\/\/i0.wp.com\/lasprimeras.com.do\/wp-content\/uploads\/2024\/04\/IMG-20240401-WA0019.jpg?resize=700%2C400&ssl=1 2x, https:\/\/i0.wp.com\/lasprimeras.com.do\/wp-content\/uploads\/2024\/04\/IMG-20240401-WA0019.jpg?resize=1050%2C600&ssl=1 3x, https:\/\/i0.wp.com\/lasprimeras.com.do\/wp-content\/uploads\/2024\/04\/IMG-20240401-WA0019.jpg?resize=1400%2C800&ssl=1 4x"},"classes":[]},{"id":128808,"url":"https:\/\/lasprimeras.com.do\/index.php\/2026\/04\/27\/asalto-a-banco-en-el-alto-manhattan-con-dominicanos-dentro\/","url_meta":{"origin":129249,"position":5},"title":"Asalto a banco en el Alto Manhattan con dominicanos dentro","author":"Nelson Feliz","date":"27 de abril de 2026","format":false,"excerpt":"https:\/\/www.youtube.com\/watch?v=jJPbp4g1FBM Por Ram\u00f3n Mercedes. NUEVA YORK.- Una sucursal del Citibank fue asaltada por un hombre en el Alto Manhattan, adonde acuden diariamente decenas de dominicanos a realizar transacciones bancarias. El ladr\u00f3n logr\u00f3 llevarse 500 d\u00f3lares, inform\u00f3 la polic\u00eda. El hecho ocurri\u00f3 a dos cuadras del precinto policial 34, la tarde\u2026","rel":"","context":"En \u00abLA VOZ DE LA DIASPORA\u00bb","block_context":{"text":"LA VOZ DE LA DIASPORA","link":"https:\/\/lasprimeras.com.do\/index.php\/category\/la-voz-de-la-diaspora\/"},"img":{"alt_text":"","src":"https:\/\/i0.wp.com\/lasprimeras.com.do\/wp-content\/uploads\/2026\/04\/IMG-20260427-WA0066.jpg?resize=350%2C200&ssl=1","width":350,"height":200,"srcset":"https:\/\/i0.wp.com\/lasprimeras.com.do\/wp-content\/uploads\/2026\/04\/IMG-20260427-WA0066.jpg?resize=350%2C200&ssl=1 1x, https:\/\/i0.wp.com\/lasprimeras.com.do\/wp-content\/uploads\/2026\/04\/IMG-20260427-WA0066.jpg?resize=525%2C300&ssl=1 1.5x"},"classes":[]}],"jetpack_sharing_enabled":true,"_links":{"self":[{"href":"https:\/\/lasprimeras.com.do\/index.php\/wp-json\/wp\/v2\/posts\/129249","targetHints":{"allow":["GET"]}}],"collection":[{"href":"https:\/\/lasprimeras.com.do\/index.php\/wp-json\/wp\/v2\/posts"}],"about":[{"href":"https:\/\/lasprimeras.com.do\/index.php\/wp-json\/wp\/v2\/types\/post"}],"author":[{"embeddable":true,"href":"https:\/\/lasprimeras.com.do\/index.php\/wp-json\/wp\/v2\/users\/10"}],"replies":[{"embeddable":true,"href":"https:\/\/lasprimeras.com.do\/index.php\/wp-json\/wp\/v2\/comments?post=129249"}],"version-history":[{"count":1,"href":"https:\/\/lasprimeras.com.do\/index.php\/wp-json\/wp\/v2\/posts\/129249\/revisions"}],"predecessor-version":[{"id":129250,"href":"https:\/\/lasprimeras.com.do\/index.php\/wp-json\/wp\/v2\/posts\/129249\/revisions\/129250"}],"wp:featuredmedia":[{"embeddable":true,"href":"https:\/\/lasprimeras.com.do\/index.php\/wp-json\/wp\/v2\/media\/57635"}],"wp:attachment":[{"href":"https:\/\/lasprimeras.com.do\/index.php\/wp-json\/wp\/v2\/media?parent=129249"}],"wp:term":[{"taxonomy":"category","embeddable":true,"href":"https:\/\/lasprimeras.com.do\/index.php\/wp-json\/wp\/v2\/categories?post=129249"},{"taxonomy":"post_tag","embeddable":true,"href":"https:\/\/lasprimeras.com.do\/index.php\/wp-json\/wp\/v2\/tags?post=129249"}],"curies":[{"name":"wp","href":"https:\/\/api.w.org\/{rel}","templated":true}]}}