{"id":129251,"date":"2026-05-01T03:28:00","date_gmt":"2026-05-01T07:28:00","guid":{"rendered":"https:\/\/lasprimeras.com.do\/?p=129251"},"modified":"2026-04-30T23:31:14","modified_gmt":"2026-05-01T03:31:14","slug":"en-2026-van-4103-personas-fallecidas-y-7157-heridas-de-balas-en-ee-uu","status":"publish","type":"post","link":"https:\/\/lasprimeras.com.do\/index.php\/2026\/05\/01\/en-2026-van-4103-personas-fallecidas-y-7157-heridas-de-balas-en-ee-uu\/","title":{"rendered":"En 2026 van 4,103 personas fallecidas y 7,157 heridas de balas en EE. UU."},"content":{"rendered":"\n<p>Por Ram\u00f3n Mercedes<\/p>\n\n\n\n<p>NUEVA YORK.- En lo que va del presente a\u00f1o, en Estados Unidos han fallecido 4,103 personas por balas y 7,157 heridas, algunas de gravedad, seg\u00fan las estad\u00edsticas de la entidad Archivo de Violencia Armada (GVA), con sede en Washington DC.<\/p>\n\n\n\n<p>Entre los fallecidos se incluyen 71 menores y 136 heridos, entre 0 y 11 a\u00f1os; asimismo, otros 270 menores y 762 heridos, entre los 12 y 17 a\u00f1os.<\/p>\n\n\n\n<p>Algunas de las v\u00edctimas, tanto fallecidas como heridas, pertenecen a la Gran Manzana.<\/p>\n\n\n\n<p>Asimismo, han fallecido 18 agentes de la polic\u00eda, y 101 resultaron heridos, algunos de gravedad.<\/p>\n\n\n\n<p>El hispano Guy Rivera, de 36 a\u00f1os, cuya nacionalidad no fue informada, fue declarado culpable esta semana de matar al polic\u00eda Jonathan Diller en marzo de 2024. Recibi\u00f3 una sentencia de prisi\u00f3n de 115 a\u00f1os, equivalente a 41,975 d\u00edas.<\/p>\n\n\n\n<p>La misi\u00f3n de GVA es documentar incidentes de violencia armada y delitos con armas de fuego a nivel nacional.<\/p>\n","protected":false},"excerpt":{"rendered":"<p>Por Ram\u00f3n Mercedes NUEVA YORK.- En lo que va del presente a\u00f1o, en Estados Unidos han fallecido 4,103 personas por balas y 7,157 heridas, algunas de gravedad, seg\u00fan las estad\u00edsticas&hellip;<\/p>\n","protected":false},"author":10,"featured_media":129252,"comment_status":"open","ping_status":"open","sticky":false,"template":"","format":"standard","meta":{"content-type":"","jetpack_post_was_ever_published":false,"_jetpack_newsletter_access":"","_jetpack_dont_email_post_to_subs":false,"_jetpack_newsletter_tier_id":0,"_jetpack_memberships_contains_paywalled_content":false,"_jetpack_memberships_contains_paid_content":false,"footnotes":""},"categories":[25580],"tags":[32876,32877,32875],"class_list":["post-129251","post","type-post","status-publish","format-standard","has-post-thumbnail","hentry","category-la-voz-de-la-diaspora","tag-103-personas-fallecidas-y-7","tag-157-heridas-de-balas-en-ee-uu","tag-en-2026-van-4"],"jetpack_featured_media_url":"https:\/\/lasprimeras.com.do\/wp-content\/uploads\/2026\/04\/En-2026-van-4103-personas-fallecidas-y-7157-heridas-de-balas-en-EE.-UU.-1.jpg","jetpack-related-posts":[{"id":94733,"url":"https:\/\/lasprimeras.com.do\/index.php\/2025\/03\/04\/en-primeros-dos-meses-2025-en-usa-van-2224-fallecidos-por-balas-y-3688-heridos\/","url_meta":{"origin":129251,"position":0},"title":"En primeros dos meses 2025 en USA van 2,224 fallecidos por balas y 3,688 heridos","author":"Nelson Feliz","date":"4 de marzo de 2025","format":false,"excerpt":"Por Ram\u00f3n Mercedes NUEVA YORK.- Durante los 59 d\u00edas transcurridos entre los meses de enero y febrero del presente a\u00f1o, la cantidad de 2,224 personas han fallecidos a causas de balas en Estados Unidos y 3,688 heridas, muchas de ellas quedando en estado de gravedad. Entre las v\u00edctimas figuran 196\u2026","rel":"","context":"En \u00abINTERNACIONALES\u00bb","block_context":{"text":"INTERNACIONALES","link":"https:\/\/lasprimeras.com.do\/index.php\/category\/sin-categoria\/internacionales\/"},"img":{"alt_text":"","src":"https:\/\/i0.wp.com\/lasprimeras.com.do\/wp-content\/uploads\/2025\/03\/WhatsApp-Image-2025-03-04-at-6.26.30-AM-1.jpeg?resize=350%2C200&ssl=1","width":350,"height":200,"srcset":"https:\/\/i0.wp.com\/lasprimeras.com.do\/wp-content\/uploads\/2025\/03\/WhatsApp-Image-2025-03-04-at-6.26.30-AM-1.jpeg?resize=350%2C200&ssl=1 1x, https:\/\/i0.wp.com\/lasprimeras.com.do\/wp-content\/uploads\/2025\/03\/WhatsApp-Image-2025-03-04-at-6.26.30-AM-1.jpeg?resize=525%2C300&ssl=1 1.5x"},"classes":[]},{"id":123636,"url":"https:\/\/lasprimeras.com.do\/index.php\/2026\/03\/03\/en-59-dias-1995-personas-fallecidas-por-balas-en-usa-y-3351-heridas-figuran-dominicanos\/","url_meta":{"origin":129251,"position":1},"title":"En 59 d\u00edas 1,995 personas fallecidas por balas en USA y 3,351 heridas; figuran dominicanos","author":"Nelson Feliz","date":"3 de marzo de 2026","format":false,"excerpt":"Por Ram\u00f3n Mercedes NUEVA YORK.- Estad\u00edsticas de la entidad \u201cArchivo de Violencia Armada\u201d (GVA), con sede en Washington DC, establece que durante los meses de enero y febrero (59 d\u00edas) en los Estados Unidos han fallecido a causa de balas la cantidad de 1,995 personas y 3,351 heridas, algunas de\u2026","rel":"","context":"En \u00abINTERNACIONALES\u00bb","block_context":{"text":"INTERNACIONALES","link":"https:\/\/lasprimeras.com.do\/index.php\/category\/sin-categoria\/internacionales\/"},"img":{"alt_text":"","src":"https:\/\/i0.wp.com\/lasprimeras.com.do\/wp-content\/uploads\/2026\/03\/En-59-dias-1995-personas-fallecidas-por-balas-en-USA-y-3351-heridas_-figuran-dominicanos.jpg?resize=350%2C200&ssl=1","width":350,"height":200},"classes":[]},{"id":118972,"url":"https:\/\/lasprimeras.com.do\/index.php\/2026\/01\/05\/en-4-dias-van-en-eua-133-fallecidos-por-balas-y-282-heridos\/","url_meta":{"origin":129251,"position":2},"title":"En 4 d\u00edas van en EUA 133 fallecidos por balas y 282 heridos","author":"Nelson Feliz","date":"5 de enero de 2026","format":false,"excerpt":"Por Ram\u00f3n Mercedes NUEVA YORK.- Durante los d\u00edas 1, 2, 3 y hasta de la medianoche del 4 de enero del presente a\u00f1o, en los Estados Unidos van 133 personas fallecidas y 282 heridas por balas, seg\u00fan estad\u00edsticas de la organizaci\u00f3n Archivo de Violencia Armada (GVA), con sede en Washington\u2026","rel":"","context":"En \u00abINTERNACIONALES\u00bb","block_context":{"text":"INTERNACIONALES","link":"https:\/\/lasprimeras.com.do\/index.php\/category\/sin-categoria\/internacionales\/"},"img":{"alt_text":"","src":"","width":0,"height":0},"classes":[]},{"id":118536,"url":"https:\/\/lasprimeras.com.do\/index.php\/2025\/12\/30\/14488-personas-fallecidas-y-26050-heridas-por-balas-en-eua-durante-2025\/","url_meta":{"origin":129251,"position":3},"title":"14,488 personas fallecidas y 26,050 heridas por balas en EUA durante 2025","author":"Nelson Feliz","date":"30 de diciembre de 2025","format":false,"excerpt":"Por Ram\u00f3n Mercedes NUEVA YORK.- Hasta la madrugada de este martes 30 de diciembre, en Estados Unidos hab\u00edan fallecido por balas durante el presente a\u00f1o la cantidad de 14,488 personas y 26,050 heridas, algunas de gravedad, seg\u00fan estad\u00edsticas de la organizaci\u00f3n Archivo de Violencia Armada (GVA), con sede en Washington\u2026","rel":"","context":"En \u00abINTERNACIONALES\u00bb","block_context":{"text":"INTERNACIONALES","link":"https:\/\/lasprimeras.com.do\/index.php\/category\/sin-categoria\/internacionales\/"},"img":{"alt_text":"","src":"","width":0,"height":0},"classes":[]},{"id":92294,"url":"https:\/\/lasprimeras.com.do\/index.php\/2025\/01\/01\/pn-y-mp-investigan-conflicto-donde-dos-hombres-murieron-e-dos-resultaron-heridos\/","url_meta":{"origin":129251,"position":4},"title":"PN y MP investigan conflicto donde dos hombres murieron e dos resultaron heridos","author":"Nelson Feliz","date":"1 de enero de 2025","format":false,"excerpt":"-Caso se registr\u00f3 la ma\u00f1ana de hoy en el sector Villa Consuelo, D.N. La Polic\u00eda Nacional inform\u00f3 que, junto al Ministerio P\u00fablico, ha iniciado una exhaustiva investigaci\u00f3n en torno a un incidente ocurrido la ma\u00f1ana de este mi\u00e9rcoles 1 de enero en el sector Villa Consuelo, del Distrito Nacional, donde\u2026","rel":"","context":"En \u00abMILITARES\u00bb","block_context":{"text":"MILITARES","link":"https:\/\/lasprimeras.com.do\/index.php\/category\/militares\/"},"img":{"alt_text":"","src":"https:\/\/i0.wp.com\/lasprimeras.com.do\/wp-content\/uploads\/2025\/01\/cuatro-personas-heridas-al-deslizarse-vehiculo-en-la-carretera-el-seibo-hato-mayor.jpg?resize=350%2C200&ssl=1","width":350,"height":200,"srcset":"https:\/\/i0.wp.com\/lasprimeras.com.do\/wp-content\/uploads\/2025\/01\/cuatro-personas-heridas-al-deslizarse-vehiculo-en-la-carretera-el-seibo-hato-mayor.jpg?resize=350%2C200&ssl=1 1x, https:\/\/i0.wp.com\/lasprimeras.com.do\/wp-content\/uploads\/2025\/01\/cuatro-personas-heridas-al-deslizarse-vehiculo-en-la-carretera-el-seibo-hato-mayor.jpg?resize=525%2C300&ssl=1 1.5x, https:\/\/i0.wp.com\/lasprimeras.com.do\/wp-content\/uploads\/2025\/01\/cuatro-personas-heridas-al-deslizarse-vehiculo-en-la-carretera-el-seibo-hato-mayor.jpg?resize=700%2C400&ssl=1 2x"},"classes":[]},{"id":128318,"url":"https:\/\/lasprimeras.com.do\/index.php\/2026\/04\/21\/aumentan-los-fallecimientos-de-menores-en-ee-uu-por-balas-algunos-hechos-han-sucedido-en-nyc\/","url_meta":{"origin":129251,"position":5},"title":"Aumentan los fallecimientos de menores en EE. UU. por balas; algunos hechos han sucedido en NYC","author":"Nelson Feliz","date":"21 de abril de 2026","format":false,"excerpt":"Por Ram\u00f3n Mercedes NUEVA YORK.- Los fallecimientos de menores de edad a causa de balas en Estados Unidos contin\u00faan aumentando cada d\u00eda. Tras el asesinato de ocho menores en la ciudad de Shreveport, en el estado de Luisiana, se reportaban 307 menores fallecidos y 824 heridos, algunos de gravedad. Para\u2026","rel":"","context":"En \u00abINTERNACIONALES\u00bb","block_context":{"text":"INTERNACIONALES","link":"https:\/\/lasprimeras.com.do\/index.php\/category\/sin-categoria\/internacionales\/"},"img":{"alt_text":"","src":"https:\/\/i0.wp.com\/lasprimeras.com.do\/wp-content\/uploads\/2026\/03\/En-59-dias-1995-personas-fallecidas-por-balas-en-USA-y-3351-heridas_-figuran-dominicanos.jpg?resize=350%2C200&ssl=1","width":350,"height":200},"classes":[]}],"jetpack_sharing_enabled":true,"_links":{"self":[{"href":"https:\/\/lasprimeras.com.do\/index.php\/wp-json\/wp\/v2\/posts\/129251","targetHints":{"allow":["GET"]}}],"collection":[{"href":"https:\/\/lasprimeras.com.do\/index.php\/wp-json\/wp\/v2\/posts"}],"about":[{"href":"https:\/\/lasprimeras.com.do\/index.php\/wp-json\/wp\/v2\/types\/post"}],"author":[{"embeddable":true,"href":"https:\/\/lasprimeras.com.do\/index.php\/wp-json\/wp\/v2\/users\/10"}],"replies":[{"embeddable":true,"href":"https:\/\/lasprimeras.com.do\/index.php\/wp-json\/wp\/v2\/comments?post=129251"}],"version-history":[{"count":1,"href":"https:\/\/lasprimeras.com.do\/index.php\/wp-json\/wp\/v2\/posts\/129251\/revisions"}],"predecessor-version":[{"id":129253,"href":"https:\/\/lasprimeras.com.do\/index.php\/wp-json\/wp\/v2\/posts\/129251\/revisions\/129253"}],"wp:featuredmedia":[{"embeddable":true,"href":"https:\/\/lasprimeras.com.do\/index.php\/wp-json\/wp\/v2\/media\/129252"}],"wp:attachment":[{"href":"https:\/\/lasprimeras.com.do\/index.php\/wp-json\/wp\/v2\/media?parent=129251"}],"wp:term":[{"taxonomy":"category","embeddable":true,"href":"https:\/\/lasprimeras.com.do\/index.php\/wp-json\/wp\/v2\/categories?post=129251"},{"taxonomy":"post_tag","embeddable":true,"href":"https:\/\/lasprimeras.com.do\/index.php\/wp-json\/wp\/v2\/tags?post=129251"}],"curies":[{"name":"wp","href":"https:\/\/api.w.org\/{rel}","templated":true}]}}