{"id":129254,"date":"2026-05-01T07:32:31","date_gmt":"2026-05-01T11:32:31","guid":{"rendered":"https:\/\/lasprimeras.com.do\/?p=129254"},"modified":"2026-05-01T07:32:34","modified_gmt":"2026-05-01T11:32:34","slug":"angel-martinez-permanece-detenido-por-no-pagar-fianza","status":"publish","type":"post","link":"https:\/\/lasprimeras.com.do\/index.php\/2026\/05\/01\/angel-martinez-permanece-detenido-por-no-pagar-fianza\/","title":{"rendered":"\u00c1ngel Mart\u00ednez permanece detenido por no pagar fianza"},"content":{"rendered":"\n<p>La Oficina Judicial de Servicios de Atenci\u00f3n Permanente del Distrito Judicial de Valverde conoci\u00f3 la solicitud de medida de coerci\u00f3n contra el comunicador e investigador \u00c1ngel Mart\u00ednez, quien es investigado por presunta difamaci\u00f3n e injuria.<\/p>\n\n\n\n<p>La acci\u00f3n judicial se deriva de una querella interpuesta por el empresario agr\u00edcola Arismendy Almonte, quien acusa al comunicador de haber incurrido en estos hechos en su contra.<\/p>\n\n\n\n<p>Tras evaluar el caso, el tribunal impuso a Mart\u00ednez una garant\u00eda econ\u00f3mica de un mill\u00f3n de pesos, as\u00ed como presentaci\u00f3n peri\u00f3dica ante las autoridades e impedimento de salida del pa\u00eds.<\/p>\n\n\n\n<p>No obstante, debido a que el imputado no ha cumplido con el pago de la fianza establecida, deber\u00e1 permanecer detenido hasta tanto se haga efectiva la garant\u00eda econ\u00f3mica, seg\u00fan lo dispuesto por el \u00f3rgano judicial.<\/p>\n\n\n\n<p>El proceso continuar\u00e1 en las pr\u00f3ximas etapas conforme a lo establecido por la ley.<\/p>\n\n\n\n<p>Fuente \u00faltimas noticias <\/p>\n","protected":false},"excerpt":{"rendered":"<p>La Oficina Judicial de Servicios de Atenci\u00f3n Permanente del Distrito Judicial de Valverde conoci\u00f3 la solicitud de medida de coerci\u00f3n contra el comunicador e investigador \u00c1ngel Mart\u00ednez, quien es investigado&hellip;<\/p>\n","protected":false},"author":10,"featured_media":129255,"comment_status":"open","ping_status":"open","sticky":false,"template":"","format":"standard","meta":{"content-type":"","jetpack_post_was_ever_published":false,"_jetpack_newsletter_access":"","_jetpack_dont_email_post_to_subs":false,"_jetpack_newsletter_tier_id":0,"_jetpack_memberships_contains_paywalled_content":false,"_jetpack_memberships_contains_paid_content":false,"footnotes":""},"categories":[289],"tags":[19978,4868,4198,32878],"class_list":["post-129254","post","type-post","status-publish","format-standard","has-post-thumbnail","hentry","category-justicia","tag-angel-martinez","tag-comunicador","tag-detenido","tag-no-pagar-fianza"],"jetpack_featured_media_url":"https:\/\/lasprimeras.com.do\/wp-content\/uploads\/2026\/05\/Angel-Martinez-2-768x541-1.jpg","jetpack-related-posts":[{"id":105016,"url":"https:\/\/lasprimeras.com.do\/index.php\/2025\/07\/29\/tribunal-impone-presentacion-periodica-y-garantia-economica-a-angel-martinez\/","url_meta":{"origin":129254,"position":0},"title":"Tribunal impone presentaci\u00f3n peri\u00f3dica y garant\u00eda econ\u00f3mica a \u00c1ngel Mart\u00ednez","author":"Nelson Feliz","date":"29 de julio de 2025","format":false,"excerpt":"El juez Raymundo Mej\u00eda, del Primer Juzgado de la Instrucci\u00f3n del Distrito Nacional, impuso la tarde de este martes a \u00c1ngel Mart\u00ednez presentaci\u00f3n peri\u00f3dica y el pago de una garant\u00eda econ\u00f3mica de 500 mil pesos mediante una compa\u00f1\u00eda aseguradora como medida de coerci\u00f3n. Mart\u00ednez est\u00e1 imputado por presunta difamaci\u00f3n e\u2026","rel":"","context":"En \u00abJUSTICIA\u00bb","block_context":{"text":"JUSTICIA","link":"https:\/\/lasprimeras.com.do\/index.php\/category\/justicia\/"},"img":{"alt_text":"","src":"https:\/\/i0.wp.com\/lasprimeras.com.do\/wp-content\/uploads\/2025\/07\/ANGEL-MARTINEZ-1.jpg?resize=350%2C200&ssl=1","width":350,"height":200,"srcset":"https:\/\/i0.wp.com\/lasprimeras.com.do\/wp-content\/uploads\/2025\/07\/ANGEL-MARTINEZ-1.jpg?resize=350%2C200&ssl=1 1x, https:\/\/i0.wp.com\/lasprimeras.com.do\/wp-content\/uploads\/2025\/07\/ANGEL-MARTINEZ-1.jpg?resize=525%2C300&ssl=1 1.5x, https:\/\/i0.wp.com\/lasprimeras.com.do\/wp-content\/uploads\/2025\/07\/ANGEL-MARTINEZ-1.jpg?resize=700%2C400&ssl=1 2x"},"classes":[]},{"id":95569,"url":"https:\/\/lasprimeras.com.do\/index.php\/2025\/03\/14\/ondp-y-onapre-buscan-disminuir-prision-preventiva-mediante-pagos-de-garantias-economicas\/","url_meta":{"origin":129254,"position":1},"title":"ONDP y ONAPRE buscan disminuir prision preventiva mediante pagos de garantias economicas","author":"Nelson Feliz","date":"14 de marzo de 2025","format":false,"excerpt":"La Oficina Nacional de Defensa P\u00fablica (ONDP) y la Oficina Nacional de Apoyo a la Reforma Penitenciaria (ONAPREP) avanzan en la b\u00fasqueda de soluciones para descongestionar los centros penitenciarios del pa\u00eds, mediante la creaci\u00f3n de un mecanismo que permita cubrir las garant\u00edas econ\u00f3micas impuestas a personas privadas de libertad con\u2026","rel":"","context":"En \u00abNACIONALES\u00bb","block_context":{"text":"NACIONALES","link":"https:\/\/lasprimeras.com.do\/index.php\/category\/nacionales\/"},"img":{"alt_text":"Rodolfo Valent\u00edn Santos","src":"https:\/\/i0.wp.com\/lasprimeras.com.do\/wp-content\/uploads\/2025\/03\/Rodolfo-Valentin-Santos-1.jpg?resize=350%2C200&ssl=1","width":350,"height":200,"srcset":"https:\/\/i0.wp.com\/lasprimeras.com.do\/wp-content\/uploads\/2025\/03\/Rodolfo-Valentin-Santos-1.jpg?resize=350%2C200&ssl=1 1x, https:\/\/i0.wp.com\/lasprimeras.com.do\/wp-content\/uploads\/2025\/03\/Rodolfo-Valentin-Santos-1.jpg?resize=525%2C300&ssl=1 1.5x"},"classes":[]},{"id":99952,"url":"https:\/\/lasprimeras.com.do\/index.php\/2025\/05\/29\/angel-martinez-teme-por-su-vida-y-responsabiliza-al-estado-dominicano\/","url_meta":{"origin":129254,"position":2},"title":"\u00c1ngel Mart\u00ednez : teme por su vida y responsabiliza al Estado dominicano","author":"Nelson Feliz","date":"29 de mayo de 2025","format":false,"excerpt":"Mart\u00ednez pide protecci\u00f3n tras su detenci\u00f3n. El investigador y comunicador \u00c1ngel Mart\u00ednez ha solicitado p\u00fablicamente al presidente Luis Abinader que garantice su seguridad, tras denunciar amenazas de muerte y persecuci\u00f3n en su contra, luego de su controvertido arresto por parte de la Marina de Guerra Dominicana. Mart\u00ednez, denunci\u00f3 que su\u2026","rel":"","context":"En \u00abNACIONALES\u00bb","block_context":{"text":"NACIONALES","link":"https:\/\/lasprimeras.com.do\/index.php\/category\/nacionales\/"},"img":{"alt_text":"","src":"https:\/\/i0.wp.com\/lasprimeras.com.do\/wp-content\/uploads\/2025\/05\/Angel-Martinez.jpg?resize=350%2C200&ssl=1","width":350,"height":200,"srcset":"https:\/\/i0.wp.com\/lasprimeras.com.do\/wp-content\/uploads\/2025\/05\/Angel-Martinez.jpg?resize=350%2C200&ssl=1 1x, https:\/\/i0.wp.com\/lasprimeras.com.do\/wp-content\/uploads\/2025\/05\/Angel-Martinez.jpg?resize=525%2C300&ssl=1 1.5x, https:\/\/i0.wp.com\/lasprimeras.com.do\/wp-content\/uploads\/2025\/05\/Angel-Martinez.jpg?resize=700%2C400&ssl=1 2x"},"classes":[]},{"id":104530,"url":"https:\/\/lasprimeras.com.do\/index.php\/2025\/07\/24\/medico-de-angel-martinez-advierte-a-abinader-que-su-cliente-podria-morir-en-la-carcel\/","url_meta":{"origin":129254,"position":3},"title":"M\u00e9dico de \u00c1ngel Mart\u00ednez advierte a Abinader que su cliente podr\u00eda morir en la c\u00e1rcel","author":"Nelson Feliz","date":"24 de julio de 2025","format":false,"excerpt":"Dice que es un sobreviviente de c\u00e1ncer de pr\u00f3stata y tiene tres d\u00edas sin ingerir alimentos ni medicamentos. El doctor Jos\u00e9 P\u00e9rez Vidal, ur\u00f3logo del comunicador \u00c1ngel Mart\u00ednez, advirti\u00f3 este jueves que su paciente podr\u00eda morir bajo custodia si no recibe atenci\u00f3n m\u00e9dica urgente. Durante una visita a la c\u00e1rcel\u2026","rel":"","context":"En \u00abJUSTICIA\u00bb","block_context":{"text":"JUSTICIA","link":"https:\/\/lasprimeras.com.do\/index.php\/category\/justicia\/"},"img":{"alt_text":"","src":"https:\/\/i0.wp.com\/lasprimeras.com.do\/wp-content\/uploads\/2025\/07\/Angel-Martinez.jpg?resize=350%2C200&ssl=1","width":350,"height":200,"srcset":"https:\/\/i0.wp.com\/lasprimeras.com.do\/wp-content\/uploads\/2025\/07\/Angel-Martinez.jpg?resize=350%2C200&ssl=1 1x, https:\/\/i0.wp.com\/lasprimeras.com.do\/wp-content\/uploads\/2025\/07\/Angel-Martinez.jpg?resize=525%2C300&ssl=1 1.5x, https:\/\/i0.wp.com\/lasprimeras.com.do\/wp-content\/uploads\/2025\/07\/Angel-Martinez.jpg?resize=700%2C400&ssl=1 2x"},"classes":[]},{"id":50877,"url":"https:\/\/lasprimeras.com.do\/index.php\/2023\/05\/24\/tiktok-imponen-fianza-50-mil-pesos-a-senora-que-amenazo-a-luis-abinader\/","url_meta":{"origin":129254,"position":4},"title":"TikTok: Imponen fianza 50 mil pesos a se\u00f1ora que amenaz\u00f3 a Luis Abinader","author":"prenxa100","date":"24 de mayo de 2023","format":false,"excerpt":"Bonao, RD.-.La Oficina Judicial de Servicios Atenci\u00f3n Permanente impuso una fianza como medida de coerci\u00f3n contra Yrene Sosa Tav\u00e1rez, una adulta mayor popularmente conocida como \u201cLa m\u00e1s dura\u201d en la red social de TikTok, donde grab\u00f3 un video insultando y amenazando de muerte al presidente Luis Abinader. El Juez Juan\u2026","rel":"","context":"En \u00abJUSTICIA\u00bb","block_context":{"text":"JUSTICIA","link":"https:\/\/lasprimeras.com.do\/index.php\/category\/justicia\/"},"img":{"alt_text":"","src":"","width":0,"height":0},"classes":[]},{"id":50597,"url":"https:\/\/lasprimeras.com.do\/index.php\/2023\/05\/22\/disponen-cese-de-prision-preventiva-a-ruddy-el-hombre-que-duro-tres-anos-de-reenvio-en-reenvio\/","url_meta":{"origin":129254,"position":5},"title":"Disponen cese de prisi\u00f3n preventiva a Ruddy, el hombre que dur\u00f3 tres a\u00f1os de reenv\u00edo en reenv\u00edo","author":"prenxa100","date":"22 de mayo de 2023","format":false,"excerpt":"El tribunal dispuso que el imputado pague el monto de una garant\u00eda econ\u00f3mica de 2 millones de pesos e impedimento de salida del pa\u00eds. Santo Domingo, RD.-.El Tercer Tribunal Colegiado del Distrito Nacional dispuso el cese de la Prisi\u00f3n preventiva de Ruddy Roberto Santos Ram\u00edrez, el hombre que denunci\u00f3 en\u2026","rel":"","context":"En \u00abJUSTICIA\u00bb","block_context":{"text":"JUSTICIA","link":"https:\/\/lasprimeras.com.do\/index.php\/category\/justicia\/"},"img":{"alt_text":"","src":"","width":0,"height":0},"classes":[]}],"jetpack_sharing_enabled":true,"_links":{"self":[{"href":"https:\/\/lasprimeras.com.do\/index.php\/wp-json\/wp\/v2\/posts\/129254","targetHints":{"allow":["GET"]}}],"collection":[{"href":"https:\/\/lasprimeras.com.do\/index.php\/wp-json\/wp\/v2\/posts"}],"about":[{"href":"https:\/\/lasprimeras.com.do\/index.php\/wp-json\/wp\/v2\/types\/post"}],"author":[{"embeddable":true,"href":"https:\/\/lasprimeras.com.do\/index.php\/wp-json\/wp\/v2\/users\/10"}],"replies":[{"embeddable":true,"href":"https:\/\/lasprimeras.com.do\/index.php\/wp-json\/wp\/v2\/comments?post=129254"}],"version-history":[{"count":1,"href":"https:\/\/lasprimeras.com.do\/index.php\/wp-json\/wp\/v2\/posts\/129254\/revisions"}],"predecessor-version":[{"id":129256,"href":"https:\/\/lasprimeras.com.do\/index.php\/wp-json\/wp\/v2\/posts\/129254\/revisions\/129256"}],"wp:featuredmedia":[{"embeddable":true,"href":"https:\/\/lasprimeras.com.do\/index.php\/wp-json\/wp\/v2\/media\/129255"}],"wp:attachment":[{"href":"https:\/\/lasprimeras.com.do\/index.php\/wp-json\/wp\/v2\/media?parent=129254"}],"wp:term":[{"taxonomy":"category","embeddable":true,"href":"https:\/\/lasprimeras.com.do\/index.php\/wp-json\/wp\/v2\/categories?post=129254"},{"taxonomy":"post_tag","embeddable":true,"href":"https:\/\/lasprimeras.com.do\/index.php\/wp-json\/wp\/v2\/tags?post=129254"}],"curies":[{"name":"wp","href":"https:\/\/api.w.org\/{rel}","templated":true}]}}